{"id":119747,"date":"2022-12-13T14:44:48","date_gmt":"2022-12-13T19:44:48","guid":{"rendered":"https:\/\/graziamagazine.com\/mx\/?post_type=articles&#038;p=119747"},"modified":"2022-12-13T14:52:13","modified_gmt":"2022-12-13T19:52:13","slug":"diego-calva-actor-mexicano-no-conocias-nominado-globo-de-oro","status":"publish","type":"articles","link":"https:\/\/graziamagazine.com\/mx\/articles\/diego-calva-actor-mexicano-no-conocias-nominado-globo-de-oro\/","title":{"rendered":"Diego Calva: el actor mexicano que no conoc\u00edas y est\u00e1 nominado al Globo de Oro"},"content":{"rendered":"<p><b>Diego Calva<\/b><span style=\"font-weight: 400\"> es un actor con una trayectoria de casi diez a\u00f1os, pero salt\u00f3 a la fama con su estacada participaci\u00f3n e interpretaci\u00f3n en <\/span><b><i>Babylon<\/i><\/b><span style=\"font-weight: 400\">,<\/span> <span style=\"font-weight: 400\">pel\u00edcula del director <\/span><b>Damien Chazelle<\/b><span style=\"font-weight: 400\">, dando vida a <\/span><b>Manny Torres<\/b><span style=\"font-weight: 400\"> y ahora est\u00e1 nominado al Globo de Oro.<\/span><\/p>\n<p><span style=\"font-weight: 400\">Este lunes se dieron a conocer las nominaciones y la gran sorpresa fue la nominaci\u00f3n del actor de la <\/span><b>Ciudad de M\u00e9xico<\/b><span style=\"font-weight: 400\">.<\/span><\/p>\n<figure id=\"attachment_119750\" aria-describedby=\"caption-attachment-119750\" style=\"width: 396px\" class=\"wp-caption alignnone\"><img loading=\"lazy\" decoding=\"async\" class=\"size-medium wp-image-119750\" src=\"https:\/\/graziamagazine.com\/mx\/wp-content\/uploads\/sites\/13\/2022\/12\/WhatsApp-Image-2022-12-13-at-11.03.39.jpeg?w=396\" alt=\"\" width=\"396\" height=\"450\" \/><figcaption id=\"caption-attachment-119750\" class=\"wp-caption-text\">Instagram<\/figcaption><\/figure>\n<p><span style=\"font-weight: 400\">La promesa mexicana comparte pantalla junto a la actriz y productora de cine australiana, <\/span><b>Margot Robbie<\/b><span style=\"font-weight: 400\"> y <\/span><b>Brad Pitt<\/b><span style=\"font-weight: 400\">. El filme se estrenar\u00e1 en <\/span><b>M\u00e9xico<\/b><span style=\"font-weight: 400\"> el 19 de enero de 2023.<\/span><\/p>\n<p><span style=\"font-weight: 400\">Diego se gradu\u00f3 de la Licenciatura en Direcci\u00f3n Cinematogr\u00e1fica en el <\/span><b>Centro de Capacitaci\u00f3n Cinematogr\u00e1fica<\/b><span style=\"font-weight: 400\"> (CCC) una de las escuelas de cine m\u00e1s prestigiosas de M\u00e9xico.<\/span><\/p>\n<p><span style=\"font-weight: 400\">No todo fue f\u00e1cil en sus inicios, ya que antes de comenzar en el mundo de la actuaci\u00f3n tuvo que realizar trabajos de <\/span><b><i>gaffer<\/i><\/b><span style=\"font-weight: 400\"> y asistente de c\u00e1mara en proyectos discretos, pero cada paso lo fue acercando hasta llegar a donde hoy se encuentra.<\/span><\/p>\n<figure id=\"attachment_119748\" aria-describedby=\"caption-attachment-119748\" style=\"width: 372px\" class=\"wp-caption alignnone\"><img loading=\"lazy\" decoding=\"async\" class=\"size-medium wp-image-119748\" src=\"https:\/\/graziamagazine.com\/mx\/wp-content\/uploads\/sites\/13\/2022\/12\/WhatsApp-Image-2022-12-13-at-11.03.40-1.jpeg?w=372\" alt=\"\" width=\"372\" height=\"450\" \/><figcaption id=\"caption-attachment-119748\" class=\"wp-caption-text\">Instagram<\/figcaption><\/figure>\n<p><span style=\"font-weight: 400\">En 2015, con aproximadamente veinte a\u00f1os de edad, protagoniz\u00f3 la pel\u00edcula <\/span><b><i>Te prometo anarqu\u00eda<\/i><\/b><span style=\"font-weight: 400\">, del director <\/span><b>Julio Hern\u00e1ndez Cord\u00f3n<\/b><span style=\"font-weight: 400\">, interpretando a un apasionado del patinaje que se ve involucrado en el negocio del narcotr\u00e1fico.<\/span><\/p>\n<p><span style=\"font-weight: 400\">La cinta dram\u00e1tica tuvo dos nominaciones a los <\/span><b>Premios Ariel 2016<\/b><span style=\"font-weight: 400\">, teniendo presencia en importantes festivales de cine como <\/span><b>San Sebasti\u00e1n<\/b><span style=\"font-weight: 400\">, <\/span><b>Locarno<\/b><span style=\"font-weight: 400\"> y <\/span><b>Morelia<\/b><span style=\"font-weight: 400\">. Diego y Eduardo Eliseo Martinez fueron galardonados por mejor actor principal.<\/span><\/p>\n<p><span style=\"font-weight: 400\">\u201cLa primera (pel\u00edcula) siempre es muy especial y yo siempre le agradezco mucho a Julio (el director) porque de alguna manera me agarr\u00f3 en un momento en donde yo ya sab\u00eda que quer\u00eda estudiar cine\u201d, expres\u00f3 en una entrevista con <\/span><b>El Podcast de Memes.<\/b><\/p>\n<figure id=\"attachment_119749\" aria-describedby=\"caption-attachment-119749\" style=\"width: 450px\" class=\"wp-caption alignnone\"><img loading=\"lazy\" decoding=\"async\" class=\"size-medium wp-image-119749\" src=\"https:\/\/graziamagazine.com\/mx\/wp-content\/uploads\/sites\/13\/2022\/12\/WhatsApp-Image-2022-12-13-at-11.03.40.jpeg?w=450\" alt=\"\" width=\"450\" height=\"288\" \/><figcaption id=\"caption-attachment-119749\" class=\"wp-caption-text\">Instagram<\/figcaption><\/figure>\n<p><span style=\"font-weight: 400\">Durante el primer trimestre del 2020, Diego alcanzaba a ver una oportunidad muy llamativa y con mucha posibilidad, de ser parte del reparto de <\/span><b><i>Babylon<\/i><\/b><span style=\"font-weight: 400\">. Ya hab\u00eda enviado un par de grabaciones a la directora de casting, pero la pandemia paus\u00f3 el resto del proceso.<\/span><\/p>\n<p><span style=\"font-weight: 400\">Desde ese momento, las reuniones y lecturas de gui\u00f3n se realizaron a distancia, interactuando con <\/span><b>Damien<\/b><span style=\"font-weight: 400\"> y <\/span><b>Margot Robbie<\/b><span style=\"font-weight: 400\">. En 2021 se confirm\u00f3 la participaci\u00f3n del joven actor mexicano junto al resto del incre\u00edble elenco.<\/span><\/p>\n","protected":false},"author":36289,"featured_media":119750,"template":"","format":"standard","categories":[12832],"acf":[],"yoast_head":"<!-- This site is optimized with the Yoast SEO Premium plugin v18.5 (Yoast SEO v20.4) - https:\/\/yoast.com\/wordpress\/plugins\/seo\/ -->\n<title>Diego Calva: el actor mexicano que no conoc\u00edas y est\u00e1 nominado al Globo de Oro | Grazia M\u00e9xico y Latinoam\u00e9rica<\/title>\n<meta name=\"description\" content=\"Diego Calva es un actor con una trayectoria de casi diez a\u00f1os, pero salt\u00f3 a la fama con su estacada participaci\u00f3n e interpretaci\u00f3n en Babylon, pel\u00edcula\" \/>\n<meta name=\"robots\" content=\"index, follow, max-snippet:-1, max-image-preview:large, max-video-preview:-1\" \/>\n<link rel=\"canonical\" href=\"https:\/\/graziamagazine.com\/mx\/articles\/diego-calva-actor-mexicano-no-conocias-nominado-globo-de-oro\/\" \/>\n<meta property=\"og:locale\" content=\"es_MX\" \/>\n<meta property=\"og:type\" content=\"article\" \/>\n<meta property=\"og:title\" content=\"Diego Calva: el actor mexicano que no conoc\u00edas y est\u00e1 nominado al Globo de Oro\" \/>\n<meta property=\"og:description\" content=\"Diego Calva es un actor con una trayectoria de casi diez a\u00f1os, pero salt\u00f3 a la fama con su estacada participaci\u00f3n e interpretaci\u00f3n en Babylon, pel\u00edcula\" \/>\n<meta property=\"og:url\" content=\"https:\/\/graziamagazine.com\/mx\/articles\/diego-calva-actor-mexicano-no-conocias-nominado-globo-de-oro\/\" \/>\n<meta property=\"og:site_name\" content=\"Grazia M\u00e9xico y Latinoam\u00e9rica\" \/>\n<meta property=\"article:modified_time\" content=\"2022-12-13T19:52:13+00:00\" \/>\n<meta property=\"og:image\" content=\"https:\/\/graziamagazine.com\/mx\/wp-content\/uploads\/sites\/13\/2022\/12\/WhatsApp-Image-2022-12-13-at-11.03.39-e1670961051248.jpeg\" \/>\n\t<meta property=\"og:image:width\" content=\"1123\" \/>\n\t<meta property=\"og:image:height\" content=\"721\" \/>\n\t<meta property=\"og:image:type\" content=\"image\/jpeg\" \/>\n<meta name=\"twitter:card\" content=\"summary_large_image\" \/>\n<meta name=\"twitter:label1\" content=\"Est. reading time\" \/>\n\t<meta name=\"twitter:data1\" content=\"3 minutos\" \/>\n<script type=\"application\/ld+json\" class=\"yoast-schema-graph\">{\"@context\":\"https:\/\/schema.org\",\"@graph\":[{\"@type\":\"WebPage\",\"@id\":\"https:\/\/graziamagazine.com\/mx\/articles\/diego-calva-actor-mexicano-no-conocias-nominado-globo-de-oro\/\",\"url\":\"https:\/\/graziamagazine.com\/mx\/articles\/diego-calva-actor-mexicano-no-conocias-nominado-globo-de-oro\/\",\"name\":\"Diego Calva: el actor mexicano que no conoc\u00edas y est\u00e1 nominado al Globo de Oro | Grazia M\u00e9xico y Latinoam\u00e9rica\",\"isPartOf\":{\"@id\":\"https:\/\/graziamagazine.com\/mx\/#website\"},\"datePublished\":\"2022-12-13T19:44:48+00:00\",\"dateModified\":\"2022-12-13T19:52:13+00:00\",\"description\":\"Diego Calva es un actor con una trayectoria de casi diez a\u00f1os, pero salt\u00f3 a la fama con su estacada participaci\u00f3n e interpretaci\u00f3n en Babylon, pel\u00edcula\",\"breadcrumb\":{\"@id\":\"https:\/\/graziamagazine.com\/mx\/articles\/diego-calva-actor-mexicano-no-conocias-nominado-globo-de-oro\/#breadcrumb\"},\"inLanguage\":\"es-MX\",\"potentialAction\":[{\"@type\":\"ReadAction\",\"target\":[\"https:\/\/graziamagazine.com\/mx\/articles\/diego-calva-actor-mexicano-no-conocias-nominado-globo-de-oro\/\"]}]},{\"@type\":\"BreadcrumbList\",\"@id\":\"https:\/\/graziamagazine.com\/mx\/articles\/diego-calva-actor-mexicano-no-conocias-nominado-globo-de-oro\/#breadcrumb\",\"itemListElement\":[{\"@type\":\"ListItem\",\"position\":1,\"name\":\"Home\",\"item\":\"https:\/\/graziamagazine.com\/mx\/\"},{\"@type\":\"ListItem\",\"position\":2,\"name\":\"Diego Calva: el actor mexicano que no conoc\u00edas y est\u00e1 nominado al Globo de Oro\"}]},{\"@type\":\"WebSite\",\"@id\":\"https:\/\/graziamagazine.com\/mx\/#website\",\"url\":\"https:\/\/graziamagazine.com\/mx\/\",\"name\":\"Grazia M\u00e9xico y Latinoam\u00e9rica\",\"description\":\"Grazia es moda, belleza y noticias  de actualidad \",\"potentialAction\":[{\"@type\":\"SearchAction\",\"target\":{\"@type\":\"EntryPoint\",\"urlTemplate\":\"https:\/\/graziamagazine.com\/mx\/?s={search_term_string}\"},\"query-input\":\"required name=search_term_string\"}],\"inLanguage\":\"es-MX\"}]}<\/script>\n<!-- \/ Yoast SEO Premium plugin. -->","yoast_head_json":{"title":"Diego Calva: el actor mexicano que no conoc\u00edas y est\u00e1 nominado al Globo de Oro | Grazia M\u00e9xico y Latinoam\u00e9rica","description":"Diego Calva es un actor con una trayectoria de casi diez a\u00f1os, pero salt\u00f3 a la fama con su estacada participaci\u00f3n e interpretaci\u00f3n en Babylon, pel\u00edcula","robots":{"index":"index","follow":"follow","max-snippet":"max-snippet:-1","max-image-preview":"max-image-preview:large","max-video-preview":"max-video-preview:-1"},"canonical":"https:\/\/graziamagazine.com\/mx\/articles\/diego-calva-actor-mexicano-no-conocias-nominado-globo-de-oro\/","og_locale":"es_MX","og_type":"article","og_title":"Diego Calva: el actor mexicano que no conoc\u00edas y est\u00e1 nominado al Globo de Oro","og_description":"Diego Calva es un actor con una trayectoria de casi diez a\u00f1os, pero salt\u00f3 a la fama con su estacada participaci\u00f3n e interpretaci\u00f3n en Babylon, pel\u00edcula","og_url":"https:\/\/graziamagazine.com\/mx\/articles\/diego-calva-actor-mexicano-no-conocias-nominado-globo-de-oro\/","og_site_name":"Grazia M\u00e9xico y Latinoam\u00e9rica","article_modified_time":"2022-12-13T19:52:13+00:00","og_image":[{"width":1123,"height":721,"url":"https:\/\/graziamagazine.com\/mx\/wp-content\/uploads\/sites\/13\/2022\/12\/WhatsApp-Image-2022-12-13-at-11.03.39-e1670961051248.jpeg","type":"image\/jpeg"}],"twitter_card":"summary_large_image","twitter_misc":{"Est. reading time":"3 minutos"},"schema":{"@context":"https:\/\/schema.org","@graph":[{"@type":"WebPage","@id":"https:\/\/graziamagazine.com\/mx\/articles\/diego-calva-actor-mexicano-no-conocias-nominado-globo-de-oro\/","url":"https:\/\/graziamagazine.com\/mx\/articles\/diego-calva-actor-mexicano-no-conocias-nominado-globo-de-oro\/","name":"Diego Calva: el actor mexicano que no conoc\u00edas y est\u00e1 nominado al Globo de Oro | Grazia M\u00e9xico y Latinoam\u00e9rica","isPartOf":{"@id":"https:\/\/graziamagazine.com\/mx\/#website"},"datePublished":"2022-12-13T19:44:48+00:00","dateModified":"2022-12-13T19:52:13+00:00","description":"Diego Calva es un actor con una trayectoria de casi diez a\u00f1os, pero salt\u00f3 a la fama con su estacada participaci\u00f3n e interpretaci\u00f3n en Babylon, pel\u00edcula","breadcrumb":{"@id":"https:\/\/graziamagazine.com\/mx\/articles\/diego-calva-actor-mexicano-no-conocias-nominado-globo-de-oro\/#breadcrumb"},"inLanguage":"es-MX","potentialAction":[{"@type":"ReadAction","target":["https:\/\/graziamagazine.com\/mx\/articles\/diego-calva-actor-mexicano-no-conocias-nominado-globo-de-oro\/"]}]},{"@type":"BreadcrumbList","@id":"https:\/\/graziamagazine.com\/mx\/articles\/diego-calva-actor-mexicano-no-conocias-nominado-globo-de-oro\/#breadcrumb","itemListElement":[{"@type":"ListItem","position":1,"name":"Home","item":"https:\/\/graziamagazine.com\/mx\/"},{"@type":"ListItem","position":2,"name":"Diego Calva: el actor mexicano que no conoc\u00edas y est\u00e1 nominado al Globo de Oro"}]},{"@type":"WebSite","@id":"https:\/\/graziamagazine.com\/mx\/#website","url":"https:\/\/graziamagazine.com\/mx\/","name":"Grazia M\u00e9xico y Latinoam\u00e9rica","description":"Grazia es moda, belleza y noticias  de actualidad ","potentialAction":[{"@type":"SearchAction","target":{"@type":"EntryPoint","urlTemplate":"https:\/\/graziamagazine.com\/mx\/?s={search_term_string}"},"query-input":"required name=search_term_string"}],"inLanguage":"es-MX"}]}},"jetpack_sharing_enabled":true,"distributor_meta":false,"distributor_terms":false,"distributor_media":false,"distributor_original_site_name":"Grazia M\u00e9xico y Latinoam\u00e9rica","distributor_original_site_url":"https:\/\/graziamagazine.com\/mx","push-errors":false,"_links":{"self":[{"href":"https:\/\/graziamagazine.com\/mx\/wp-json\/wp\/v2\/articles\/119747"}],"collection":[{"href":"https:\/\/graziamagazine.com\/mx\/wp-json\/wp\/v2\/articles"}],"about":[{"href":"https:\/\/graziamagazine.com\/mx\/wp-json\/wp\/v2\/types\/articles"}],"author":[{"embeddable":true,"href":"https:\/\/graziamagazine.com\/mx\/wp-json\/wp\/v2\/users\/36289"}],"wp:featuredmedia":[{"embeddable":true,"href":"https:\/\/graziamagazine.com\/mx\/wp-json\/wp\/v2\/media\/119750"}],"wp:attachment":[{"href":"https:\/\/graziamagazine.com\/mx\/wp-json\/wp\/v2\/media?parent=119747"}],"wp:term":[{"taxonomy":"category","embeddable":true,"href":"https:\/\/graziamagazine.com\/mx\/wp-json\/wp\/v2\/categories?post=119747"}],"curies":[{"name":"wp","href":"https:\/\/api.w.org\/{rel}","templated":true}]}}