{"id":119402,"date":"2022-11-30T12:57:36","date_gmt":"2022-11-30T17:57:36","guid":{"rendered":"https:\/\/graziamagazine.com\/mx\/?post_type=articles&#038;p=119402"},"modified":"2022-11-30T13:04:11","modified_gmt":"2022-11-30T18:04:11","slug":"el-elenco-de-love-actually-se-reune-20-anos-despues-para-un-especial-navideno","status":"publish","type":"articles","link":"https:\/\/graziamagazine.com\/mx\/articles\/el-elenco-de-love-actually-se-reune-20-anos-despues-para-un-especial-navideno\/","title":{"rendered":"El elenco de \u2018Love Actually\u2019 se re\u00fane 20 a\u00f1os despu\u00e9s para un especial navide\u00f1o"},"content":{"rendered":"<p><span style=\"font-weight: 400\">Han pasado 20 a\u00f1os desde que una de nuestras pel\u00edculas favoritas &#8211; <em><strong>Love Actually<\/strong><\/em> &#8211; lleg\u00f3 al mundo para convertirse en una pel\u00edcula de culto navide\u00f1o. Con motivo de su <strong>20 aniversario<\/strong>, el elenco de la cinta dirigida por <strong>Richard Curtis<\/strong> se reuni\u00f3 para un especial navide\u00f1o que ha venido a saciar nuestros m\u00e1s \u00edntimos deseos.<\/span><\/p>\n<p><span style=\"font-weight: 400\">La reuni\u00f3n, organizada por la cadena estadounidense <em>ABC News<\/em> y dirigida por <strong>Diane Sawyer<\/strong>, revel\u00f3 m\u00faltiples secretos, retos, expectativas y sentimientos de todos los miembros del elenco y de la producci\u00f3n, durante la grabaci\u00f3n en 2002.<\/span><\/p>\n<p><iframe loading=\"lazy\" title=\"Why \u2018Love Actually\u2019 is a beloved holiday hit for 20 years: Part 1\" width=\"500\" height=\"281\" src=\"https:\/\/www.youtube.com\/embed\/OPzglEcW2g4?start=1&#038;feature=oembed\" frameborder=\"0\" allow=\"accelerometer; autoplay; clipboard-write; encrypted-media; gyroscope; picture-in-picture\" allowfullscreen><\/iframe><\/p>\n<p><span style=\"font-weight: 400\">Durante el especial, que ha sido compartido en Youtube a lo largo de 6 partes, uno de los protagonistas, <strong>Hugh Grant,<\/strong> dijo que filmar la pel\u00edcula fue \u201cuna fiesta particularmente vergonzosa\u201d.<\/span><\/p>\n<p><span style=\"font-weight: 400\">El actor revel\u00f3 que una escena que realmente lo hizo sentir \u201cmiserable\u201d durante la filmaci\u00f3n, fue el baile del Primer Ministro despu\u00e9s de enfrentarse al presidente de los Estados Unidos. De hecho, Hugh simplemente no quer\u00eda hacerlo. &#8220;Ning\u00fan ingl\u00e9s puede bailar cuando est\u00e1 sobrio a las 8 de la ma\u00f1ana&#8221;, dijo Hugh sobre la escena.\u00a0<\/span><\/p>\n<p><iframe loading=\"lazy\" title=\"\u2018Love Actually\u2019 director gives behind-the-scenes look at iconic scenes: Part 2\" width=\"500\" height=\"281\" src=\"https:\/\/www.youtube.com\/embed\/qu91teBkrkA?start=2&#038;feature=oembed\" frameborder=\"0\" allow=\"accelerometer; autoplay; clipboard-write; encrypted-media; gyroscope; picture-in-picture\" allowfullscreen><\/iframe><\/p>\n<p><span style=\"font-weight: 400\">&#8220;Estaba molesto, pero sab\u00eda que era una obligaci\u00f3n contractual&#8221;, dijo al respecto Richard Curtis, a\u00f1adiendo que probablemente Hugh esperaba que \u00e9l se enfermara y la escena fuera descartada. &#8220;\u00a1Guillotina contractual!&#8221;, agreg\u00f3 el actor.<\/span><\/p>\n<p><span style=\"font-weight: 400\">Incluso el director dijo que la escena era &#8220;agonizantemente vergonzosa&#8221;, ya que Grant admiti\u00f3 que estaba &#8220;fuera de ritmo&#8230; especialmente al principio cuando muevo el trasero&#8221;. Agreg\u00f3: &#8220;Hasta el d\u00eda de hoy, hay muchas personas, y estoy de acuerdo con ellos, que piensan que es la escena m\u00e1s insoportable jam\u00e1s enviada al celuloide. Pero a algunas personas les gusta&#8221;.<\/span><\/p>\n<p><iframe loading=\"lazy\" title=\"How real experiences with love influenced certain \u2018Love Actually\u2019 storylines: Part 3\" width=\"500\" height=\"281\" src=\"https:\/\/www.youtube.com\/embed\/8fDjkYaZOfE?feature=oembed\" frameborder=\"0\" allow=\"accelerometer; autoplay; clipboard-write; encrypted-media; gyroscope; picture-in-picture\" allowfullscreen><\/iframe><\/p>\n<p><span style=\"font-weight: 400\">&#8220;Con frecuencia (Hugh Grant) est\u00e1 malhumorado e infeliz, pero tambi\u00e9n es la \u00fanica persona en el mundo que nunca me ha enviado un mensaje de texto que no me haya hecho re\u00edr&#8221;, dijo Curtis cuando surgi\u00f3 el tema del temperamento del actor.\u00a0<\/span><\/p>\n<p><span style=\"font-weight: 400\">&#8220;Hugh encuentra a todos molestos&#8221;, brome\u00f3 por su parte la co protagonista <strong>Emma Thompson<\/strong>, antes de que el propio Grant admitiera: &#8220;No solo soy miserable, me gusta hacer que todos los que me rodean se sientan miserables si puedo&#8221;.<\/span><\/p>\n<p><iframe loading=\"lazy\" title=\"\u2018Love Actually\u2019 cast recalls favorite scenes from film 20 years later: Part 4\" width=\"500\" height=\"281\" src=\"https:\/\/www.youtube.com\/embed\/se0vClQFLXw?feature=oembed\" frameborder=\"0\" allow=\"accelerometer; autoplay; clipboard-write; encrypted-media; gyroscope; picture-in-picture\" allowfullscreen><\/iframe><\/p>\n<p><span style=\"font-weight: 400\">Parece que Hugh Grant tampoco estaba totalmente convencido de la pel\u00edcula despu\u00e9s de verla por primera vez en el estreno. &#8220;Me sent\u00e9 all\u00ed pensando, &#8216;Dios, es bastante agradable, \u00bfno?'&#8221;, record\u00f3 Emma Thompson. &#8220;Y luego Hugh se me acerc\u00f3 por detr\u00e1s cuando sal\u00edamos y dijo: &#8216;Corr\u00edgeme si me equivoco, pero \u00bfes eso lo m\u00e1s psic\u00f3tico en lo que hemos estado?'&#8221;.<\/span><\/p>\n<p><span style=\"font-weight: 400\">&#8220;\u00bfHe dicho qu\u00e9?&#8221;, pregunt\u00f3 Hugh con una sonrisa despu\u00e9s de ser confrontado por Diana Sawyer con sus supuestos comentarios pasados. &#8220;Bueno, \u00a1es un poco psic\u00f3tico! Como dije, es Richard con esteroides. Cuando escribe sobre el amor, lo dice en serio y eso es bastante raro&#8221;.<\/span><\/p>\n<p><iframe loading=\"lazy\" title=\"Real-life \u2018Love Actually\u2019 moments show how love prevails: Part 5\" width=\"500\" height=\"281\" src=\"https:\/\/www.youtube.com\/embed\/ZMLbx61JKM4?feature=oembed\" frameborder=\"0\" allow=\"accelerometer; autoplay; clipboard-write; encrypted-media; gyroscope; picture-in-picture\" allowfullscreen><\/iframe><\/p>\n<p><span style=\"font-weight: 400\">Para no revelarte toda la informaci\u00f3n y declaraciones del resto del elenco, como <strong>Laura Linney, Bill Nighy, Martine McCutcheon, Thomas Brodie Sangster, Keira Knightley, Liam Neeson<\/strong> y m\u00e1s, te compartimos las seis partes a lo largo de esta nota. \u00a1Que lo disfrutes!<\/span><\/p>\n<p><iframe loading=\"lazy\" title=\"Why themes from \u2018Love Actually\u2019 film resonate today, 20 years after creation: Part 6\" width=\"500\" height=\"281\" src=\"https:\/\/www.youtube.com\/embed\/rOA6DTR2j5o?feature=oembed\" frameborder=\"0\" allow=\"accelerometer; autoplay; clipboard-write; encrypted-media; gyroscope; picture-in-picture\" allowfullscreen><\/iframe><\/p>\n","protected":false},"author":11628,"featured_media":119406,"template":"","format":"standard","categories":[],"acf":[],"yoast_head":"<!-- This site is optimized with the Yoast SEO Premium plugin v18.5 (Yoast SEO v20.4) - https:\/\/yoast.com\/wordpress\/plugins\/seo\/ -->\n<title>El elenco de \u2018Love Actually\u2019 se re\u00fane 20 a\u00f1os despu\u00e9s para un especial navide\u00f1o<\/title>\n<meta name=\"description\" content=\"Han pasado 20 a\u00f1os desde que una de nuestras pel\u00edculas favoritas - Love Actually - lleg\u00f3 al mundo para convertirse en una pel\u00edcula de culto navide\u00f1o. Con\" \/>\n<meta name=\"robots\" content=\"index, follow, max-snippet:-1, max-image-preview:large, max-video-preview:-1\" \/>\n<link rel=\"canonical\" href=\"https:\/\/graziamagazine.com\/mx\/articles\/el-elenco-de-love-actually-se-reune-20-anos-despues-para-un-especial-navideno\/\" \/>\n<meta property=\"og:locale\" content=\"es_MX\" \/>\n<meta property=\"og:type\" content=\"article\" \/>\n<meta property=\"og:title\" content=\"El elenco de \u2018Love Actually\u2019 se re\u00fane 20 a\u00f1os despu\u00e9s para un especial navide\u00f1o\" \/>\n<meta property=\"og:description\" content=\"Han pasado 20 a\u00f1os desde que una de nuestras pel\u00edculas favoritas - Love Actually - lleg\u00f3 al mundo para convertirse en una pel\u00edcula de culto navide\u00f1o. Con\" \/>\n<meta property=\"og:url\" content=\"https:\/\/graziamagazine.com\/mx\/articles\/el-elenco-de-love-actually-se-reune-20-anos-despues-para-un-especial-navideno\/\" \/>\n<meta property=\"og:site_name\" content=\"Grazia M\u00e9xico y Latinoam\u00e9rica\" \/>\n<meta property=\"article:modified_time\" content=\"2022-11-30T18:04:11+00:00\" \/>\n<meta property=\"og:image\" content=\"https:\/\/graziamagazine.com\/mx\/wp-content\/uploads\/sites\/13\/2022\/11\/Captura-de-Pantalla-2022-11-30-a-las-12.03.47.png\" \/>\n\t<meta property=\"og:image:width\" content=\"718\" \/>\n\t<meta property=\"og:image:height\" content=\"426\" \/>\n\t<meta property=\"og:image:type\" content=\"image\/png\" \/>\n<meta name=\"twitter:card\" content=\"summary_large_image\" \/>\n<meta name=\"twitter:label1\" content=\"Est. reading time\" \/>\n\t<meta name=\"twitter:data1\" content=\"3 minutos\" \/>\n<script type=\"application\/ld+json\" class=\"yoast-schema-graph\">{\"@context\":\"https:\/\/schema.org\",\"@graph\":[{\"@type\":\"WebPage\",\"@id\":\"https:\/\/graziamagazine.com\/mx\/articles\/el-elenco-de-love-actually-se-reune-20-anos-despues-para-un-especial-navideno\/\",\"url\":\"https:\/\/graziamagazine.com\/mx\/articles\/el-elenco-de-love-actually-se-reune-20-anos-despues-para-un-especial-navideno\/\",\"name\":\"El elenco de \u2018Love Actually\u2019 se re\u00fane 20 a\u00f1os despu\u00e9s para un especial navide\u00f1o\",\"isPartOf\":{\"@id\":\"https:\/\/graziamagazine.com\/mx\/#website\"},\"datePublished\":\"2022-11-30T17:57:36+00:00\",\"dateModified\":\"2022-11-30T18:04:11+00:00\",\"description\":\"Han pasado 20 a\u00f1os desde que una de nuestras pel\u00edculas favoritas - Love Actually - lleg\u00f3 al mundo para convertirse en una pel\u00edcula de culto navide\u00f1o. Con\",\"breadcrumb\":{\"@id\":\"https:\/\/graziamagazine.com\/mx\/articles\/el-elenco-de-love-actually-se-reune-20-anos-despues-para-un-especial-navideno\/#breadcrumb\"},\"inLanguage\":\"es-MX\",\"potentialAction\":[{\"@type\":\"ReadAction\",\"target\":[\"https:\/\/graziamagazine.com\/mx\/articles\/el-elenco-de-love-actually-se-reune-20-anos-despues-para-un-especial-navideno\/\"]}]},{\"@type\":\"BreadcrumbList\",\"@id\":\"https:\/\/graziamagazine.com\/mx\/articles\/el-elenco-de-love-actually-se-reune-20-anos-despues-para-un-especial-navideno\/#breadcrumb\",\"itemListElement\":[{\"@type\":\"ListItem\",\"position\":1,\"name\":\"Home\",\"item\":\"https:\/\/graziamagazine.com\/mx\/\"},{\"@type\":\"ListItem\",\"position\":2,\"name\":\"El elenco de \u2018Love Actually\u2019 se re\u00fane 20 a\u00f1os despu\u00e9s para un especial navide\u00f1o\"}]},{\"@type\":\"WebSite\",\"@id\":\"https:\/\/graziamagazine.com\/mx\/#website\",\"url\":\"https:\/\/graziamagazine.com\/mx\/\",\"name\":\"Grazia M\u00e9xico y Latinoam\u00e9rica\",\"description\":\"Grazia es moda, belleza y noticias  de actualidad \",\"potentialAction\":[{\"@type\":\"SearchAction\",\"target\":{\"@type\":\"EntryPoint\",\"urlTemplate\":\"https:\/\/graziamagazine.com\/mx\/?s={search_term_string}\"},\"query-input\":\"required name=search_term_string\"}],\"inLanguage\":\"es-MX\"}]}<\/script>\n<!-- \/ Yoast SEO Premium plugin. -->","yoast_head_json":{"title":"El elenco de \u2018Love Actually\u2019 se re\u00fane 20 a\u00f1os despu\u00e9s para un especial navide\u00f1o","description":"Han pasado 20 a\u00f1os desde que una de nuestras pel\u00edculas favoritas - Love Actually - lleg\u00f3 al mundo para convertirse en una pel\u00edcula de culto navide\u00f1o. Con","robots":{"index":"index","follow":"follow","max-snippet":"max-snippet:-1","max-image-preview":"max-image-preview:large","max-video-preview":"max-video-preview:-1"},"canonical":"https:\/\/graziamagazine.com\/mx\/articles\/el-elenco-de-love-actually-se-reune-20-anos-despues-para-un-especial-navideno\/","og_locale":"es_MX","og_type":"article","og_title":"El elenco de \u2018Love Actually\u2019 se re\u00fane 20 a\u00f1os despu\u00e9s para un especial navide\u00f1o","og_description":"Han pasado 20 a\u00f1os desde que una de nuestras pel\u00edculas favoritas - Love Actually - lleg\u00f3 al mundo para convertirse en una pel\u00edcula de culto navide\u00f1o. Con","og_url":"https:\/\/graziamagazine.com\/mx\/articles\/el-elenco-de-love-actually-se-reune-20-anos-despues-para-un-especial-navideno\/","og_site_name":"Grazia M\u00e9xico y Latinoam\u00e9rica","article_modified_time":"2022-11-30T18:04:11+00:00","og_image":[{"width":718,"height":426,"url":"https:\/\/graziamagazine.com\/mx\/wp-content\/uploads\/sites\/13\/2022\/11\/Captura-de-Pantalla-2022-11-30-a-las-12.03.47.png","type":"image\/png"}],"twitter_card":"summary_large_image","twitter_misc":{"Est. reading time":"3 minutos"},"schema":{"@context":"https:\/\/schema.org","@graph":[{"@type":"WebPage","@id":"https:\/\/graziamagazine.com\/mx\/articles\/el-elenco-de-love-actually-se-reune-20-anos-despues-para-un-especial-navideno\/","url":"https:\/\/graziamagazine.com\/mx\/articles\/el-elenco-de-love-actually-se-reune-20-anos-despues-para-un-especial-navideno\/","name":"El elenco de \u2018Love Actually\u2019 se re\u00fane 20 a\u00f1os despu\u00e9s para un especial navide\u00f1o","isPartOf":{"@id":"https:\/\/graziamagazine.com\/mx\/#website"},"datePublished":"2022-11-30T17:57:36+00:00","dateModified":"2022-11-30T18:04:11+00:00","description":"Han pasado 20 a\u00f1os desde que una de nuestras pel\u00edculas favoritas - Love Actually - lleg\u00f3 al mundo para convertirse en una pel\u00edcula de culto navide\u00f1o. Con","breadcrumb":{"@id":"https:\/\/graziamagazine.com\/mx\/articles\/el-elenco-de-love-actually-se-reune-20-anos-despues-para-un-especial-navideno\/#breadcrumb"},"inLanguage":"es-MX","potentialAction":[{"@type":"ReadAction","target":["https:\/\/graziamagazine.com\/mx\/articles\/el-elenco-de-love-actually-se-reune-20-anos-despues-para-un-especial-navideno\/"]}]},{"@type":"BreadcrumbList","@id":"https:\/\/graziamagazine.com\/mx\/articles\/el-elenco-de-love-actually-se-reune-20-anos-despues-para-un-especial-navideno\/#breadcrumb","itemListElement":[{"@type":"ListItem","position":1,"name":"Home","item":"https:\/\/graziamagazine.com\/mx\/"},{"@type":"ListItem","position":2,"name":"El elenco de \u2018Love Actually\u2019 se re\u00fane 20 a\u00f1os despu\u00e9s para un especial navide\u00f1o"}]},{"@type":"WebSite","@id":"https:\/\/graziamagazine.com\/mx\/#website","url":"https:\/\/graziamagazine.com\/mx\/","name":"Grazia M\u00e9xico y Latinoam\u00e9rica","description":"Grazia es moda, belleza y noticias  de actualidad ","potentialAction":[{"@type":"SearchAction","target":{"@type":"EntryPoint","urlTemplate":"https:\/\/graziamagazine.com\/mx\/?s={search_term_string}"},"query-input":"required name=search_term_string"}],"inLanguage":"es-MX"}]}},"jetpack_sharing_enabled":true,"distributor_meta":false,"distributor_terms":false,"distributor_media":false,"distributor_original_site_name":"Grazia M\u00e9xico y Latinoam\u00e9rica","distributor_original_site_url":"https:\/\/graziamagazine.com\/mx","push-errors":false,"_links":{"self":[{"href":"https:\/\/graziamagazine.com\/mx\/wp-json\/wp\/v2\/articles\/119402"}],"collection":[{"href":"https:\/\/graziamagazine.com\/mx\/wp-json\/wp\/v2\/articles"}],"about":[{"href":"https:\/\/graziamagazine.com\/mx\/wp-json\/wp\/v2\/types\/articles"}],"author":[{"embeddable":true,"href":"https:\/\/graziamagazine.com\/mx\/wp-json\/wp\/v2\/users\/11628"}],"wp:featuredmedia":[{"embeddable":true,"href":"https:\/\/graziamagazine.com\/mx\/wp-json\/wp\/v2\/media\/119406"}],"wp:attachment":[{"href":"https:\/\/graziamagazine.com\/mx\/wp-json\/wp\/v2\/media?parent=119402"}],"wp:term":[{"taxonomy":"category","embeddable":true,"href":"https:\/\/graziamagazine.com\/mx\/wp-json\/wp\/v2\/categories?post=119402"}],"curies":[{"name":"wp","href":"https:\/\/api.w.org\/{rel}","templated":true}]}}