{"id":119281,"date":"2022-11-28T18:09:37","date_gmt":"2022-11-28T23:09:37","guid":{"rendered":"https:\/\/graziamagazine.com\/mx\/?post_type=articles&#038;p=119281"},"modified":"2022-11-28T19:19:44","modified_gmt":"2022-11-29T00:19:44","slug":"pharrel-williams-reinventa-chaqueta-maya-moncler","status":"publish","type":"articles","link":"https:\/\/graziamagazine.com\/mx\/articles\/pharrel-williams-reinventa-chaqueta-maya-moncler\/","title":{"rendered":"Pharrell Williams reinventa la Chaqueta Maya de Moncler"},"content":{"rendered":"<p>Todos queremos tener la prenda ideal y que sea perfecta, pero <strong>Moncler<\/strong> lo llev\u00f3 a un nuevo nivel.<span style=\"font-weight: 400\"> La firma italiana de origen franc\u00e9s, especializada en <\/span><b>plumas<\/b><span style=\"font-weight: 400\"> y <\/span><b>prendas de abrigo<\/b><span style=\"font-weight: 400\">, presenta una nueva colaboraci\u00f3n para celebrar su 70 aniversario. <strong>Pharrell Williams<\/strong> es el dise\u00f1ador de la \u00faltima edici\u00f3n.<\/span><\/p>\n<p><span style=\"font-weight: 400\">Y es que el cantante ha sumado su toque personal en la reinvenci\u00f3n de la ic\u00f3nica <strong>chaqueta Maya <\/strong>que se lanz\u00f3\u00a0el pasado <\/span><b>26 de noviembre<\/b><span style=\"font-weight: 400\">.<\/span><\/p>\n<p><iframe loading=\"lazy\" title=\"Moncler 70 | Moncler Maya 70 by Pharrell Williams\" width=\"500\" height=\"281\" src=\"https:\/\/www.youtube.com\/embed\/nOr5ItaLvsk?feature=oembed\" frameborder=\"0\" allow=\"accelerometer; autoplay; clipboard-write; encrypted-media; gyroscope; picture-in-picture\" allowfullscreen><\/iframe><\/p>\n<p>&nbsp;<\/p>\n<p><span style=\"font-weight: 400\">\u201cPara conmemorar nuestro 70 aniversario, hemos invitado a siete dise\u00f1adores a reinterpretar nuestro dise\u00f1o m\u00e1s emblem\u00e1tico\u201d, public\u00f3 la marca en su tienda on-line. Y es que cada semana, un nuevo creativo nos sorprendi\u00f3 con sus interpretaciones.<\/span><\/p>\n<p><span style=\"font-weight: 400\">La marca, que naci\u00f3 en 1952 con la \u00fanica intenci\u00f3n de proteger del fri\u00f3 a trabajadores alpinos, ha invitado a seis dise\u00f1adores incre\u00edbles que han aportado su interpretaci\u00f3n de la famosa chamarra. En la colaboraci\u00f3n <\/span><b><i>Moncler Maya 70 Collaborations<\/i><\/b><span style=\"font-weight: 400\">, han sido <\/span><b>Pier Paolo Piccioli<\/b><span style=\"font-weight: 400\">, <\/span><b>Giambattista Valli<\/b><span style=\"font-weight: 400\">, <\/span><b>Rick Owens<\/b><span style=\"font-weight: 400\"> e <\/span><b>Hiroshi Fujiwara<\/b><span style=\"font-weight: 400\">.<\/span><\/p>\n<div class=\"content-gallery\"><div class=\"gallery-placeholder\"><div class=\"spinner\"><\/div><\/div><span class=\"gallery-pagination\"><\/span><div id=\"gallery-1\" class=\"gallery galleryid-119281 gallery-columns- gallery-size-\"><figure class=\"gallery-item\"><div class=\"gallery-icon landscape\"><img loading=\"lazy\" decoding=\"async\" width=\"1280\" height=\"1280\" src=\"https:\/\/graziamagazine.com\/mx\/wp-content\/uploads\/sites\/13\/2022\/11\/WhatsApp-Image-2022-11-28-at-14.17.30-1.jpeg\" class=\"lazy\" alt=\"\" \/><\/div><figcaption class=\"wp-caption-text gallery-caption\" id=\"gallery-1-119283\">Moncler<\/figcaption><\/figure><figure class=\"gallery-item\"><div class=\"gallery-icon landscape\"><img loading=\"lazy\" decoding=\"async\" width=\"853\" height=\"1280\" src=\"https:\/\/graziamagazine.com\/mx\/wp-content\/uploads\/sites\/13\/2022\/11\/WhatsApp-Image-2022-11-28-at-14.17.29.jpeg\" class=\"lazy\" alt=\"\" \/><\/div><figcaption class=\"wp-caption-text gallery-caption\" id=\"gallery-1-119282\">Moncler<\/figcaption><\/figure><figure class=\"gallery-item\"><div class=\"gallery-icon landscape\"><img loading=\"lazy\" decoding=\"async\" width=\"768\" height=\"1152\" src=\"https:\/\/graziamagazine.com\/mx\/wp-content\/uploads\/sites\/13\/2022\/11\/chama3.png\" class=\"lazy\" alt=\"\" \/><\/div><figcaption class=\"wp-caption-text gallery-caption\" id=\"gallery-1-119289\">Moncler<\/figcaption><\/figure><figure class=\"gallery-item\"><div class=\"gallery-icon landscape\"><img loading=\"lazy\" decoding=\"async\" width=\"768\" height=\"1152\" src=\"https:\/\/graziamagazine.com\/mx\/wp-content\/uploads\/sites\/13\/2022\/11\/chama4.png\" class=\"lazy\" alt=\"\" \/><\/div><figcaption class=\"wp-caption-text gallery-caption\" id=\"gallery-1-119290\">Moncler<\/figcaption><\/figure><\/div><\/div>\n<p><span style=\"font-weight: 400\">Este lanzamiento llega con un material confeccionado en un tejido similar al caucho, cubierta con detalles del logotipo en relieve por todos lados, con un forro de nailon ligero, capucha extra\u00edble, bolsillos delanteros, internos y en manga. toda una joya.<\/span><\/p>\n<p><span style=\"font-weight: 400\">\u201cDise\u00f1ar la ic\u00f3nica chaqueta Maya con mi propio toque fue un honor total. Sab\u00eda desde el principio que quer\u00eda que fuera todo de goma\u201d, coment\u00f3 Pharrell.<\/span><\/p>\n<div class=\"content-gallery\"><div class=\"gallery-placeholder\"><div class=\"spinner\"><\/div><\/div><span class=\"gallery-pagination\"><\/span><div id=\"gallery-2\" class=\"gallery galleryid-119281 gallery-columns- gallery-size-\"><figure class=\"gallery-item\"><div class=\"gallery-icon landscape\"><img loading=\"lazy\" decoding=\"async\" width=\"768\" height=\"1152\" src=\"https:\/\/graziamagazine.com\/mx\/wp-content\/uploads\/sites\/13\/2022\/11\/chama1.jpg\" class=\"lazy\" alt=\"\" \/><\/div><figcaption class=\"wp-caption-text gallery-caption\" id=\"gallery-2-119287\">Moncler<\/figcaption><\/figure><figure class=\"gallery-item\"><div class=\"gallery-icon landscape\"><img loading=\"lazy\" decoding=\"async\" width=\"768\" height=\"1152\" src=\"https:\/\/graziamagazine.com\/mx\/wp-content\/uploads\/sites\/13\/2022\/11\/chama2.jpg\" class=\"lazy\" alt=\"\" \/><\/div><figcaption class=\"wp-caption-text gallery-caption\" id=\"gallery-2-119288\">Moncler<\/figcaption><\/figure><\/div><\/div>\n<p><span style=\"font-weight: 400\">La chaqueta dise\u00f1ada por Pharrell, tendr\u00e1 un costo de $10,645 d\u00f3lares. La im\u00e1gen de esta creaci\u00f3n es el rapero y cantante, <\/span><b>Tobe Nwigwe<\/b><span style=\"font-weight: 400\">.\u00a0<\/span><\/p>\n<p>As\u00ed que junto a toda la colecci\u00f3n de aniversario o sola, esta chaqueta rompe los paradigmas de la perfecci\u00f3n y nos deja con un gran sabor de boca.<\/p>\n<figure id=\"attachment_119285\" aria-describedby=\"caption-attachment-119285\" style=\"width: 1024px\" class=\"wp-caption alignnone\"><img loading=\"lazy\" decoding=\"async\" class=\"wp-image-119285 size-large\" src=\"https:\/\/graziamagazine.com\/mx\/wp-content\/uploads\/sites\/13\/2022\/11\/WhatsApp-Image-2022-11-28-at-14.19.24.jpeg?w=1024\" alt=\"\" width=\"1024\" height=\"575\" \/><figcaption id=\"caption-attachment-119285\" class=\"wp-caption-text\">Moncler<\/figcaption><\/figure>\n<p>Adem\u00e1s, est\u00e1 disponible en su tienda en l\u00ednea, donde, por cierto, te recomendamos echar un vistazo a su impreionante gu\u00eda de regalos navide\u00f1os.<\/p>\n<p>Recientemente Moncler expandi\u00f3 sus horizontes al metaverso con la introducci\u00f3n de 7 Moncler Non-<br \/>\nTokens fungibles (NFT). Las obras han sido creado por el artista digital alem\u00e1n Antoni Tudisco @antonitudisco y por supuesto, la primera obra de NFT est\u00e1 dedicada a Mil\u00e1n y celebrar\u00e1 el espect\u00e1culo del 70 aniversario.<\/p>\n<p>&nbsp;<\/p>\n<p>&nbsp;<\/p>\n","protected":false},"author":36289,"featured_media":119284,"template":"","format":"standard","categories":[114],"acf":[],"yoast_head":"<!-- This site is optimized with the Yoast SEO Premium plugin v18.5 (Yoast SEO v20.4) - https:\/\/yoast.com\/wordpress\/plugins\/seo\/ -->\n<title>Pharrell Williams reinventa la Chaqueta Maya de Moncler | Grazia M\u00e9xico y Latinoam\u00e9rica<\/title>\n<meta name=\"description\" content=\"Todos queremos tener la prenda ideal y que sea perfecta, pero Moncler lo llev\u00f3 a un nuevo nivel. La firma italiana de origen franc\u00e9s, especializada en\" \/>\n<meta name=\"robots\" content=\"index, follow, max-snippet:-1, max-image-preview:large, max-video-preview:-1\" \/>\n<link rel=\"canonical\" href=\"https:\/\/graziamagazine.com\/mx\/articles\/pharrel-williams-reinventa-chaqueta-maya-moncler\/\" \/>\n<meta property=\"og:locale\" content=\"es_MX\" \/>\n<meta property=\"og:type\" content=\"article\" \/>\n<meta property=\"og:title\" content=\"Pharrell Williams reinventa la Chaqueta Maya de Moncler\" \/>\n<meta property=\"og:description\" content=\"Todos queremos tener la prenda ideal y que sea perfecta, pero Moncler lo llev\u00f3 a un nuevo nivel. La firma italiana de origen franc\u00e9s, especializada en\" \/>\n<meta property=\"og:url\" content=\"https:\/\/graziamagazine.com\/mx\/articles\/pharrel-williams-reinventa-chaqueta-maya-moncler\/\" \/>\n<meta property=\"og:site_name\" content=\"Grazia M\u00e9xico y Latinoam\u00e9rica\" \/>\n<meta property=\"article:modified_time\" content=\"2022-11-29T00:19:44+00:00\" \/>\n<meta property=\"og:image\" content=\"https:\/\/graziamagazine.com\/mx\/wp-content\/uploads\/sites\/13\/2022\/11\/WhatsApp-Image-2022-11-28-at-14.17.30-e1669677155130.jpeg\" \/>\n\t<meta property=\"og:image:width\" content=\"1280\" \/>\n\t<meta property=\"og:image:height\" content=\"720\" \/>\n\t<meta property=\"og:image:type\" content=\"image\/jpeg\" \/>\n<meta name=\"twitter:card\" content=\"summary_large_image\" \/>\n<meta name=\"twitter:label1\" content=\"Est. reading time\" \/>\n\t<meta name=\"twitter:data1\" content=\"2 minutos\" \/>\n<script type=\"application\/ld+json\" class=\"yoast-schema-graph\">{\"@context\":\"https:\/\/schema.org\",\"@graph\":[{\"@type\":\"WebPage\",\"@id\":\"https:\/\/graziamagazine.com\/mx\/articles\/pharrel-williams-reinventa-chaqueta-maya-moncler\/\",\"url\":\"https:\/\/graziamagazine.com\/mx\/articles\/pharrel-williams-reinventa-chaqueta-maya-moncler\/\",\"name\":\"Pharrell Williams reinventa la Chaqueta Maya de Moncler | Grazia M\u00e9xico y Latinoam\u00e9rica\",\"isPartOf\":{\"@id\":\"https:\/\/graziamagazine.com\/mx\/#website\"},\"datePublished\":\"2022-11-28T23:09:37+00:00\",\"dateModified\":\"2022-11-29T00:19:44+00:00\",\"description\":\"Todos queremos tener la prenda ideal y que sea perfecta, pero Moncler lo llev\u00f3 a un nuevo nivel. La firma italiana de origen franc\u00e9s, especializada en\",\"breadcrumb\":{\"@id\":\"https:\/\/graziamagazine.com\/mx\/articles\/pharrel-williams-reinventa-chaqueta-maya-moncler\/#breadcrumb\"},\"inLanguage\":\"es-MX\",\"potentialAction\":[{\"@type\":\"ReadAction\",\"target\":[\"https:\/\/graziamagazine.com\/mx\/articles\/pharrel-williams-reinventa-chaqueta-maya-moncler\/\"]}]},{\"@type\":\"BreadcrumbList\",\"@id\":\"https:\/\/graziamagazine.com\/mx\/articles\/pharrel-williams-reinventa-chaqueta-maya-moncler\/#breadcrumb\",\"itemListElement\":[{\"@type\":\"ListItem\",\"position\":1,\"name\":\"Home\",\"item\":\"https:\/\/graziamagazine.com\/mx\/\"},{\"@type\":\"ListItem\",\"position\":2,\"name\":\"Pharrell Williams reinventa la Chaqueta Maya de Moncler\"}]},{\"@type\":\"WebSite\",\"@id\":\"https:\/\/graziamagazine.com\/mx\/#website\",\"url\":\"https:\/\/graziamagazine.com\/mx\/\",\"name\":\"Grazia M\u00e9xico y Latinoam\u00e9rica\",\"description\":\"Grazia es moda, belleza y noticias  de actualidad \",\"potentialAction\":[{\"@type\":\"SearchAction\",\"target\":{\"@type\":\"EntryPoint\",\"urlTemplate\":\"https:\/\/graziamagazine.com\/mx\/?s={search_term_string}\"},\"query-input\":\"required name=search_term_string\"}],\"inLanguage\":\"es-MX\"}]}<\/script>\n<!-- \/ Yoast SEO Premium plugin. -->","yoast_head_json":{"title":"Pharrell Williams reinventa la Chaqueta Maya de Moncler | Grazia M\u00e9xico y Latinoam\u00e9rica","description":"Todos queremos tener la prenda ideal y que sea perfecta, pero Moncler lo llev\u00f3 a un nuevo nivel. La firma italiana de origen franc\u00e9s, especializada en","robots":{"index":"index","follow":"follow","max-snippet":"max-snippet:-1","max-image-preview":"max-image-preview:large","max-video-preview":"max-video-preview:-1"},"canonical":"https:\/\/graziamagazine.com\/mx\/articles\/pharrel-williams-reinventa-chaqueta-maya-moncler\/","og_locale":"es_MX","og_type":"article","og_title":"Pharrell Williams reinventa la Chaqueta Maya de Moncler","og_description":"Todos queremos tener la prenda ideal y que sea perfecta, pero Moncler lo llev\u00f3 a un nuevo nivel. La firma italiana de origen franc\u00e9s, especializada en","og_url":"https:\/\/graziamagazine.com\/mx\/articles\/pharrel-williams-reinventa-chaqueta-maya-moncler\/","og_site_name":"Grazia M\u00e9xico y Latinoam\u00e9rica","article_modified_time":"2022-11-29T00:19:44+00:00","og_image":[{"width":1280,"height":720,"url":"https:\/\/graziamagazine.com\/mx\/wp-content\/uploads\/sites\/13\/2022\/11\/WhatsApp-Image-2022-11-28-at-14.17.30-e1669677155130.jpeg","type":"image\/jpeg"}],"twitter_card":"summary_large_image","twitter_misc":{"Est. reading time":"2 minutos"},"schema":{"@context":"https:\/\/schema.org","@graph":[{"@type":"WebPage","@id":"https:\/\/graziamagazine.com\/mx\/articles\/pharrel-williams-reinventa-chaqueta-maya-moncler\/","url":"https:\/\/graziamagazine.com\/mx\/articles\/pharrel-williams-reinventa-chaqueta-maya-moncler\/","name":"Pharrell Williams reinventa la Chaqueta Maya de Moncler | Grazia M\u00e9xico y Latinoam\u00e9rica","isPartOf":{"@id":"https:\/\/graziamagazine.com\/mx\/#website"},"datePublished":"2022-11-28T23:09:37+00:00","dateModified":"2022-11-29T00:19:44+00:00","description":"Todos queremos tener la prenda ideal y que sea perfecta, pero Moncler lo llev\u00f3 a un nuevo nivel. La firma italiana de origen franc\u00e9s, especializada en","breadcrumb":{"@id":"https:\/\/graziamagazine.com\/mx\/articles\/pharrel-williams-reinventa-chaqueta-maya-moncler\/#breadcrumb"},"inLanguage":"es-MX","potentialAction":[{"@type":"ReadAction","target":["https:\/\/graziamagazine.com\/mx\/articles\/pharrel-williams-reinventa-chaqueta-maya-moncler\/"]}]},{"@type":"BreadcrumbList","@id":"https:\/\/graziamagazine.com\/mx\/articles\/pharrel-williams-reinventa-chaqueta-maya-moncler\/#breadcrumb","itemListElement":[{"@type":"ListItem","position":1,"name":"Home","item":"https:\/\/graziamagazine.com\/mx\/"},{"@type":"ListItem","position":2,"name":"Pharrell Williams reinventa la Chaqueta Maya de Moncler"}]},{"@type":"WebSite","@id":"https:\/\/graziamagazine.com\/mx\/#website","url":"https:\/\/graziamagazine.com\/mx\/","name":"Grazia M\u00e9xico y Latinoam\u00e9rica","description":"Grazia es moda, belleza y noticias  de actualidad ","potentialAction":[{"@type":"SearchAction","target":{"@type":"EntryPoint","urlTemplate":"https:\/\/graziamagazine.com\/mx\/?s={search_term_string}"},"query-input":"required name=search_term_string"}],"inLanguage":"es-MX"}]}},"jetpack_sharing_enabled":true,"distributor_meta":false,"distributor_terms":false,"distributor_media":false,"distributor_original_site_name":"Grazia M\u00e9xico y Latinoam\u00e9rica","distributor_original_site_url":"https:\/\/graziamagazine.com\/mx","push-errors":false,"_links":{"self":[{"href":"https:\/\/graziamagazine.com\/mx\/wp-json\/wp\/v2\/articles\/119281"}],"collection":[{"href":"https:\/\/graziamagazine.com\/mx\/wp-json\/wp\/v2\/articles"}],"about":[{"href":"https:\/\/graziamagazine.com\/mx\/wp-json\/wp\/v2\/types\/articles"}],"author":[{"embeddable":true,"href":"https:\/\/graziamagazine.com\/mx\/wp-json\/wp\/v2\/users\/36289"}],"wp:featuredmedia":[{"embeddable":true,"href":"https:\/\/graziamagazine.com\/mx\/wp-json\/wp\/v2\/media\/119284"}],"wp:attachment":[{"href":"https:\/\/graziamagazine.com\/mx\/wp-json\/wp\/v2\/media?parent=119281"}],"wp:term":[{"taxonomy":"category","embeddable":true,"href":"https:\/\/graziamagazine.com\/mx\/wp-json\/wp\/v2\/categories?post=119281"}],"curies":[{"name":"wp","href":"https:\/\/api.w.org\/{rel}","templated":true}]}}