{"id":119242,"date":"2022-11-25T12:02:32","date_gmt":"2022-11-25T17:02:32","guid":{"rendered":"https:\/\/graziamagazine.com\/mx\/?post_type=articles&#038;p=119242"},"modified":"2022-11-25T12:05:34","modified_gmt":"2022-11-25T17:05:34","slug":"pinocho-de-guillermo-del-toro-se-estrena-con-una-exhibicion-en-la-cineteca-nacional","status":"publish","type":"articles","link":"https:\/\/graziamagazine.com\/mx\/articles\/pinocho-de-guillermo-del-toro-se-estrena-con-una-exhibicion-en-la-cineteca-nacional\/","title":{"rendered":"\u2018Pinocho\u2019, de Guillermo del Toro, se estrena con una exhibici\u00f3n en la Cineteca Nacional"},"content":{"rendered":"<p><span style=\"font-weight: 400\"><em><strong>Pinocho<\/strong><\/em>, la \u00faltima pel\u00edcula de <strong>Guillermo del Toro<\/strong>, <strong>se estren\u00f3 con \u00e9xito el 24 de noviembre en la Cineteca Nacional<\/strong>, junto a una exhibici\u00f3n que los fans del director mexicano disfrutar\u00e1n, ya que da cuenta del proceso creativo detr\u00e1s de la cinta animada.<\/span><\/p>\n<p><span style=\"font-weight: 400\">La cinta &#8211; que tambi\u00e9n se estren\u00f3 en otros cines el mismo d\u00eda, y que <strong>llegar\u00e1 a Netflix el 9 de diciembre<\/strong> &#8211; reinventa el cuento cl\u00e1sico del m\u00edtico ni\u00f1o de madera de Carlo Collodi con una fabulosa obra maestra que lleva a Pinocho a una aventura m\u00e1gica que trasciende mundos y revela el poder vivificante del amor, gracias al talento del cineasta ganador del Oscar y del galardonado maestro de la animaci\u00f3n cuadro por cuadro, <strong>Mark Gustafson.<\/strong><\/span><\/p>\n<p><img loading=\"lazy\" decoding=\"async\" class=\"alignnone size-medium wp-image-119244 aligncenter\" src=\"https:\/\/graziamagazine.com\/mx\/wp-content\/uploads\/sites\/13\/2022\/11\/AAAABVSAi81PrJDuRxrp16K5M7g_kS8-B2uAA6Oi5KxmsdaW6pgWdEQQ9Qtq_NcnvsNJPdNllegeWfhf-L7W2UMAWE1EoLv7SlOqY7q7kxV4jEIscwjK8j1-gjATx5ROpR-5zde_-w.jpeg?w=321\" alt=\"\" width=\"321\" height=\"450\" \/><\/p>\n<p><span style=\"font-weight: 400\">Por su parte, la exhibici\u00f3n <strong>\u201cUn Pinocho hecho de madera mexicana\u201d<\/strong> sobre el detr\u00e1s de c\u00e1maras de Pinocho, presenta 11 maquetas de los personajes utilizados durante la cinta, im\u00e1genes del proceso creativo, as\u00ed como entrevistas con los animadores mexicanos y el mismo Del Toro hablando acerca de la producci\u00f3n.\u00a0<\/span><\/p>\n<p><span style=\"font-weight: 400\">En la funci\u00f3n de estreno estuvieron presentes Karla Casta\u00f1eda (Directora de arte), Luis T\u00e9llez (Supervisi\u00f3n de animaci\u00f3n de stop-motion), Angelica Lares (Supervisora de producci\u00f3n),\u00a0 Ren\u00e9 Castillo (Animador de stop-motion), Mayren\u00ed Senior Seda (Animador de stop-motion), Od\u00edn Fern\u00e1ndez (Gerente de producci\u00f3n\/Primer asistente de direcci\u00f3n), Rita Basulto (Cinematograf\u00eda\/Pintora de marionetas) y Sof\u00eda Carrillo (Vestuario).\u00a0<\/span><\/p>\n<p><img loading=\"lazy\" decoding=\"async\" class=\"alignnone size-medium wp-image-119243 aligncenter\" src=\"https:\/\/graziamagazine.com\/mx\/wp-content\/uploads\/sites\/13\/2022\/11\/unnamed-4-2.jpg?w=450\" alt=\"\" width=\"450\" height=\"321\" \/><\/p>\n<p><span style=\"font-weight: 400\">Tambi\u00e9n asistieron algunos integrantes del elenco de doblaje como son Jesse Conde (Gepetto), Emilio Trevi\u00f1o (Candel Wick), Talia Marcela (Esp\u00edritu del bosque y la muerte), Germ\u00e1n F\u00e1brega (Conde Volpe) y\u00a0 Gaby C\u00e1rdenas (Directora de m\u00fasica), entre otros.\u00a0<\/span><\/p>\n<p><span style=\"font-weight: 400\">La muestra estar\u00e1 abierta al p\u00fablico en general <strong>hasta el 11 de diciembre.\u00a0<\/strong><\/span><\/p>\n<p><img loading=\"lazy\" decoding=\"async\" class=\"alignnone size-medium wp-image-119246 aligncenter\" src=\"https:\/\/graziamagazine.com\/mx\/wp-content\/uploads\/sites\/13\/2022\/11\/ExpoPinocho_23nov2022_43.jpg?w=450\" alt=\"\" width=\"450\" height=\"321\" \/><\/p>\n<p><span style=\"font-weight: 400\">La fant\u00e1stica pel\u00edcula en <em>stop motion<\/em> cuenta con las voces originales de <strong>Ewan McGregor como Pepe Grillo, David Bradley como Geppetto y la presentaci\u00f3n de Gregory Mann como Pinocho<\/strong>. El elenco tambi\u00e9n cuenta con la participaci\u00f3n de <strong>Finn Wolfhard, Cate Blanchett, John Turturro, Ron Perlman, Tim Blake Nelson, Burn Gorman, Christoph Waltz y Tilda Swinton.<\/strong><\/span><\/p>\n","protected":false},"author":11628,"featured_media":119245,"template":"","format":"standard","categories":[],"acf":[],"yoast_head":"<!-- This site is optimized with the Yoast SEO Premium plugin v18.5 (Yoast SEO v20.4) - https:\/\/yoast.com\/wordpress\/plugins\/seo\/ -->\n<title>\u2018Pinocho\u2019, de Guillermo del Toro, se estrena con una exhibici\u00f3n en la Cineteca Nacional<\/title>\n<meta name=\"description\" content=\"Pinocho, la \u00faltima pel\u00edcula de Guillermo del Toro, se estren\u00f3 con \u00e9xito el 24 de noviembre en la Cineteca Nacional, junto a una exhibici\u00f3n que los fans\" \/>\n<meta name=\"robots\" content=\"index, follow, max-snippet:-1, max-image-preview:large, max-video-preview:-1\" \/>\n<link rel=\"canonical\" href=\"https:\/\/graziamagazine.com\/mx\/articles\/pinocho-de-guillermo-del-toro-se-estrena-con-una-exhibicion-en-la-cineteca-nacional\/\" \/>\n<meta property=\"og:locale\" content=\"es_MX\" \/>\n<meta property=\"og:type\" content=\"article\" \/>\n<meta property=\"og:title\" content=\"\u2018Pinocho\u2019, de Guillermo del Toro, se estrena con una exhibici\u00f3n en la Cineteca Nacional\" \/>\n<meta property=\"og:description\" content=\"Pinocho, la \u00faltima pel\u00edcula de Guillermo del Toro, se estren\u00f3 con \u00e9xito el 24 de noviembre en la Cineteca Nacional, junto a una exhibici\u00f3n que los fans\" \/>\n<meta property=\"og:url\" content=\"https:\/\/graziamagazine.com\/mx\/articles\/pinocho-de-guillermo-del-toro-se-estrena-con-una-exhibicion-en-la-cineteca-nacional\/\" \/>\n<meta property=\"og:site_name\" content=\"Grazia M\u00e9xico y Latinoam\u00e9rica\" \/>\n<meta property=\"article:modified_time\" content=\"2022-11-25T17:05:34+00:00\" \/>\n<meta property=\"og:image\" content=\"https:\/\/graziamagazine.com\/mx\/wp-content\/uploads\/sites\/13\/2022\/11\/ExpoPinocho_23nov2022_73.jpg\" \/>\n\t<meta property=\"og:image:width\" content=\"1024\" \/>\n\t<meta property=\"og:image:height\" content=\"731\" \/>\n\t<meta property=\"og:image:type\" content=\"image\/jpeg\" \/>\n<meta name=\"twitter:card\" content=\"summary_large_image\" \/>\n<meta name=\"twitter:label1\" content=\"Est. reading time\" \/>\n\t<meta name=\"twitter:data1\" content=\"3 minutos\" \/>\n<script type=\"application\/ld+json\" class=\"yoast-schema-graph\">{\"@context\":\"https:\/\/schema.org\",\"@graph\":[{\"@type\":\"WebPage\",\"@id\":\"https:\/\/graziamagazine.com\/mx\/articles\/pinocho-de-guillermo-del-toro-se-estrena-con-una-exhibicion-en-la-cineteca-nacional\/\",\"url\":\"https:\/\/graziamagazine.com\/mx\/articles\/pinocho-de-guillermo-del-toro-se-estrena-con-una-exhibicion-en-la-cineteca-nacional\/\",\"name\":\"\u2018Pinocho\u2019, de Guillermo del Toro, se estrena con una exhibici\u00f3n en la Cineteca Nacional\",\"isPartOf\":{\"@id\":\"https:\/\/graziamagazine.com\/mx\/#website\"},\"datePublished\":\"2022-11-25T17:02:32+00:00\",\"dateModified\":\"2022-11-25T17:05:34+00:00\",\"description\":\"Pinocho, la \u00faltima pel\u00edcula de Guillermo del Toro, se estren\u00f3 con \u00e9xito el 24 de noviembre en la Cineteca Nacional, junto a una exhibici\u00f3n que los fans\",\"breadcrumb\":{\"@id\":\"https:\/\/graziamagazine.com\/mx\/articles\/pinocho-de-guillermo-del-toro-se-estrena-con-una-exhibicion-en-la-cineteca-nacional\/#breadcrumb\"},\"inLanguage\":\"es-MX\",\"potentialAction\":[{\"@type\":\"ReadAction\",\"target\":[\"https:\/\/graziamagazine.com\/mx\/articles\/pinocho-de-guillermo-del-toro-se-estrena-con-una-exhibicion-en-la-cineteca-nacional\/\"]}]},{\"@type\":\"BreadcrumbList\",\"@id\":\"https:\/\/graziamagazine.com\/mx\/articles\/pinocho-de-guillermo-del-toro-se-estrena-con-una-exhibicion-en-la-cineteca-nacional\/#breadcrumb\",\"itemListElement\":[{\"@type\":\"ListItem\",\"position\":1,\"name\":\"Home\",\"item\":\"https:\/\/graziamagazine.com\/mx\/\"},{\"@type\":\"ListItem\",\"position\":2,\"name\":\"\u2018Pinocho\u2019, de Guillermo del Toro, se estrena con una exhibici\u00f3n en la Cineteca Nacional\"}]},{\"@type\":\"WebSite\",\"@id\":\"https:\/\/graziamagazine.com\/mx\/#website\",\"url\":\"https:\/\/graziamagazine.com\/mx\/\",\"name\":\"Grazia M\u00e9xico y Latinoam\u00e9rica\",\"description\":\"Grazia es moda, belleza y noticias  de actualidad \",\"potentialAction\":[{\"@type\":\"SearchAction\",\"target\":{\"@type\":\"EntryPoint\",\"urlTemplate\":\"https:\/\/graziamagazine.com\/mx\/?s={search_term_string}\"},\"query-input\":\"required name=search_term_string\"}],\"inLanguage\":\"es-MX\"}]}<\/script>\n<!-- \/ Yoast SEO Premium plugin. -->","yoast_head_json":{"title":"\u2018Pinocho\u2019, de Guillermo del Toro, se estrena con una exhibici\u00f3n en la Cineteca Nacional","description":"Pinocho, la \u00faltima pel\u00edcula de Guillermo del Toro, se estren\u00f3 con \u00e9xito el 24 de noviembre en la Cineteca Nacional, junto a una exhibici\u00f3n que los fans","robots":{"index":"index","follow":"follow","max-snippet":"max-snippet:-1","max-image-preview":"max-image-preview:large","max-video-preview":"max-video-preview:-1"},"canonical":"https:\/\/graziamagazine.com\/mx\/articles\/pinocho-de-guillermo-del-toro-se-estrena-con-una-exhibicion-en-la-cineteca-nacional\/","og_locale":"es_MX","og_type":"article","og_title":"\u2018Pinocho\u2019, de Guillermo del Toro, se estrena con una exhibici\u00f3n en la Cineteca Nacional","og_description":"Pinocho, la \u00faltima pel\u00edcula de Guillermo del Toro, se estren\u00f3 con \u00e9xito el 24 de noviembre en la Cineteca Nacional, junto a una exhibici\u00f3n que los fans","og_url":"https:\/\/graziamagazine.com\/mx\/articles\/pinocho-de-guillermo-del-toro-se-estrena-con-una-exhibicion-en-la-cineteca-nacional\/","og_site_name":"Grazia M\u00e9xico y Latinoam\u00e9rica","article_modified_time":"2022-11-25T17:05:34+00:00","og_image":[{"url":"https:\/\/graziamagazine.com\/mx\/wp-content\/uploads\/sites\/13\/2022\/11\/ExpoPinocho_23nov2022_73.jpg","width":1024,"height":731,"type":"image\/jpeg"}],"twitter_card":"summary_large_image","twitter_misc":{"Est. reading time":"3 minutos"},"schema":{"@context":"https:\/\/schema.org","@graph":[{"@type":"WebPage","@id":"https:\/\/graziamagazine.com\/mx\/articles\/pinocho-de-guillermo-del-toro-se-estrena-con-una-exhibicion-en-la-cineteca-nacional\/","url":"https:\/\/graziamagazine.com\/mx\/articles\/pinocho-de-guillermo-del-toro-se-estrena-con-una-exhibicion-en-la-cineteca-nacional\/","name":"\u2018Pinocho\u2019, de Guillermo del Toro, se estrena con una exhibici\u00f3n en la Cineteca Nacional","isPartOf":{"@id":"https:\/\/graziamagazine.com\/mx\/#website"},"datePublished":"2022-11-25T17:02:32+00:00","dateModified":"2022-11-25T17:05:34+00:00","description":"Pinocho, la \u00faltima pel\u00edcula de Guillermo del Toro, se estren\u00f3 con \u00e9xito el 24 de noviembre en la Cineteca Nacional, junto a una exhibici\u00f3n que los fans","breadcrumb":{"@id":"https:\/\/graziamagazine.com\/mx\/articles\/pinocho-de-guillermo-del-toro-se-estrena-con-una-exhibicion-en-la-cineteca-nacional\/#breadcrumb"},"inLanguage":"es-MX","potentialAction":[{"@type":"ReadAction","target":["https:\/\/graziamagazine.com\/mx\/articles\/pinocho-de-guillermo-del-toro-se-estrena-con-una-exhibicion-en-la-cineteca-nacional\/"]}]},{"@type":"BreadcrumbList","@id":"https:\/\/graziamagazine.com\/mx\/articles\/pinocho-de-guillermo-del-toro-se-estrena-con-una-exhibicion-en-la-cineteca-nacional\/#breadcrumb","itemListElement":[{"@type":"ListItem","position":1,"name":"Home","item":"https:\/\/graziamagazine.com\/mx\/"},{"@type":"ListItem","position":2,"name":"\u2018Pinocho\u2019, de Guillermo del Toro, se estrena con una exhibici\u00f3n en la Cineteca Nacional"}]},{"@type":"WebSite","@id":"https:\/\/graziamagazine.com\/mx\/#website","url":"https:\/\/graziamagazine.com\/mx\/","name":"Grazia M\u00e9xico y Latinoam\u00e9rica","description":"Grazia es moda, belleza y noticias  de actualidad ","potentialAction":[{"@type":"SearchAction","target":{"@type":"EntryPoint","urlTemplate":"https:\/\/graziamagazine.com\/mx\/?s={search_term_string}"},"query-input":"required name=search_term_string"}],"inLanguage":"es-MX"}]}},"jetpack_sharing_enabled":true,"distributor_meta":false,"distributor_terms":false,"distributor_media":false,"distributor_original_site_name":"Grazia M\u00e9xico y Latinoam\u00e9rica","distributor_original_site_url":"https:\/\/graziamagazine.com\/mx","push-errors":false,"_links":{"self":[{"href":"https:\/\/graziamagazine.com\/mx\/wp-json\/wp\/v2\/articles\/119242"}],"collection":[{"href":"https:\/\/graziamagazine.com\/mx\/wp-json\/wp\/v2\/articles"}],"about":[{"href":"https:\/\/graziamagazine.com\/mx\/wp-json\/wp\/v2\/types\/articles"}],"author":[{"embeddable":true,"href":"https:\/\/graziamagazine.com\/mx\/wp-json\/wp\/v2\/users\/11628"}],"wp:featuredmedia":[{"embeddable":true,"href":"https:\/\/graziamagazine.com\/mx\/wp-json\/wp\/v2\/media\/119245"}],"wp:attachment":[{"href":"https:\/\/graziamagazine.com\/mx\/wp-json\/wp\/v2\/media?parent=119242"}],"wp:term":[{"taxonomy":"category","embeddable":true,"href":"https:\/\/graziamagazine.com\/mx\/wp-json\/wp\/v2\/categories?post=119242"}],"curies":[{"name":"wp","href":"https:\/\/api.w.org\/{rel}","templated":true}]}}