{"id":119238,"date":"2022-11-25T11:39:59","date_gmt":"2022-11-25T16:39:59","guid":{"rendered":"https:\/\/graziamagazine.com\/mx\/?post_type=articles&#038;p=119238"},"modified":"2022-11-26T21:41:12","modified_gmt":"2022-11-27T02:41:12","slug":"pierpaolo-piccioli-se-une-a-los-festejos-del-70-aniversario-de-moncler","status":"publish","type":"articles","link":"https:\/\/graziamagazine.com\/mx\/articles\/pierpaolo-piccioli-se-une-a-los-festejos-del-70-aniversario-de-moncler\/","title":{"rendered":"Pierpaolo Piccioli se une a los festejos del 70 aniversario de Moncler"},"content":{"rendered":"<p><span style=\"font-weight: 400\">Como parte de las celebraciones del <strong>70 aniversario de Moncler,<\/strong> la marca de moda de lujo italiana fundada en Francia invit\u00f3 a <strong>Pierpaolo Piccioli, director creativo de Valentino<\/strong>, a redise\u00f1ar la ic\u00f3nica chamarra Maya, convirti\u00e9ndose en el sexto dise\u00f1ador invitado a esta serie de ediciones especiales de aniversario.\u00a0<\/span><\/p>\n<p><span style=\"font-weight: 400\">El dise\u00f1ador italiano reinterpret\u00f3 la geometr\u00eda acolchada de la prenda, atando cada cuadrado con nudos hechos a mano, para crear una versi\u00f3n de alta costura de la pieza original, pero con un aspecto de origami.<\/span><\/p>\n<p><span style=\"font-weight: 400\">\u201cLa prenda juega con el concepto de los tradicionales<em> puffers,<\/em> presentando un abrigo con bolsillos acolchados que se anudan en las esquinas. La chaqueta presenta espacios entre cada cuadrado acolchado, creando un abrigo ingeniosamente elaborado que podr\u00eda describirse m\u00e1s como una declaraci\u00f3n de moda que como una c\u00e1lida prenda de abrigo\u201d, explica Moncler.<\/span><\/p>\n<p><img loading=\"lazy\" decoding=\"async\" class=\"aligncenter wp-image-119241 size-large\" src=\"https:\/\/graziamagazine.com\/mx\/wp-content\/uploads\/sites\/13\/2022\/11\/Captura-de-Pantalla-2022-11-25-a-las-10.01.14.png?w=648\" alt=\"Pierpaolo Piccioli se une a los festejos del 70 aniversario de Moncler\" width=\"648\" height=\"503\" \/><\/p>\n<p><span style=\"font-weight: 400\">Para promocionarla, el fot\u00f3grafo ingl\u00e9s <strong>Platon capt\u00f3 a la supermodelo Kristen McMenamy<\/strong> mientras luce el <em>puffer<\/em> que presenta un aspecto lujoso pero deportivo. La colaboraci\u00f3n est\u00e1 disponible en el sitio web de Moncler desde el 19 de noviembre, justo a tiempo para vestirla en la temporada invernal.<\/span><\/p>\n<p><span style=\"font-weight: 400\">Pierpaolo Piccioli es el sexto dise\u00f1ador en reinventar Maya, despu\u00e9s de <strong>Palm Angels, Rick Owens, Thom Browne, Giambattista Valli y FRGMT de Hiroshi Fujiwara<\/strong>, mientras que <strong>Pharrell Williams<\/strong> protagonizar\u00e1 la s\u00e9ptima y \u00faltima colaboraci\u00f3n, que se dar\u00e1 a conocer el 26 de noviembre.<\/span><\/p>\n<p><img loading=\"lazy\" decoding=\"async\" class=\"aligncenter wp-image-119240 size-large\" src=\"https:\/\/graziamagazine.com\/mx\/wp-content\/uploads\/sites\/13\/2022\/11\/Captura-de-Pantalla-2022-11-25-a-las-10.01.38.png?w=405\" alt=\"Pierpaolo Piccioli se une a los festejos del 70 aniversario de Moncler\" width=\"405\" height=\"599\" \/><\/p>\n","protected":false},"author":11628,"featured_media":119239,"template":"","format":"standard","categories":[4],"acf":[],"yoast_head":"<!-- This site is optimized with the Yoast SEO Premium plugin v18.5 (Yoast SEO v20.4) - https:\/\/yoast.com\/wordpress\/plugins\/seo\/ -->\n<title>Pierpaolo Piccioli se une a los festejos del 70 aniversario de Moncler<\/title>\n<meta name=\"description\" content=\"Como parte de las celebraciones del 70 aniversario de Moncler, la marca de moda de lujo italiana fundada en Francia invit\u00f3 a Pierpaolo Piccioli, director\" \/>\n<meta name=\"robots\" content=\"index, follow, max-snippet:-1, max-image-preview:large, max-video-preview:-1\" \/>\n<link rel=\"canonical\" href=\"https:\/\/graziamagazine.com\/mx\/articles\/pierpaolo-piccioli-se-une-a-los-festejos-del-70-aniversario-de-moncler\/\" \/>\n<meta property=\"og:locale\" content=\"es_MX\" \/>\n<meta property=\"og:type\" content=\"article\" \/>\n<meta property=\"og:title\" content=\"Pierpaolo Piccioli se une a los festejos del 70 aniversario de Moncler\" \/>\n<meta property=\"og:description\" content=\"Como parte de las celebraciones del 70 aniversario de Moncler, la marca de moda de lujo italiana fundada en Francia invit\u00f3 a Pierpaolo Piccioli, director\" \/>\n<meta property=\"og:url\" content=\"https:\/\/graziamagazine.com\/mx\/articles\/pierpaolo-piccioli-se-une-a-los-festejos-del-70-aniversario-de-moncler\/\" \/>\n<meta property=\"og:site_name\" content=\"Grazia M\u00e9xico y Latinoam\u00e9rica\" \/>\n<meta property=\"article:modified_time\" content=\"2022-11-27T02:41:12+00:00\" \/>\n<meta property=\"og:image\" content=\"https:\/\/graziamagazine.com\/mx\/wp-content\/uploads\/sites\/13\/2022\/11\/Captura-de-Pantalla-2022-11-25-a-las-10.01.51.png\" \/>\n\t<meta property=\"og:image:width\" content=\"1392\" \/>\n\t<meta property=\"og:image:height\" content=\"608\" \/>\n\t<meta property=\"og:image:type\" content=\"image\/png\" \/>\n<meta name=\"twitter:card\" content=\"summary_large_image\" \/>\n<meta name=\"twitter:label1\" content=\"Est. reading time\" \/>\n\t<meta name=\"twitter:data1\" content=\"2 minutos\" \/>\n<script type=\"application\/ld+json\" class=\"yoast-schema-graph\">{\"@context\":\"https:\/\/schema.org\",\"@graph\":[{\"@type\":\"WebPage\",\"@id\":\"https:\/\/graziamagazine.com\/mx\/articles\/pierpaolo-piccioli-se-une-a-los-festejos-del-70-aniversario-de-moncler\/\",\"url\":\"https:\/\/graziamagazine.com\/mx\/articles\/pierpaolo-piccioli-se-une-a-los-festejos-del-70-aniversario-de-moncler\/\",\"name\":\"Pierpaolo Piccioli se une a los festejos del 70 aniversario de Moncler\",\"isPartOf\":{\"@id\":\"https:\/\/graziamagazine.com\/mx\/#website\"},\"datePublished\":\"2022-11-25T16:39:59+00:00\",\"dateModified\":\"2022-11-27T02:41:12+00:00\",\"description\":\"Como parte de las celebraciones del 70 aniversario de Moncler, la marca de moda de lujo italiana fundada en Francia invit\u00f3 a Pierpaolo Piccioli, director\",\"breadcrumb\":{\"@id\":\"https:\/\/graziamagazine.com\/mx\/articles\/pierpaolo-piccioli-se-une-a-los-festejos-del-70-aniversario-de-moncler\/#breadcrumb\"},\"inLanguage\":\"es-MX\",\"potentialAction\":[{\"@type\":\"ReadAction\",\"target\":[\"https:\/\/graziamagazine.com\/mx\/articles\/pierpaolo-piccioli-se-une-a-los-festejos-del-70-aniversario-de-moncler\/\"]}]},{\"@type\":\"BreadcrumbList\",\"@id\":\"https:\/\/graziamagazine.com\/mx\/articles\/pierpaolo-piccioli-se-une-a-los-festejos-del-70-aniversario-de-moncler\/#breadcrumb\",\"itemListElement\":[{\"@type\":\"ListItem\",\"position\":1,\"name\":\"Home\",\"item\":\"https:\/\/graziamagazine.com\/mx\/\"},{\"@type\":\"ListItem\",\"position\":2,\"name\":\"Pierpaolo Piccioli se une a los festejos del 70 aniversario de Moncler\"}]},{\"@type\":\"WebSite\",\"@id\":\"https:\/\/graziamagazine.com\/mx\/#website\",\"url\":\"https:\/\/graziamagazine.com\/mx\/\",\"name\":\"Grazia M\u00e9xico y Latinoam\u00e9rica\",\"description\":\"Grazia es moda, belleza y noticias  de actualidad \",\"potentialAction\":[{\"@type\":\"SearchAction\",\"target\":{\"@type\":\"EntryPoint\",\"urlTemplate\":\"https:\/\/graziamagazine.com\/mx\/?s={search_term_string}\"},\"query-input\":\"required name=search_term_string\"}],\"inLanguage\":\"es-MX\"}]}<\/script>\n<!-- \/ Yoast SEO Premium plugin. -->","yoast_head_json":{"title":"Pierpaolo Piccioli se une a los festejos del 70 aniversario de Moncler","description":"Como parte de las celebraciones del 70 aniversario de Moncler, la marca de moda de lujo italiana fundada en Francia invit\u00f3 a Pierpaolo Piccioli, director","robots":{"index":"index","follow":"follow","max-snippet":"max-snippet:-1","max-image-preview":"max-image-preview:large","max-video-preview":"max-video-preview:-1"},"canonical":"https:\/\/graziamagazine.com\/mx\/articles\/pierpaolo-piccioli-se-une-a-los-festejos-del-70-aniversario-de-moncler\/","og_locale":"es_MX","og_type":"article","og_title":"Pierpaolo Piccioli se une a los festejos del 70 aniversario de Moncler","og_description":"Como parte de las celebraciones del 70 aniversario de Moncler, la marca de moda de lujo italiana fundada en Francia invit\u00f3 a Pierpaolo Piccioli, director","og_url":"https:\/\/graziamagazine.com\/mx\/articles\/pierpaolo-piccioli-se-une-a-los-festejos-del-70-aniversario-de-moncler\/","og_site_name":"Grazia M\u00e9xico y Latinoam\u00e9rica","article_modified_time":"2022-11-27T02:41:12+00:00","og_image":[{"width":1392,"height":608,"url":"https:\/\/graziamagazine.com\/mx\/wp-content\/uploads\/sites\/13\/2022\/11\/Captura-de-Pantalla-2022-11-25-a-las-10.01.51.png","type":"image\/png"}],"twitter_card":"summary_large_image","twitter_misc":{"Est. reading time":"2 minutos"},"schema":{"@context":"https:\/\/schema.org","@graph":[{"@type":"WebPage","@id":"https:\/\/graziamagazine.com\/mx\/articles\/pierpaolo-piccioli-se-une-a-los-festejos-del-70-aniversario-de-moncler\/","url":"https:\/\/graziamagazine.com\/mx\/articles\/pierpaolo-piccioli-se-une-a-los-festejos-del-70-aniversario-de-moncler\/","name":"Pierpaolo Piccioli se une a los festejos del 70 aniversario de Moncler","isPartOf":{"@id":"https:\/\/graziamagazine.com\/mx\/#website"},"datePublished":"2022-11-25T16:39:59+00:00","dateModified":"2022-11-27T02:41:12+00:00","description":"Como parte de las celebraciones del 70 aniversario de Moncler, la marca de moda de lujo italiana fundada en Francia invit\u00f3 a Pierpaolo Piccioli, director","breadcrumb":{"@id":"https:\/\/graziamagazine.com\/mx\/articles\/pierpaolo-piccioli-se-une-a-los-festejos-del-70-aniversario-de-moncler\/#breadcrumb"},"inLanguage":"es-MX","potentialAction":[{"@type":"ReadAction","target":["https:\/\/graziamagazine.com\/mx\/articles\/pierpaolo-piccioli-se-une-a-los-festejos-del-70-aniversario-de-moncler\/"]}]},{"@type":"BreadcrumbList","@id":"https:\/\/graziamagazine.com\/mx\/articles\/pierpaolo-piccioli-se-une-a-los-festejos-del-70-aniversario-de-moncler\/#breadcrumb","itemListElement":[{"@type":"ListItem","position":1,"name":"Home","item":"https:\/\/graziamagazine.com\/mx\/"},{"@type":"ListItem","position":2,"name":"Pierpaolo Piccioli se une a los festejos del 70 aniversario de Moncler"}]},{"@type":"WebSite","@id":"https:\/\/graziamagazine.com\/mx\/#website","url":"https:\/\/graziamagazine.com\/mx\/","name":"Grazia M\u00e9xico y Latinoam\u00e9rica","description":"Grazia es moda, belleza y noticias  de actualidad ","potentialAction":[{"@type":"SearchAction","target":{"@type":"EntryPoint","urlTemplate":"https:\/\/graziamagazine.com\/mx\/?s={search_term_string}"},"query-input":"required name=search_term_string"}],"inLanguage":"es-MX"}]}},"jetpack_sharing_enabled":true,"distributor_meta":false,"distributor_terms":false,"distributor_media":false,"distributor_original_site_name":"Grazia M\u00e9xico y Latinoam\u00e9rica","distributor_original_site_url":"https:\/\/graziamagazine.com\/mx","push-errors":false,"_links":{"self":[{"href":"https:\/\/graziamagazine.com\/mx\/wp-json\/wp\/v2\/articles\/119238"}],"collection":[{"href":"https:\/\/graziamagazine.com\/mx\/wp-json\/wp\/v2\/articles"}],"about":[{"href":"https:\/\/graziamagazine.com\/mx\/wp-json\/wp\/v2\/types\/articles"}],"author":[{"embeddable":true,"href":"https:\/\/graziamagazine.com\/mx\/wp-json\/wp\/v2\/users\/11628"}],"wp:featuredmedia":[{"embeddable":true,"href":"https:\/\/graziamagazine.com\/mx\/wp-json\/wp\/v2\/media\/119239"}],"wp:attachment":[{"href":"https:\/\/graziamagazine.com\/mx\/wp-json\/wp\/v2\/media?parent=119238"}],"wp:term":[{"taxonomy":"category","embeddable":true,"href":"https:\/\/graziamagazine.com\/mx\/wp-json\/wp\/v2\/categories?post=119238"}],"curies":[{"name":"wp","href":"https:\/\/api.w.org\/{rel}","templated":true}]}}