{"id":119218,"date":"2022-11-24T12:54:10","date_gmt":"2022-11-24T17:54:10","guid":{"rendered":"https:\/\/graziamagazine.com\/mx\/?post_type=articles&#038;p=119218"},"modified":"2022-11-24T12:55:28","modified_gmt":"2022-11-24T17:55:28","slug":"christina-ricci-vendio-su-coleccion-de-bolsos-chanel-para-pagar-su-divorcio-de-james-heerdegen","status":"publish","type":"articles","link":"https:\/\/graziamagazine.com\/mx\/articles\/christina-ricci-vendio-su-coleccion-de-bolsos-chanel-para-pagar-su-divorcio-de-james-heerdegen\/","title":{"rendered":"Christina Ricci vendi\u00f3 su colecci\u00f3n de bolsos Chanel para pagar su divorcio de James Heerdegen"},"content":{"rendered":"<p><b>Christina Ricci<\/b><span style=\"font-weight: 400\">, de 42 a\u00f1os, revel\u00f3 el duro momento que vivi\u00f3 durante su divorcio, pues adem\u00e1s de los malos ratos que una separaci\u00f3n implica, tuvo que <\/span><b>desprenderse de su colecci\u00f3n de bolsos Chanel<\/b><span style=\"font-weight: 400\"> para poder pagar los honorarios de los abogados que la apoyaron durante el divorcio.<\/span><\/p>\n<p><span style=\"font-weight: 400\">Fue durante una entrevista con<\/span><i><span style=\"font-weight: 400\"> The Sunday Times<\/span><\/i><span style=\"font-weight: 400\">, que la actriz habl\u00f3 sobre su <\/span><b>divorcio de James Heerdegen<\/b><span style=\"font-weight: 400\">, ocurrido en 2020, tras 7 a\u00f1os de matrimonio: \u201cHay ciertas cosas que he coleccionado, ciertas bolsas. <\/span><b>Tuve una gran colecci\u00f3n de bolsos de Chanel durante un tiempo, pero vend\u00ed muchas cosas<\/b><span style=\"font-weight: 400\">\u201d, dijo.<\/span><\/p>\n<p><span style=\"font-weight: 400\">Cuando se le pregunt\u00f3 qu\u00e9 provoc\u00f3 la limpieza de su armario, explic\u00f3: &#8220;Bueno, ciertos traumas en la vida van de la mano con traumas financieros, situaciones judiciales prolongadas, situaciones de custodia, \u00f3rdenes de restricci\u00f3n&#8221;.<\/span><\/p>\n<p><span style=\"font-weight: 400\">\u201cHabiendo dicho eso, estoy absolutamente bien, no hay problema. Pero aprend\u00ed a usar estas piezas de inversi\u00f3n de diferentes maneras. <\/span><b>Tambi\u00e9n ten\u00eda una colecci\u00f3n de joyer\u00eda fina de Chanel a la que le di buen uso<\/b><span style=\"font-weight: 400\">\u201d, a\u00f1adi\u00f3.<\/span><\/p>\n<p><img loading=\"lazy\" decoding=\"async\" class=\"alignnone size-medium wp-image-119220 aligncenter\" src=\"https:\/\/graziamagazine.com\/mx\/wp-content\/uploads\/sites\/13\/2022\/11\/Captura-de-Pantalla-2022-11-24-a-las-11.41.24.png?w=450\" alt=\" Christina Ricci vendi\u00f3 su colecci\u00f3n de bolsos Chanel para pagar su divorcio de James Heerdegen\" width=\"450\" height=\"417\" \/><\/p>\n<p><span style=\"font-weight: 400\">Christina y James presentaron \u00f3rdenes de restricci\u00f3n entre s\u00ed, con la de ella otorgada y la de \u00e9l denegada, en medio de su separaci\u00f3n en la que hubo acusaciones de abuso dom\u00e9stico.\u00a0<\/span><\/p>\n<p><span style=\"font-weight: 400\">Comparten un hijo de 8 a\u00f1os, Frederick &#8220;Freddie&#8221; Heerdegen, y llegaron a un acuerdo de custodia en abril de 2021. Se casaron en 2013.<\/span><\/p>\n<p><span style=\"font-weight: 400\">En agosto de 2021, la actriz revel\u00f3 que estaba embarazada de su segundo hijo, una hija llamada Cleo y, dos meses despu\u00e9s, se cas\u00f3 con el padre del beb\u00e9, Mark Hampton.<\/span><\/p>\n<p><span style=\"font-weight: 400\">\u201cCreo que es importante decir que <\/span><b>no me siento como una v\u00edctima de ninguna manera. <\/b><span style=\"font-weight: 400\">No siento pena por m\u00ed misma. <\/span><b>Todo el mundo tiene sus problemas personales <\/b><span style=\"font-weight: 400\">y este ha sido el m\u00edo, y se ha tratado de encontrar mi propio valor, posici\u00f3n, fuerza y \u200b\u200bpoder\u201d, dijo Christina a <\/span><i><span style=\"font-weight: 400\">The Sunday Times.<\/span><\/i><\/p>\n","protected":false},"author":11628,"featured_media":119219,"template":"","format":"standard","categories":[2],"acf":[],"yoast_head":"<!-- This site is optimized with the Yoast SEO Premium plugin v18.5 (Yoast SEO v20.4) - https:\/\/yoast.com\/wordpress\/plugins\/seo\/ -->\n<title>Christina Ricci vendi\u00f3 su colecci\u00f3n de bolsos Chanel para pagar su divorcio de James Heerdegen | Grazia M\u00e9xico y Latinoam\u00e9rica<\/title>\n<meta name=\"description\" content=\"Christina Ricci, de 42 a\u00f1os, revel\u00f3 el duro momento que vivi\u00f3 durante su divorcio, pues adem\u00e1s de los malos ratos que una separaci\u00f3n implica, tuvo que\" \/>\n<meta name=\"robots\" content=\"index, follow, max-snippet:-1, max-image-preview:large, max-video-preview:-1\" \/>\n<link rel=\"canonical\" href=\"https:\/\/graziamagazine.com\/mx\/articles\/christina-ricci-vendio-su-coleccion-de-bolsos-chanel-para-pagar-su-divorcio-de-james-heerdegen\/\" \/>\n<meta property=\"og:locale\" content=\"es_MX\" \/>\n<meta property=\"og:type\" content=\"article\" \/>\n<meta property=\"og:title\" content=\"Christina Ricci vendi\u00f3 su colecci\u00f3n de bolsos Chanel para pagar su divorcio de James Heerdegen\" \/>\n<meta property=\"og:description\" content=\"Christina Ricci, de 42 a\u00f1os, revel\u00f3 el duro momento que vivi\u00f3 durante su divorcio, pues adem\u00e1s de los malos ratos que una separaci\u00f3n implica, tuvo que\" \/>\n<meta property=\"og:url\" content=\"https:\/\/graziamagazine.com\/mx\/articles\/christina-ricci-vendio-su-coleccion-de-bolsos-chanel-para-pagar-su-divorcio-de-james-heerdegen\/\" \/>\n<meta property=\"og:site_name\" content=\"Grazia M\u00e9xico y Latinoam\u00e9rica\" \/>\n<meta property=\"article:modified_time\" content=\"2022-11-24T17:55:28+00:00\" \/>\n<meta property=\"og:image\" content=\"https:\/\/graziamagazine.com\/mx\/wp-content\/uploads\/sites\/13\/2022\/11\/Captura-de-Pantalla-2022-11-24-a-las-11.42.04.png\" \/>\n\t<meta property=\"og:image:width\" content=\"548\" \/>\n\t<meta property=\"og:image:height\" content=\"378\" \/>\n\t<meta property=\"og:image:type\" content=\"image\/png\" \/>\n<meta name=\"twitter:card\" content=\"summary_large_image\" \/>\n<meta name=\"twitter:label1\" content=\"Est. reading time\" \/>\n\t<meta name=\"twitter:data1\" content=\"2 minutos\" \/>\n<script type=\"application\/ld+json\" class=\"yoast-schema-graph\">{\"@context\":\"https:\/\/schema.org\",\"@graph\":[{\"@type\":\"WebPage\",\"@id\":\"https:\/\/graziamagazine.com\/mx\/articles\/christina-ricci-vendio-su-coleccion-de-bolsos-chanel-para-pagar-su-divorcio-de-james-heerdegen\/\",\"url\":\"https:\/\/graziamagazine.com\/mx\/articles\/christina-ricci-vendio-su-coleccion-de-bolsos-chanel-para-pagar-su-divorcio-de-james-heerdegen\/\",\"name\":\"Christina Ricci vendi\u00f3 su colecci\u00f3n de bolsos Chanel para pagar su divorcio de James Heerdegen | Grazia M\u00e9xico y Latinoam\u00e9rica\",\"isPartOf\":{\"@id\":\"https:\/\/graziamagazine.com\/mx\/#website\"},\"datePublished\":\"2022-11-24T17:54:10+00:00\",\"dateModified\":\"2022-11-24T17:55:28+00:00\",\"description\":\"Christina Ricci, de 42 a\u00f1os, revel\u00f3 el duro momento que vivi\u00f3 durante su divorcio, pues adem\u00e1s de los malos ratos que una separaci\u00f3n implica, tuvo que\",\"breadcrumb\":{\"@id\":\"https:\/\/graziamagazine.com\/mx\/articles\/christina-ricci-vendio-su-coleccion-de-bolsos-chanel-para-pagar-su-divorcio-de-james-heerdegen\/#breadcrumb\"},\"inLanguage\":\"es-MX\",\"potentialAction\":[{\"@type\":\"ReadAction\",\"target\":[\"https:\/\/graziamagazine.com\/mx\/articles\/christina-ricci-vendio-su-coleccion-de-bolsos-chanel-para-pagar-su-divorcio-de-james-heerdegen\/\"]}]},{\"@type\":\"BreadcrumbList\",\"@id\":\"https:\/\/graziamagazine.com\/mx\/articles\/christina-ricci-vendio-su-coleccion-de-bolsos-chanel-para-pagar-su-divorcio-de-james-heerdegen\/#breadcrumb\",\"itemListElement\":[{\"@type\":\"ListItem\",\"position\":1,\"name\":\"Home\",\"item\":\"https:\/\/graziamagazine.com\/mx\/\"},{\"@type\":\"ListItem\",\"position\":2,\"name\":\"Christina Ricci vendi\u00f3 su colecci\u00f3n de bolsos Chanel para pagar su divorcio de James Heerdegen\"}]},{\"@type\":\"WebSite\",\"@id\":\"https:\/\/graziamagazine.com\/mx\/#website\",\"url\":\"https:\/\/graziamagazine.com\/mx\/\",\"name\":\"Grazia M\u00e9xico y Latinoam\u00e9rica\",\"description\":\"Grazia es moda, belleza y noticias  de actualidad \",\"potentialAction\":[{\"@type\":\"SearchAction\",\"target\":{\"@type\":\"EntryPoint\",\"urlTemplate\":\"https:\/\/graziamagazine.com\/mx\/?s={search_term_string}\"},\"query-input\":\"required name=search_term_string\"}],\"inLanguage\":\"es-MX\"}]}<\/script>\n<!-- \/ Yoast SEO Premium plugin. -->","yoast_head_json":{"title":"Christina Ricci vendi\u00f3 su colecci\u00f3n de bolsos Chanel para pagar su divorcio de James Heerdegen | Grazia M\u00e9xico y Latinoam\u00e9rica","description":"Christina Ricci, de 42 a\u00f1os, revel\u00f3 el duro momento que vivi\u00f3 durante su divorcio, pues adem\u00e1s de los malos ratos que una separaci\u00f3n implica, tuvo que","robots":{"index":"index","follow":"follow","max-snippet":"max-snippet:-1","max-image-preview":"max-image-preview:large","max-video-preview":"max-video-preview:-1"},"canonical":"https:\/\/graziamagazine.com\/mx\/articles\/christina-ricci-vendio-su-coleccion-de-bolsos-chanel-para-pagar-su-divorcio-de-james-heerdegen\/","og_locale":"es_MX","og_type":"article","og_title":"Christina Ricci vendi\u00f3 su colecci\u00f3n de bolsos Chanel para pagar su divorcio de James Heerdegen","og_description":"Christina Ricci, de 42 a\u00f1os, revel\u00f3 el duro momento que vivi\u00f3 durante su divorcio, pues adem\u00e1s de los malos ratos que una separaci\u00f3n implica, tuvo que","og_url":"https:\/\/graziamagazine.com\/mx\/articles\/christina-ricci-vendio-su-coleccion-de-bolsos-chanel-para-pagar-su-divorcio-de-james-heerdegen\/","og_site_name":"Grazia M\u00e9xico y Latinoam\u00e9rica","article_modified_time":"2022-11-24T17:55:28+00:00","og_image":[{"width":548,"height":378,"url":"https:\/\/graziamagazine.com\/mx\/wp-content\/uploads\/sites\/13\/2022\/11\/Captura-de-Pantalla-2022-11-24-a-las-11.42.04.png","type":"image\/png"}],"twitter_card":"summary_large_image","twitter_misc":{"Est. reading time":"2 minutos"},"schema":{"@context":"https:\/\/schema.org","@graph":[{"@type":"WebPage","@id":"https:\/\/graziamagazine.com\/mx\/articles\/christina-ricci-vendio-su-coleccion-de-bolsos-chanel-para-pagar-su-divorcio-de-james-heerdegen\/","url":"https:\/\/graziamagazine.com\/mx\/articles\/christina-ricci-vendio-su-coleccion-de-bolsos-chanel-para-pagar-su-divorcio-de-james-heerdegen\/","name":"Christina Ricci vendi\u00f3 su colecci\u00f3n de bolsos Chanel para pagar su divorcio de James Heerdegen | Grazia M\u00e9xico y Latinoam\u00e9rica","isPartOf":{"@id":"https:\/\/graziamagazine.com\/mx\/#website"},"datePublished":"2022-11-24T17:54:10+00:00","dateModified":"2022-11-24T17:55:28+00:00","description":"Christina Ricci, de 42 a\u00f1os, revel\u00f3 el duro momento que vivi\u00f3 durante su divorcio, pues adem\u00e1s de los malos ratos que una separaci\u00f3n implica, tuvo que","breadcrumb":{"@id":"https:\/\/graziamagazine.com\/mx\/articles\/christina-ricci-vendio-su-coleccion-de-bolsos-chanel-para-pagar-su-divorcio-de-james-heerdegen\/#breadcrumb"},"inLanguage":"es-MX","potentialAction":[{"@type":"ReadAction","target":["https:\/\/graziamagazine.com\/mx\/articles\/christina-ricci-vendio-su-coleccion-de-bolsos-chanel-para-pagar-su-divorcio-de-james-heerdegen\/"]}]},{"@type":"BreadcrumbList","@id":"https:\/\/graziamagazine.com\/mx\/articles\/christina-ricci-vendio-su-coleccion-de-bolsos-chanel-para-pagar-su-divorcio-de-james-heerdegen\/#breadcrumb","itemListElement":[{"@type":"ListItem","position":1,"name":"Home","item":"https:\/\/graziamagazine.com\/mx\/"},{"@type":"ListItem","position":2,"name":"Christina Ricci vendi\u00f3 su colecci\u00f3n de bolsos Chanel para pagar su divorcio de James Heerdegen"}]},{"@type":"WebSite","@id":"https:\/\/graziamagazine.com\/mx\/#website","url":"https:\/\/graziamagazine.com\/mx\/","name":"Grazia M\u00e9xico y Latinoam\u00e9rica","description":"Grazia es moda, belleza y noticias  de actualidad ","potentialAction":[{"@type":"SearchAction","target":{"@type":"EntryPoint","urlTemplate":"https:\/\/graziamagazine.com\/mx\/?s={search_term_string}"},"query-input":"required name=search_term_string"}],"inLanguage":"es-MX"}]}},"jetpack_sharing_enabled":true,"distributor_meta":false,"distributor_terms":false,"distributor_media":false,"distributor_original_site_name":"Grazia M\u00e9xico y Latinoam\u00e9rica","distributor_original_site_url":"https:\/\/graziamagazine.com\/mx","push-errors":false,"_links":{"self":[{"href":"https:\/\/graziamagazine.com\/mx\/wp-json\/wp\/v2\/articles\/119218"}],"collection":[{"href":"https:\/\/graziamagazine.com\/mx\/wp-json\/wp\/v2\/articles"}],"about":[{"href":"https:\/\/graziamagazine.com\/mx\/wp-json\/wp\/v2\/types\/articles"}],"author":[{"embeddable":true,"href":"https:\/\/graziamagazine.com\/mx\/wp-json\/wp\/v2\/users\/11628"}],"wp:featuredmedia":[{"embeddable":true,"href":"https:\/\/graziamagazine.com\/mx\/wp-json\/wp\/v2\/media\/119219"}],"wp:attachment":[{"href":"https:\/\/graziamagazine.com\/mx\/wp-json\/wp\/v2\/media?parent=119218"}],"wp:term":[{"taxonomy":"category","embeddable":true,"href":"https:\/\/graziamagazine.com\/mx\/wp-json\/wp\/v2\/categories?post=119218"}],"curies":[{"name":"wp","href":"https:\/\/api.w.org\/{rel}","templated":true}]}}