{"id":119164,"date":"2022-11-23T15:38:29","date_gmt":"2022-11-23T20:38:29","guid":{"rendered":"https:\/\/graziamagazine.com\/mx\/?post_type=articles&#038;p=119164"},"modified":"2022-11-23T15:46:16","modified_gmt":"2022-11-23T20:46:16","slug":"naomi-campbell-viste-fendi-para-recibir-el-premio-corazon-de-plata","status":"publish","type":"articles","link":"https:\/\/graziamagazine.com\/mx\/articles\/naomi-campbell-viste-fendi-para-recibir-el-premio-corazon-de-plata\/","title":{"rendered":"Naomi Campbell viste Fendi para recibir el premio Coraz\u00f3n de Plata"},"content":{"rendered":"<p><span style=\"font-weight: 400\">Naomi Campbell, mejor conocida por su gran trayectoria dentro de la industria de la moda y una belleza inigualable, asisti\u00f3 a un evento prestigioso para recibir el premio <strong>Coraz\u00f3n de Plata del Variety Club.\u00a0<\/strong><\/span><\/p>\n<p><span style=\"font-weight: 400\">Su destacada contribuci\u00f3n a la moda ha sido un parteaguas en la historia, recibiendo este reconocimiento por su gran labor para lograr un cambio positivo en cada uno de los desfiles y la inclusi\u00f3n en las pasarelas.<\/span><\/p>\n<figure id=\"attachment_119165\" aria-describedby=\"caption-attachment-119165\" style=\"width: 683px\" class=\"wp-caption alignnone\"><img loading=\"lazy\" decoding=\"async\" class=\"wp-image-119165 size-large\" src=\"https:\/\/graziamagazine.com\/mx\/wp-content\/uploads\/sites\/13\/2022\/11\/39_FENDI_SS_2023.jpg?w=683\" alt=\"Naomi Campbell, Fendi, SS23, Coraz\u00f3n de Plata, Moda, Top Model\" width=\"683\" height=\"1024\" \/><figcaption id=\"caption-attachment-119165\" class=\"wp-caption-text\">Naomi Campbell, Fendi, SS23, Coraz\u00f3n de Plata, Moda, Top Model<\/figcaption><\/figure>\n<p><span style=\"font-weight: 400\">Indudablemente la modelo capt\u00f3 la atenci\u00f3n de todos los presentes, llegando a la\u00a0 ceremonia repleta de estrellas en el Hotel Hilton de Londres en Park Lane, organizada por <strong>Amanda Holden<\/strong>, con su traje de pantal\u00f3n Avante-Garde.<\/span><\/p>\n<p><span style=\"font-weight: 400\">La <em>top model<\/em> luci\u00f3 un <strong>elegante y natural mono<\/strong> con vestido largo en una <strong>tela met\u00e1lica<\/strong> plateada que ten\u00eda un movimiento propio. La ca\u00edda en cascada resaltaba su esbelta figura aludiendo al metal l\u00edquido.<\/span><\/p>\n<figure id=\"attachment_119166\" aria-describedby=\"caption-attachment-119166\" style=\"width: 608px\" class=\"wp-caption alignnone\"><img loading=\"lazy\" decoding=\"async\" class=\"size-large wp-image-119166\" src=\"https:\/\/graziamagazine.com\/mx\/wp-content\/uploads\/sites\/13\/2022\/11\/FENDI-SS23-for-Naomi-Campbell.jpg?w=608\" alt=\"Naomi Campbell, Fendi, SS23, Coraz\u00f3n de Plata, Moda, Top Model\" width=\"608\" height=\"1024\" \/><figcaption id=\"caption-attachment-119166\" class=\"wp-caption-text\">Naomi Campbell, Fendi, SS23, Coraz\u00f3n de Plata, Moda, Top Model<\/figcaption><\/figure>\n<p><span style=\"font-weight: 400\">El traje, perteneciente a la colecci\u00f3n <strong>FENDI SS23<\/strong> en seda y lana. Todo un espect\u00e1culo en el que los accesorios y los complementos como la lujosa chaqueta plateada hicieron el <\/span><i><span style=\"font-weight: 400\">match<\/span><\/i><span style=\"font-weight: 400\"> perfecto.<\/span><\/p>\n<p><span style=\"font-weight: 400\">Adem\u00e1s la estrella de las pasarelas nos dio un gui\u00f1o a los ic\u00f3nicos<strong> a\u00f1os 90<\/strong> con un look inspirado en el<strong> pop funky,<\/strong> enmarcando sus rasgos definidos con un elegante flequillo largo. Para rematar con un super look, Naomi elev\u00f3 su estilo con una sombra de ojos rosa deslumbrante, un rubor rosado y un labial color ciruela brillante.\u00a0<\/span><\/p>\n<p><em><strong>IMAGEN: Cortes\u00eda Fendi<\/strong><\/em><\/p>\n","protected":false},"author":28953,"featured_media":119166,"template":"","format":"standard","categories":[4],"acf":[],"yoast_head":"<!-- This site is optimized with the Yoast SEO Premium plugin v18.5 (Yoast SEO v20.4) - https:\/\/yoast.com\/wordpress\/plugins\/seo\/ -->\n<title>Naomi Campbell viste Fendi para recibir el premio Coraz\u00f3n de Plata<\/title>\n<meta name=\"description\" content=\"La s\u00faper modelo se vio con un elegante traje gris met\u00e1lico hecho a la medida por Fendi Women&#039;s Spring 2023\" \/>\n<meta name=\"robots\" content=\"index, follow, max-snippet:-1, max-image-preview:large, max-video-preview:-1\" \/>\n<link rel=\"canonical\" href=\"https:\/\/graziamagazine.com\/mx\/articles\/naomi-campbell-viste-fendi-para-recibir-el-premio-corazon-de-plata\/\" \/>\n<meta property=\"og:locale\" content=\"es_MX\" \/>\n<meta property=\"og:type\" content=\"article\" \/>\n<meta property=\"og:title\" content=\"Naomi Campbell viste Fendi para recibir el premio Coraz\u00f3n de Plata\" \/>\n<meta property=\"og:description\" content=\"La s\u00faper modelo se vio con un elegante traje gris met\u00e1lico hecho a la medida por Fendi Women&#039;s Spring 2023\" \/>\n<meta property=\"og:url\" content=\"https:\/\/graziamagazine.com\/mx\/articles\/naomi-campbell-viste-fendi-para-recibir-el-premio-corazon-de-plata\/\" \/>\n<meta property=\"og:site_name\" content=\"Grazia M\u00e9xico y Latinoam\u00e9rica\" \/>\n<meta property=\"article:modified_time\" content=\"2022-11-23T20:46:16+00:00\" \/>\n<meta property=\"og:image\" content=\"https:\/\/graziamagazine.com\/mx\/wp-content\/uploads\/sites\/13\/2022\/11\/FENDI-SS23-for-Naomi-Campbell-e1669236308732.jpg\" \/>\n\t<meta property=\"og:image:width\" content=\"3312\" \/>\n\t<meta property=\"og:image:height\" content=\"1990\" \/>\n\t<meta property=\"og:image:type\" content=\"image\/jpeg\" \/>\n<meta name=\"twitter:card\" content=\"summary_large_image\" \/>\n<meta name=\"twitter:label1\" content=\"Est. reading time\" \/>\n\t<meta name=\"twitter:data1\" content=\"1 minuto\" \/>\n<script type=\"application\/ld+json\" class=\"yoast-schema-graph\">{\"@context\":\"https:\/\/schema.org\",\"@graph\":[{\"@type\":\"WebPage\",\"@id\":\"https:\/\/graziamagazine.com\/mx\/articles\/naomi-campbell-viste-fendi-para-recibir-el-premio-corazon-de-plata\/\",\"url\":\"https:\/\/graziamagazine.com\/mx\/articles\/naomi-campbell-viste-fendi-para-recibir-el-premio-corazon-de-plata\/\",\"name\":\"Naomi Campbell viste Fendi para recibir el premio Coraz\u00f3n de Plata\",\"isPartOf\":{\"@id\":\"https:\/\/graziamagazine.com\/mx\/#website\"},\"datePublished\":\"2022-11-23T20:38:29+00:00\",\"dateModified\":\"2022-11-23T20:46:16+00:00\",\"description\":\"La s\u00faper modelo se vio con un elegante traje gris met\u00e1lico hecho a la medida por Fendi Women's Spring 2023\",\"breadcrumb\":{\"@id\":\"https:\/\/graziamagazine.com\/mx\/articles\/naomi-campbell-viste-fendi-para-recibir-el-premio-corazon-de-plata\/#breadcrumb\"},\"inLanguage\":\"es-MX\",\"potentialAction\":[{\"@type\":\"ReadAction\",\"target\":[\"https:\/\/graziamagazine.com\/mx\/articles\/naomi-campbell-viste-fendi-para-recibir-el-premio-corazon-de-plata\/\"]}]},{\"@type\":\"BreadcrumbList\",\"@id\":\"https:\/\/graziamagazine.com\/mx\/articles\/naomi-campbell-viste-fendi-para-recibir-el-premio-corazon-de-plata\/#breadcrumb\",\"itemListElement\":[{\"@type\":\"ListItem\",\"position\":1,\"name\":\"Home\",\"item\":\"https:\/\/graziamagazine.com\/mx\/\"},{\"@type\":\"ListItem\",\"position\":2,\"name\":\"Naomi Campbell viste Fendi para recibir el premio Coraz\u00f3n de Plata\"}]},{\"@type\":\"WebSite\",\"@id\":\"https:\/\/graziamagazine.com\/mx\/#website\",\"url\":\"https:\/\/graziamagazine.com\/mx\/\",\"name\":\"Grazia M\u00e9xico y Latinoam\u00e9rica\",\"description\":\"Grazia es moda, belleza y noticias  de actualidad \",\"potentialAction\":[{\"@type\":\"SearchAction\",\"target\":{\"@type\":\"EntryPoint\",\"urlTemplate\":\"https:\/\/graziamagazine.com\/mx\/?s={search_term_string}\"},\"query-input\":\"required name=search_term_string\"}],\"inLanguage\":\"es-MX\"}]}<\/script>\n<!-- \/ Yoast SEO Premium plugin. -->","yoast_head_json":{"title":"Naomi Campbell viste Fendi para recibir el premio Coraz\u00f3n de Plata","description":"La s\u00faper modelo se vio con un elegante traje gris met\u00e1lico hecho a la medida por Fendi Women's Spring 2023","robots":{"index":"index","follow":"follow","max-snippet":"max-snippet:-1","max-image-preview":"max-image-preview:large","max-video-preview":"max-video-preview:-1"},"canonical":"https:\/\/graziamagazine.com\/mx\/articles\/naomi-campbell-viste-fendi-para-recibir-el-premio-corazon-de-plata\/","og_locale":"es_MX","og_type":"article","og_title":"Naomi Campbell viste Fendi para recibir el premio Coraz\u00f3n de Plata","og_description":"La s\u00faper modelo se vio con un elegante traje gris met\u00e1lico hecho a la medida por Fendi Women's Spring 2023","og_url":"https:\/\/graziamagazine.com\/mx\/articles\/naomi-campbell-viste-fendi-para-recibir-el-premio-corazon-de-plata\/","og_site_name":"Grazia M\u00e9xico y Latinoam\u00e9rica","article_modified_time":"2022-11-23T20:46:16+00:00","og_image":[{"width":3312,"height":1990,"url":"https:\/\/graziamagazine.com\/mx\/wp-content\/uploads\/sites\/13\/2022\/11\/FENDI-SS23-for-Naomi-Campbell-e1669236308732.jpg","type":"image\/jpeg"}],"twitter_card":"summary_large_image","twitter_misc":{"Est. reading time":"1 minuto"},"schema":{"@context":"https:\/\/schema.org","@graph":[{"@type":"WebPage","@id":"https:\/\/graziamagazine.com\/mx\/articles\/naomi-campbell-viste-fendi-para-recibir-el-premio-corazon-de-plata\/","url":"https:\/\/graziamagazine.com\/mx\/articles\/naomi-campbell-viste-fendi-para-recibir-el-premio-corazon-de-plata\/","name":"Naomi Campbell viste Fendi para recibir el premio Coraz\u00f3n de Plata","isPartOf":{"@id":"https:\/\/graziamagazine.com\/mx\/#website"},"datePublished":"2022-11-23T20:38:29+00:00","dateModified":"2022-11-23T20:46:16+00:00","description":"La s\u00faper modelo se vio con un elegante traje gris met\u00e1lico hecho a la medida por Fendi Women's Spring 2023","breadcrumb":{"@id":"https:\/\/graziamagazine.com\/mx\/articles\/naomi-campbell-viste-fendi-para-recibir-el-premio-corazon-de-plata\/#breadcrumb"},"inLanguage":"es-MX","potentialAction":[{"@type":"ReadAction","target":["https:\/\/graziamagazine.com\/mx\/articles\/naomi-campbell-viste-fendi-para-recibir-el-premio-corazon-de-plata\/"]}]},{"@type":"BreadcrumbList","@id":"https:\/\/graziamagazine.com\/mx\/articles\/naomi-campbell-viste-fendi-para-recibir-el-premio-corazon-de-plata\/#breadcrumb","itemListElement":[{"@type":"ListItem","position":1,"name":"Home","item":"https:\/\/graziamagazine.com\/mx\/"},{"@type":"ListItem","position":2,"name":"Naomi Campbell viste Fendi para recibir el premio Coraz\u00f3n de Plata"}]},{"@type":"WebSite","@id":"https:\/\/graziamagazine.com\/mx\/#website","url":"https:\/\/graziamagazine.com\/mx\/","name":"Grazia M\u00e9xico y Latinoam\u00e9rica","description":"Grazia es moda, belleza y noticias  de actualidad ","potentialAction":[{"@type":"SearchAction","target":{"@type":"EntryPoint","urlTemplate":"https:\/\/graziamagazine.com\/mx\/?s={search_term_string}"},"query-input":"required name=search_term_string"}],"inLanguage":"es-MX"}]}},"jetpack_sharing_enabled":true,"distributor_meta":false,"distributor_terms":false,"distributor_media":false,"distributor_original_site_name":"Grazia M\u00e9xico y Latinoam\u00e9rica","distributor_original_site_url":"https:\/\/graziamagazine.com\/mx","push-errors":false,"_links":{"self":[{"href":"https:\/\/graziamagazine.com\/mx\/wp-json\/wp\/v2\/articles\/119164"}],"collection":[{"href":"https:\/\/graziamagazine.com\/mx\/wp-json\/wp\/v2\/articles"}],"about":[{"href":"https:\/\/graziamagazine.com\/mx\/wp-json\/wp\/v2\/types\/articles"}],"author":[{"embeddable":true,"href":"https:\/\/graziamagazine.com\/mx\/wp-json\/wp\/v2\/users\/28953"}],"wp:featuredmedia":[{"embeddable":true,"href":"https:\/\/graziamagazine.com\/mx\/wp-json\/wp\/v2\/media\/119166"}],"wp:attachment":[{"href":"https:\/\/graziamagazine.com\/mx\/wp-json\/wp\/v2\/media?parent=119164"}],"wp:term":[{"taxonomy":"category","embeddable":true,"href":"https:\/\/graziamagazine.com\/mx\/wp-json\/wp\/v2\/categories?post=119164"}],"curies":[{"name":"wp","href":"https:\/\/api.w.org\/{rel}","templated":true}]}}