{"id":119083,"date":"2022-11-16T19:00:36","date_gmt":"2022-11-17T00:00:36","guid":{"rendered":"https:\/\/graziamagazine.com\/mx\/?post_type=articles&#038;p=119083"},"modified":"2022-11-16T19:05:04","modified_gmt":"2022-11-17T00:05:04","slug":"la-artista-mexicana-karla-de-lara-expondra-su-obra-hiperrealista-en-japon-emiratos-arabes-y-estados-unidos","status":"publish","type":"articles","link":"https:\/\/graziamagazine.com\/mx\/articles\/la-artista-mexicana-karla-de-lara-expondra-su-obra-hiperrealista-en-japon-emiratos-arabes-y-estados-unidos\/","title":{"rendered":"La artista mexicana Karla de Lara expondr\u00e1 su obra hiperrealista en Jap\u00f3n, Emiratos \u00c1rabes y Estados Unidos"},"content":{"rendered":"<p><span style=\"font-weight: 400\"><strong>Karla de Lara<\/strong>, talentosa pintora, muralista y escultora mexicana, nacida en Jalisco en 1972, presentar\u00e1 lo mejor de su arte hiperrealista inspirada en Frida Kahlo y elementos de la cultura mexicana, presentar\u00e1 su obra en los pr\u00f3ximos meses en Asia, Medio Oriente y Estados Unidos.<\/span><\/p>\n<p><span style=\"font-weight: 400\">Conocida como la <strong>madre del arte pop hiperrealista<\/strong>, creadora de una t\u00e9cnica propia a base de ceras y tinta que le ha valido numerosos premios alrededor del mundo, la obra de Karla se fragmenta en miles de puntos y manchas de tonos que no se mezclan entre s\u00ed.\u00a0<\/span><\/p>\n<p><span style=\"font-weight: 400\">Sus principales ejes tem\u00e1ticos son las tradiciones mexicanas, algunos personajes, as\u00ed como la vida en las grandes urbes y en sus obras inserta poes\u00eda de su autor\u00eda y mensajes de su imaginario entre el ruido visual exacerbado, caracter\u00edstico de su trabajo.<\/span><\/p>\n<p><img loading=\"lazy\" decoding=\"async\" class=\"alignnone size-medium wp-image-119084 aligncenter\" src=\"https:\/\/graziamagazine.com\/mx\/wp-content\/uploads\/sites\/13\/2022\/11\/Cortesia-Karla-de-Lara_Casa-de-Sierra-Nevada-A-Belmont-Hotel_Alma-de-Mexico-19-min-compressed.jpg?w=450\" alt=\"La artista mexicana Karla de Lara expondr\u00e1 su obra hiperrealista en Jap\u00f3n, Emiratos \u00c1rabes y Estados Unidos\" width=\"450\" height=\"317\" \/><\/p>\n<p><span style=\"font-weight: 400\">Karla de Lara ya expuso una serie de piezas que cre\u00f3 como homenaje al arquitecto Luis Barrag\u00e1n &#8211; una de las m\u00e1ximas figuras de la arquitectura mexicana &#8211; en el Museo de las Am\u00e9ricas ubicado en Denver, Colorado.\u00a0<\/span><\/p>\n<p><span style=\"font-weight: 400\">Asimismo, en Houston, la artista comparti\u00f3 la serie <\/span><i><span style=\"font-weight: 400\">Evocations, <\/span><\/i><span style=\"font-weight: 400\">en la <\/span><i><span style=\"font-weight: 400\">Art of the world gallery<\/span><\/i><span style=\"font-weight: 400\">;\u00a0 evento en el que se subast\u00f3 una pieza de su autor\u00eda para la recaudaci\u00f3n de fondos en apoyo a Ucrania.\u00a0<\/span><\/p>\n<p><img loading=\"lazy\" decoding=\"async\" class=\"alignnone size-medium wp-image-119085 aligncenter\" src=\"https:\/\/graziamagazine.com\/mx\/wp-content\/uploads\/sites\/13\/2022\/11\/FRIDA-STUDIO_-_-ARTISTA-_KARLA-DE-LARA_-_-TECNICA_-TINTA-HIGH-GLOSS-_-114-X-146-CM-min-compressed.jpg?w=361\" alt=\"La artista mexicana Karla de Lara expondr\u00e1 su obra hiperrealista en Jap\u00f3n, Emiratos \u00c1rabes y Estados Unidos\" width=\"361\" height=\"450\" \/><\/p>\n<p><span style=\"font-weight: 400\">Ahora, Karla de Lara se prepara para mostrar en diciembre su talento en Estados Unidos con una exposici\u00f3n en el Centro Cultural de M\u00e9xico, en Washington, as\u00ed como a trav\u00e9s de su participaci\u00f3n en el Art Miami 2022; mientras que el pr\u00f3ximo a\u00f1o su obra llegar\u00e1 a las ciudades de Tokio y Dubai.\u00a0<\/span><\/p>\n<p><span style=\"font-weight: 400\">Al respecto, Karla ha se\u00f1alado que su objetivo es \u201cborrar fronteras y crear puentes que unan m\u00e1s a estas dos grandes naciones\u201d.<\/span><\/p>\n<p><span style=\"font-weight: 400\">Tambi\u00e9n en este a\u00f1o, la obra de la pintora se incorpor\u00f3 a la colecci\u00f3n de arte permanente de Casa de Sierra Nevada, A Belmont Hotel, en la cultural y famosa ciudad de San Miguel de Allende.<\/span><\/p>\n<p><img loading=\"lazy\" decoding=\"async\" class=\"alignnone size-medium wp-image-119086 aligncenter\" src=\"https:\/\/graziamagazine.com\/mx\/wp-content\/uploads\/sites\/13\/2022\/11\/MENINAS_-TINTA-_-CERA-_-HIGH-GLOSS-min-compressed.jpg?w=439\" alt=\"La artista mexicana Karla de Lara expondr\u00e1 su obra hiperrealista en Jap\u00f3n, Emiratos \u00c1rabes y Estados Unidos\" width=\"439\" height=\"450\" \/><br \/>\n<span style=\"font-weight: 400\">El talento y estilo de Karla la han llevado a obtener diversos reconocimientos, como el International Prize Botticelli, el Premio della Critica Art Now, el\u00a0 International Art Prize \u2018Frida Kahlo\u2019, el Artist of the Decade, durante el Art Tour International, en Nueva York; al igual que el primer lugar en la Bienal de Naciones de Venecia, en 2018; adem\u00e1s de ser la primera mexicana en subastar obras digitales en el Art Basel Miami, en el\u00a0 2021.<\/span><\/p>\n<p><span style=\"font-weight: 400\">Para Karla de Lara el arte ha sido una oportunidad de mostrar la grandeza de M\u00e9xico \u201cel esp\u00edritu de una tierra pr\u00f3spera, cuna de artistas y poetas, cuyos colores vibrantes penetran en los corazones de todos aquellos que, siendo propios o extra\u00f1os, hemos construido esta gran naci\u00f3n que nos constituye, que nos unifica, que representa el hogar y el orgullo de ser y sentirse mexicano\u201d.<\/span><\/p>\n<p><img loading=\"lazy\" decoding=\"async\" class=\"alignnone size-medium wp-image-119087 aligncenter\" src=\"https:\/\/graziamagazine.com\/mx\/wp-content\/uploads\/sites\/13\/2022\/11\/LOS-COLORES-QUE-VIVEN-EN-SAN-MIGUEL_-TINTA-_-HIGH-GLOSS_-200-X-200-CM-min-compressed.jpg?w=450\" alt=\"\" width=\"450\" height=\"446\" \/><\/p>\n<p><span style=\"font-weight: 400\">Adem\u00e1s, la artista es la creadora del mural interior m\u00e1s grande de M\u00e9xico, realizado en la Expo Guadalajara, con m\u00e1s de 375 metros cuadrados; y su pieza <\/span><i><span style=\"font-weight: 400\">Visiones<\/span><\/i><span style=\"font-weight: 400\"> es la primera obra en sumarse a la colecci\u00f3n permanente del Museo Nacional de Historia del Castillo de Chapultepec, en los \u00faltimos 46 a\u00f1os.\u00a0<\/span><\/p>\n<p><span style=\"font-weight: 400\">Finalmente, en 2021 Karla de Lara fue considerada como uno de los 50 artistas contempor\u00e1neos en los que hay que invertir.<\/span><\/p>\n<p><img loading=\"lazy\" decoding=\"async\" class=\"alignnone size-medium wp-image-119088 aligncenter\" src=\"https:\/\/graziamagazine.com\/mx\/wp-content\/uploads\/sites\/13\/2022\/11\/ALMAS-ENTRELAZADAS_-_-TINTA-_-CERA-_-HIGH-GLOSS_-110-X-110-CM-min-compressed.jpg?w=445\" alt=\"La artista mexicana Karla de Lara expondr\u00e1 su obra hiperrealista en Jap\u00f3n, Emiratos \u00c1rabes y Estados Unidos\" width=\"445\" height=\"450\" \/><\/p>\n","protected":false},"author":11628,"featured_media":119089,"template":"","format":"standard","categories":[12517],"acf":[],"yoast_head":"<!-- This site is optimized with the Yoast SEO Premium plugin v18.5 (Yoast SEO v20.4) - https:\/\/yoast.com\/wordpress\/plugins\/seo\/ -->\n<title>La artista mexicana Karla de Lara expondr\u00e1 su obra hiperrealista en Jap\u00f3n, Emiratos \u00c1rabes y Estados Unidos<\/title>\n<meta name=\"description\" content=\"La jalisciense, precursora del arte hiperrealista, ha tenido 400 exposiciones individuales en 38 pa\u00edses.\" \/>\n<meta name=\"robots\" content=\"index, follow, max-snippet:-1, max-image-preview:large, max-video-preview:-1\" \/>\n<link rel=\"canonical\" href=\"https:\/\/graziamagazine.com\/mx\/articles\/la-artista-mexicana-karla-de-lara-expondra-su-obra-hiperrealista-en-japon-emiratos-arabes-y-estados-unidos\/\" \/>\n<meta property=\"og:locale\" content=\"es_MX\" \/>\n<meta property=\"og:type\" content=\"article\" \/>\n<meta property=\"og:title\" content=\"La artista mexicana Karla de Lara expondr\u00e1 su obra hiperrealista en Jap\u00f3n, Emiratos \u00c1rabes y Estados Unidos\" \/>\n<meta property=\"og:description\" content=\"La jalisciense, precursora del arte hiperrealista, ha tenido 400 exposiciones individuales en 38 pa\u00edses.\" \/>\n<meta property=\"og:url\" content=\"https:\/\/graziamagazine.com\/mx\/articles\/la-artista-mexicana-karla-de-lara-expondra-su-obra-hiperrealista-en-japon-emiratos-arabes-y-estados-unidos\/\" \/>\n<meta property=\"og:site_name\" content=\"Grazia M\u00e9xico y Latinoam\u00e9rica\" \/>\n<meta property=\"article:modified_time\" content=\"2022-11-17T00:05:04+00:00\" \/>\n<meta property=\"og:image\" content=\"https:\/\/graziamagazine.com\/mx\/wp-content\/uploads\/sites\/13\/2022\/11\/Captura-de-Pantalla-2022-11-16-a-las-17.47.58.png\" \/>\n\t<meta property=\"og:image:width\" content=\"860\" \/>\n\t<meta property=\"og:image:height\" content=\"509\" \/>\n\t<meta property=\"og:image:type\" content=\"image\/png\" \/>\n<meta name=\"twitter:card\" content=\"summary_large_image\" \/>\n<meta name=\"twitter:label1\" content=\"Est. reading time\" \/>\n\t<meta name=\"twitter:data1\" content=\"4 minutos\" \/>\n<script type=\"application\/ld+json\" class=\"yoast-schema-graph\">{\"@context\":\"https:\/\/schema.org\",\"@graph\":[{\"@type\":\"WebPage\",\"@id\":\"https:\/\/graziamagazine.com\/mx\/articles\/la-artista-mexicana-karla-de-lara-expondra-su-obra-hiperrealista-en-japon-emiratos-arabes-y-estados-unidos\/\",\"url\":\"https:\/\/graziamagazine.com\/mx\/articles\/la-artista-mexicana-karla-de-lara-expondra-su-obra-hiperrealista-en-japon-emiratos-arabes-y-estados-unidos\/\",\"name\":\"La artista mexicana Karla de Lara expondr\u00e1 su obra hiperrealista en Jap\u00f3n, Emiratos \u00c1rabes y Estados Unidos\",\"isPartOf\":{\"@id\":\"https:\/\/graziamagazine.com\/mx\/#website\"},\"datePublished\":\"2022-11-17T00:00:36+00:00\",\"dateModified\":\"2022-11-17T00:05:04+00:00\",\"description\":\"La jalisciense, precursora del arte hiperrealista, ha tenido 400 exposiciones individuales en 38 pa\u00edses.\",\"breadcrumb\":{\"@id\":\"https:\/\/graziamagazine.com\/mx\/articles\/la-artista-mexicana-karla-de-lara-expondra-su-obra-hiperrealista-en-japon-emiratos-arabes-y-estados-unidos\/#breadcrumb\"},\"inLanguage\":\"es-MX\",\"potentialAction\":[{\"@type\":\"ReadAction\",\"target\":[\"https:\/\/graziamagazine.com\/mx\/articles\/la-artista-mexicana-karla-de-lara-expondra-su-obra-hiperrealista-en-japon-emiratos-arabes-y-estados-unidos\/\"]}]},{\"@type\":\"BreadcrumbList\",\"@id\":\"https:\/\/graziamagazine.com\/mx\/articles\/la-artista-mexicana-karla-de-lara-expondra-su-obra-hiperrealista-en-japon-emiratos-arabes-y-estados-unidos\/#breadcrumb\",\"itemListElement\":[{\"@type\":\"ListItem\",\"position\":1,\"name\":\"Home\",\"item\":\"https:\/\/graziamagazine.com\/mx\/\"},{\"@type\":\"ListItem\",\"position\":2,\"name\":\"La artista mexicana Karla de Lara expondr\u00e1 su obra hiperrealista en Jap\u00f3n, Emiratos \u00c1rabes y Estados Unidos\"}]},{\"@type\":\"WebSite\",\"@id\":\"https:\/\/graziamagazine.com\/mx\/#website\",\"url\":\"https:\/\/graziamagazine.com\/mx\/\",\"name\":\"Grazia M\u00e9xico y Latinoam\u00e9rica\",\"description\":\"Grazia es moda, belleza y noticias  de actualidad \",\"potentialAction\":[{\"@type\":\"SearchAction\",\"target\":{\"@type\":\"EntryPoint\",\"urlTemplate\":\"https:\/\/graziamagazine.com\/mx\/?s={search_term_string}\"},\"query-input\":\"required name=search_term_string\"}],\"inLanguage\":\"es-MX\"}]}<\/script>\n<!-- \/ Yoast SEO Premium plugin. -->","yoast_head_json":{"title":"La artista mexicana Karla de Lara expondr\u00e1 su obra hiperrealista en Jap\u00f3n, Emiratos \u00c1rabes y Estados Unidos","description":"La jalisciense, precursora del arte hiperrealista, ha tenido 400 exposiciones individuales en 38 pa\u00edses.","robots":{"index":"index","follow":"follow","max-snippet":"max-snippet:-1","max-image-preview":"max-image-preview:large","max-video-preview":"max-video-preview:-1"},"canonical":"https:\/\/graziamagazine.com\/mx\/articles\/la-artista-mexicana-karla-de-lara-expondra-su-obra-hiperrealista-en-japon-emiratos-arabes-y-estados-unidos\/","og_locale":"es_MX","og_type":"article","og_title":"La artista mexicana Karla de Lara expondr\u00e1 su obra hiperrealista en Jap\u00f3n, Emiratos \u00c1rabes y Estados Unidos","og_description":"La jalisciense, precursora del arte hiperrealista, ha tenido 400 exposiciones individuales en 38 pa\u00edses.","og_url":"https:\/\/graziamagazine.com\/mx\/articles\/la-artista-mexicana-karla-de-lara-expondra-su-obra-hiperrealista-en-japon-emiratos-arabes-y-estados-unidos\/","og_site_name":"Grazia M\u00e9xico y Latinoam\u00e9rica","article_modified_time":"2022-11-17T00:05:04+00:00","og_image":[{"width":860,"height":509,"url":"https:\/\/graziamagazine.com\/mx\/wp-content\/uploads\/sites\/13\/2022\/11\/Captura-de-Pantalla-2022-11-16-a-las-17.47.58.png","type":"image\/png"}],"twitter_card":"summary_large_image","twitter_misc":{"Est. reading time":"4 minutos"},"schema":{"@context":"https:\/\/schema.org","@graph":[{"@type":"WebPage","@id":"https:\/\/graziamagazine.com\/mx\/articles\/la-artista-mexicana-karla-de-lara-expondra-su-obra-hiperrealista-en-japon-emiratos-arabes-y-estados-unidos\/","url":"https:\/\/graziamagazine.com\/mx\/articles\/la-artista-mexicana-karla-de-lara-expondra-su-obra-hiperrealista-en-japon-emiratos-arabes-y-estados-unidos\/","name":"La artista mexicana Karla de Lara expondr\u00e1 su obra hiperrealista en Jap\u00f3n, Emiratos \u00c1rabes y Estados Unidos","isPartOf":{"@id":"https:\/\/graziamagazine.com\/mx\/#website"},"datePublished":"2022-11-17T00:00:36+00:00","dateModified":"2022-11-17T00:05:04+00:00","description":"La jalisciense, precursora del arte hiperrealista, ha tenido 400 exposiciones individuales en 38 pa\u00edses.","breadcrumb":{"@id":"https:\/\/graziamagazine.com\/mx\/articles\/la-artista-mexicana-karla-de-lara-expondra-su-obra-hiperrealista-en-japon-emiratos-arabes-y-estados-unidos\/#breadcrumb"},"inLanguage":"es-MX","potentialAction":[{"@type":"ReadAction","target":["https:\/\/graziamagazine.com\/mx\/articles\/la-artista-mexicana-karla-de-lara-expondra-su-obra-hiperrealista-en-japon-emiratos-arabes-y-estados-unidos\/"]}]},{"@type":"BreadcrumbList","@id":"https:\/\/graziamagazine.com\/mx\/articles\/la-artista-mexicana-karla-de-lara-expondra-su-obra-hiperrealista-en-japon-emiratos-arabes-y-estados-unidos\/#breadcrumb","itemListElement":[{"@type":"ListItem","position":1,"name":"Home","item":"https:\/\/graziamagazine.com\/mx\/"},{"@type":"ListItem","position":2,"name":"La artista mexicana Karla de Lara expondr\u00e1 su obra hiperrealista en Jap\u00f3n, Emiratos \u00c1rabes y Estados Unidos"}]},{"@type":"WebSite","@id":"https:\/\/graziamagazine.com\/mx\/#website","url":"https:\/\/graziamagazine.com\/mx\/","name":"Grazia M\u00e9xico y Latinoam\u00e9rica","description":"Grazia es moda, belleza y noticias  de actualidad ","potentialAction":[{"@type":"SearchAction","target":{"@type":"EntryPoint","urlTemplate":"https:\/\/graziamagazine.com\/mx\/?s={search_term_string}"},"query-input":"required name=search_term_string"}],"inLanguage":"es-MX"}]}},"jetpack_sharing_enabled":true,"distributor_meta":false,"distributor_terms":false,"distributor_media":false,"distributor_original_site_name":"Grazia M\u00e9xico y Latinoam\u00e9rica","distributor_original_site_url":"https:\/\/graziamagazine.com\/mx","push-errors":false,"_links":{"self":[{"href":"https:\/\/graziamagazine.com\/mx\/wp-json\/wp\/v2\/articles\/119083"}],"collection":[{"href":"https:\/\/graziamagazine.com\/mx\/wp-json\/wp\/v2\/articles"}],"about":[{"href":"https:\/\/graziamagazine.com\/mx\/wp-json\/wp\/v2\/types\/articles"}],"author":[{"embeddable":true,"href":"https:\/\/graziamagazine.com\/mx\/wp-json\/wp\/v2\/users\/11628"}],"wp:featuredmedia":[{"embeddable":true,"href":"https:\/\/graziamagazine.com\/mx\/wp-json\/wp\/v2\/media\/119089"}],"wp:attachment":[{"href":"https:\/\/graziamagazine.com\/mx\/wp-json\/wp\/v2\/media?parent=119083"}],"wp:term":[{"taxonomy":"category","embeddable":true,"href":"https:\/\/graziamagazine.com\/mx\/wp-json\/wp\/v2\/categories?post=119083"}],"curies":[{"name":"wp","href":"https:\/\/api.w.org\/{rel}","templated":true}]}}