{"id":119058,"date":"2022-11-15T14:08:38","date_gmt":"2022-11-15T19:08:38","guid":{"rendered":"https:\/\/graziamagazine.com\/mx\/?post_type=articles&#038;p=119058"},"modified":"2022-11-15T14:14:08","modified_gmt":"2022-11-15T19:14:08","slug":"disenadora-carla-fernandez-consiguio-expresar-oficios-mexico-prendas","status":"publish","type":"articles","link":"https:\/\/graziamagazine.com\/mx\/articles\/disenadora-carla-fernandez-consiguio-expresar-oficios-mexico-prendas\/","title":{"rendered":"La dise\u00f1adora Carla Fern\u00e1ndez consigui\u00f3 expresar oficios de M\u00e9xico en sus prendas"},"content":{"rendered":"<p>La dise\u00f1adora mexicana <strong>Carla Fern\u00e1ndez<\/strong> se distingue por conseguir un perfecto equilibrio entre la moda y la cultura en todo lo que hace. Su exposici\u00f3n El Hacer y El Vestir, curada por <strong>Ana Elena Mallet<\/strong> lo expresa muy bien.<\/p>\n<p>La exposici\u00f3n ha sido colocada en el <strong>Centro Cultural F\u00e1brica de San Pedro<\/strong>, en Uruapan, y estar\u00e1 ah\u00ed hasta el <strong>6 de marzo del 2023<\/strong> y est\u00e1 inspirada en la vestimenta usada en oficios y faenas realizadas en el campo, la cocina, la f\u00e1brica o el taller.<\/p>\n<div class=\"content-gallery\"><div class=\"gallery-placeholder\"><div class=\"spinner\"><\/div><\/div><span class=\"gallery-pagination\"><\/span><div id=\"gallery-1\" class=\"gallery galleryid-119058 gallery-columns- gallery-size-\"><figure class=\"gallery-item\"><div class=\"gallery-icon landscape\"><img loading=\"lazy\" decoding=\"async\" width=\"1040\" height=\"780\" src=\"https:\/\/graziamagazine.com\/mx\/wp-content\/uploads\/sites\/13\/2022\/11\/4-Foto-exposicion-Carla-Fernandez.jpeg\" class=\"lazy\" alt=\"\" \/><\/div><figcaption class=\"wp-caption-text gallery-caption\" id=\"gallery-1-119059\">Exposici\u00f3n El Hacer y El Vestir <\/figcaption><\/figure><figure class=\"gallery-item\"><div class=\"gallery-icon landscape\"><img loading=\"lazy\" decoding=\"async\" width=\"7823\" height=\"11811\" src=\"https:\/\/graziamagazine.com\/mx\/wp-content\/uploads\/sites\/13\/2022\/11\/7-Foto-exposicion-Carla-Fernandez.jpg\" class=\"lazy\" alt=\"\" \/><\/div><figcaption class=\"wp-caption-text gallery-caption\" id=\"gallery-1-119062\">Exposici\u00f3n El Hacer y El Vestir <\/figcaption><\/figure><\/div><\/div>\n<p>\u201cBusca hacer una reflexi\u00f3n sobre la <strong>ropa de trabajo<\/strong> en M\u00e9xico, el orgullo de quien la porta y su valor simb\u00f3lico. Adem\u00e1s, aborda la importancia de la labor colectiva e interdisciplinaria en los <strong>procesos creativos<\/strong> y de investigaci\u00f3n de una casa de moda mexicana de la actualidad\u201d, seg\u00fan un comunicado de prensa.<\/p>\n<p>Para esta exposici\u00f3n se pensaron en <strong>30 piezas intercambiables<\/strong> de la colecci\u00f3n 2022-2023 de Carla. Que, por cierto, fue hecha en la colaboraci\u00f3n de artesanos de ocho estados del pa\u00eds.<\/p>\n<p>\u201cHecha con la colaboraci\u00f3n de artesanos michoacanos y de otras regiones del pa\u00eds, para afianzar la idea de localidad y continuar con el esp\u00edritu colaborativo de su casa de moda\u201d, dice Ana Elena Mallet. Que ha nacido \u201cde la importancia de los procesos creativos y de investigaci\u00f3n de una casa de moda mexicana en el <strong>siglo XXI<\/strong>, sus fuentes de<strong> inspiraci\u00f3n<\/strong> y sus dise\u00f1os\u201d, agreg\u00f3.<\/p>\n<div class=\"content-gallery\"><div class=\"gallery-placeholder\"><div class=\"spinner\"><\/div><\/div><span class=\"gallery-pagination\"><\/span><div id=\"gallery-2\" class=\"gallery galleryid-119058 gallery-columns- gallery-size-\"><figure class=\"gallery-item\"><div class=\"gallery-icon landscape\"><img loading=\"lazy\" decoding=\"async\" width=\"1575\" height=\"1050\" src=\"https:\/\/graziamagazine.com\/mx\/wp-content\/uploads\/sites\/13\/2022\/11\/6-Foto-exposicion-Carla-Fernandez.jpg\" class=\"lazy\" alt=\"\" \/><\/div><figcaption class=\"wp-caption-text gallery-caption\" id=\"gallery-2-119061\">Exposici\u00f3n El Hacer y El Vestir <\/figcaption><\/figure><figure class=\"gallery-item\"><div class=\"gallery-icon landscape\"><img loading=\"lazy\" decoding=\"async\" width=\"1050\" height=\"1575\" src=\"https:\/\/graziamagazine.com\/mx\/wp-content\/uploads\/sites\/13\/2022\/11\/5-Foto-exposicion-Carla-Fernandez.jpg\" class=\"lazy\" alt=\"\" \/><\/div><figcaption class=\"wp-caption-text gallery-caption\" id=\"gallery-2-119060\">Exposici\u00f3n El Hacer y El Vestir <\/figcaption><\/figure><\/div><\/div>\n<p>Los elementos de la colecci\u00f3n no solo se inspiran en la <strong>geograf\u00eda pur\u00e9pecha<\/strong>, sino tambi\u00e9n toma en cuenta a familias y artesanos de Hidalgo, Chiapas, Yucat\u00e1n, Puebla, Guerrero, Estado de M\u00e9xico y Ciudad de M\u00e9xico.<\/p>\n<p>Entre los artesanos que fueron invitados a participar est\u00e1n <strong>Felipe Horta<\/strong>, mascarero de T\u00f3cuaro (Michoac\u00e1n), <strong>Andrea Amoretti<\/strong> que desarroll\u00f3 una serie de accesorios de cobre en Tlalpuhajua (Michoac\u00e1n); el escen\u00f3grafo y titiritero <strong>Vladimir Boj\u00f3rquez<\/strong>, <strong>B\u00e1rbara Foulkes<\/strong>, qui\u00e9n cre\u00f3 performance y <strong>Manuel Rocha<\/strong>, que hizo una pieza sonora.<\/p>\n<p>Y para darle mayor \u00e9nfasis y atm\u00f3sfera a la muestra, se mont\u00f3 en una <strong>antigua f\u00e1brica<\/strong> de hilados y tejidos, junto al r\u00edo <strong>Cupatitizio<\/strong>, misma que la <strong>Fundaci\u00f3n Javier Mar\u00edn<\/strong> transform\u00f3 en 2017 en un recinto cultural que es ahora.<\/p>\n<p>&nbsp;<\/p>\n","protected":false},"author":36289,"featured_media":119063,"template":"","format":"standard","categories":[12517],"acf":[],"yoast_head":"<!-- This site is optimized with the Yoast SEO Premium plugin v18.5 (Yoast SEO v20.4) - https:\/\/yoast.com\/wordpress\/plugins\/seo\/ -->\n<title>La dise\u00f1adora Carla Fern\u00e1ndez consigui\u00f3 expresar oficios de M\u00e9xico en sus prendas | Grazia M\u00e9xico y Latinoam\u00e9rica<\/title>\n<meta name=\"description\" content=\"La dise\u00f1adora mexicana Carla Fern\u00e1ndez se distingue por conseguir un perfecto equilibrio entre la moda y la cultura en todo lo que hace. Su exposici\u00f3n El\" \/>\n<meta name=\"robots\" content=\"index, follow, max-snippet:-1, max-image-preview:large, max-video-preview:-1\" \/>\n<link rel=\"canonical\" href=\"https:\/\/graziamagazine.com\/mx\/articles\/disenadora-carla-fernandez-consiguio-expresar-oficios-mexico-prendas\/\" \/>\n<meta property=\"og:locale\" content=\"es_MX\" \/>\n<meta property=\"og:type\" content=\"article\" \/>\n<meta property=\"og:title\" content=\"La dise\u00f1adora Carla Fern\u00e1ndez consigui\u00f3 expresar oficios de M\u00e9xico en sus prendas\" \/>\n<meta property=\"og:description\" content=\"La dise\u00f1adora mexicana Carla Fern\u00e1ndez se distingue por conseguir un perfecto equilibrio entre la moda y la cultura en todo lo que hace. Su exposici\u00f3n El\" \/>\n<meta property=\"og:url\" content=\"https:\/\/graziamagazine.com\/mx\/articles\/disenadora-carla-fernandez-consiguio-expresar-oficios-mexico-prendas\/\" \/>\n<meta property=\"og:site_name\" content=\"Grazia M\u00e9xico y Latinoam\u00e9rica\" \/>\n<meta property=\"article:modified_time\" content=\"2022-11-15T19:14:08+00:00\" \/>\n<meta property=\"og:image\" content=\"https:\/\/graziamagazine.com\/mx\/wp-content\/uploads\/sites\/13\/2022\/11\/Foto-Carla-Fernandez.-Cortesia-de-la-disenadora-e1668539553645.jpeg\" \/>\n\t<meta property=\"og:image:width\" content=\"800\" \/>\n\t<meta property=\"og:image:height\" content=\"500\" \/>\n\t<meta property=\"og:image:type\" content=\"image\/jpeg\" \/>\n<meta name=\"twitter:card\" content=\"summary_large_image\" \/>\n<meta name=\"twitter:label1\" content=\"Est. reading time\" \/>\n\t<meta name=\"twitter:data1\" content=\"2 minutos\" \/>\n<script type=\"application\/ld+json\" class=\"yoast-schema-graph\">{\"@context\":\"https:\/\/schema.org\",\"@graph\":[{\"@type\":\"WebPage\",\"@id\":\"https:\/\/graziamagazine.com\/mx\/articles\/disenadora-carla-fernandez-consiguio-expresar-oficios-mexico-prendas\/\",\"url\":\"https:\/\/graziamagazine.com\/mx\/articles\/disenadora-carla-fernandez-consiguio-expresar-oficios-mexico-prendas\/\",\"name\":\"La dise\u00f1adora Carla Fern\u00e1ndez consigui\u00f3 expresar oficios de M\u00e9xico en sus prendas | Grazia M\u00e9xico y Latinoam\u00e9rica\",\"isPartOf\":{\"@id\":\"https:\/\/graziamagazine.com\/mx\/#website\"},\"datePublished\":\"2022-11-15T19:08:38+00:00\",\"dateModified\":\"2022-11-15T19:14:08+00:00\",\"description\":\"La dise\u00f1adora mexicana Carla Fern\u00e1ndez se distingue por conseguir un perfecto equilibrio entre la moda y la cultura en todo lo que hace. Su exposici\u00f3n El\",\"breadcrumb\":{\"@id\":\"https:\/\/graziamagazine.com\/mx\/articles\/disenadora-carla-fernandez-consiguio-expresar-oficios-mexico-prendas\/#breadcrumb\"},\"inLanguage\":\"es-MX\",\"potentialAction\":[{\"@type\":\"ReadAction\",\"target\":[\"https:\/\/graziamagazine.com\/mx\/articles\/disenadora-carla-fernandez-consiguio-expresar-oficios-mexico-prendas\/\"]}]},{\"@type\":\"BreadcrumbList\",\"@id\":\"https:\/\/graziamagazine.com\/mx\/articles\/disenadora-carla-fernandez-consiguio-expresar-oficios-mexico-prendas\/#breadcrumb\",\"itemListElement\":[{\"@type\":\"ListItem\",\"position\":1,\"name\":\"Home\",\"item\":\"https:\/\/graziamagazine.com\/mx\/\"},{\"@type\":\"ListItem\",\"position\":2,\"name\":\"La dise\u00f1adora Carla Fern\u00e1ndez consigui\u00f3 expresar oficios de M\u00e9xico en sus prendas\"}]},{\"@type\":\"WebSite\",\"@id\":\"https:\/\/graziamagazine.com\/mx\/#website\",\"url\":\"https:\/\/graziamagazine.com\/mx\/\",\"name\":\"Grazia M\u00e9xico y Latinoam\u00e9rica\",\"description\":\"Grazia es moda, belleza y noticias  de actualidad \",\"potentialAction\":[{\"@type\":\"SearchAction\",\"target\":{\"@type\":\"EntryPoint\",\"urlTemplate\":\"https:\/\/graziamagazine.com\/mx\/?s={search_term_string}\"},\"query-input\":\"required name=search_term_string\"}],\"inLanguage\":\"es-MX\"}]}<\/script>\n<!-- \/ Yoast SEO Premium plugin. -->","yoast_head_json":{"title":"La dise\u00f1adora Carla Fern\u00e1ndez consigui\u00f3 expresar oficios de M\u00e9xico en sus prendas | Grazia M\u00e9xico y Latinoam\u00e9rica","description":"La dise\u00f1adora mexicana Carla Fern\u00e1ndez se distingue por conseguir un perfecto equilibrio entre la moda y la cultura en todo lo que hace. Su exposici\u00f3n El","robots":{"index":"index","follow":"follow","max-snippet":"max-snippet:-1","max-image-preview":"max-image-preview:large","max-video-preview":"max-video-preview:-1"},"canonical":"https:\/\/graziamagazine.com\/mx\/articles\/disenadora-carla-fernandez-consiguio-expresar-oficios-mexico-prendas\/","og_locale":"es_MX","og_type":"article","og_title":"La dise\u00f1adora Carla Fern\u00e1ndez consigui\u00f3 expresar oficios de M\u00e9xico en sus prendas","og_description":"La dise\u00f1adora mexicana Carla Fern\u00e1ndez se distingue por conseguir un perfecto equilibrio entre la moda y la cultura en todo lo que hace. Su exposici\u00f3n El","og_url":"https:\/\/graziamagazine.com\/mx\/articles\/disenadora-carla-fernandez-consiguio-expresar-oficios-mexico-prendas\/","og_site_name":"Grazia M\u00e9xico y Latinoam\u00e9rica","article_modified_time":"2022-11-15T19:14:08+00:00","og_image":[{"width":800,"height":500,"url":"https:\/\/graziamagazine.com\/mx\/wp-content\/uploads\/sites\/13\/2022\/11\/Foto-Carla-Fernandez.-Cortesia-de-la-disenadora-e1668539553645.jpeg","type":"image\/jpeg"}],"twitter_card":"summary_large_image","twitter_misc":{"Est. reading time":"2 minutos"},"schema":{"@context":"https:\/\/schema.org","@graph":[{"@type":"WebPage","@id":"https:\/\/graziamagazine.com\/mx\/articles\/disenadora-carla-fernandez-consiguio-expresar-oficios-mexico-prendas\/","url":"https:\/\/graziamagazine.com\/mx\/articles\/disenadora-carla-fernandez-consiguio-expresar-oficios-mexico-prendas\/","name":"La dise\u00f1adora Carla Fern\u00e1ndez consigui\u00f3 expresar oficios de M\u00e9xico en sus prendas | Grazia M\u00e9xico y Latinoam\u00e9rica","isPartOf":{"@id":"https:\/\/graziamagazine.com\/mx\/#website"},"datePublished":"2022-11-15T19:08:38+00:00","dateModified":"2022-11-15T19:14:08+00:00","description":"La dise\u00f1adora mexicana Carla Fern\u00e1ndez se distingue por conseguir un perfecto equilibrio entre la moda y la cultura en todo lo que hace. Su exposici\u00f3n El","breadcrumb":{"@id":"https:\/\/graziamagazine.com\/mx\/articles\/disenadora-carla-fernandez-consiguio-expresar-oficios-mexico-prendas\/#breadcrumb"},"inLanguage":"es-MX","potentialAction":[{"@type":"ReadAction","target":["https:\/\/graziamagazine.com\/mx\/articles\/disenadora-carla-fernandez-consiguio-expresar-oficios-mexico-prendas\/"]}]},{"@type":"BreadcrumbList","@id":"https:\/\/graziamagazine.com\/mx\/articles\/disenadora-carla-fernandez-consiguio-expresar-oficios-mexico-prendas\/#breadcrumb","itemListElement":[{"@type":"ListItem","position":1,"name":"Home","item":"https:\/\/graziamagazine.com\/mx\/"},{"@type":"ListItem","position":2,"name":"La dise\u00f1adora Carla Fern\u00e1ndez consigui\u00f3 expresar oficios de M\u00e9xico en sus prendas"}]},{"@type":"WebSite","@id":"https:\/\/graziamagazine.com\/mx\/#website","url":"https:\/\/graziamagazine.com\/mx\/","name":"Grazia M\u00e9xico y Latinoam\u00e9rica","description":"Grazia es moda, belleza y noticias  de actualidad ","potentialAction":[{"@type":"SearchAction","target":{"@type":"EntryPoint","urlTemplate":"https:\/\/graziamagazine.com\/mx\/?s={search_term_string}"},"query-input":"required name=search_term_string"}],"inLanguage":"es-MX"}]}},"jetpack_sharing_enabled":true,"distributor_meta":false,"distributor_terms":false,"distributor_media":false,"distributor_original_site_name":"Grazia M\u00e9xico y Latinoam\u00e9rica","distributor_original_site_url":"https:\/\/graziamagazine.com\/mx","push-errors":false,"_links":{"self":[{"href":"https:\/\/graziamagazine.com\/mx\/wp-json\/wp\/v2\/articles\/119058"}],"collection":[{"href":"https:\/\/graziamagazine.com\/mx\/wp-json\/wp\/v2\/articles"}],"about":[{"href":"https:\/\/graziamagazine.com\/mx\/wp-json\/wp\/v2\/types\/articles"}],"author":[{"embeddable":true,"href":"https:\/\/graziamagazine.com\/mx\/wp-json\/wp\/v2\/users\/36289"}],"wp:featuredmedia":[{"embeddable":true,"href":"https:\/\/graziamagazine.com\/mx\/wp-json\/wp\/v2\/media\/119063"}],"wp:attachment":[{"href":"https:\/\/graziamagazine.com\/mx\/wp-json\/wp\/v2\/media?parent=119058"}],"wp:term":[{"taxonomy":"category","embeddable":true,"href":"https:\/\/graziamagazine.com\/mx\/wp-json\/wp\/v2\/categories?post=119058"}],"curies":[{"name":"wp","href":"https:\/\/api.w.org\/{rel}","templated":true}]}}