{"id":118926,"date":"2022-11-09T21:59:15","date_gmt":"2022-11-10T02:59:15","guid":{"rendered":"https:\/\/graziamagazine.com\/mx\/?post_type=articles&#038;p=118926"},"modified":"2022-11-09T22:08:05","modified_gmt":"2022-11-10T03:08:05","slug":"shakira-imagen-campana-the-night-before-burrberry","status":"publish","type":"articles","link":"https:\/\/graziamagazine.com\/mx\/articles\/shakira-imagen-campana-the-night-before-burrberry\/","title":{"rendered":"Shakira es la imagen de la campa\u00f1a The Night Before de Burrberry"},"content":{"rendered":"<p>Puede ser que <strong>Shakira<\/strong> no est\u00e9 en el mejor momento personal, o mejor dijo, de pareja, pero sin duda, su carrera ha despuntado desde que se separ\u00f3 de <strong>Gerard Piqu\u00e9<\/strong> tras 12 a\u00f1os de relaci\u00f3n.<\/p>\n<p>Recientemente se convirti\u00f3 en la imagen de <strong>Burberry<\/strong> para la campa\u00f1a <em><strong>The Night Before<\/strong><\/em><em>, una versi\u00f3n festiva muy original.<\/em><\/p>\n<figure id=\"attachment_118929\" aria-describedby=\"caption-attachment-118929\" style=\"width: 257px\" class=\"wp-caption alignnone\"><img loading=\"lazy\" decoding=\"async\" class=\"size-medium wp-image-118929\" src=\"https:\/\/graziamagazine.com\/mx\/wp-content\/uploads\/sites\/13\/2022\/11\/Shakira-.png?w=257\" alt=\"\" width=\"257\" height=\"450\" \/><figcaption id=\"caption-attachment-118929\" class=\"wp-caption-text\">Cr\u00e9dito: Burberry<\/figcaption><\/figure>\n<p><em>\u201c<\/em>Se trata de una celebraci\u00f3n de la emoci\u00f3n para anticipar los preparativos\u201d, explic\u00f3 Burberry.<\/p>\n<p>Los videos y fotograf\u00edas estuvieron a cargo del fot\u00f3grafo y director\u00a0<strong>TORSO<\/strong>.<\/p>\n<p>Esta es la primera vez que Shak es la imagen de la marca, quien tiene como compa\u00f1ero al cantante y productor nigeriano <strong>Burna Boy<\/strong>.<\/p>\n<figure id=\"attachment_118927\" aria-describedby=\"caption-attachment-118927\" style=\"width: 254px\" class=\"wp-caption alignnone\"><img loading=\"lazy\" decoding=\"async\" class=\"size-medium wp-image-118927\" src=\"https:\/\/graziamagazine.com\/mx\/wp-content\/uploads\/sites\/13\/2022\/11\/Shakira-4.png?w=254\" alt=\"\" width=\"254\" height=\"450\" \/><figcaption id=\"caption-attachment-118927\" class=\"wp-caption-text\">Cr\u00e9dito: Burberry<\/figcaption><\/figure>\n<p>\u201cCada uno de ellos encarna su <strong>propia interpretaci\u00f3n<\/strong> de la euforia de <em>The Night Before<\/em>\u201d, se\u00f1ala la marca.<\/p>\n<p>En el primer video publicado por la casa de moda, Shakira luce espectacular en el vestido de noche transparente de <strong>cuello perkins<\/strong> y manga larga en tono nude con brillos, que deja ver la ropa interior en tambi\u00e9n en tonos nude.<\/p>\n<p>Por cierto, este tipo de vestidos es una de las tendencias de la temporada (v\u00e9ase a celebridades como <strong>Rosal\u00eda<\/strong>).<\/p>\n<p>En el video se puede ver c\u00f3mo a la colombiana le cae un bolso del cielo y despu\u00e9s un anillo que dice la palabra <strong>\u201cLove\u201d<\/strong> y que encaja perfectamente en su dedo me\u00f1ique.<\/p>\n<figure id=\"attachment_118928\" aria-describedby=\"caption-attachment-118928\" style=\"width: 303px\" class=\"wp-caption alignnone\"><img loading=\"lazy\" decoding=\"async\" class=\"size-medium wp-image-118928\" src=\"https:\/\/graziamagazine.com\/mx\/wp-content\/uploads\/sites\/13\/2022\/11\/Shakira-3.png?w=303\" alt=\"\" width=\"303\" height=\"450\" \/><figcaption id=\"caption-attachment-118928\" class=\"wp-caption-text\">Cr\u00e9dito: Burberry<\/figcaption><\/figure>\n<p>\u201cEs el escenario definitivo para la <strong>autoexpresi\u00f3n<\/strong> y para tener nuevas versiones de las tradiciones festivas\u201d, asegur\u00f3 la marca.<\/p>\n<p>Sin duda, este es el momento de brillar para Shakira, a quien sus fans le recuerdan que no importa qu\u00e9 tanto haya desajo de lado su carrera, siempre estar\u00e1 en los corazones de los que la admiran y sigues desde siempre. Bien por Shak.<\/p>\n","protected":false},"author":36289,"featured_media":118931,"template":"","format":"standard","categories":[12517],"acf":[],"yoast_head":"<!-- This site is optimized with the Yoast SEO Premium plugin v18.5 (Yoast SEO v20.4) - https:\/\/yoast.com\/wordpress\/plugins\/seo\/ -->\n<title>Shakira es la imagen de la campa\u00f1a The Night Before de Burrberry | Grazia M\u00e9xico y Latinoam\u00e9rica<\/title>\n<meta name=\"description\" content=\"Puede ser que Shakira no est\u00e9 en el mejor momento personal, o mejor dijo, de pareja, pero sin duda, su carrera ha despuntado desde que se separ\u00f3 de Gerard\" \/>\n<meta name=\"robots\" content=\"index, follow, max-snippet:-1, max-image-preview:large, max-video-preview:-1\" \/>\n<link rel=\"canonical\" href=\"https:\/\/graziamagazine.com\/mx\/articles\/shakira-imagen-campana-the-night-before-burrberry\/\" \/>\n<meta property=\"og:locale\" content=\"es_MX\" \/>\n<meta property=\"og:type\" content=\"article\" \/>\n<meta property=\"og:title\" content=\"Shakira es la imagen de la campa\u00f1a The Night Before de Burrberry\" \/>\n<meta property=\"og:description\" content=\"Puede ser que Shakira no est\u00e9 en el mejor momento personal, o mejor dijo, de pareja, pero sin duda, su carrera ha despuntado desde que se separ\u00f3 de Gerard\" \/>\n<meta property=\"og:url\" content=\"https:\/\/graziamagazine.com\/mx\/articles\/shakira-imagen-campana-the-night-before-burrberry\/\" \/>\n<meta property=\"og:site_name\" content=\"Grazia M\u00e9xico y Latinoam\u00e9rica\" \/>\n<meta property=\"article:modified_time\" content=\"2022-11-10T03:08:05+00:00\" \/>\n<meta property=\"og:image\" content=\"https:\/\/graziamagazine.com\/mx\/wp-content\/uploads\/sites\/13\/2022\/11\/WhatsApp-Image-2022-11-09-at-9.07.15-PM-e1668049673123.jpeg\" \/>\n\t<meta property=\"og:image:width\" content=\"1048\" \/>\n\t<meta property=\"og:image:height\" content=\"719\" \/>\n\t<meta property=\"og:image:type\" content=\"image\/jpeg\" \/>\n<meta name=\"twitter:card\" content=\"summary_large_image\" \/>\n<meta name=\"twitter:label1\" content=\"Est. reading time\" \/>\n\t<meta name=\"twitter:data1\" content=\"2 minutos\" \/>\n<script type=\"application\/ld+json\" class=\"yoast-schema-graph\">{\"@context\":\"https:\/\/schema.org\",\"@graph\":[{\"@type\":\"WebPage\",\"@id\":\"https:\/\/graziamagazine.com\/mx\/articles\/shakira-imagen-campana-the-night-before-burrberry\/\",\"url\":\"https:\/\/graziamagazine.com\/mx\/articles\/shakira-imagen-campana-the-night-before-burrberry\/\",\"name\":\"Shakira es la imagen de la campa\u00f1a The Night Before de Burrberry | Grazia M\u00e9xico y Latinoam\u00e9rica\",\"isPartOf\":{\"@id\":\"https:\/\/graziamagazine.com\/mx\/#website\"},\"datePublished\":\"2022-11-10T02:59:15+00:00\",\"dateModified\":\"2022-11-10T03:08:05+00:00\",\"description\":\"Puede ser que Shakira no est\u00e9 en el mejor momento personal, o mejor dijo, de pareja, pero sin duda, su carrera ha despuntado desde que se separ\u00f3 de Gerard\",\"breadcrumb\":{\"@id\":\"https:\/\/graziamagazine.com\/mx\/articles\/shakira-imagen-campana-the-night-before-burrberry\/#breadcrumb\"},\"inLanguage\":\"es-MX\",\"potentialAction\":[{\"@type\":\"ReadAction\",\"target\":[\"https:\/\/graziamagazine.com\/mx\/articles\/shakira-imagen-campana-the-night-before-burrberry\/\"]}]},{\"@type\":\"BreadcrumbList\",\"@id\":\"https:\/\/graziamagazine.com\/mx\/articles\/shakira-imagen-campana-the-night-before-burrberry\/#breadcrumb\",\"itemListElement\":[{\"@type\":\"ListItem\",\"position\":1,\"name\":\"Home\",\"item\":\"https:\/\/graziamagazine.com\/mx\/\"},{\"@type\":\"ListItem\",\"position\":2,\"name\":\"Shakira es la imagen de la campa\u00f1a The Night Before de Burrberry\"}]},{\"@type\":\"WebSite\",\"@id\":\"https:\/\/graziamagazine.com\/mx\/#website\",\"url\":\"https:\/\/graziamagazine.com\/mx\/\",\"name\":\"Grazia M\u00e9xico y Latinoam\u00e9rica\",\"description\":\"Grazia es moda, belleza y noticias  de actualidad \",\"potentialAction\":[{\"@type\":\"SearchAction\",\"target\":{\"@type\":\"EntryPoint\",\"urlTemplate\":\"https:\/\/graziamagazine.com\/mx\/?s={search_term_string}\"},\"query-input\":\"required name=search_term_string\"}],\"inLanguage\":\"es-MX\"}]}<\/script>\n<!-- \/ Yoast SEO Premium plugin. -->","yoast_head_json":{"title":"Shakira es la imagen de la campa\u00f1a The Night Before de Burrberry | Grazia M\u00e9xico y Latinoam\u00e9rica","description":"Puede ser que Shakira no est\u00e9 en el mejor momento personal, o mejor dijo, de pareja, pero sin duda, su carrera ha despuntado desde que se separ\u00f3 de Gerard","robots":{"index":"index","follow":"follow","max-snippet":"max-snippet:-1","max-image-preview":"max-image-preview:large","max-video-preview":"max-video-preview:-1"},"canonical":"https:\/\/graziamagazine.com\/mx\/articles\/shakira-imagen-campana-the-night-before-burrberry\/","og_locale":"es_MX","og_type":"article","og_title":"Shakira es la imagen de la campa\u00f1a The Night Before de Burrberry","og_description":"Puede ser que Shakira no est\u00e9 en el mejor momento personal, o mejor dijo, de pareja, pero sin duda, su carrera ha despuntado desde que se separ\u00f3 de Gerard","og_url":"https:\/\/graziamagazine.com\/mx\/articles\/shakira-imagen-campana-the-night-before-burrberry\/","og_site_name":"Grazia M\u00e9xico y Latinoam\u00e9rica","article_modified_time":"2022-11-10T03:08:05+00:00","og_image":[{"width":1048,"height":719,"url":"https:\/\/graziamagazine.com\/mx\/wp-content\/uploads\/sites\/13\/2022\/11\/WhatsApp-Image-2022-11-09-at-9.07.15-PM-e1668049673123.jpeg","type":"image\/jpeg"}],"twitter_card":"summary_large_image","twitter_misc":{"Est. reading time":"2 minutos"},"schema":{"@context":"https:\/\/schema.org","@graph":[{"@type":"WebPage","@id":"https:\/\/graziamagazine.com\/mx\/articles\/shakira-imagen-campana-the-night-before-burrberry\/","url":"https:\/\/graziamagazine.com\/mx\/articles\/shakira-imagen-campana-the-night-before-burrberry\/","name":"Shakira es la imagen de la campa\u00f1a The Night Before de Burrberry | Grazia M\u00e9xico y Latinoam\u00e9rica","isPartOf":{"@id":"https:\/\/graziamagazine.com\/mx\/#website"},"datePublished":"2022-11-10T02:59:15+00:00","dateModified":"2022-11-10T03:08:05+00:00","description":"Puede ser que Shakira no est\u00e9 en el mejor momento personal, o mejor dijo, de pareja, pero sin duda, su carrera ha despuntado desde que se separ\u00f3 de Gerard","breadcrumb":{"@id":"https:\/\/graziamagazine.com\/mx\/articles\/shakira-imagen-campana-the-night-before-burrberry\/#breadcrumb"},"inLanguage":"es-MX","potentialAction":[{"@type":"ReadAction","target":["https:\/\/graziamagazine.com\/mx\/articles\/shakira-imagen-campana-the-night-before-burrberry\/"]}]},{"@type":"BreadcrumbList","@id":"https:\/\/graziamagazine.com\/mx\/articles\/shakira-imagen-campana-the-night-before-burrberry\/#breadcrumb","itemListElement":[{"@type":"ListItem","position":1,"name":"Home","item":"https:\/\/graziamagazine.com\/mx\/"},{"@type":"ListItem","position":2,"name":"Shakira es la imagen de la campa\u00f1a The Night Before de Burrberry"}]},{"@type":"WebSite","@id":"https:\/\/graziamagazine.com\/mx\/#website","url":"https:\/\/graziamagazine.com\/mx\/","name":"Grazia M\u00e9xico y Latinoam\u00e9rica","description":"Grazia es moda, belleza y noticias  de actualidad ","potentialAction":[{"@type":"SearchAction","target":{"@type":"EntryPoint","urlTemplate":"https:\/\/graziamagazine.com\/mx\/?s={search_term_string}"},"query-input":"required name=search_term_string"}],"inLanguage":"es-MX"}]}},"jetpack_sharing_enabled":true,"distributor_meta":false,"distributor_terms":false,"distributor_media":false,"distributor_original_site_name":"Grazia M\u00e9xico y Latinoam\u00e9rica","distributor_original_site_url":"https:\/\/graziamagazine.com\/mx","push-errors":false,"_links":{"self":[{"href":"https:\/\/graziamagazine.com\/mx\/wp-json\/wp\/v2\/articles\/118926"}],"collection":[{"href":"https:\/\/graziamagazine.com\/mx\/wp-json\/wp\/v2\/articles"}],"about":[{"href":"https:\/\/graziamagazine.com\/mx\/wp-json\/wp\/v2\/types\/articles"}],"author":[{"embeddable":true,"href":"https:\/\/graziamagazine.com\/mx\/wp-json\/wp\/v2\/users\/36289"}],"wp:featuredmedia":[{"embeddable":true,"href":"https:\/\/graziamagazine.com\/mx\/wp-json\/wp\/v2\/media\/118931"}],"wp:attachment":[{"href":"https:\/\/graziamagazine.com\/mx\/wp-json\/wp\/v2\/media?parent=118926"}],"wp:term":[{"taxonomy":"category","embeddable":true,"href":"https:\/\/graziamagazine.com\/mx\/wp-json\/wp\/v2\/categories?post=118926"}],"curies":[{"name":"wp","href":"https:\/\/api.w.org\/{rel}","templated":true}]}}