{"id":118756,"date":"2022-11-04T19:19:39","date_gmt":"2022-11-05T00:19:39","guid":{"rendered":"https:\/\/graziamagazine.com\/mx\/?post_type=articles&#038;p=118756"},"modified":"2022-11-06T01:09:34","modified_gmt":"2022-11-06T06:09:34","slug":"balenciaga-presenta-imagenes-bella-hadid-nueva-campana-adidas","status":"publish","type":"articles","link":"https:\/\/graziamagazine.com\/mx\/articles\/balenciaga-presenta-imagenes-bella-hadid-nueva-campana-adidas\/","title":{"rendered":"Balenciaga presenta las im\u00e1genes de Bella Hadid y la nueva campa\u00f1a con Adidas"},"content":{"rendered":"<p><strong>Adidas y Balenciaga<\/strong> se unieron en una colaboraci\u00f3n tanto exclusiva como poco convencional donde la cara de la campa\u00f1a es la modelo <strong>Bella Hadid<\/strong>.<\/p>\n<p>Para celebrarlo, Balenciaga public\u00f3 las <strong>im\u00e1genes oficiales<\/strong> donde se puede ver a Bella, portando las piezas de la colecci\u00f3n.<\/p>\n<figure id=\"attachment_118764\" aria-describedby=\"caption-attachment-118764\" style=\"width: 819px\" class=\"wp-caption alignnone\"><img loading=\"lazy\" decoding=\"async\" class=\"wp-image-118764 size-large\" src=\"https:\/\/graziamagazine.com\/mx\/wp-content\/uploads\/sites\/13\/2022\/11\/Bella-4.jpeg?w=819\" alt=\"\" width=\"819\" height=\"1024\" \/><figcaption id=\"caption-attachment-118764\" class=\"wp-caption-text\">Foto: Balenciaga<\/figcaption><\/figure>\n<p>Adem\u00e1s, junto a ella est\u00e1n <strong>Han\u00a0Sohee,\u00a0Isabelle\u00a0Huppert,\u00a0Jermell\u00a0Charlo,\u00a0BCW\u00a0y\u00a0Khadim\u00a0Sock<\/strong>. Toda la sesi\u00f3n de fotos fue en una oficina vac\u00eda de alg\u00fan rascacielos de\u00a0<strong>Nueva\u00a0York<\/strong>.<\/p>\n<figure id=\"attachment_118760\" aria-describedby=\"caption-attachment-118760\" style=\"width: 819px\" class=\"wp-caption alignnone\"><img loading=\"lazy\" decoding=\"async\" class=\"wp-image-118760 size-large\" src=\"https:\/\/graziamagazine.com\/mx\/wp-content\/uploads\/sites\/13\/2022\/11\/Balenciaga-4.jpeg?w=819\" alt=\"\" width=\"819\" height=\"1024\" \/><figcaption id=\"caption-attachment-118760\" class=\"wp-caption-text\">Foto: Balenciaga<\/figcaption><\/figure>\n<p>Se pueden ver las computadoras, los art\u00edculos de papeler\u00eda y el mobiliario son parte de la escena. La colecci\u00f3n fue vista por primera vez en la <strong>Bolsa de Nueva York<\/strong> en mayo.<\/p>\n<div class=\"content-gallery\"><div class=\"gallery-placeholder\"><div class=\"spinner\"><\/div><\/div><span class=\"gallery-pagination\"><\/span><div id=\"gallery-1\" class=\"gallery galleryid-118756 gallery-columns- gallery-size-\"><figure class=\"gallery-item\"><div class=\"gallery-icon landscape\"><img loading=\"lazy\" decoding=\"async\" width=\"910\" height=\"511\" src=\"https:\/\/graziamagazine.com\/mx\/wp-content\/uploads\/sites\/13\/2022\/11\/Balenciaga-6.jpg\" class=\"lazy\" alt=\"\" \/><\/div><figcaption class=\"wp-caption-text gallery-caption\" id=\"gallery-1-118758\">Presentaci\u00f3n de la colecci\u00f3n en mayo. Foto: Balenciaga<\/figcaption><\/figure><figure class=\"gallery-item\"><div class=\"gallery-icon landscape\"><img loading=\"lazy\" decoding=\"async\" width=\"1280\" height=\"1920\" src=\"https:\/\/graziamagazine.com\/mx\/wp-content\/uploads\/sites\/13\/2022\/11\/Balenciaga-7.jpg\" class=\"lazy\" alt=\"\" \/><\/div><figcaption class=\"wp-caption-text gallery-caption\" id=\"gallery-1-118757\">Presentaci\u00f3n de la colecci\u00f3n en mayo. Foto: Balenciaga<\/figcaption><\/figure><\/div><\/div>\n<p>La colecci\u00f3n incluye un conjunto de <strong><em>chandal three stripes<\/em><\/strong> con una chaqueta y unos <strong><em>bootleg <\/em><\/strong>(o pantalones que se unen a los zapatos) en color rojo. Un el bolso Hourglass, \u00a0camisetas con el ic\u00f3nico logotipo de adidas, el anillo en forma de sello, las Stan Smith desgastadas y otras prendas ic\u00f3nicas de la marca.<\/p>\n<p><strong>Balenciaga x adidas<\/strong>\u00a0est\u00e1 disponible en la web de Balenciaga y en las diferentes pop-ups de\u00a0Bangkok,\u00a0Dubai,\u00a0Los\u00a0\u00c1ngeles,\u00a0Osaka,\u00a0Se\u00fal,\u00a0Tokio\u00a0y\u00a0Toronto.<\/p>\n<div class=\"content-gallery\"><div class=\"gallery-placeholder\"><div class=\"spinner\"><\/div><\/div><span class=\"gallery-pagination\"><\/span><div id=\"gallery-2\" class=\"gallery galleryid-118756 gallery-columns- gallery-size-\"><figure class=\"gallery-item\"><div class=\"gallery-icon landscape\"><img loading=\"lazy\" decoding=\"async\" width=\"819\" height=\"1024\" src=\"https:\/\/graziamagazine.com\/mx\/wp-content\/uploads\/sites\/13\/2022\/11\/balenciaga-1.jpeg\" class=\"lazy\" alt=\"\" \/><\/div><figcaption class=\"wp-caption-text gallery-caption\" id=\"gallery-2-118763\">Foto: Balenciaga<\/figcaption><\/figure><figure class=\"gallery-item\"><div class=\"gallery-icon landscape\"><img loading=\"lazy\" decoding=\"async\" width=\"819\" height=\"1024\" src=\"https:\/\/graziamagazine.com\/mx\/wp-content\/uploads\/sites\/13\/2022\/11\/Balenciaga-2.jpeg\" class=\"lazy\" alt=\"\" \/><\/div><figcaption class=\"wp-caption-text gallery-caption\" id=\"gallery-2-118762\">Foto: Balenciaga<\/figcaption><\/figure><figure class=\"gallery-item\"><div class=\"gallery-icon landscape\"><img loading=\"lazy\" decoding=\"async\" width=\"819\" height=\"1024\" src=\"https:\/\/graziamagazine.com\/mx\/wp-content\/uploads\/sites\/13\/2022\/11\/Balenciaga-3.jpeg\" class=\"lazy\" alt=\"\" \/><\/div><figcaption class=\"wp-caption-text gallery-caption\" id=\"gallery-2-118761\">Foto: Balenciaga<\/figcaption><\/figure><figure class=\"gallery-item\"><div class=\"gallery-icon landscape\"><img loading=\"lazy\" decoding=\"async\" width=\"819\" height=\"1024\" src=\"https:\/\/graziamagazine.com\/mx\/wp-content\/uploads\/sites\/13\/2022\/11\/Balenciaga-5.jpeg\" class=\"lazy\" alt=\"\" \/><\/div><figcaption class=\"wp-caption-text gallery-caption\" id=\"gallery-2-118759\">Foto: Balenciaga<\/figcaption><\/figure><\/div><\/div>\n<p>Bella es una modelo internacional que ha acaparado las pasarelas m\u00e1s importantes del mundo. Sin duda, hoy es un referente de las pasarelas y los mejores dise\u00f1adores quieren trabajar con ella.<\/p>\n<p>Salt\u00f3 a la fama en una pasarela de <strong>Victoria\u00b4s Secret<\/strong> y desde ese momento solo ha participado en desfiles y campa\u00f1as del m\u00e1s alto nivel. Sin embargo, desde el 2012 ha destacado en el mundo del modelaje.<\/p>\n","protected":false},"author":36289,"featured_media":118766,"template":"","format":"standard","categories":[12517],"acf":[],"yoast_head":"<!-- This site is optimized with the Yoast SEO Premium plugin v18.5 (Yoast SEO v20.4) - https:\/\/yoast.com\/wordpress\/plugins\/seo\/ -->\n<title>Balenciaga presenta las im\u00e1genes de Bella Hadid y la nueva campa\u00f1a con Adidas | Grazia M\u00e9xico y Latinoam\u00e9rica<\/title>\n<meta name=\"description\" content=\"Adidas y Balenciaga se unieron en una colaboraci\u00f3n tanto exclusiva como poco convencional donde la cara de la campa\u00f1a es la modelo Bella Hadid. Para\" \/>\n<meta name=\"robots\" content=\"index, follow, max-snippet:-1, max-image-preview:large, max-video-preview:-1\" \/>\n<link rel=\"canonical\" href=\"https:\/\/graziamagazine.com\/mx\/articles\/balenciaga-presenta-imagenes-bella-hadid-nueva-campana-adidas\/\" \/>\n<meta property=\"og:locale\" content=\"es_MX\" \/>\n<meta property=\"og:type\" content=\"article\" \/>\n<meta property=\"og:title\" content=\"Balenciaga presenta las im\u00e1genes de Bella Hadid y la nueva campa\u00f1a con Adidas\" \/>\n<meta property=\"og:description\" content=\"Adidas y Balenciaga se unieron en una colaboraci\u00f3n tanto exclusiva como poco convencional donde la cara de la campa\u00f1a es la modelo Bella Hadid. Para\" \/>\n<meta property=\"og:url\" content=\"https:\/\/graziamagazine.com\/mx\/articles\/balenciaga-presenta-imagenes-bella-hadid-nueva-campana-adidas\/\" \/>\n<meta property=\"og:site_name\" content=\"Grazia M\u00e9xico y Latinoam\u00e9rica\" \/>\n<meta property=\"article:modified_time\" content=\"2022-11-06T06:09:34+00:00\" \/>\n<meta property=\"og:image\" content=\"https:\/\/graziamagazine.com\/mx\/wp-content\/uploads\/sites\/13\/2022\/11\/bale-e1667607851726.jpg\" \/>\n\t<meta property=\"og:image:width\" content=\"1281\" \/>\n\t<meta property=\"og:image:height\" content=\"720\" \/>\n\t<meta property=\"og:image:type\" content=\"image\/jpeg\" \/>\n<meta name=\"twitter:card\" content=\"summary_large_image\" \/>\n<meta name=\"twitter:label1\" content=\"Est. reading time\" \/>\n\t<meta name=\"twitter:data1\" content=\"2 minutos\" \/>\n<script type=\"application\/ld+json\" class=\"yoast-schema-graph\">{\"@context\":\"https:\/\/schema.org\",\"@graph\":[{\"@type\":\"WebPage\",\"@id\":\"https:\/\/graziamagazine.com\/mx\/articles\/balenciaga-presenta-imagenes-bella-hadid-nueva-campana-adidas\/\",\"url\":\"https:\/\/graziamagazine.com\/mx\/articles\/balenciaga-presenta-imagenes-bella-hadid-nueva-campana-adidas\/\",\"name\":\"Balenciaga presenta las im\u00e1genes de Bella Hadid y la nueva campa\u00f1a con Adidas | Grazia M\u00e9xico y Latinoam\u00e9rica\",\"isPartOf\":{\"@id\":\"https:\/\/graziamagazine.com\/mx\/#website\"},\"datePublished\":\"2022-11-05T00:19:39+00:00\",\"dateModified\":\"2022-11-06T06:09:34+00:00\",\"description\":\"Adidas y Balenciaga se unieron en una colaboraci\u00f3n tanto exclusiva como poco convencional donde la cara de la campa\u00f1a es la modelo Bella Hadid. Para\",\"breadcrumb\":{\"@id\":\"https:\/\/graziamagazine.com\/mx\/articles\/balenciaga-presenta-imagenes-bella-hadid-nueva-campana-adidas\/#breadcrumb\"},\"inLanguage\":\"es-MX\",\"potentialAction\":[{\"@type\":\"ReadAction\",\"target\":[\"https:\/\/graziamagazine.com\/mx\/articles\/balenciaga-presenta-imagenes-bella-hadid-nueva-campana-adidas\/\"]}]},{\"@type\":\"BreadcrumbList\",\"@id\":\"https:\/\/graziamagazine.com\/mx\/articles\/balenciaga-presenta-imagenes-bella-hadid-nueva-campana-adidas\/#breadcrumb\",\"itemListElement\":[{\"@type\":\"ListItem\",\"position\":1,\"name\":\"Home\",\"item\":\"https:\/\/graziamagazine.com\/mx\/\"},{\"@type\":\"ListItem\",\"position\":2,\"name\":\"Balenciaga presenta las im\u00e1genes de Bella Hadid y la nueva campa\u00f1a con Adidas\"}]},{\"@type\":\"WebSite\",\"@id\":\"https:\/\/graziamagazine.com\/mx\/#website\",\"url\":\"https:\/\/graziamagazine.com\/mx\/\",\"name\":\"Grazia M\u00e9xico y Latinoam\u00e9rica\",\"description\":\"Grazia es moda, belleza y noticias  de actualidad \",\"potentialAction\":[{\"@type\":\"SearchAction\",\"target\":{\"@type\":\"EntryPoint\",\"urlTemplate\":\"https:\/\/graziamagazine.com\/mx\/?s={search_term_string}\"},\"query-input\":\"required name=search_term_string\"}],\"inLanguage\":\"es-MX\"}]}<\/script>\n<!-- \/ Yoast SEO Premium plugin. -->","yoast_head_json":{"title":"Balenciaga presenta las im\u00e1genes de Bella Hadid y la nueva campa\u00f1a con Adidas | Grazia M\u00e9xico y Latinoam\u00e9rica","description":"Adidas y Balenciaga se unieron en una colaboraci\u00f3n tanto exclusiva como poco convencional donde la cara de la campa\u00f1a es la modelo Bella Hadid. Para","robots":{"index":"index","follow":"follow","max-snippet":"max-snippet:-1","max-image-preview":"max-image-preview:large","max-video-preview":"max-video-preview:-1"},"canonical":"https:\/\/graziamagazine.com\/mx\/articles\/balenciaga-presenta-imagenes-bella-hadid-nueva-campana-adidas\/","og_locale":"es_MX","og_type":"article","og_title":"Balenciaga presenta las im\u00e1genes de Bella Hadid y la nueva campa\u00f1a con Adidas","og_description":"Adidas y Balenciaga se unieron en una colaboraci\u00f3n tanto exclusiva como poco convencional donde la cara de la campa\u00f1a es la modelo Bella Hadid. Para","og_url":"https:\/\/graziamagazine.com\/mx\/articles\/balenciaga-presenta-imagenes-bella-hadid-nueva-campana-adidas\/","og_site_name":"Grazia M\u00e9xico y Latinoam\u00e9rica","article_modified_time":"2022-11-06T06:09:34+00:00","og_image":[{"width":1281,"height":720,"url":"https:\/\/graziamagazine.com\/mx\/wp-content\/uploads\/sites\/13\/2022\/11\/bale-e1667607851726.jpg","type":"image\/jpeg"}],"twitter_card":"summary_large_image","twitter_misc":{"Est. reading time":"2 minutos"},"schema":{"@context":"https:\/\/schema.org","@graph":[{"@type":"WebPage","@id":"https:\/\/graziamagazine.com\/mx\/articles\/balenciaga-presenta-imagenes-bella-hadid-nueva-campana-adidas\/","url":"https:\/\/graziamagazine.com\/mx\/articles\/balenciaga-presenta-imagenes-bella-hadid-nueva-campana-adidas\/","name":"Balenciaga presenta las im\u00e1genes de Bella Hadid y la nueva campa\u00f1a con Adidas | Grazia M\u00e9xico y Latinoam\u00e9rica","isPartOf":{"@id":"https:\/\/graziamagazine.com\/mx\/#website"},"datePublished":"2022-11-05T00:19:39+00:00","dateModified":"2022-11-06T06:09:34+00:00","description":"Adidas y Balenciaga se unieron en una colaboraci\u00f3n tanto exclusiva como poco convencional donde la cara de la campa\u00f1a es la modelo Bella Hadid. Para","breadcrumb":{"@id":"https:\/\/graziamagazine.com\/mx\/articles\/balenciaga-presenta-imagenes-bella-hadid-nueva-campana-adidas\/#breadcrumb"},"inLanguage":"es-MX","potentialAction":[{"@type":"ReadAction","target":["https:\/\/graziamagazine.com\/mx\/articles\/balenciaga-presenta-imagenes-bella-hadid-nueva-campana-adidas\/"]}]},{"@type":"BreadcrumbList","@id":"https:\/\/graziamagazine.com\/mx\/articles\/balenciaga-presenta-imagenes-bella-hadid-nueva-campana-adidas\/#breadcrumb","itemListElement":[{"@type":"ListItem","position":1,"name":"Home","item":"https:\/\/graziamagazine.com\/mx\/"},{"@type":"ListItem","position":2,"name":"Balenciaga presenta las im\u00e1genes de Bella Hadid y la nueva campa\u00f1a con Adidas"}]},{"@type":"WebSite","@id":"https:\/\/graziamagazine.com\/mx\/#website","url":"https:\/\/graziamagazine.com\/mx\/","name":"Grazia M\u00e9xico y Latinoam\u00e9rica","description":"Grazia es moda, belleza y noticias  de actualidad ","potentialAction":[{"@type":"SearchAction","target":{"@type":"EntryPoint","urlTemplate":"https:\/\/graziamagazine.com\/mx\/?s={search_term_string}"},"query-input":"required name=search_term_string"}],"inLanguage":"es-MX"}]}},"jetpack_sharing_enabled":true,"distributor_meta":false,"distributor_terms":false,"distributor_media":false,"distributor_original_site_name":"Grazia M\u00e9xico y Latinoam\u00e9rica","distributor_original_site_url":"https:\/\/graziamagazine.com\/mx","push-errors":false,"_links":{"self":[{"href":"https:\/\/graziamagazine.com\/mx\/wp-json\/wp\/v2\/articles\/118756"}],"collection":[{"href":"https:\/\/graziamagazine.com\/mx\/wp-json\/wp\/v2\/articles"}],"about":[{"href":"https:\/\/graziamagazine.com\/mx\/wp-json\/wp\/v2\/types\/articles"}],"author":[{"embeddable":true,"href":"https:\/\/graziamagazine.com\/mx\/wp-json\/wp\/v2\/users\/36289"}],"wp:featuredmedia":[{"embeddable":true,"href":"https:\/\/graziamagazine.com\/mx\/wp-json\/wp\/v2\/media\/118766"}],"wp:attachment":[{"href":"https:\/\/graziamagazine.com\/mx\/wp-json\/wp\/v2\/media?parent=118756"}],"wp:term":[{"taxonomy":"category","embeddable":true,"href":"https:\/\/graziamagazine.com\/mx\/wp-json\/wp\/v2\/categories?post=118756"}],"curies":[{"name":"wp","href":"https:\/\/api.w.org\/{rel}","templated":true}]}}