{"id":118605,"date":"2022-11-01T11:13:36","date_gmt":"2022-11-01T16:13:36","guid":{"rendered":"https:\/\/graziamagazine.com\/mx\/?post_type=articles&#038;p=118605"},"modified":"2022-11-02T08:01:29","modified_gmt":"2022-11-02T13:01:29","slug":"estos-son-lugares-emblematicos-celebrar-dia-de-muertos","status":"publish","type":"articles","link":"https:\/\/graziamagazine.com\/mx\/articles\/estos-son-lugares-emblematicos-celebrar-dia-de-muertos\/","title":{"rendered":"Estos son los lugares emblem\u00e1ticos para celebrar el d\u00eda de muertos"},"content":{"rendered":"<p>Nuestro pa\u00eds est\u00e1 lleno de <strong>tradiciones<\/strong> y una de ellas es el <strong>d\u00eda de muertos<\/strong>. Y aunque la principal representaci\u00f3n es el altar, hay rincones de M\u00e9xico que se visten de gala con otras formas de celebraci\u00f3n.<\/p>\n<p>Desde <strong>tapetes<\/strong> de arena, hasta <strong>pescadores<\/strong> que salen de noche para hacer una velaci\u00f3n que se vuelve un <strong>espect\u00e1culo<\/strong> para quienes est\u00e1n a la orilla.<\/p>\n<p>Te dejamos una lista de los <strong>principales lugares <\/strong>donde se celebra, de forma muy original, el d\u00eda de muertos.<\/p>\n<p>&nbsp;<\/p>\n<h3>P\u00c1TZCUARO, MICHOAC\u00c1N<\/h3>\n<p>El evento principal es el 1 y 2 de noviembre durante la tradicional velaci\u00f3n de la Noche de Muertos. Los pescadores salen a navegar con redes de mariposa iluminadas con veladoras. El espect\u00e1culo se ve desde las orillas del lago.<\/p>\n<figure id=\"attachment_118607\" aria-describedby=\"caption-attachment-118607\" style=\"width: 723px\" class=\"wp-caption alignnone\"><img loading=\"lazy\" decoding=\"async\" class=\"wp-image-118607 size-large\" src=\"https:\/\/graziamagazine.com\/mx\/wp-content\/uploads\/sites\/13\/2022\/11\/GettyImages-511439830-e1667319543191.jpg?w=723\" alt=\"\" width=\"723\" height=\"483\" \/><figcaption id=\"caption-attachment-118607\" class=\"wp-caption-text\">P\u00e1tzcuaro\/Getty<\/figcaption><\/figure>\n<p>&nbsp;<\/p>\n<h3>XILITLA, SAN LUIS POTOS\u00cd<\/h3>\n<p>Xantolo es la festividad principal de esta zona que inicia con una velaci\u00f3n con incienso.<\/p>\n<p>Durante la noche, aquellos que han perdido un familiar tocan y bailan la Danza de la Malinche. Tambi\u00e9n hay desfiles con catrinas que atraviesan el pueblo, hasta llegar al pante\u00f3n iluminado.<\/p>\n<figure id=\"attachment_118606\" aria-describedby=\"caption-attachment-118606\" style=\"width: 683px\" class=\"wp-caption alignnone\"><img loading=\"lazy\" decoding=\"async\" class=\"wp-image-118606 size-large\" src=\"https:\/\/graziamagazine.com\/mx\/wp-content\/uploads\/sites\/13\/2022\/11\/GettyImages-1197816345.jpg?w=683\" alt=\"\" width=\"683\" height=\"512\" \/><figcaption id=\"caption-attachment-118606\" class=\"wp-caption-text\">Xilitla\/Getty<\/figcaption><\/figure>\n<p>&nbsp;<\/p>\n<h3>SAN MIGUEL DE ALLENDE, GUANAJUATO<\/h3>\n<p>Del 29 de octubre al 2 de noviembre, se realiza el Festival La Calaca\u00a0en donde encontrar\u00e1s m\u00fasica, teatro, danza y un desfile de catrinas y catrines.<\/p>\n<figure id=\"attachment_118609\" aria-describedby=\"caption-attachment-118609\" style=\"width: 723px\" class=\"wp-caption alignnone\"><img loading=\"lazy\" decoding=\"async\" class=\"wp-image-118609 size-large\" src=\"https:\/\/graziamagazine.com\/mx\/wp-content\/uploads\/sites\/13\/2022\/11\/GettyImages-160924277.jpg?w=723\" alt=\"\" width=\"723\" height=\"484\" \/><figcaption id=\"caption-attachment-118609\" class=\"wp-caption-text\">San Miguel de Allende\/Getty<\/figcaption><\/figure>\n<p>&nbsp;<\/p>\n<h3>CIUDAD DE OAXACA, OAXACA<\/h3>\n<p>En la Alameda del Le\u00f3n hay que ver los tapetes de arena coloreada\u00a0con pigmentos de los artistas locales. La festividad se lleva a cabo el 1 y 2 de noviembre.<\/p>\n<figure id=\"attachment_118610\" aria-describedby=\"caption-attachment-118610\" style=\"width: 724px\" class=\"wp-caption alignnone\"><img loading=\"lazy\" decoding=\"async\" class=\"wp-image-118610 size-large\" src=\"https:\/\/graziamagazine.com\/mx\/wp-content\/uploads\/sites\/13\/2022\/11\/GettyImages-sb10067081e-001.jpg?w=724\" alt=\"\" width=\"724\" height=\"483\" \/><figcaption id=\"caption-attachment-118610\" class=\"wp-caption-text\">Oaxaca\/Getty<\/figcaption><\/figure>\n<p>&nbsp;<\/p>\n<h3>CIUDAD DE PUEBLA<\/h3>\n<p>Atlixco, es un peculiar pueblo en las faldas y el 2 de noviembre realiza el Desfile de Calaveras. Tambi\u00e9n vale la pena ir a\u00a0Tochimilco, otro poblado en el que las casas son adornadas con flor de cempas\u00fachil y los altares.<\/p>\n<figure id=\"attachment_118608\" aria-describedby=\"caption-attachment-118608\" style=\"width: 724px\" class=\"wp-caption alignnone\"><img loading=\"lazy\" decoding=\"async\" class=\"wp-image-118608 size-large\" src=\"https:\/\/graziamagazine.com\/mx\/wp-content\/uploads\/sites\/13\/2022\/11\/GettyImages-996088358.jpg?w=724\" alt=\"\" width=\"724\" height=\"483\" \/><figcaption id=\"caption-attachment-118608\" class=\"wp-caption-text\">Z\u00f3calo de Puebla\/Getty<\/figcaption><\/figure>\n<p>&nbsp;<\/p>\n<h3>TAXCO DE ALARC\u00d3N, GUERRERO<\/h3>\n<p>Un concurso de ofrendas los d\u00edas 1 y 2 de noviembre adorna la ciudad. Lo hacen en los callejones aleda\u00f1os a la\u00a0Parroquia de Santa Prisca. Adem\u00e1s, hay una obra de teatro sobre Leyenda de las Estacadas\u00a0en la calle hom\u00f3nima.<\/p>\n<figure id=\"attachment_118611\" aria-describedby=\"caption-attachment-118611\" style=\"width: 724px\" class=\"wp-caption alignnone\"><img loading=\"lazy\" decoding=\"async\" class=\"wp-image-118611 size-large\" src=\"https:\/\/graziamagazine.com\/mx\/wp-content\/uploads\/sites\/13\/2022\/11\/GettyImages-592517761.jpg?w=724\" alt=\"\" width=\"724\" height=\"482\" \/><figcaption id=\"caption-attachment-118611\" class=\"wp-caption-text\">Taxco\/Getty<\/figcaption><\/figure>\n<p>&nbsp;<\/p>\n<p>Cada lugar se pinta de colores y en especial del amarillo de la flor de cempas\u00fachil que es una planta originaria de M\u00e9xico y Centroam\u00e9rica que florece durante el oto\u00f1o, cerca del D\u00eda de Muertos.\u00a0 Es el adorno que no puede faltar en las decoraciones, ofrendas y altares.<\/p>\n<p>No tienes pretexto, a\u00fan puedes visitar algunos de estos pueblos mexicanos, que m\u00e1s all\u00e1 de la festividad, son hermosos por s\u00ed solos. Su gente, su comida, sus tradiciones. No dejes de visitarlos en esta o cualquier \u00e9poca del a\u00f1o.<\/p>\n","protected":false},"author":36289,"featured_media":118607,"template":"","format":"standard","categories":[114],"acf":[],"yoast_head":"<!-- This site is optimized with the Yoast SEO Premium plugin v18.5 (Yoast SEO v20.4) - https:\/\/yoast.com\/wordpress\/plugins\/seo\/ -->\n<title>Estos son los lugares emblem\u00e1ticos para celebrar el d\u00eda de muertos | Grazia M\u00e9xico y Latinoam\u00e9rica<\/title>\n<meta name=\"description\" content=\"Nuestro pa\u00eds est\u00e1 lleno de tradiciones y una de ellas es el d\u00eda de muertos. Y aunque la principal representaci\u00f3n es el altar, hay rincones de M\u00e9xico que\" \/>\n<meta name=\"robots\" content=\"index, follow, max-snippet:-1, max-image-preview:large, max-video-preview:-1\" \/>\n<link rel=\"canonical\" href=\"https:\/\/graziamagazine.com\/mx\/articles\/estos-son-lugares-emblematicos-celebrar-dia-de-muertos\/\" \/>\n<meta property=\"og:locale\" content=\"es_MX\" \/>\n<meta property=\"og:type\" content=\"article\" \/>\n<meta property=\"og:title\" content=\"Estos son los lugares emblem\u00e1ticos para celebrar el d\u00eda de muertos\" \/>\n<meta property=\"og:description\" content=\"Nuestro pa\u00eds est\u00e1 lleno de tradiciones y una de ellas es el d\u00eda de muertos. Y aunque la principal representaci\u00f3n es el altar, hay rincones de M\u00e9xico que\" \/>\n<meta property=\"og:url\" content=\"https:\/\/graziamagazine.com\/mx\/articles\/estos-son-lugares-emblematicos-celebrar-dia-de-muertos\/\" \/>\n<meta property=\"og:site_name\" content=\"Grazia M\u00e9xico y Latinoam\u00e9rica\" \/>\n<meta property=\"article:modified_time\" content=\"2022-11-02T13:01:29+00:00\" \/>\n<meta property=\"og:image\" content=\"https:\/\/graziamagazine.com\/mx\/wp-content\/uploads\/sites\/13\/2022\/11\/GettyImages-511439830-e1667319543191.jpg\" \/>\n\t<meta property=\"og:image:width\" content=\"723\" \/>\n\t<meta property=\"og:image:height\" content=\"483\" \/>\n\t<meta property=\"og:image:type\" content=\"image\/jpeg\" \/>\n<meta name=\"twitter:card\" content=\"summary_large_image\" \/>\n<meta name=\"twitter:label1\" content=\"Est. reading time\" \/>\n\t<meta name=\"twitter:data1\" content=\"4 minutos\" \/>\n<script type=\"application\/ld+json\" class=\"yoast-schema-graph\">{\"@context\":\"https:\/\/schema.org\",\"@graph\":[{\"@type\":\"WebPage\",\"@id\":\"https:\/\/graziamagazine.com\/mx\/articles\/estos-son-lugares-emblematicos-celebrar-dia-de-muertos\/\",\"url\":\"https:\/\/graziamagazine.com\/mx\/articles\/estos-son-lugares-emblematicos-celebrar-dia-de-muertos\/\",\"name\":\"Estos son los lugares emblem\u00e1ticos para celebrar el d\u00eda de muertos | Grazia M\u00e9xico y Latinoam\u00e9rica\",\"isPartOf\":{\"@id\":\"https:\/\/graziamagazine.com\/mx\/#website\"},\"datePublished\":\"2022-11-01T16:13:36+00:00\",\"dateModified\":\"2022-11-02T13:01:29+00:00\",\"description\":\"Nuestro pa\u00eds est\u00e1 lleno de tradiciones y una de ellas es el d\u00eda de muertos. Y aunque la principal representaci\u00f3n es el altar, hay rincones de M\u00e9xico que\",\"breadcrumb\":{\"@id\":\"https:\/\/graziamagazine.com\/mx\/articles\/estos-son-lugares-emblematicos-celebrar-dia-de-muertos\/#breadcrumb\"},\"inLanguage\":\"es-MX\",\"potentialAction\":[{\"@type\":\"ReadAction\",\"target\":[\"https:\/\/graziamagazine.com\/mx\/articles\/estos-son-lugares-emblematicos-celebrar-dia-de-muertos\/\"]}]},{\"@type\":\"BreadcrumbList\",\"@id\":\"https:\/\/graziamagazine.com\/mx\/articles\/estos-son-lugares-emblematicos-celebrar-dia-de-muertos\/#breadcrumb\",\"itemListElement\":[{\"@type\":\"ListItem\",\"position\":1,\"name\":\"Home\",\"item\":\"https:\/\/graziamagazine.com\/mx\/\"},{\"@type\":\"ListItem\",\"position\":2,\"name\":\"Estos son los lugares emblem\u00e1ticos para celebrar el d\u00eda de muertos\"}]},{\"@type\":\"WebSite\",\"@id\":\"https:\/\/graziamagazine.com\/mx\/#website\",\"url\":\"https:\/\/graziamagazine.com\/mx\/\",\"name\":\"Grazia M\u00e9xico y Latinoam\u00e9rica\",\"description\":\"Grazia es moda, belleza y noticias  de actualidad \",\"potentialAction\":[{\"@type\":\"SearchAction\",\"target\":{\"@type\":\"EntryPoint\",\"urlTemplate\":\"https:\/\/graziamagazine.com\/mx\/?s={search_term_string}\"},\"query-input\":\"required name=search_term_string\"}],\"inLanguage\":\"es-MX\"}]}<\/script>\n<!-- \/ Yoast SEO Premium plugin. -->","yoast_head_json":{"title":"Estos son los lugares emblem\u00e1ticos para celebrar el d\u00eda de muertos | Grazia M\u00e9xico y Latinoam\u00e9rica","description":"Nuestro pa\u00eds est\u00e1 lleno de tradiciones y una de ellas es el d\u00eda de muertos. Y aunque la principal representaci\u00f3n es el altar, hay rincones de M\u00e9xico que","robots":{"index":"index","follow":"follow","max-snippet":"max-snippet:-1","max-image-preview":"max-image-preview:large","max-video-preview":"max-video-preview:-1"},"canonical":"https:\/\/graziamagazine.com\/mx\/articles\/estos-son-lugares-emblematicos-celebrar-dia-de-muertos\/","og_locale":"es_MX","og_type":"article","og_title":"Estos son los lugares emblem\u00e1ticos para celebrar el d\u00eda de muertos","og_description":"Nuestro pa\u00eds est\u00e1 lleno de tradiciones y una de ellas es el d\u00eda de muertos. Y aunque la principal representaci\u00f3n es el altar, hay rincones de M\u00e9xico que","og_url":"https:\/\/graziamagazine.com\/mx\/articles\/estos-son-lugares-emblematicos-celebrar-dia-de-muertos\/","og_site_name":"Grazia M\u00e9xico y Latinoam\u00e9rica","article_modified_time":"2022-11-02T13:01:29+00:00","og_image":[{"width":723,"height":483,"url":"https:\/\/graziamagazine.com\/mx\/wp-content\/uploads\/sites\/13\/2022\/11\/GettyImages-511439830-e1667319543191.jpg","type":"image\/jpeg"}],"twitter_card":"summary_large_image","twitter_misc":{"Est. reading time":"4 minutos"},"schema":{"@context":"https:\/\/schema.org","@graph":[{"@type":"WebPage","@id":"https:\/\/graziamagazine.com\/mx\/articles\/estos-son-lugares-emblematicos-celebrar-dia-de-muertos\/","url":"https:\/\/graziamagazine.com\/mx\/articles\/estos-son-lugares-emblematicos-celebrar-dia-de-muertos\/","name":"Estos son los lugares emblem\u00e1ticos para celebrar el d\u00eda de muertos | Grazia M\u00e9xico y Latinoam\u00e9rica","isPartOf":{"@id":"https:\/\/graziamagazine.com\/mx\/#website"},"datePublished":"2022-11-01T16:13:36+00:00","dateModified":"2022-11-02T13:01:29+00:00","description":"Nuestro pa\u00eds est\u00e1 lleno de tradiciones y una de ellas es el d\u00eda de muertos. Y aunque la principal representaci\u00f3n es el altar, hay rincones de M\u00e9xico que","breadcrumb":{"@id":"https:\/\/graziamagazine.com\/mx\/articles\/estos-son-lugares-emblematicos-celebrar-dia-de-muertos\/#breadcrumb"},"inLanguage":"es-MX","potentialAction":[{"@type":"ReadAction","target":["https:\/\/graziamagazine.com\/mx\/articles\/estos-son-lugares-emblematicos-celebrar-dia-de-muertos\/"]}]},{"@type":"BreadcrumbList","@id":"https:\/\/graziamagazine.com\/mx\/articles\/estos-son-lugares-emblematicos-celebrar-dia-de-muertos\/#breadcrumb","itemListElement":[{"@type":"ListItem","position":1,"name":"Home","item":"https:\/\/graziamagazine.com\/mx\/"},{"@type":"ListItem","position":2,"name":"Estos son los lugares emblem\u00e1ticos para celebrar el d\u00eda de muertos"}]},{"@type":"WebSite","@id":"https:\/\/graziamagazine.com\/mx\/#website","url":"https:\/\/graziamagazine.com\/mx\/","name":"Grazia M\u00e9xico y Latinoam\u00e9rica","description":"Grazia es moda, belleza y noticias  de actualidad ","potentialAction":[{"@type":"SearchAction","target":{"@type":"EntryPoint","urlTemplate":"https:\/\/graziamagazine.com\/mx\/?s={search_term_string}"},"query-input":"required name=search_term_string"}],"inLanguage":"es-MX"}]}},"jetpack_sharing_enabled":true,"distributor_meta":false,"distributor_terms":false,"distributor_media":false,"distributor_original_site_name":"Grazia M\u00e9xico y Latinoam\u00e9rica","distributor_original_site_url":"https:\/\/graziamagazine.com\/mx","push-errors":false,"_links":{"self":[{"href":"https:\/\/graziamagazine.com\/mx\/wp-json\/wp\/v2\/articles\/118605"}],"collection":[{"href":"https:\/\/graziamagazine.com\/mx\/wp-json\/wp\/v2\/articles"}],"about":[{"href":"https:\/\/graziamagazine.com\/mx\/wp-json\/wp\/v2\/types\/articles"}],"author":[{"embeddable":true,"href":"https:\/\/graziamagazine.com\/mx\/wp-json\/wp\/v2\/users\/36289"}],"wp:featuredmedia":[{"embeddable":true,"href":"https:\/\/graziamagazine.com\/mx\/wp-json\/wp\/v2\/media\/118607"}],"wp:attachment":[{"href":"https:\/\/graziamagazine.com\/mx\/wp-json\/wp\/v2\/media?parent=118605"}],"wp:term":[{"taxonomy":"category","embeddable":true,"href":"https:\/\/graziamagazine.com\/mx\/wp-json\/wp\/v2\/categories?post=118605"}],"curies":[{"name":"wp","href":"https:\/\/api.w.org\/{rel}","templated":true}]}}