{"id":118479,"date":"2022-10-27T08:46:15","date_gmt":"2022-10-27T13:46:15","guid":{"rendered":"https:\/\/graziamagazine.com\/mx\/?post_type=articles&#038;p=118479"},"modified":"2022-10-27T08:49:55","modified_gmt":"2022-10-27T13:49:55","slug":"ruido-la-cinta-sobre-madres-que-jamas-dejan-de-buscar-a-sus-hijas-llega-a-netflix","status":"publish","type":"articles","link":"https:\/\/graziamagazine.com\/mx\/articles\/ruido-la-cinta-sobre-madres-que-jamas-dejan-de-buscar-a-sus-hijas-llega-a-netflix\/","title":{"rendered":"\u2018Ruido\u2019, la cinta sobre madres que jam\u00e1s dejan de buscar a sus hijos, llega a Netflix"},"content":{"rendered":"<p><span style=\"font-weight: 400\">En el marco del <strong>Festival Internacional de Cine de Morelia 2022<\/strong> se present\u00f3 la pel\u00edcula <em><strong>Ruido<\/strong><\/em>, el 24 de octubre, para contar la dif\u00edcil historia de decenas de madres que han perdido a sus hijos por distintas razones en un pa\u00eds inseguro y lleno de feminicidios, como M\u00e9xico.<\/span><\/p>\n<p><span style=\"font-weight: 400\">La cinta de la directora Natalia Berist\u00e1in l<strong>legar\u00e1 a Netflix el pr\u00f3ximo 11 de enero.<\/strong><\/span><\/p>\n<p><span style=\"font-weight: 400\">El largometraje fue presentado en Morelia por Berist\u00e1in, as\u00ed como por Julieta Egurrola, Teresa Ruiz, Arturo Berist\u00e1in y las madres de desaparecidos, Edith y Lupita.<\/span><\/p>\n<p><span style=\"font-weight: 400\">Ruido nos lleva a conocer la historia de Julia, una de tantas madres, hermanas, hijas o compa\u00f1eras que han sido atravesadas por las violencias propias de un territorio en guerra con sus mujeres. Territorio en el que Julia busca a Ger, su hija, y al hacerlo ir\u00e1 tejiendo redes con distintas mujeres y sus luchas.<\/span><\/p>\n<p><img loading=\"lazy\" decoding=\"async\" class=\"size-medium wp-image-118480 aligncenter\" src=\"https:\/\/graziamagazine.com\/mx\/wp-content\/uploads\/sites\/13\/2022\/10\/FICM_RUIDO-PressConference_2399.jpg?w=450\" alt=\"ruido\" width=\"450\" height=\"300\" \/><\/p>\n<p><span style=\"font-weight: 400\">&#8220;M\u00e9xico est\u00e1 atravesado por historias violentas y brutales que marcan la vida de\u00a0 familias destrozadas por las desapariciones. Desde ah\u00ed filmamos esta pel\u00edcula y llamamos a expandir un ruido tan atractivo e inspirador, como molesto e inc\u00f3modo, que teja lazos al interior de la sociedad para cambiar una realidad nacional que nos agravia. Se trata de tener presente el poder de lo colectivo en la b\u00fasqueda de verdad, justicia y\u00a0 memoria\u201d, dijo Natalia Berist\u00e1in.<\/span><\/p>\n<p><span style=\"font-weight: 400\">Ruido gan\u00f3 el Premio de la Cooperaci\u00f3n Espa\u00f1ola en el Festival de Cine de San Sebasti\u00e1n y se estrenar\u00e1 en cines seleccionados el 5 de enero, antes de su estreno global en Netflix.<\/span><\/p>\n<p><span style=\"font-weight: 400\">Te dejamos el <em>trailer.\u00a0<\/em><\/span><\/p>\n<p><iframe loading=\"lazy\" title=\"Ruido | Tr\u00e1iler oficial | Netflix\" width=\"500\" height=\"281\" src=\"https:\/\/www.youtube.com\/embed\/pRtbMGFxgZI?feature=oembed\" frameborder=\"0\" allow=\"accelerometer; autoplay; clipboard-write; encrypted-media; gyroscope; picture-in-picture\" allowfullscreen><\/iframe><\/p>\n","protected":false},"author":11628,"featured_media":118481,"template":"","format":"standard","categories":[12832],"acf":[],"yoast_head":"<!-- This site is optimized with the Yoast SEO Premium plugin v18.5 (Yoast SEO v20.4) - https:\/\/yoast.com\/wordpress\/plugins\/seo\/ -->\n<title>\u2018Ruido\u2019, la cinta sobre madres que jam\u00e1s dejan de buscar a sus hijas, llega a Netflix<\/title>\n<meta name=\"description\" content=\"En el marco del Festival Internacional de Cine de Morelia 2022 se present\u00f3 la pel\u00edcula Ruido, el 24 de octubre, para contar la dif\u00edcil historia de decenas\" \/>\n<meta name=\"robots\" content=\"index, follow, max-snippet:-1, max-image-preview:large, max-video-preview:-1\" \/>\n<link rel=\"canonical\" href=\"https:\/\/graziamagazine.com\/mx\/articles\/ruido-la-cinta-sobre-madres-que-jamas-dejan-de-buscar-a-sus-hijas-llega-a-netflix\/\" \/>\n<meta property=\"og:locale\" content=\"es_MX\" \/>\n<meta property=\"og:type\" content=\"article\" \/>\n<meta property=\"og:title\" content=\"\u2018Ruido\u2019, la cinta sobre madres que jam\u00e1s dejan de buscar a sus hijos, llega a Netflix\" \/>\n<meta property=\"og:description\" content=\"En el marco del Festival Internacional de Cine de Morelia 2022 se present\u00f3 la pel\u00edcula Ruido, el 24 de octubre, para contar la dif\u00edcil historia de decenas\" \/>\n<meta property=\"og:url\" content=\"https:\/\/graziamagazine.com\/mx\/articles\/ruido-la-cinta-sobre-madres-que-jamas-dejan-de-buscar-a-sus-hijas-llega-a-netflix\/\" \/>\n<meta property=\"og:site_name\" content=\"Grazia M\u00e9xico y Latinoam\u00e9rica\" \/>\n<meta property=\"article:modified_time\" content=\"2022-10-27T13:49:55+00:00\" \/>\n<meta property=\"og:image\" content=\"https:\/\/graziamagazine.com\/mx\/wp-content\/uploads\/sites\/13\/2022\/10\/Untitled.jpg\" \/>\n\t<meta property=\"og:image:width\" content=\"2048\" \/>\n\t<meta property=\"og:image:height\" content=\"1419\" \/>\n\t<meta property=\"og:image:type\" content=\"image\/jpeg\" \/>\n<meta name=\"twitter:card\" content=\"summary_large_image\" \/>\n<meta name=\"twitter:label1\" content=\"Est. reading time\" \/>\n\t<meta name=\"twitter:data1\" content=\"2 minutos\" \/>\n<script type=\"application\/ld+json\" class=\"yoast-schema-graph\">{\"@context\":\"https:\/\/schema.org\",\"@graph\":[{\"@type\":\"WebPage\",\"@id\":\"https:\/\/graziamagazine.com\/mx\/articles\/ruido-la-cinta-sobre-madres-que-jamas-dejan-de-buscar-a-sus-hijas-llega-a-netflix\/\",\"url\":\"https:\/\/graziamagazine.com\/mx\/articles\/ruido-la-cinta-sobre-madres-que-jamas-dejan-de-buscar-a-sus-hijas-llega-a-netflix\/\",\"name\":\"\u2018Ruido\u2019, la cinta sobre madres que jam\u00e1s dejan de buscar a sus hijas, llega a Netflix\",\"isPartOf\":{\"@id\":\"https:\/\/graziamagazine.com\/mx\/#website\"},\"datePublished\":\"2022-10-27T13:46:15+00:00\",\"dateModified\":\"2022-10-27T13:49:55+00:00\",\"description\":\"En el marco del Festival Internacional de Cine de Morelia 2022 se present\u00f3 la pel\u00edcula Ruido, el 24 de octubre, para contar la dif\u00edcil historia de decenas\",\"breadcrumb\":{\"@id\":\"https:\/\/graziamagazine.com\/mx\/articles\/ruido-la-cinta-sobre-madres-que-jamas-dejan-de-buscar-a-sus-hijas-llega-a-netflix\/#breadcrumb\"},\"inLanguage\":\"es-MX\",\"potentialAction\":[{\"@type\":\"ReadAction\",\"target\":[\"https:\/\/graziamagazine.com\/mx\/articles\/ruido-la-cinta-sobre-madres-que-jamas-dejan-de-buscar-a-sus-hijas-llega-a-netflix\/\"]}]},{\"@type\":\"BreadcrumbList\",\"@id\":\"https:\/\/graziamagazine.com\/mx\/articles\/ruido-la-cinta-sobre-madres-que-jamas-dejan-de-buscar-a-sus-hijas-llega-a-netflix\/#breadcrumb\",\"itemListElement\":[{\"@type\":\"ListItem\",\"position\":1,\"name\":\"Home\",\"item\":\"https:\/\/graziamagazine.com\/mx\/\"},{\"@type\":\"ListItem\",\"position\":2,\"name\":\"\u2018Ruido\u2019, la cinta sobre madres que jam\u00e1s dejan de buscar a sus hijos, llega a Netflix\"}]},{\"@type\":\"WebSite\",\"@id\":\"https:\/\/graziamagazine.com\/mx\/#website\",\"url\":\"https:\/\/graziamagazine.com\/mx\/\",\"name\":\"Grazia M\u00e9xico y Latinoam\u00e9rica\",\"description\":\"Grazia es moda, belleza y noticias  de actualidad \",\"potentialAction\":[{\"@type\":\"SearchAction\",\"target\":{\"@type\":\"EntryPoint\",\"urlTemplate\":\"https:\/\/graziamagazine.com\/mx\/?s={search_term_string}\"},\"query-input\":\"required name=search_term_string\"}],\"inLanguage\":\"es-MX\"}]}<\/script>\n<!-- \/ Yoast SEO Premium plugin. -->","yoast_head_json":{"title":"\u2018Ruido\u2019, la cinta sobre madres que jam\u00e1s dejan de buscar a sus hijas, llega a Netflix","description":"En el marco del Festival Internacional de Cine de Morelia 2022 se present\u00f3 la pel\u00edcula Ruido, el 24 de octubre, para contar la dif\u00edcil historia de decenas","robots":{"index":"index","follow":"follow","max-snippet":"max-snippet:-1","max-image-preview":"max-image-preview:large","max-video-preview":"max-video-preview:-1"},"canonical":"https:\/\/graziamagazine.com\/mx\/articles\/ruido-la-cinta-sobre-madres-que-jamas-dejan-de-buscar-a-sus-hijas-llega-a-netflix\/","og_locale":"es_MX","og_type":"article","og_title":"\u2018Ruido\u2019, la cinta sobre madres que jam\u00e1s dejan de buscar a sus hijos, llega a Netflix","og_description":"En el marco del Festival Internacional de Cine de Morelia 2022 se present\u00f3 la pel\u00edcula Ruido, el 24 de octubre, para contar la dif\u00edcil historia de decenas","og_url":"https:\/\/graziamagazine.com\/mx\/articles\/ruido-la-cinta-sobre-madres-que-jamas-dejan-de-buscar-a-sus-hijas-llega-a-netflix\/","og_site_name":"Grazia M\u00e9xico y Latinoam\u00e9rica","article_modified_time":"2022-10-27T13:49:55+00:00","og_image":[{"width":2048,"height":1419,"url":"https:\/\/graziamagazine.com\/mx\/wp-content\/uploads\/sites\/13\/2022\/10\/Untitled.jpg","type":"image\/jpeg"}],"twitter_card":"summary_large_image","twitter_misc":{"Est. reading time":"2 minutos"},"schema":{"@context":"https:\/\/schema.org","@graph":[{"@type":"WebPage","@id":"https:\/\/graziamagazine.com\/mx\/articles\/ruido-la-cinta-sobre-madres-que-jamas-dejan-de-buscar-a-sus-hijas-llega-a-netflix\/","url":"https:\/\/graziamagazine.com\/mx\/articles\/ruido-la-cinta-sobre-madres-que-jamas-dejan-de-buscar-a-sus-hijas-llega-a-netflix\/","name":"\u2018Ruido\u2019, la cinta sobre madres que jam\u00e1s dejan de buscar a sus hijas, llega a Netflix","isPartOf":{"@id":"https:\/\/graziamagazine.com\/mx\/#website"},"datePublished":"2022-10-27T13:46:15+00:00","dateModified":"2022-10-27T13:49:55+00:00","description":"En el marco del Festival Internacional de Cine de Morelia 2022 se present\u00f3 la pel\u00edcula Ruido, el 24 de octubre, para contar la dif\u00edcil historia de decenas","breadcrumb":{"@id":"https:\/\/graziamagazine.com\/mx\/articles\/ruido-la-cinta-sobre-madres-que-jamas-dejan-de-buscar-a-sus-hijas-llega-a-netflix\/#breadcrumb"},"inLanguage":"es-MX","potentialAction":[{"@type":"ReadAction","target":["https:\/\/graziamagazine.com\/mx\/articles\/ruido-la-cinta-sobre-madres-que-jamas-dejan-de-buscar-a-sus-hijas-llega-a-netflix\/"]}]},{"@type":"BreadcrumbList","@id":"https:\/\/graziamagazine.com\/mx\/articles\/ruido-la-cinta-sobre-madres-que-jamas-dejan-de-buscar-a-sus-hijas-llega-a-netflix\/#breadcrumb","itemListElement":[{"@type":"ListItem","position":1,"name":"Home","item":"https:\/\/graziamagazine.com\/mx\/"},{"@type":"ListItem","position":2,"name":"\u2018Ruido\u2019, la cinta sobre madres que jam\u00e1s dejan de buscar a sus hijos, llega a Netflix"}]},{"@type":"WebSite","@id":"https:\/\/graziamagazine.com\/mx\/#website","url":"https:\/\/graziamagazine.com\/mx\/","name":"Grazia M\u00e9xico y Latinoam\u00e9rica","description":"Grazia es moda, belleza y noticias  de actualidad ","potentialAction":[{"@type":"SearchAction","target":{"@type":"EntryPoint","urlTemplate":"https:\/\/graziamagazine.com\/mx\/?s={search_term_string}"},"query-input":"required name=search_term_string"}],"inLanguage":"es-MX"}]}},"jetpack_sharing_enabled":true,"distributor_meta":false,"distributor_terms":false,"distributor_media":false,"distributor_original_site_name":"Grazia M\u00e9xico y Latinoam\u00e9rica","distributor_original_site_url":"https:\/\/graziamagazine.com\/mx","push-errors":false,"_links":{"self":[{"href":"https:\/\/graziamagazine.com\/mx\/wp-json\/wp\/v2\/articles\/118479"}],"collection":[{"href":"https:\/\/graziamagazine.com\/mx\/wp-json\/wp\/v2\/articles"}],"about":[{"href":"https:\/\/graziamagazine.com\/mx\/wp-json\/wp\/v2\/types\/articles"}],"author":[{"embeddable":true,"href":"https:\/\/graziamagazine.com\/mx\/wp-json\/wp\/v2\/users\/11628"}],"wp:featuredmedia":[{"embeddable":true,"href":"https:\/\/graziamagazine.com\/mx\/wp-json\/wp\/v2\/media\/118481"}],"wp:attachment":[{"href":"https:\/\/graziamagazine.com\/mx\/wp-json\/wp\/v2\/media?parent=118479"}],"wp:term":[{"taxonomy":"category","embeddable":true,"href":"https:\/\/graziamagazine.com\/mx\/wp-json\/wp\/v2\/categories?post=118479"}],"curies":[{"name":"wp","href":"https:\/\/api.w.org\/{rel}","templated":true}]}}