{"id":118298,"date":"2022-10-18T09:31:04","date_gmt":"2022-10-18T14:31:04","guid":{"rendered":"https:\/\/graziamagazine.com\/mx\/?post_type=articles&#038;p=118298"},"modified":"2022-10-18T09:35:28","modified_gmt":"2022-10-18T14:35:28","slug":"asi-son-los-comedores-sostenibles-y-economicos-de-grupo-inditex","status":"publish","type":"articles","link":"https:\/\/graziamagazine.com\/mx\/articles\/asi-son-los-comedores-sostenibles-y-economicos-de-grupo-inditex\/","title":{"rendered":"As\u00ed son los comedores sostenibles y econ\u00f3micos de Grupo Inditex"},"content":{"rendered":"<p><span style=\"font-weight: 400\">Grupo Inditex, propietario de varias de nuestras marcas favoritas como <strong>Zara, Pull&amp;Bear, Massimo Dutti, Bershka, Stradivarius y Oysho<\/strong>, nos mantiene siempre fieles con tendencias y nuevos dise\u00f1os, pero ahora sabemos que tambi\u00e9n tiene una cultura laboral importante que no descuida a sus colaboradores.<\/span><\/p>\n<p><span style=\"font-weight: 400\">Con 165,000 trabajadores, y 27,716 millones de euros de facturaci\u00f3n, Inditex ha creado una manera de alimentar sanamente a su gente, a trav\u00e9s de comedores sostenibles. Al momento, cuenta con <strong>11 comedores laborales: seis en Galicia, cuatro en el resto de Espa\u00f1a y uno en Holanda.<\/strong><\/span><\/p>\n<p><span style=\"font-weight: 400\">Operados por distintas empresas de catering, se sirven 3 millones de comidas al a\u00f1o, con un men\u00fa variado para empleados de 70 nacionalidades y costos que var\u00edan entre 15 c\u00e9ntimos y 3.80 euros (<strong>29 a 75 pesos mexicanos aproximadamente<\/strong>) dependiendo del rango salarial, ya que es un servicio subvencionado por la empresa, seg\u00fan explic\u00f3 Sen\u00e9n Barral, uno de los impulsores de este proyecto, durante el Galicia F\u00f3rum Gastron\u00f3mico, en A Coru\u00f1a.<\/span><\/p>\n<p><span style=\"font-weight: 400\">El platillo estrella es la tortilla espa\u00f1ola, pero tambi\u00e9n se vende bien el pollo al horno o las verduras y hortalizas preparadas al vapor, a la brasa o a la plancha.<\/span><\/p>\n<p><img loading=\"lazy\" decoding=\"async\" class=\"alignnone size-medium wp-image-118301 aligncenter\" src=\"https:\/\/graziamagazine.com\/mx\/wp-content\/uploads\/sites\/13\/2022\/10\/Captura-de-Pantalla-2022-10-18-a-las-8.37.21.png?w=450\" alt=\"As\u00ed son los comedores sostenibles y econ\u00f3micos de Grupo Inditex\" width=\"450\" height=\"329\" \/><\/p>\n<p><span style=\"font-weight: 400\">Pero la mayor cualidad de estos comedores es la sustentabilidad: cocinan platillos con frutas y verduras de temporada, sembradas en los huertos m\u00e1s cercanos a esos comedores y no desprecian ning\u00fan fruto que est\u00e9 \u201cdefectuoso\u201d por su forma o aspecto f\u00edsico. Adem\u00e1s, usan vasos de cristal que se lavan y se vuelven a usar.<\/span><\/p>\n<p><span style=\"font-weight: 400\">\u201cLo sostenible resulta m\u00e1s rentable.Llevamos seis a\u00f1os con este proyecto y creemos que es bueno. La gente, cuando nos visita, nos dice que deber\u00eda contarse porque somos como un espejo para otras empresas y podemos inspirar cambios. Ecolog\u00eda y econom\u00eda, adem\u00e1s, son totalmente compatibles&#8221;, dijo Sen\u00e9n.<\/span><\/p>\n<p><span style=\"font-weight: 400\">&#8220;Yo vivo a 4 o 5 kil\u00f3metros de la sede de Inditex y cada d\u00eda paso por carreteras rodeadas de huerta. Pero lo que ve\u00eda ah\u00ed fuera no se correspond\u00eda con lo que ten\u00edamos en las c\u00e1maras frigor\u00edficas&#8221;, detalla Barral. &#8220;Fue as\u00ed como nos preguntamos si ser\u00eda posible crear un comedor para 5,000 personas en el que nos surti\u00e9ramos con criterios de proximidad. Y un s\u00e1bado, yendo en el coche con mis hijas, pas\u00e9 por unas huertas, vi a un agricultor, me present\u00e9 y empezamos a hablar. Se llama Suso y resulta que, muchos a\u00f1os antes, tambi\u00e9n hab\u00eda trabajado en el almac\u00e9n de Inditex&#8221;.<\/span><\/p>\n<p><img loading=\"lazy\" decoding=\"async\" class=\"alignnone size-medium wp-image-118300 aligncenter\" src=\"https:\/\/graziamagazine.com\/mx\/wp-content\/uploads\/sites\/13\/2022\/10\/Captura-de-Pantalla-2022-10-18-a-las-8.37.33.png?w=450\" alt=\"As\u00ed son los comedores sostenibles y econ\u00f3micos de Grupo Inditex\" width=\"450\" height=\"338\" \/><\/p>\n<p><span style=\"font-weight: 400\">Como parte de la estrategia <em><strong>Green to Grow <\/strong><\/em>de <a href=\"https:\/\/graziamagazine.com\/mx\/articles\/marta-ortega-se-convertira-en-la-nueva-presidenta-de-inditex-desde-el-proximo-abril\/\">Inditex<\/a>,\u00a0estos comedores tienen luz natural, fuentes de agua para evitar las botellas de pl\u00e1stico, rotaci\u00f3n de proveedores, productos de limpieza a granel y relaci\u00f3n con 80 productores locales.<\/span><\/p>\n<p><span style=\"font-weight: 400\">Solo durante el primer a\u00f1o, en los comedores de Galicia, el cambio de modelo con el agua permiti\u00f3 ahorrar 900,000 botellas de pl\u00e1stico. &#8220;Ecolog\u00eda y econom\u00eda siempre van de la mano. Consumir menos permite ahorrar energ\u00eda y generar menos residuos, pero tambi\u00e9n ahorrar&#8221;, se\u00f1ala Barral.<\/span><\/p>\n<p><span style=\"font-weight: 400\">Tambi\u00e9n decidieron sustituir los cubiertos de pl\u00e1stico por cubiertos de acero inoxidable que se cambian cada tres a\u00f1os, envueltos en bolsas de tela de las que se usan en las tiendas para crear estuches personales.<\/span><\/p>\n<p><span style=\"font-weight: 400\">Sen\u00e9n Barral tambi\u00e9n explic\u00f3 en el foro que, como parte de esta estrategia de sustentabilidad de Grupo Inditex, reemplazaron los vasos de cart\u00f3n para el caf\u00e9 (3 millones al a\u00f1o) por vasos de cristal que su propio proveedor se encarga de recoger y lavar. &#8220;Tambi\u00e9n traemos un caf\u00e9 muy bueno, de especialidad, comprado en origen a unas mujeres caficultoras de Honduras. Lo tostamos en origen para que pese menos y la huella de CO2 sea menor&#8221;, dijo.<\/span><\/p>\n","protected":false},"author":11628,"featured_media":118299,"template":"","format":"standard","categories":[12483],"acf":[],"yoast_head":"<!-- This site is optimized with the Yoast SEO Premium plugin v18.5 (Yoast SEO v20.4) - https:\/\/yoast.com\/wordpress\/plugins\/seo\/ -->\n<title>As\u00ed son los comedores sostenibles y econ\u00f3micos de Grupo Inditex<\/title>\n<meta name=\"description\" content=\"Grupo Inditex, propietario de varias de nuestras marcas favoritas como Zara, Pull&amp;Bear, Massimo Dutti, Bershka, Stradivarius y Oysho, nos mantiene\" \/>\n<meta name=\"robots\" content=\"index, follow, max-snippet:-1, max-image-preview:large, max-video-preview:-1\" \/>\n<link rel=\"canonical\" href=\"https:\/\/graziamagazine.com\/mx\/articles\/asi-son-los-comedores-sostenibles-y-economicos-de-grupo-inditex\/\" \/>\n<meta property=\"og:locale\" content=\"es_MX\" \/>\n<meta property=\"og:type\" content=\"article\" \/>\n<meta property=\"og:title\" content=\"As\u00ed son los comedores sostenibles y econ\u00f3micos de Grupo Inditex\" \/>\n<meta property=\"og:description\" content=\"Grupo Inditex, propietario de varias de nuestras marcas favoritas como Zara, Pull&amp;Bear, Massimo Dutti, Bershka, Stradivarius y Oysho, nos mantiene\" \/>\n<meta property=\"og:url\" content=\"https:\/\/graziamagazine.com\/mx\/articles\/asi-son-los-comedores-sostenibles-y-economicos-de-grupo-inditex\/\" \/>\n<meta property=\"og:site_name\" content=\"Grazia M\u00e9xico y Latinoam\u00e9rica\" \/>\n<meta property=\"article:modified_time\" content=\"2022-10-18T14:35:28+00:00\" \/>\n<meta property=\"og:image\" content=\"https:\/\/graziamagazine.com\/mx\/wp-content\/uploads\/sites\/13\/2022\/10\/Captura-de-Pantalla-2022-10-18-a-las-8.37.41.png\" \/>\n\t<meta property=\"og:image:width\" content=\"642\" \/>\n\t<meta property=\"og:image:height\" content=\"482\" \/>\n\t<meta property=\"og:image:type\" content=\"image\/png\" \/>\n<meta name=\"twitter:card\" content=\"summary_large_image\" \/>\n<meta name=\"twitter:label1\" content=\"Est. reading time\" \/>\n\t<meta name=\"twitter:data1\" content=\"4 minutos\" \/>\n<script type=\"application\/ld+json\" class=\"yoast-schema-graph\">{\"@context\":\"https:\/\/schema.org\",\"@graph\":[{\"@type\":\"WebPage\",\"@id\":\"https:\/\/graziamagazine.com\/mx\/articles\/asi-son-los-comedores-sostenibles-y-economicos-de-grupo-inditex\/\",\"url\":\"https:\/\/graziamagazine.com\/mx\/articles\/asi-son-los-comedores-sostenibles-y-economicos-de-grupo-inditex\/\",\"name\":\"As\u00ed son los comedores sostenibles y econ\u00f3micos de Grupo Inditex\",\"isPartOf\":{\"@id\":\"https:\/\/graziamagazine.com\/mx\/#website\"},\"datePublished\":\"2022-10-18T14:31:04+00:00\",\"dateModified\":\"2022-10-18T14:35:28+00:00\",\"description\":\"Grupo Inditex, propietario de varias de nuestras marcas favoritas como Zara, Pull&amp;Bear, Massimo Dutti, Bershka, Stradivarius y Oysho, nos mantiene\",\"breadcrumb\":{\"@id\":\"https:\/\/graziamagazine.com\/mx\/articles\/asi-son-los-comedores-sostenibles-y-economicos-de-grupo-inditex\/#breadcrumb\"},\"inLanguage\":\"es-MX\",\"potentialAction\":[{\"@type\":\"ReadAction\",\"target\":[\"https:\/\/graziamagazine.com\/mx\/articles\/asi-son-los-comedores-sostenibles-y-economicos-de-grupo-inditex\/\"]}]},{\"@type\":\"BreadcrumbList\",\"@id\":\"https:\/\/graziamagazine.com\/mx\/articles\/asi-son-los-comedores-sostenibles-y-economicos-de-grupo-inditex\/#breadcrumb\",\"itemListElement\":[{\"@type\":\"ListItem\",\"position\":1,\"name\":\"Home\",\"item\":\"https:\/\/graziamagazine.com\/mx\/\"},{\"@type\":\"ListItem\",\"position\":2,\"name\":\"As\u00ed son los comedores sostenibles y econ\u00f3micos de Grupo Inditex\"}]},{\"@type\":\"WebSite\",\"@id\":\"https:\/\/graziamagazine.com\/mx\/#website\",\"url\":\"https:\/\/graziamagazine.com\/mx\/\",\"name\":\"Grazia M\u00e9xico y Latinoam\u00e9rica\",\"description\":\"Grazia es moda, belleza y noticias  de actualidad \",\"potentialAction\":[{\"@type\":\"SearchAction\",\"target\":{\"@type\":\"EntryPoint\",\"urlTemplate\":\"https:\/\/graziamagazine.com\/mx\/?s={search_term_string}\"},\"query-input\":\"required name=search_term_string\"}],\"inLanguage\":\"es-MX\"}]}<\/script>\n<!-- \/ Yoast SEO Premium plugin. -->","yoast_head_json":{"title":"As\u00ed son los comedores sostenibles y econ\u00f3micos de Grupo Inditex","description":"Grupo Inditex, propietario de varias de nuestras marcas favoritas como Zara, Pull&amp;Bear, Massimo Dutti, Bershka, Stradivarius y Oysho, nos mantiene","robots":{"index":"index","follow":"follow","max-snippet":"max-snippet:-1","max-image-preview":"max-image-preview:large","max-video-preview":"max-video-preview:-1"},"canonical":"https:\/\/graziamagazine.com\/mx\/articles\/asi-son-los-comedores-sostenibles-y-economicos-de-grupo-inditex\/","og_locale":"es_MX","og_type":"article","og_title":"As\u00ed son los comedores sostenibles y econ\u00f3micos de Grupo Inditex","og_description":"Grupo Inditex, propietario de varias de nuestras marcas favoritas como Zara, Pull&amp;Bear, Massimo Dutti, Bershka, Stradivarius y Oysho, nos mantiene","og_url":"https:\/\/graziamagazine.com\/mx\/articles\/asi-son-los-comedores-sostenibles-y-economicos-de-grupo-inditex\/","og_site_name":"Grazia M\u00e9xico y Latinoam\u00e9rica","article_modified_time":"2022-10-18T14:35:28+00:00","og_image":[{"width":642,"height":482,"url":"https:\/\/graziamagazine.com\/mx\/wp-content\/uploads\/sites\/13\/2022\/10\/Captura-de-Pantalla-2022-10-18-a-las-8.37.41.png","type":"image\/png"}],"twitter_card":"summary_large_image","twitter_misc":{"Est. reading time":"4 minutos"},"schema":{"@context":"https:\/\/schema.org","@graph":[{"@type":"WebPage","@id":"https:\/\/graziamagazine.com\/mx\/articles\/asi-son-los-comedores-sostenibles-y-economicos-de-grupo-inditex\/","url":"https:\/\/graziamagazine.com\/mx\/articles\/asi-son-los-comedores-sostenibles-y-economicos-de-grupo-inditex\/","name":"As\u00ed son los comedores sostenibles y econ\u00f3micos de Grupo Inditex","isPartOf":{"@id":"https:\/\/graziamagazine.com\/mx\/#website"},"datePublished":"2022-10-18T14:31:04+00:00","dateModified":"2022-10-18T14:35:28+00:00","description":"Grupo Inditex, propietario de varias de nuestras marcas favoritas como Zara, Pull&amp;Bear, Massimo Dutti, Bershka, Stradivarius y Oysho, nos mantiene","breadcrumb":{"@id":"https:\/\/graziamagazine.com\/mx\/articles\/asi-son-los-comedores-sostenibles-y-economicos-de-grupo-inditex\/#breadcrumb"},"inLanguage":"es-MX","potentialAction":[{"@type":"ReadAction","target":["https:\/\/graziamagazine.com\/mx\/articles\/asi-son-los-comedores-sostenibles-y-economicos-de-grupo-inditex\/"]}]},{"@type":"BreadcrumbList","@id":"https:\/\/graziamagazine.com\/mx\/articles\/asi-son-los-comedores-sostenibles-y-economicos-de-grupo-inditex\/#breadcrumb","itemListElement":[{"@type":"ListItem","position":1,"name":"Home","item":"https:\/\/graziamagazine.com\/mx\/"},{"@type":"ListItem","position":2,"name":"As\u00ed son los comedores sostenibles y econ\u00f3micos de Grupo Inditex"}]},{"@type":"WebSite","@id":"https:\/\/graziamagazine.com\/mx\/#website","url":"https:\/\/graziamagazine.com\/mx\/","name":"Grazia M\u00e9xico y Latinoam\u00e9rica","description":"Grazia es moda, belleza y noticias  de actualidad ","potentialAction":[{"@type":"SearchAction","target":{"@type":"EntryPoint","urlTemplate":"https:\/\/graziamagazine.com\/mx\/?s={search_term_string}"},"query-input":"required name=search_term_string"}],"inLanguage":"es-MX"}]}},"jetpack_sharing_enabled":true,"distributor_meta":false,"distributor_terms":false,"distributor_media":false,"distributor_original_site_name":"Grazia M\u00e9xico y Latinoam\u00e9rica","distributor_original_site_url":"https:\/\/graziamagazine.com\/mx","push-errors":false,"_links":{"self":[{"href":"https:\/\/graziamagazine.com\/mx\/wp-json\/wp\/v2\/articles\/118298"}],"collection":[{"href":"https:\/\/graziamagazine.com\/mx\/wp-json\/wp\/v2\/articles"}],"about":[{"href":"https:\/\/graziamagazine.com\/mx\/wp-json\/wp\/v2\/types\/articles"}],"author":[{"embeddable":true,"href":"https:\/\/graziamagazine.com\/mx\/wp-json\/wp\/v2\/users\/11628"}],"wp:featuredmedia":[{"embeddable":true,"href":"https:\/\/graziamagazine.com\/mx\/wp-json\/wp\/v2\/media\/118299"}],"wp:attachment":[{"href":"https:\/\/graziamagazine.com\/mx\/wp-json\/wp\/v2\/media?parent=118298"}],"wp:term":[{"taxonomy":"category","embeddable":true,"href":"https:\/\/graziamagazine.com\/mx\/wp-json\/wp\/v2\/categories?post=118298"}],"curies":[{"name":"wp","href":"https:\/\/api.w.org\/{rel}","templated":true}]}}