{"id":118276,"date":"2022-10-17T18:43:20","date_gmt":"2022-10-17T23:43:20","guid":{"rendered":"https:\/\/graziamagazine.com\/mx\/?post_type=articles&#038;p=118276"},"modified":"2022-10-17T19:27:03","modified_gmt":"2022-10-18T00:27:03","slug":"dejemos-negarlo-cejas-delgadas-de-vuelta-nicola-peltz-beckham-confirma","status":"publish","type":"articles","link":"https:\/\/graziamagazine.com\/mx\/articles\/dejemos-negarlo-cejas-delgadas-de-vuelta-nicola-peltz-beckham-confirma\/","title":{"rendered":"Dejemos de negarlo: las cejas delgadas est\u00e1n de vuelta y Nicola Peltz Beckham lo confirma"},"content":{"rendered":"<p>Quiz\u00e1 el tema m\u00e1s controversial que se ha dado en torno a las tendencias de las cejas. Han pasado por todo: desde una delgada l\u00ednea en los noventa hasta no depilarlas para nada, dejando un look abundante y muy definido. En eso est\u00e1bamos cuando las celebridades, modelos y dise\u00f1adores nos <strong>cambiaron el juego<\/strong>.<\/p>\n<p>Y la muestra la pone <strong>Nicola Peltz Beckham<\/strong> quien este fin de semana confirm\u00f3 que las cejas delgad\u00edsimas, apenas perceptibles, est\u00e1n de vuelta.<\/p>\n<p>Despu\u00e9s de asistir a la <strong>Semana de la Moda de Par\u00eds<\/strong> con cejas decoloradas, Peltz asisti\u00f3 a la <strong>Gala del Museo de la Academia<\/strong> en Los \u00c1ngeles el pasado s\u00e1bado con las cejas muy finas.<\/p>\n<p>A cargo de la maquilladora <strong>Yumi Mori<\/strong>, Nicola combin\u00f3 sus cejas delgadas con labios desnudos y muchas capas de r\u00edmel.<\/p>\n<figure id=\"attachment_118278\" aria-describedby=\"caption-attachment-118278\" style=\"width: 796px\" class=\"wp-caption alignnone\"><img loading=\"lazy\" decoding=\"async\" class=\"wp-image-118278 size-large\" src=\"https:\/\/graziamagazine.com\/mx\/wp-content\/uploads\/sites\/13\/2022\/10\/Nicola-Peltz-Beckham-Getty-2.png?w=796\" alt=\"\" width=\"796\" height=\"489\" \/><figcaption id=\"caption-attachment-118278\" class=\"wp-caption-text\">Nicola Peltz Beckham\/Getty<\/figcaption><\/figure>\n<p>Es verdad que desde hace meses est\u00e1 idea est\u00e1 rodeando la escena, aunque algunos han tratado de ignorarlo. Sin embargo, cuando las cejas decoloradas empezaron a <strong>protagonizar<\/strong> en las pasarelas de las tendencias que devorar\u00e1n en el 2023, empezamos a tomarlo m\u00e1s en serio.<\/p>\n<p>Por ejemplo, <strong>Bella Hadid<\/strong>, que se present\u00f3 en el desfile de primavera de 2023 de <strong>Victoria Beckham<\/strong> con las cejas a poco pelo. Y todos sabemos que las Hadid saben muy bien el poder que tienen para imponer tendencia.<\/p>\n<figure id=\"attachment_118282\" aria-describedby=\"caption-attachment-118282\" style=\"width: 339px\" class=\"wp-caption aligncenter\"><img loading=\"lazy\" decoding=\"async\" class=\"wp-image-118282 size-full\" src=\"https:\/\/graziamagazine.com\/mx\/wp-content\/uploads\/sites\/13\/2022\/10\/Bella-2.png\" alt=\"\" width=\"339\" height=\"313\" \/><figcaption id=\"caption-attachment-118282\" class=\"wp-caption-text\">Bella Hadid\/Getty<\/figcaption><\/figure>\n<p>Otra celebridad que acepta y promueve las cejas finas, es <strong>Doja Cat<\/strong> quien se depil\u00f3 por completo sus cejas y adem\u00e1s lo grab\u00f3. El video fue publicado en TikTok. El hashtag <strong>#shavedbrow<\/strong> tiene actualmente 82,6 millones de vistas.<\/p>\n<p><iframe loading=\"lazy\" title=\"Doja Cat shaved her eyebrows off on Instagram Live\" width=\"500\" height=\"281\" src=\"https:\/\/www.youtube.com\/embed\/Rvn7yy5-RU0?feature=oembed\" frameborder=\"0\" allow=\"accelerometer; autoplay; clipboard-write; encrypted-media; gyroscope; picture-in-picture\" allowfullscreen><\/iframe><\/p>\n<p>\u00bfSer\u00e1 que volvimos a la \u00e9poca donde las cejas protagonizaban m\u00e1s con menos? Es un tema que a\u00fan divide opiniones. Lo cierto es que en la \u00e9poca de Kate Moss nadie opinaba que era excesivo y admit\u00e1moslo, todas lo consider\u00e1bamos incre\u00edble.<\/p>\n<figure id=\"attachment_118280\" aria-describedby=\"caption-attachment-118280\" style=\"width: 599px\" class=\"wp-caption alignnone\"><img loading=\"lazy\" decoding=\"async\" class=\"wp-image-118280 size-large\" src=\"https:\/\/graziamagazine.com\/mx\/wp-content\/uploads\/sites\/13\/2022\/10\/Kate-Moss-1994-Getty-Images.png?w=599\" alt=\"\" width=\"599\" height=\"1024\" \/><figcaption id=\"caption-attachment-118280\" class=\"wp-caption-text\">Kate Moss 1994\/Getty<\/figcaption><\/figure>\n<p>Pero despu\u00e9s lleg\u00f3 el momento de afrontar la realidad, las cejas hab\u00edan cambiado a un <em>look<\/em> m\u00e1s <strong>intenso<\/strong> y profundo, as\u00ed que deb\u00edamos hacer crecer nuestras cejas, y algunas tuvieron que sufrir para poderlas verlas de regreso.<\/p>\n<p>Parece que se avecina una depilaci\u00f3n colectiva de lo que las abuelas llamaron \u201cel marco de la cara\u201d, pero solo lo sabremos cuando la tendencia cobra fuerza y es <strong>adoptada<\/strong> en la moda de calle. \u00bfEstar\u00edas dispuesta a volver a las cejas invisibles?<\/p>\n","protected":false},"author":36289,"featured_media":118279,"template":"","format":"standard","categories":[12483],"acf":[],"yoast_head":"<!-- This site is optimized with the Yoast SEO Premium plugin v18.5 (Yoast SEO v20.4) - https:\/\/yoast.com\/wordpress\/plugins\/seo\/ -->\n<title>Dejemos de negarlo: las cejas delgadas est\u00e1n de vuelta y Nicola Peltz Beckham lo confirma | Grazia M\u00e9xico y Latinoam\u00e9rica<\/title>\n<meta name=\"description\" content=\"Quiz\u00e1 el tema m\u00e1s controversial que se ha dado en torno a las tendencias de las cejas. Han pasado por todo: desde una delgada l\u00ednea en los noventa hasta\" \/>\n<meta name=\"robots\" content=\"index, follow, max-snippet:-1, max-image-preview:large, max-video-preview:-1\" \/>\n<link rel=\"canonical\" href=\"https:\/\/graziamagazine.com\/mx\/articles\/dejemos-negarlo-cejas-delgadas-de-vuelta-nicola-peltz-beckham-confirma\/\" \/>\n<meta property=\"og:locale\" content=\"es_MX\" \/>\n<meta property=\"og:type\" content=\"article\" \/>\n<meta property=\"og:title\" content=\"Dejemos de negarlo: las cejas delgadas est\u00e1n de vuelta y Nicola Peltz Beckham lo confirma\" \/>\n<meta property=\"og:description\" content=\"Quiz\u00e1 el tema m\u00e1s controversial que se ha dado en torno a las tendencias de las cejas. Han pasado por todo: desde una delgada l\u00ednea en los noventa hasta\" \/>\n<meta property=\"og:url\" content=\"https:\/\/graziamagazine.com\/mx\/articles\/dejemos-negarlo-cejas-delgadas-de-vuelta-nicola-peltz-beckham-confirma\/\" \/>\n<meta property=\"og:site_name\" content=\"Grazia M\u00e9xico y Latinoam\u00e9rica\" \/>\n<meta property=\"article:modified_time\" content=\"2022-10-18T00:27:03+00:00\" \/>\n<meta name=\"twitter:card\" content=\"summary_large_image\" \/>\n<meta name=\"twitter:image\" content=\"https:\/\/graziamagazine.com\/mx\/wp-content\/uploads\/sites\/13\/2022\/10\/Nicola-Peltz-Beckham-2-e1666050681129.png\" \/>\n<meta name=\"twitter:label1\" content=\"Est. reading time\" \/>\n\t<meta name=\"twitter:data1\" content=\"3 minutos\" \/>\n<script type=\"application\/ld+json\" class=\"yoast-schema-graph\">{\"@context\":\"https:\/\/schema.org\",\"@graph\":[{\"@type\":\"WebPage\",\"@id\":\"https:\/\/graziamagazine.com\/mx\/articles\/dejemos-negarlo-cejas-delgadas-de-vuelta-nicola-peltz-beckham-confirma\/\",\"url\":\"https:\/\/graziamagazine.com\/mx\/articles\/dejemos-negarlo-cejas-delgadas-de-vuelta-nicola-peltz-beckham-confirma\/\",\"name\":\"Dejemos de negarlo: las cejas delgadas est\u00e1n de vuelta y Nicola Peltz Beckham lo confirma | Grazia M\u00e9xico y Latinoam\u00e9rica\",\"isPartOf\":{\"@id\":\"https:\/\/graziamagazine.com\/mx\/#website\"},\"datePublished\":\"2022-10-17T23:43:20+00:00\",\"dateModified\":\"2022-10-18T00:27:03+00:00\",\"description\":\"Quiz\u00e1 el tema m\u00e1s controversial que se ha dado en torno a las tendencias de las cejas. Han pasado por todo: desde una delgada l\u00ednea en los noventa hasta\",\"breadcrumb\":{\"@id\":\"https:\/\/graziamagazine.com\/mx\/articles\/dejemos-negarlo-cejas-delgadas-de-vuelta-nicola-peltz-beckham-confirma\/#breadcrumb\"},\"inLanguage\":\"es-MX\",\"potentialAction\":[{\"@type\":\"ReadAction\",\"target\":[\"https:\/\/graziamagazine.com\/mx\/articles\/dejemos-negarlo-cejas-delgadas-de-vuelta-nicola-peltz-beckham-confirma\/\"]}]},{\"@type\":\"BreadcrumbList\",\"@id\":\"https:\/\/graziamagazine.com\/mx\/articles\/dejemos-negarlo-cejas-delgadas-de-vuelta-nicola-peltz-beckham-confirma\/#breadcrumb\",\"itemListElement\":[{\"@type\":\"ListItem\",\"position\":1,\"name\":\"Home\",\"item\":\"https:\/\/graziamagazine.com\/mx\/\"},{\"@type\":\"ListItem\",\"position\":2,\"name\":\"Dejemos de negarlo: las cejas delgadas est\u00e1n de vuelta y Nicola Peltz Beckham lo confirma\"}]},{\"@type\":\"WebSite\",\"@id\":\"https:\/\/graziamagazine.com\/mx\/#website\",\"url\":\"https:\/\/graziamagazine.com\/mx\/\",\"name\":\"Grazia M\u00e9xico y Latinoam\u00e9rica\",\"description\":\"Grazia es moda, belleza y noticias  de actualidad \",\"potentialAction\":[{\"@type\":\"SearchAction\",\"target\":{\"@type\":\"EntryPoint\",\"urlTemplate\":\"https:\/\/graziamagazine.com\/mx\/?s={search_term_string}\"},\"query-input\":\"required name=search_term_string\"}],\"inLanguage\":\"es-MX\"}]}<\/script>\n<!-- \/ Yoast SEO Premium plugin. -->","yoast_head_json":{"title":"Dejemos de negarlo: las cejas delgadas est\u00e1n de vuelta y Nicola Peltz Beckham lo confirma | Grazia M\u00e9xico y Latinoam\u00e9rica","description":"Quiz\u00e1 el tema m\u00e1s controversial que se ha dado en torno a las tendencias de las cejas. Han pasado por todo: desde una delgada l\u00ednea en los noventa hasta","robots":{"index":"index","follow":"follow","max-snippet":"max-snippet:-1","max-image-preview":"max-image-preview:large","max-video-preview":"max-video-preview:-1"},"canonical":"https:\/\/graziamagazine.com\/mx\/articles\/dejemos-negarlo-cejas-delgadas-de-vuelta-nicola-peltz-beckham-confirma\/","og_locale":"es_MX","og_type":"article","og_title":"Dejemos de negarlo: las cejas delgadas est\u00e1n de vuelta y Nicola Peltz Beckham lo confirma","og_description":"Quiz\u00e1 el tema m\u00e1s controversial que se ha dado en torno a las tendencias de las cejas. Han pasado por todo: desde una delgada l\u00ednea en los noventa hasta","og_url":"https:\/\/graziamagazine.com\/mx\/articles\/dejemos-negarlo-cejas-delgadas-de-vuelta-nicola-peltz-beckham-confirma\/","og_site_name":"Grazia M\u00e9xico y Latinoam\u00e9rica","article_modified_time":"2022-10-18T00:27:03+00:00","twitter_card":"summary_large_image","twitter_image":"https:\/\/graziamagazine.com\/mx\/wp-content\/uploads\/sites\/13\/2022\/10\/Nicola-Peltz-Beckham-2-e1666050681129.png","twitter_misc":{"Est. reading time":"3 minutos"},"schema":{"@context":"https:\/\/schema.org","@graph":[{"@type":"WebPage","@id":"https:\/\/graziamagazine.com\/mx\/articles\/dejemos-negarlo-cejas-delgadas-de-vuelta-nicola-peltz-beckham-confirma\/","url":"https:\/\/graziamagazine.com\/mx\/articles\/dejemos-negarlo-cejas-delgadas-de-vuelta-nicola-peltz-beckham-confirma\/","name":"Dejemos de negarlo: las cejas delgadas est\u00e1n de vuelta y Nicola Peltz Beckham lo confirma | Grazia M\u00e9xico y Latinoam\u00e9rica","isPartOf":{"@id":"https:\/\/graziamagazine.com\/mx\/#website"},"datePublished":"2022-10-17T23:43:20+00:00","dateModified":"2022-10-18T00:27:03+00:00","description":"Quiz\u00e1 el tema m\u00e1s controversial que se ha dado en torno a las tendencias de las cejas. Han pasado por todo: desde una delgada l\u00ednea en los noventa hasta","breadcrumb":{"@id":"https:\/\/graziamagazine.com\/mx\/articles\/dejemos-negarlo-cejas-delgadas-de-vuelta-nicola-peltz-beckham-confirma\/#breadcrumb"},"inLanguage":"es-MX","potentialAction":[{"@type":"ReadAction","target":["https:\/\/graziamagazine.com\/mx\/articles\/dejemos-negarlo-cejas-delgadas-de-vuelta-nicola-peltz-beckham-confirma\/"]}]},{"@type":"BreadcrumbList","@id":"https:\/\/graziamagazine.com\/mx\/articles\/dejemos-negarlo-cejas-delgadas-de-vuelta-nicola-peltz-beckham-confirma\/#breadcrumb","itemListElement":[{"@type":"ListItem","position":1,"name":"Home","item":"https:\/\/graziamagazine.com\/mx\/"},{"@type":"ListItem","position":2,"name":"Dejemos de negarlo: las cejas delgadas est\u00e1n de vuelta y Nicola Peltz Beckham lo confirma"}]},{"@type":"WebSite","@id":"https:\/\/graziamagazine.com\/mx\/#website","url":"https:\/\/graziamagazine.com\/mx\/","name":"Grazia M\u00e9xico y Latinoam\u00e9rica","description":"Grazia es moda, belleza y noticias  de actualidad ","potentialAction":[{"@type":"SearchAction","target":{"@type":"EntryPoint","urlTemplate":"https:\/\/graziamagazine.com\/mx\/?s={search_term_string}"},"query-input":"required name=search_term_string"}],"inLanguage":"es-MX"}]}},"jetpack_sharing_enabled":true,"distributor_meta":false,"distributor_terms":false,"distributor_media":false,"distributor_original_site_name":"Grazia M\u00e9xico y Latinoam\u00e9rica","distributor_original_site_url":"https:\/\/graziamagazine.com\/mx","push-errors":false,"_links":{"self":[{"href":"https:\/\/graziamagazine.com\/mx\/wp-json\/wp\/v2\/articles\/118276"}],"collection":[{"href":"https:\/\/graziamagazine.com\/mx\/wp-json\/wp\/v2\/articles"}],"about":[{"href":"https:\/\/graziamagazine.com\/mx\/wp-json\/wp\/v2\/types\/articles"}],"author":[{"embeddable":true,"href":"https:\/\/graziamagazine.com\/mx\/wp-json\/wp\/v2\/users\/36289"}],"wp:featuredmedia":[{"embeddable":true,"href":"https:\/\/graziamagazine.com\/mx\/wp-json\/wp\/v2\/media\/118279"}],"wp:attachment":[{"href":"https:\/\/graziamagazine.com\/mx\/wp-json\/wp\/v2\/media?parent=118276"}],"wp:term":[{"taxonomy":"category","embeddable":true,"href":"https:\/\/graziamagazine.com\/mx\/wp-json\/wp\/v2\/categories?post=118276"}],"curies":[{"name":"wp","href":"https:\/\/api.w.org\/{rel}","templated":true}]}}