{"id":118251,"date":"2022-10-17T12:19:54","date_gmt":"2022-10-17T17:19:54","guid":{"rendered":"https:\/\/graziamagazine.com\/mx\/?post_type=articles&#038;p=118251"},"modified":"2022-10-17T12:27:20","modified_gmt":"2022-10-17T17:27:20","slug":"moncler-pour-homme-la-primer-fragancia-para-hombre","status":"publish","type":"articles","link":"https:\/\/graziamagazine.com\/mx\/articles\/moncler-pour-homme-la-primer-fragancia-para-hombre\/","title":{"rendered":"Moncler pour Homme: La primer fragancia para hombre"},"content":{"rendered":"<p><span style=\"font-weight: 400\">La casa de moda francesa con sede en Mil\u00e1n, Moncler, anunci\u00f3 su primera fragancia dirigida para hombres, <strong>Moncler pour Homme.<\/strong><\/span><\/p>\n<p><span style=\"font-weight: 400\">Sabemos que los perfumes van m\u00e1s all\u00e1 de ser una simple loci\u00f3n. Un perfume despierta emociones, memorias y da un sello \u00fanico a quien lo use.<\/span><\/p>\n<p><span style=\"font-weight: 400\">Es por eso que una fragancia bien escogida puede ser una caracter\u00edstica distintiva, un detalle que se percibe al entrar a un lugar y que impregna cada rinc\u00f3n de ese espacio dejando saber qui\u00e9n eres.<\/span><\/p>\n<figure id=\"attachment_118253\" aria-describedby=\"caption-attachment-118253\" style=\"width: 1024px\" class=\"wp-caption alignnone\"><img loading=\"lazy\" decoding=\"async\" class=\"size-large wp-image-118253\" src=\"https:\/\/graziamagazine.com\/mx\/wp-content\/uploads\/sites\/13\/2022\/10\/MONCLER_PARFUMS_STILL-LIFE_-POUR-HOMME_150ML_2_1x1_master-1.jpg?w=1024\" alt=\"Moncler pour Homme: La primer fragancia para hombre \" width=\"1024\" height=\"1024\" \/><figcaption id=\"caption-attachment-118253\" class=\"wp-caption-text\">Moncler pour Homme: La primer fragancia para hombre<\/figcaption><\/figure>\n<p><span style=\"font-weight: 400\">\u00a0A trav\u00e9s de una sinergia entre naturaleza, exploraci\u00f3n y descubrimiento, este perfume <\/span><span style=\"font-weight: 400\">Moncler pour Homme, <\/span><span style=\"font-weight: 400\">proclama el aire libre y te envuelve en calidez. Es una fragancia con toques amaderados creada por <\/span><span style=\"font-weight: 400\">Antoine Maisondieu y Christophe Raynaud que te llevara a lo m\u00e1s profundo del bosque alpino.<\/span><\/p>\n<p><span style=\"font-weight: 400\">Las notas de coraz\u00f3n se deben al elegante aroma a pino, trascendiendo su olor en toques de s\u00e1ndalo, vetiver, cedro y \u00e1mbar.<\/span><\/p>\n<p><span style=\"font-weight: 400\">El elegante y sofisticado dise\u00f1o se exhibe en un frasco \u00fanico inspirado en las botellas de monta\u00f1a, vestido con funda y tapa plateadas. Un eco a los or\u00edgenes monta\u00f1eros de Moncler y a su ic\u00f3nica chaqueta.<\/span><\/p>\n<p><em><strong>*IMAGEN: Cortes\u00eda Moncler<\/strong><\/em><\/p>\n","protected":false},"author":28953,"featured_media":118252,"template":"","format":"standard","categories":[4],"acf":[],"yoast_head":"<!-- This site is optimized with the Yoast SEO Premium plugin v18.5 (Yoast SEO v20.4) - https:\/\/yoast.com\/wordpress\/plugins\/seo\/ -->\n<title>Moncler pour Homme: La primer fragancia para hombre<\/title>\n<meta name=\"description\" content=\"Moncler presenta su primer perfume para hombre con una esencia totalmente masculina que te llevar\u00e1 a un viaje por tus sentidos\" \/>\n<meta name=\"robots\" content=\"index, follow, max-snippet:-1, max-image-preview:large, max-video-preview:-1\" \/>\n<link rel=\"canonical\" href=\"https:\/\/graziamagazine.com\/mx\/articles\/moncler-pour-homme-la-primer-fragancia-para-hombre\/\" \/>\n<meta property=\"og:locale\" content=\"es_MX\" \/>\n<meta property=\"og:type\" content=\"article\" \/>\n<meta property=\"og:title\" content=\"Moncler pour Homme: La primer fragancia para hombre\" \/>\n<meta property=\"og:description\" content=\"Moncler presenta su primer perfume para hombre con una esencia totalmente masculina que te llevar\u00e1 a un viaje por tus sentidos\" \/>\n<meta property=\"og:url\" content=\"https:\/\/graziamagazine.com\/mx\/articles\/moncler-pour-homme-la-primer-fragancia-para-hombre\/\" \/>\n<meta property=\"og:site_name\" content=\"Grazia M\u00e9xico y Latinoam\u00e9rica\" \/>\n<meta property=\"article:modified_time\" content=\"2022-10-17T17:27:20+00:00\" \/>\n<meta property=\"og:image\" content=\"https:\/\/graziamagazine.com\/mx\/wp-content\/uploads\/sites\/13\/2022\/10\/1920x1080_master-2.gif\" \/>\n\t<meta property=\"og:image:width\" content=\"690\" \/>\n\t<meta property=\"og:image:height\" content=\"388\" \/>\n\t<meta property=\"og:image:type\" content=\"image\/gif\" \/>\n<meta name=\"twitter:card\" content=\"summary_large_image\" \/>\n<meta name=\"twitter:label1\" content=\"Est. reading time\" \/>\n\t<meta name=\"twitter:data1\" content=\"1 minuto\" \/>\n<script type=\"application\/ld+json\" class=\"yoast-schema-graph\">{\"@context\":\"https:\/\/schema.org\",\"@graph\":[{\"@type\":\"WebPage\",\"@id\":\"https:\/\/graziamagazine.com\/mx\/articles\/moncler-pour-homme-la-primer-fragancia-para-hombre\/\",\"url\":\"https:\/\/graziamagazine.com\/mx\/articles\/moncler-pour-homme-la-primer-fragancia-para-hombre\/\",\"name\":\"Moncler pour Homme: La primer fragancia para hombre\",\"isPartOf\":{\"@id\":\"https:\/\/graziamagazine.com\/mx\/#website\"},\"datePublished\":\"2022-10-17T17:19:54+00:00\",\"dateModified\":\"2022-10-17T17:27:20+00:00\",\"description\":\"Moncler presenta su primer perfume para hombre con una esencia totalmente masculina que te llevar\u00e1 a un viaje por tus sentidos\",\"breadcrumb\":{\"@id\":\"https:\/\/graziamagazine.com\/mx\/articles\/moncler-pour-homme-la-primer-fragancia-para-hombre\/#breadcrumb\"},\"inLanguage\":\"es-MX\",\"potentialAction\":[{\"@type\":\"ReadAction\",\"target\":[\"https:\/\/graziamagazine.com\/mx\/articles\/moncler-pour-homme-la-primer-fragancia-para-hombre\/\"]}]},{\"@type\":\"BreadcrumbList\",\"@id\":\"https:\/\/graziamagazine.com\/mx\/articles\/moncler-pour-homme-la-primer-fragancia-para-hombre\/#breadcrumb\",\"itemListElement\":[{\"@type\":\"ListItem\",\"position\":1,\"name\":\"Home\",\"item\":\"https:\/\/graziamagazine.com\/mx\/\"},{\"@type\":\"ListItem\",\"position\":2,\"name\":\"Moncler pour Homme: La primer fragancia para hombre\"}]},{\"@type\":\"WebSite\",\"@id\":\"https:\/\/graziamagazine.com\/mx\/#website\",\"url\":\"https:\/\/graziamagazine.com\/mx\/\",\"name\":\"Grazia M\u00e9xico y Latinoam\u00e9rica\",\"description\":\"Grazia es moda, belleza y noticias  de actualidad \",\"potentialAction\":[{\"@type\":\"SearchAction\",\"target\":{\"@type\":\"EntryPoint\",\"urlTemplate\":\"https:\/\/graziamagazine.com\/mx\/?s={search_term_string}\"},\"query-input\":\"required name=search_term_string\"}],\"inLanguage\":\"es-MX\"}]}<\/script>\n<!-- \/ Yoast SEO Premium plugin. -->","yoast_head_json":{"title":"Moncler pour Homme: La primer fragancia para hombre","description":"Moncler presenta su primer perfume para hombre con una esencia totalmente masculina que te llevar\u00e1 a un viaje por tus sentidos","robots":{"index":"index","follow":"follow","max-snippet":"max-snippet:-1","max-image-preview":"max-image-preview:large","max-video-preview":"max-video-preview:-1"},"canonical":"https:\/\/graziamagazine.com\/mx\/articles\/moncler-pour-homme-la-primer-fragancia-para-hombre\/","og_locale":"es_MX","og_type":"article","og_title":"Moncler pour Homme: La primer fragancia para hombre","og_description":"Moncler presenta su primer perfume para hombre con una esencia totalmente masculina que te llevar\u00e1 a un viaje por tus sentidos","og_url":"https:\/\/graziamagazine.com\/mx\/articles\/moncler-pour-homme-la-primer-fragancia-para-hombre\/","og_site_name":"Grazia M\u00e9xico y Latinoam\u00e9rica","article_modified_time":"2022-10-17T17:27:20+00:00","og_image":[{"url":"https:\/\/graziamagazine.com\/mx\/wp-content\/uploads\/sites\/13\/2022\/10\/1920x1080_master-2.gif","width":690,"height":388,"type":"image\/gif"}],"twitter_card":"summary_large_image","twitter_misc":{"Est. reading time":"1 minuto"},"schema":{"@context":"https:\/\/schema.org","@graph":[{"@type":"WebPage","@id":"https:\/\/graziamagazine.com\/mx\/articles\/moncler-pour-homme-la-primer-fragancia-para-hombre\/","url":"https:\/\/graziamagazine.com\/mx\/articles\/moncler-pour-homme-la-primer-fragancia-para-hombre\/","name":"Moncler pour Homme: La primer fragancia para hombre","isPartOf":{"@id":"https:\/\/graziamagazine.com\/mx\/#website"},"datePublished":"2022-10-17T17:19:54+00:00","dateModified":"2022-10-17T17:27:20+00:00","description":"Moncler presenta su primer perfume para hombre con una esencia totalmente masculina que te llevar\u00e1 a un viaje por tus sentidos","breadcrumb":{"@id":"https:\/\/graziamagazine.com\/mx\/articles\/moncler-pour-homme-la-primer-fragancia-para-hombre\/#breadcrumb"},"inLanguage":"es-MX","potentialAction":[{"@type":"ReadAction","target":["https:\/\/graziamagazine.com\/mx\/articles\/moncler-pour-homme-la-primer-fragancia-para-hombre\/"]}]},{"@type":"BreadcrumbList","@id":"https:\/\/graziamagazine.com\/mx\/articles\/moncler-pour-homme-la-primer-fragancia-para-hombre\/#breadcrumb","itemListElement":[{"@type":"ListItem","position":1,"name":"Home","item":"https:\/\/graziamagazine.com\/mx\/"},{"@type":"ListItem","position":2,"name":"Moncler pour Homme: La primer fragancia para hombre"}]},{"@type":"WebSite","@id":"https:\/\/graziamagazine.com\/mx\/#website","url":"https:\/\/graziamagazine.com\/mx\/","name":"Grazia M\u00e9xico y Latinoam\u00e9rica","description":"Grazia es moda, belleza y noticias  de actualidad ","potentialAction":[{"@type":"SearchAction","target":{"@type":"EntryPoint","urlTemplate":"https:\/\/graziamagazine.com\/mx\/?s={search_term_string}"},"query-input":"required name=search_term_string"}],"inLanguage":"es-MX"}]}},"jetpack_sharing_enabled":true,"distributor_meta":false,"distributor_terms":false,"distributor_media":false,"distributor_original_site_name":"Grazia M\u00e9xico y Latinoam\u00e9rica","distributor_original_site_url":"https:\/\/graziamagazine.com\/mx","push-errors":false,"_links":{"self":[{"href":"https:\/\/graziamagazine.com\/mx\/wp-json\/wp\/v2\/articles\/118251"}],"collection":[{"href":"https:\/\/graziamagazine.com\/mx\/wp-json\/wp\/v2\/articles"}],"about":[{"href":"https:\/\/graziamagazine.com\/mx\/wp-json\/wp\/v2\/types\/articles"}],"author":[{"embeddable":true,"href":"https:\/\/graziamagazine.com\/mx\/wp-json\/wp\/v2\/users\/28953"}],"wp:featuredmedia":[{"embeddable":true,"href":"https:\/\/graziamagazine.com\/mx\/wp-json\/wp\/v2\/media\/118252"}],"wp:attachment":[{"href":"https:\/\/graziamagazine.com\/mx\/wp-json\/wp\/v2\/media?parent=118251"}],"wp:term":[{"taxonomy":"category","embeddable":true,"href":"https:\/\/graziamagazine.com\/mx\/wp-json\/wp\/v2\/categories?post=118251"}],"curies":[{"name":"wp","href":"https:\/\/api.w.org\/{rel}","templated":true}]}}