{"id":118168,"date":"2022-10-13T14:05:29","date_gmt":"2022-10-13T19:05:29","guid":{"rendered":"https:\/\/graziamagazine.com\/mx\/?post_type=articles&#038;p=118168"},"modified":"2022-10-13T16:14:34","modified_gmt":"2022-10-13T21:14:34","slug":"apple-music-presenta-neurotransmitters","status":"publish","type":"articles","link":"https:\/\/graziamagazine.com\/mx\/articles\/apple-music-presenta-neurotransmitters\/","title":{"rendered":"Apple Music presenta \u201cNeurotransmitters\u201d el podcast que habla de salud mental"},"content":{"rendered":"<p><span style=\"font-weight: 400;\">El 10 de octubre es la fecha en la que se conmemora el <strong>D\u00eda Mundial de la Salud Mental<\/strong>.\u00a0<\/span><\/p>\n<p><span style=\"font-weight: 400;\">Con el<\/span><span style=\"font-weight: 400;\"> objetivo de recordar que la salud de cada individuo es la s\u00f3lida base para la construcci\u00f3n de vidas plenas y satisfactorias, Apple Music present\u00f3 su nuevo EP <\/span><b>\u00a0\u201cNeurotransmitters\u201d.\u00a0<\/b><\/p>\n<p><span style=\"font-weight: 400;\">Una serie de siete canciones originales de artistas mexicanos y de otras partes del mundo inspiradas en buscar motivar a su audiencia con un sentimiento positivo, que los sumerja en un estado de <strong>paz, felicidad, \u00e1nimo y alegr\u00eda<\/strong>.<\/span><\/p>\n<p><span style=\"font-weight: 400;\">Cada una de las piezas lleva por nombre el significado con el que se identifica la composici\u00f3n y el artista que arm\u00f3 la obra sonora.<\/span><\/p>\n<p><span style=\"font-weight: 400;\">La participaci\u00f3n de este \u00e1lbum cont\u00f3 con la participaci\u00f3n de <strong>Hippo Dreams y Jazzinuf<\/strong>, quienes interpretaron el sencillo <strong>\u201cApaiser (GABA)\u201d<\/strong>. Asimismo, la productora jalisciense Ruth de las Plantas es parte de este noble proyecto con el tema <strong>\u201cEucalyptus (Norepinephrine).\u201d<\/strong><\/span><\/p>\n<figure id=\"attachment_118170\" aria-describedby=\"caption-attachment-118170\" style=\"width: 1024px\" class=\"wp-caption alignnone\"><img loading=\"lazy\" decoding=\"async\" class=\"size-large wp-image-118170\" src=\"https:\/\/graziamagazine.com\/mx\/wp-content\/uploads\/sites\/13\/2022\/10\/Captura-de-Pantalla-2022-10-13-a-las-15.14.45.png?w=1024\" alt=\"Apple Music presenta \u201cNeurotransmitters\u201d\" width=\"1024\" height=\"488\" \/><figcaption id=\"caption-attachment-118170\" class=\"wp-caption-text\">Apple Music presenta \u201cNeurotransmitters\u201d<\/figcaption><\/figure>\n<p><span style=\"font-weight: 400;\">&#8220;Eucalyptus&#8221; es la narraci\u00f3n de mi propia experiencia con el proceso de mejora de mi salud mental durante un periodo en el que experiment\u00e9 los efectos de la falta del neurotransmisor norepinefrina. El ritmo recorre mi l\u00ednea de tiempo desde la fatiga hasta la recuperaci\u00f3n.\u201d \u2014 Ruth de la Plantas.<\/span><\/p>\n<p><span style=\"font-weight: 400;\">Adem\u00e1s, M\u00e9xico estuvo presente en este nuevo lanzamiento pues el artista mexicano <strong>SpoonBeats<\/strong> se inspir\u00f3 en la reacci\u00f3n que produce la dopamina para crear su nueva canci\u00f3n \u201cReason\u201d.<\/span><\/p>\n<blockquote><p><span style=\"font-weight: 400;\">\u201cHice el tema con un t\u00edtulo en mi mente, la felicidad, que se asemeja a ese subid\u00f3n de dopamina cuando te sientes alegre,\u201d declara el m\u00fasico. \u201cGran parte de nuestra vida cotidiana gira en torno a la dopamina, pero decid\u00ed centrarme en la importancia de la alegr\u00eda pura, ya que es lo que deseo difundir en cada rinc\u00f3n del mundo.\u201d \u2014SpoonBeats<\/span><\/p><\/blockquote>\n<p><span style=\"font-weight: 400;\">Cabe mencionar que los<strong> neurotransmisores<\/strong> fueron un factor fundamental ya que estos interact\u00faan en nuestros cerebros cuando experimentamos las emociones mencionadas anteriormente.<\/span><\/p>\n<p><span style=\"font-weight: 400;\">\u201c<\/span><a href=\"https:\/\/music.apple.com\/mx\/album\/neurotransmitters\/1641608769?l=en\" target=\"_blank\"><span style=\"font-weight: 400;\">Neurotransmitters<\/span><\/a><span style=\"font-weight: 400;\">\u201d estar\u00e1 disponible a partir del <strong>10 de octubre<\/strong>, fecha en el que se conmemora el\u00a0 D\u00eda Mundial de la Salud Mental para todos los usuarios de Apple Music.\u00a0<\/span><\/p>\n<p><em><strong>*IMAGEN: Cortes\u00eda Apple Music<\/strong><\/em><\/p>\n","protected":false},"author":28953,"featured_media":118169,"template":"","format":"standard","categories":[12483],"acf":[],"yoast_head":"<!-- This site is optimized with the Yoast SEO Premium plugin v18.5 (Yoast SEO v20.4) - https:\/\/yoast.com\/wordpress\/plugins\/seo\/ -->\n<title>Apple Music presenta \u201cNeurotransmitters\u201d<\/title>\n<meta name=\"description\" content=\"Con motivo del D\u00eda Mundial de la Salud Mental la plataforma de streaming lanz\u00f3 un EP junto a artistas mexicanos y de otras partes del mundo\" \/>\n<meta name=\"robots\" content=\"index, follow, max-snippet:-1, max-image-preview:large, max-video-preview:-1\" \/>\n<link rel=\"canonical\" href=\"https:\/\/graziamagazine.com\/mx\/articles\/apple-music-presenta-neurotransmitters\/\" \/>\n<meta property=\"og:locale\" content=\"es_MX\" \/>\n<meta property=\"og:type\" content=\"article\" \/>\n<meta property=\"og:title\" content=\"Apple Music presenta \u201cNeurotransmitters\u201d el podcast que habla de salud mental\" \/>\n<meta property=\"og:description\" content=\"Con motivo del D\u00eda Mundial de la Salud Mental la plataforma de streaming lanz\u00f3 un EP junto a artistas mexicanos y de otras partes del mundo\" \/>\n<meta property=\"og:url\" content=\"https:\/\/graziamagazine.com\/mx\/articles\/apple-music-presenta-neurotransmitters\/\" \/>\n<meta property=\"og:site_name\" content=\"Grazia M\u00e9xico y Latinoam\u00e9rica\" \/>\n<meta property=\"article:modified_time\" content=\"2022-10-13T21:14:34+00:00\" \/>\n<meta property=\"og:image\" content=\"https:\/\/graziamagazine.com\/mx\/wp-content\/uploads\/sites\/13\/2022\/10\/58945193-2848-4420-8788-F002DC851FC7-e1665692143889.png\" \/>\n\t<meta property=\"og:image:width\" content=\"640\" \/>\n\t<meta property=\"og:image:height\" content=\"417\" \/>\n\t<meta property=\"og:image:type\" content=\"image\/png\" \/>\n<meta name=\"twitter:card\" content=\"summary_large_image\" \/>\n<meta name=\"twitter:label1\" content=\"Est. reading time\" \/>\n\t<meta name=\"twitter:data1\" content=\"2 minutos\" \/>\n<script type=\"application\/ld+json\" class=\"yoast-schema-graph\">{\"@context\":\"https:\/\/schema.org\",\"@graph\":[{\"@type\":\"WebPage\",\"@id\":\"https:\/\/graziamagazine.com\/mx\/articles\/apple-music-presenta-neurotransmitters\/\",\"url\":\"https:\/\/graziamagazine.com\/mx\/articles\/apple-music-presenta-neurotransmitters\/\",\"name\":\"Apple Music presenta \u201cNeurotransmitters\u201d\",\"isPartOf\":{\"@id\":\"https:\/\/graziamagazine.com\/mx\/#website\"},\"datePublished\":\"2022-10-13T19:05:29+00:00\",\"dateModified\":\"2022-10-13T21:14:34+00:00\",\"description\":\"Con motivo del D\u00eda Mundial de la Salud Mental la plataforma de streaming lanz\u00f3 un EP junto a artistas mexicanos y de otras partes del mundo\",\"breadcrumb\":{\"@id\":\"https:\/\/graziamagazine.com\/mx\/articles\/apple-music-presenta-neurotransmitters\/#breadcrumb\"},\"inLanguage\":\"es-MX\",\"potentialAction\":[{\"@type\":\"ReadAction\",\"target\":[\"https:\/\/graziamagazine.com\/mx\/articles\/apple-music-presenta-neurotransmitters\/\"]}]},{\"@type\":\"BreadcrumbList\",\"@id\":\"https:\/\/graziamagazine.com\/mx\/articles\/apple-music-presenta-neurotransmitters\/#breadcrumb\",\"itemListElement\":[{\"@type\":\"ListItem\",\"position\":1,\"name\":\"Home\",\"item\":\"https:\/\/graziamagazine.com\/mx\/\"},{\"@type\":\"ListItem\",\"position\":2,\"name\":\"Apple Music presenta \u201cNeurotransmitters\u201d el podcast que habla de salud mental\"}]},{\"@type\":\"WebSite\",\"@id\":\"https:\/\/graziamagazine.com\/mx\/#website\",\"url\":\"https:\/\/graziamagazine.com\/mx\/\",\"name\":\"Grazia M\u00e9xico y Latinoam\u00e9rica\",\"description\":\"Grazia es moda, belleza y noticias  de actualidad \",\"potentialAction\":[{\"@type\":\"SearchAction\",\"target\":{\"@type\":\"EntryPoint\",\"urlTemplate\":\"https:\/\/graziamagazine.com\/mx\/?s={search_term_string}\"},\"query-input\":\"required name=search_term_string\"}],\"inLanguage\":\"es-MX\"}]}<\/script>\n<!-- \/ Yoast SEO Premium plugin. -->","yoast_head_json":{"title":"Apple Music presenta \u201cNeurotransmitters\u201d","description":"Con motivo del D\u00eda Mundial de la Salud Mental la plataforma de streaming lanz\u00f3 un EP junto a artistas mexicanos y de otras partes del mundo","robots":{"index":"index","follow":"follow","max-snippet":"max-snippet:-1","max-image-preview":"max-image-preview:large","max-video-preview":"max-video-preview:-1"},"canonical":"https:\/\/graziamagazine.com\/mx\/articles\/apple-music-presenta-neurotransmitters\/","og_locale":"es_MX","og_type":"article","og_title":"Apple Music presenta \u201cNeurotransmitters\u201d el podcast que habla de salud mental","og_description":"Con motivo del D\u00eda Mundial de la Salud Mental la plataforma de streaming lanz\u00f3 un EP junto a artistas mexicanos y de otras partes del mundo","og_url":"https:\/\/graziamagazine.com\/mx\/articles\/apple-music-presenta-neurotransmitters\/","og_site_name":"Grazia M\u00e9xico y Latinoam\u00e9rica","article_modified_time":"2022-10-13T21:14:34+00:00","og_image":[{"width":640,"height":417,"url":"https:\/\/graziamagazine.com\/mx\/wp-content\/uploads\/sites\/13\/2022\/10\/58945193-2848-4420-8788-F002DC851FC7-e1665692143889.png","type":"image\/png"}],"twitter_card":"summary_large_image","twitter_misc":{"Est. reading time":"2 minutos"},"schema":{"@context":"https:\/\/schema.org","@graph":[{"@type":"WebPage","@id":"https:\/\/graziamagazine.com\/mx\/articles\/apple-music-presenta-neurotransmitters\/","url":"https:\/\/graziamagazine.com\/mx\/articles\/apple-music-presenta-neurotransmitters\/","name":"Apple Music presenta \u201cNeurotransmitters\u201d","isPartOf":{"@id":"https:\/\/graziamagazine.com\/mx\/#website"},"datePublished":"2022-10-13T19:05:29+00:00","dateModified":"2022-10-13T21:14:34+00:00","description":"Con motivo del D\u00eda Mundial de la Salud Mental la plataforma de streaming lanz\u00f3 un EP junto a artistas mexicanos y de otras partes del mundo","breadcrumb":{"@id":"https:\/\/graziamagazine.com\/mx\/articles\/apple-music-presenta-neurotransmitters\/#breadcrumb"},"inLanguage":"es-MX","potentialAction":[{"@type":"ReadAction","target":["https:\/\/graziamagazine.com\/mx\/articles\/apple-music-presenta-neurotransmitters\/"]}]},{"@type":"BreadcrumbList","@id":"https:\/\/graziamagazine.com\/mx\/articles\/apple-music-presenta-neurotransmitters\/#breadcrumb","itemListElement":[{"@type":"ListItem","position":1,"name":"Home","item":"https:\/\/graziamagazine.com\/mx\/"},{"@type":"ListItem","position":2,"name":"Apple Music presenta \u201cNeurotransmitters\u201d el podcast que habla de salud mental"}]},{"@type":"WebSite","@id":"https:\/\/graziamagazine.com\/mx\/#website","url":"https:\/\/graziamagazine.com\/mx\/","name":"Grazia M\u00e9xico y Latinoam\u00e9rica","description":"Grazia es moda, belleza y noticias  de actualidad ","potentialAction":[{"@type":"SearchAction","target":{"@type":"EntryPoint","urlTemplate":"https:\/\/graziamagazine.com\/mx\/?s={search_term_string}"},"query-input":"required name=search_term_string"}],"inLanguage":"es-MX"}]}},"jetpack_sharing_enabled":true,"distributor_meta":false,"distributor_terms":false,"distributor_media":false,"distributor_original_site_name":"Grazia M\u00e9xico y Latinoam\u00e9rica","distributor_original_site_url":"https:\/\/graziamagazine.com\/mx","push-errors":false,"_links":{"self":[{"href":"https:\/\/graziamagazine.com\/mx\/wp-json\/wp\/v2\/articles\/118168"}],"collection":[{"href":"https:\/\/graziamagazine.com\/mx\/wp-json\/wp\/v2\/articles"}],"about":[{"href":"https:\/\/graziamagazine.com\/mx\/wp-json\/wp\/v2\/types\/articles"}],"author":[{"embeddable":true,"href":"https:\/\/graziamagazine.com\/mx\/wp-json\/wp\/v2\/users\/28953"}],"wp:featuredmedia":[{"embeddable":true,"href":"https:\/\/graziamagazine.com\/mx\/wp-json\/wp\/v2\/media\/118169"}],"wp:attachment":[{"href":"https:\/\/graziamagazine.com\/mx\/wp-json\/wp\/v2\/media?parent=118168"}],"wp:term":[{"taxonomy":"category","embeddable":true,"href":"https:\/\/graziamagazine.com\/mx\/wp-json\/wp\/v2\/categories?post=118168"}],"curies":[{"name":"wp","href":"https:\/\/api.w.org\/{rel}","templated":true}]}}