{"id":118046,"date":"2022-10-10T22:28:13","date_gmt":"2022-10-11T03:28:13","guid":{"rendered":"https:\/\/graziamagazine.com\/mx\/?post_type=articles&#038;p=118046"},"modified":"2022-10-10T22:32:39","modified_gmt":"2022-10-11T03:32:39","slug":"mila-kunis-fue-abucheada-en-en-el-show-de-jimmy-kimmel-y-reacciono-perfectamente","status":"publish","type":"articles","link":"https:\/\/graziamagazine.com\/mx\/articles\/mila-kunis-fue-abucheada-en-en-el-show-de-jimmy-kimmel-y-reacciono-perfectamente\/","title":{"rendered":"Mila Kunis fue abucheada en en el show de Jimmy Kimmel y reaccion\u00f3 perfectamente"},"content":{"rendered":"<p><span style=\"font-weight: 400\"><strong>Mila Kunis<\/strong> no tuvo la m\u00e1s c\u00e1lida bienvenida durante su reciente aparici\u00f3n en <em><strong>Jimmy Kimmel Live!<\/strong><\/em>, pues fue abucheada en diferentes momentos por los asistencias al programa de entrevistas en vivo.<\/span><\/p>\n<p><span style=\"font-weight: 400\">\u00bfLa raz\u00f3n? Un tema tan sencillo controversial y que arranca lo mejor o peor de la gente: la <strong>pizza<\/strong>. A todos nos encanta\u2026 o bueno, a casi todos.<\/span><\/p>\n<p><span style=\"font-weight: 400\">Pero la actriz de <em><strong>Luckiest Girl Alive<\/strong><\/em> &#8211; su \u00faltima pel\u00edcula en <strong>Netflix<\/strong> &#8211; recibi\u00f3 el primer abucheo por otra raz\u00f3n. Menos de tres minutos despu\u00e9s de haber llegado al escenario, recibi\u00f3 algunas reacciones duras de la multitud cuando Kimmel le dijo: \u201cParece que podr\u00edas ser neoyorquina, pero no eres neoyorquina\u201d.<\/span><\/p>\n<p><span style=\"font-weight: 400\">Mila se mostr\u00f3 sorprendida de que alguien la abucheara despu\u00e9s de que Jimmy dijera esto, y se disculp\u00f3 brevemente antes de decirle a la audiencia: &#8220;Bueno, no les gustar\u00e1 el resto de esta entrevista&#8221;.<\/span><\/p>\n<p><span style=\"font-weight: 400\">Cuando la actriz explic\u00f3 que <a href=\"https:\/\/graziamagazine.com\/mx\/articles\/ashton-kutcher-protesta-contra-la-invasion-a-ucrania-el-pais-de-nacimiento-de-mila-kunis\/\">ella es de <strong>Ucrania<\/strong><\/a>, la audiencia estall\u00f3 en aplausos pero duraron poco cuando comparti\u00f3 una historia de su infancia sobre su paso por Nueva York, con su familia ,cuando se mudaron por primera vez a Estados Unidos.<\/span><\/p>\n<p><span style=\"font-weight: 400\">La esposa de<strong> Ashton Kutcher<\/strong> confes\u00f3 que comi\u00f3 su primera hamburguesa y Coca-Cola cuando estaba en Nueva York, cuando era ni\u00f1a, lo que caus\u00f3 otro abucheo de los asistentes pues no les agrad\u00f3 que esa primera comida no fuera pizza.<\/span><\/p>\n<p><span style=\"font-weight: 400\">\u201cVaya, esta audiencia es algo\u201d, le dijo a Jimmy.<\/span><\/p>\n<p><span style=\"font-weight: 400\">\u201cNo com\u00eda pizza en Nueva York, pero mi pap\u00e1 repart\u00eda pizzas mientras crec\u00eda, pero en Los \u00c1ngeles\u201d, dijo Mila Kunis, gan\u00e1ndose la risa de la audiencia. &#8220;<strong>\u00a1Qu\u00e9 crueles! \u00a1LA tiene pizzas perfectamente buenas, muchachos!<\/strong>\u201d<\/span><\/p>\n<p><span style=\"font-weight: 400\">Un nuevo abucheo se present\u00f3, pero esta vez la actriz intervino para defenderse. Volte\u00f3 hacia la multitud y dijo: &#8220;\u00a1Saben qu\u00e9, estoy usando ropa interior de ni\u00f1os para ustedes!&#8221;, como cambiando el tema hacia el mal funcionamiento de su vestuario ese mismo d\u00eda.<\/span><\/p>\n<p><span style=\"font-weight: 400\">\u201cPero aqu\u00ed hay m\u00e1s en esta historia, solo para obtener otro abucheo\u201d, dijo, dejando con la duda a todos.\u00a0<\/span><\/p>\n<p><span style=\"font-weight: 400\">Pero el mayor abucheo todav\u00eda apenas estaba por llegar, cuando la actriz decidi\u00f3 ponerse en contra de este preciado alimento de los neoyorkinos. Mila confes\u00f3 que <strong>no le gusta nada la pizza.<\/strong><\/span><\/p>\n<p><span style=\"font-weight: 400\">&#8220;\u00a1Boo Boo! \u00a1Lo entiendo! \u00a1Me voy de aqu\u00ed!&#8221;, dijo antes de fingir que bajaba del escenario. \u201cLa tuve todos los d\u00edas durante un a\u00f1o, posiblemente m\u00e1s. Fue demasiado. Debido a que \u00e9ramos tan pobres, mi pap\u00e1 nos hac\u00eda pizza para la cena y se esforzaba mucho por ser creativo\u201d.<\/span><\/p>\n<p><span style=\"font-weight: 400\">\u201cMe atragantar\u00e9 porque a mis hijos les gusta la pizza y a mi esposo le gusta la pizza, pero nunca soy la persona que dice: &#8216;\u00bfSabes qu\u00e9 se me antoja? \u00a1Pizza!'&#8221;.<\/span><\/p>\n<p><span style=\"font-weight: 400\">\u00a1Fuertes declaraciones!<\/span><\/p>\n<p><iframe loading=\"lazy\" title=\"Mila Kunis on Forgetting Her Undergarments, Hating Pizza &amp; Jimmy Gives Her the Prom She Never Had\" width=\"500\" height=\"281\" src=\"https:\/\/www.youtube.com\/embed\/FnvyYhgqxy4?feature=oembed\" frameborder=\"0\" allow=\"accelerometer; autoplay; clipboard-write; encrypted-media; gyroscope; picture-in-picture\" allowfullscreen><\/iframe><\/p>\n<p>&nbsp;<\/p>\n","protected":false},"author":11628,"featured_media":118047,"template":"","format":"standard","categories":[2],"acf":[],"yoast_head":"<!-- This site is optimized with the Yoast SEO Premium plugin v18.5 (Yoast SEO v20.4) - https:\/\/yoast.com\/wordpress\/plugins\/seo\/ -->\n<title>Mila Kunis fue abucheada en en el show de Jimmy Kimmel y reaccion\u00f3 perfectamente<\/title>\n<meta name=\"description\" content=\"Mila Kunis no habl\u00f3 muy bien de un tema verdaderamente importante para los neoyorkinos\u2026 pero supo c\u00f3mo esquivar las burlas.\" \/>\n<meta name=\"robots\" content=\"index, follow, max-snippet:-1, max-image-preview:large, max-video-preview:-1\" \/>\n<link rel=\"canonical\" href=\"https:\/\/graziamagazine.com\/mx\/articles\/mila-kunis-fue-abucheada-en-en-el-show-de-jimmy-kimmel-y-reacciono-perfectamente\/\" \/>\n<meta property=\"og:locale\" content=\"es_MX\" \/>\n<meta property=\"og:type\" content=\"article\" \/>\n<meta property=\"og:title\" content=\"Mila Kunis fue abucheada en en el show de Jimmy Kimmel y reaccion\u00f3 perfectamente\" \/>\n<meta property=\"og:description\" content=\"Mila Kunis no habl\u00f3 muy bien de un tema verdaderamente importante para los neoyorkinos\u2026 pero supo c\u00f3mo esquivar las burlas.\" \/>\n<meta property=\"og:url\" content=\"https:\/\/graziamagazine.com\/mx\/articles\/mila-kunis-fue-abucheada-en-en-el-show-de-jimmy-kimmel-y-reacciono-perfectamente\/\" \/>\n<meta property=\"og:site_name\" content=\"Grazia M\u00e9xico y Latinoam\u00e9rica\" \/>\n<meta property=\"article:modified_time\" content=\"2022-10-11T03:32:39+00:00\" \/>\n<meta property=\"og:image\" content=\"https:\/\/graziamagazine.com\/mx\/wp-content\/uploads\/sites\/13\/2022\/10\/Captura-de-Pantalla-2022-10-10-a-las-22.11.53.png\" \/>\n\t<meta property=\"og:image:width\" content=\"551\" \/>\n\t<meta property=\"og:image:height\" content=\"355\" \/>\n\t<meta property=\"og:image:type\" content=\"image\/png\" \/>\n<meta name=\"twitter:card\" content=\"summary_large_image\" \/>\n<meta name=\"twitter:label1\" content=\"Est. reading time\" \/>\n\t<meta name=\"twitter:data1\" content=\"3 minutos\" \/>\n<script type=\"application\/ld+json\" class=\"yoast-schema-graph\">{\"@context\":\"https:\/\/schema.org\",\"@graph\":[{\"@type\":\"WebPage\",\"@id\":\"https:\/\/graziamagazine.com\/mx\/articles\/mila-kunis-fue-abucheada-en-en-el-show-de-jimmy-kimmel-y-reacciono-perfectamente\/\",\"url\":\"https:\/\/graziamagazine.com\/mx\/articles\/mila-kunis-fue-abucheada-en-en-el-show-de-jimmy-kimmel-y-reacciono-perfectamente\/\",\"name\":\"Mila Kunis fue abucheada en en el show de Jimmy Kimmel y reaccion\u00f3 perfectamente\",\"isPartOf\":{\"@id\":\"https:\/\/graziamagazine.com\/mx\/#website\"},\"datePublished\":\"2022-10-11T03:28:13+00:00\",\"dateModified\":\"2022-10-11T03:32:39+00:00\",\"description\":\"Mila Kunis no habl\u00f3 muy bien de un tema verdaderamente importante para los neoyorkinos\u2026 pero supo c\u00f3mo esquivar las burlas.\",\"breadcrumb\":{\"@id\":\"https:\/\/graziamagazine.com\/mx\/articles\/mila-kunis-fue-abucheada-en-en-el-show-de-jimmy-kimmel-y-reacciono-perfectamente\/#breadcrumb\"},\"inLanguage\":\"es-MX\",\"potentialAction\":[{\"@type\":\"ReadAction\",\"target\":[\"https:\/\/graziamagazine.com\/mx\/articles\/mila-kunis-fue-abucheada-en-en-el-show-de-jimmy-kimmel-y-reacciono-perfectamente\/\"]}]},{\"@type\":\"BreadcrumbList\",\"@id\":\"https:\/\/graziamagazine.com\/mx\/articles\/mila-kunis-fue-abucheada-en-en-el-show-de-jimmy-kimmel-y-reacciono-perfectamente\/#breadcrumb\",\"itemListElement\":[{\"@type\":\"ListItem\",\"position\":1,\"name\":\"Home\",\"item\":\"https:\/\/graziamagazine.com\/mx\/\"},{\"@type\":\"ListItem\",\"position\":2,\"name\":\"Mila Kunis fue abucheada en en el show de Jimmy Kimmel y reaccion\u00f3 perfectamente\"}]},{\"@type\":\"WebSite\",\"@id\":\"https:\/\/graziamagazine.com\/mx\/#website\",\"url\":\"https:\/\/graziamagazine.com\/mx\/\",\"name\":\"Grazia M\u00e9xico y Latinoam\u00e9rica\",\"description\":\"Grazia es moda, belleza y noticias  de actualidad \",\"potentialAction\":[{\"@type\":\"SearchAction\",\"target\":{\"@type\":\"EntryPoint\",\"urlTemplate\":\"https:\/\/graziamagazine.com\/mx\/?s={search_term_string}\"},\"query-input\":\"required name=search_term_string\"}],\"inLanguage\":\"es-MX\"}]}<\/script>\n<!-- \/ Yoast SEO Premium plugin. -->","yoast_head_json":{"title":"Mila Kunis fue abucheada en en el show de Jimmy Kimmel y reaccion\u00f3 perfectamente","description":"Mila Kunis no habl\u00f3 muy bien de un tema verdaderamente importante para los neoyorkinos\u2026 pero supo c\u00f3mo esquivar las burlas.","robots":{"index":"index","follow":"follow","max-snippet":"max-snippet:-1","max-image-preview":"max-image-preview:large","max-video-preview":"max-video-preview:-1"},"canonical":"https:\/\/graziamagazine.com\/mx\/articles\/mila-kunis-fue-abucheada-en-en-el-show-de-jimmy-kimmel-y-reacciono-perfectamente\/","og_locale":"es_MX","og_type":"article","og_title":"Mila Kunis fue abucheada en en el show de Jimmy Kimmel y reaccion\u00f3 perfectamente","og_description":"Mila Kunis no habl\u00f3 muy bien de un tema verdaderamente importante para los neoyorkinos\u2026 pero supo c\u00f3mo esquivar las burlas.","og_url":"https:\/\/graziamagazine.com\/mx\/articles\/mila-kunis-fue-abucheada-en-en-el-show-de-jimmy-kimmel-y-reacciono-perfectamente\/","og_site_name":"Grazia M\u00e9xico y Latinoam\u00e9rica","article_modified_time":"2022-10-11T03:32:39+00:00","og_image":[{"width":551,"height":355,"url":"https:\/\/graziamagazine.com\/mx\/wp-content\/uploads\/sites\/13\/2022\/10\/Captura-de-Pantalla-2022-10-10-a-las-22.11.53.png","type":"image\/png"}],"twitter_card":"summary_large_image","twitter_misc":{"Est. reading time":"3 minutos"},"schema":{"@context":"https:\/\/schema.org","@graph":[{"@type":"WebPage","@id":"https:\/\/graziamagazine.com\/mx\/articles\/mila-kunis-fue-abucheada-en-en-el-show-de-jimmy-kimmel-y-reacciono-perfectamente\/","url":"https:\/\/graziamagazine.com\/mx\/articles\/mila-kunis-fue-abucheada-en-en-el-show-de-jimmy-kimmel-y-reacciono-perfectamente\/","name":"Mila Kunis fue abucheada en en el show de Jimmy Kimmel y reaccion\u00f3 perfectamente","isPartOf":{"@id":"https:\/\/graziamagazine.com\/mx\/#website"},"datePublished":"2022-10-11T03:28:13+00:00","dateModified":"2022-10-11T03:32:39+00:00","description":"Mila Kunis no habl\u00f3 muy bien de un tema verdaderamente importante para los neoyorkinos\u2026 pero supo c\u00f3mo esquivar las burlas.","breadcrumb":{"@id":"https:\/\/graziamagazine.com\/mx\/articles\/mila-kunis-fue-abucheada-en-en-el-show-de-jimmy-kimmel-y-reacciono-perfectamente\/#breadcrumb"},"inLanguage":"es-MX","potentialAction":[{"@type":"ReadAction","target":["https:\/\/graziamagazine.com\/mx\/articles\/mila-kunis-fue-abucheada-en-en-el-show-de-jimmy-kimmel-y-reacciono-perfectamente\/"]}]},{"@type":"BreadcrumbList","@id":"https:\/\/graziamagazine.com\/mx\/articles\/mila-kunis-fue-abucheada-en-en-el-show-de-jimmy-kimmel-y-reacciono-perfectamente\/#breadcrumb","itemListElement":[{"@type":"ListItem","position":1,"name":"Home","item":"https:\/\/graziamagazine.com\/mx\/"},{"@type":"ListItem","position":2,"name":"Mila Kunis fue abucheada en en el show de Jimmy Kimmel y reaccion\u00f3 perfectamente"}]},{"@type":"WebSite","@id":"https:\/\/graziamagazine.com\/mx\/#website","url":"https:\/\/graziamagazine.com\/mx\/","name":"Grazia M\u00e9xico y Latinoam\u00e9rica","description":"Grazia es moda, belleza y noticias  de actualidad ","potentialAction":[{"@type":"SearchAction","target":{"@type":"EntryPoint","urlTemplate":"https:\/\/graziamagazine.com\/mx\/?s={search_term_string}"},"query-input":"required name=search_term_string"}],"inLanguage":"es-MX"}]}},"jetpack_sharing_enabled":true,"distributor_meta":false,"distributor_terms":false,"distributor_media":false,"distributor_original_site_name":"Grazia M\u00e9xico y Latinoam\u00e9rica","distributor_original_site_url":"https:\/\/graziamagazine.com\/mx","push-errors":false,"_links":{"self":[{"href":"https:\/\/graziamagazine.com\/mx\/wp-json\/wp\/v2\/articles\/118046"}],"collection":[{"href":"https:\/\/graziamagazine.com\/mx\/wp-json\/wp\/v2\/articles"}],"about":[{"href":"https:\/\/graziamagazine.com\/mx\/wp-json\/wp\/v2\/types\/articles"}],"author":[{"embeddable":true,"href":"https:\/\/graziamagazine.com\/mx\/wp-json\/wp\/v2\/users\/11628"}],"wp:featuredmedia":[{"embeddable":true,"href":"https:\/\/graziamagazine.com\/mx\/wp-json\/wp\/v2\/media\/118047"}],"wp:attachment":[{"href":"https:\/\/graziamagazine.com\/mx\/wp-json\/wp\/v2\/media?parent=118046"}],"wp:term":[{"taxonomy":"category","embeddable":true,"href":"https:\/\/graziamagazine.com\/mx\/wp-json\/wp\/v2\/categories?post=118046"}],"curies":[{"name":"wp","href":"https:\/\/api.w.org\/{rel}","templated":true}]}}