{"id":118034,"date":"2022-10-10T18:33:44","date_gmt":"2022-10-10T23:33:44","guid":{"rendered":"https:\/\/graziamagazine.com\/mx\/?post_type=articles&#038;p=118034"},"modified":"2022-10-10T18:36:44","modified_gmt":"2022-10-10T23:36:44","slug":"cirque-musica-querida-emusical-festejara-legado-juan-gabriel","status":"publish","type":"articles","link":"https:\/\/graziamagazine.com\/mx\/articles\/cirque-musica-querida-emusical-festejara-legado-juan-gabriel\/","title":{"rendered":"CIRQUE M\u00daSICA QUERIDA: EL MUSICAL QUE FESTEJAR\u00c1 EL LEGADO DE JUAN GABRIEL"},"content":{"rendered":"<p><strong>Juan Gabriel<\/strong> es uno de los grandes artistas mexicanos que nos han hecho viajar por un sinf\u00edn de emociones con sus canciones. \u00bfQui\u00e9n no ha re\u00eddo, llorado o extra\u00f1ado a alguien al escuchar alguna de sus letras?<\/p>\n<p>Pues la gran noticia es que el pr\u00f3ximo 20 de octubre del 2022 se estrenar\u00e1 <strong>Cirque M\u00fasica Querida<\/strong> en el\u00a0Teatro San Rafael, para honrar su legado.<\/p>\n<p>Podr\u00e1s experimentar las canciones de <em>juanga<\/em> como nunca antes: junto a un show de circo que incluir\u00e1 actuaciones a\u00e9reas y <strong>acrob\u00e1ticas<\/strong>.<\/p>\n<p>\u201cEstoy encantado de trabajar con\u00a0Cirque M\u00fasica, para llevar esta espectacular interpretaci\u00f3n del legado de mi padre a sus fans\u201d, dijo <strong>Iv\u00e1n Aguilera<\/strong>, hijo y <strong>due\u00f1o<\/strong> de los derechos sobre Juan Gabriel.<\/p>\n<p>&nbsp;<\/p>\n<p><img loading=\"lazy\" decoding=\"async\" class=\"alignnone size-medium wp-image-118037\" src=\"https:\/\/graziamagazine.com\/mx\/wp-content\/uploads\/sites\/13\/2022\/10\/juanga-1.jpg?w=309\" alt=\"\" width=\"309\" height=\"450\" \/><\/p>\n<p>&nbsp;<\/p>\n<p>Cirque M\u00fasica\u00a0se asoci\u00f3 con <strong>OCESA<\/strong>, para realizar la experiencia en Ciudad de M\u00e9xico y otras ciudades; de hecho, hay planes de llevarla a otros pa\u00edses.<\/p>\n<p><em>\u201c<\/em><em>La producci\u00f3n de<\/em><em> Cirque M\u00fasica Querida\u00a0<\/em>es un gran homenaje al innovador artista cuyo legado vive en los corazones de sus fan\u00e1ticos en todo el mundo; es una celebraci\u00f3n a su singular estilo, que se refleja en una impresionante producci\u00f3n de circo multisensorial, a trav\u00e9s de la cual los fan\u00e1ticos vivir\u00e1n la m\u00fasica de Juan Gabriel como nunca\u201d, inform\u00f3 OCESA<\/p>\n<p>La gesti\u00f3n general de producci\u00f3n est\u00e1 a cargo de <strong>Mejor Teatro<\/strong>, encabezada por <strong>Morris Gilbert<\/strong> y la producci\u00f3n del show corre a cargo del presidente y fundador de\u00a0<strong>TCG Entertainment y Cirque M\u00fasica, Stephen Cook<\/strong>.<\/p>\n<p><em>La producci\u00f3n creativa de <\/em><em>Cirque M\u00fasica Querida<\/em>\u00a0fue creada Antoinette Di Pietropolo (coreograf\u00eda), Edgar Ibarra (direcci\u00f3n musical), Adri\u00e1n Mart\u00ednez Frausto (escenograf\u00eda), Estela Fagoaga (vestuario), Cinthia Mu\u00f1oz (maquillaje y pelucas), Charles Ford (iluminaci\u00f3n), Miguel Jim\u00e9nez (dise\u00f1o de audio), Jorge Orozco, de Toloache (dise\u00f1o de video) y Martha Herrera-Lazo Gonz\u00e1lez (dramaturgia).<\/p>\n<p>Los boletos ya est\u00e1n a la venta en Ticketmaster, as\u00ed que no pierdas la oportunidad de disfrutar un espect\u00e1culo como <strong>nunca antes<\/strong> se hab\u00eda visto, disfrutando de las canciones m\u00e1s emblem\u00e1ticas del grande de la m\u00fasica: Juan Gabriel.<\/p>\n","protected":false},"author":36289,"featured_media":118036,"template":"","format":"standard","categories":[12517],"acf":[],"yoast_head":"<!-- This site is optimized with the Yoast SEO Premium plugin v18.5 (Yoast SEO v20.4) - https:\/\/yoast.com\/wordpress\/plugins\/seo\/ -->\n<title>CIRQUE M\u00daSICA QUERIDA: EL MUSICAL QUE FESTEJAR\u00c1 EL LEGADO DE JUAN GABRIEL | Grazia M\u00e9xico y Latinoam\u00e9rica<\/title>\n<meta name=\"description\" content=\"Juan Gabriel es uno de los grandes artistas mexicanos que nos han hecho viajar por un sinf\u00edn de emociones con sus canciones. \u00bfQui\u00e9n no ha re\u00eddo, llorado o\" \/>\n<meta name=\"robots\" content=\"index, follow, max-snippet:-1, max-image-preview:large, max-video-preview:-1\" \/>\n<link rel=\"canonical\" href=\"https:\/\/graziamagazine.com\/mx\/articles\/cirque-musica-querida-emusical-festejara-legado-juan-gabriel\/\" \/>\n<meta property=\"og:locale\" content=\"es_MX\" \/>\n<meta property=\"og:type\" content=\"article\" \/>\n<meta property=\"og:title\" content=\"CIRQUE M\u00daSICA QUERIDA: EL MUSICAL QUE FESTEJAR\u00c1 EL LEGADO DE JUAN GABRIEL\" \/>\n<meta property=\"og:description\" content=\"Juan Gabriel es uno de los grandes artistas mexicanos que nos han hecho viajar por un sinf\u00edn de emociones con sus canciones. \u00bfQui\u00e9n no ha re\u00eddo, llorado o\" \/>\n<meta property=\"og:url\" content=\"https:\/\/graziamagazine.com\/mx\/articles\/cirque-musica-querida-emusical-festejara-legado-juan-gabriel\/\" \/>\n<meta property=\"og:site_name\" content=\"Grazia M\u00e9xico y Latinoam\u00e9rica\" \/>\n<meta property=\"article:modified_time\" content=\"2022-10-10T23:36:44+00:00\" \/>\n<meta property=\"og:image\" content=\"https:\/\/graziamagazine.com\/mx\/wp-content\/uploads\/sites\/13\/2022\/10\/juanga-2-e1665444907358.jpg\" \/>\n\t<meta property=\"og:image:width\" content=\"1278\" \/>\n\t<meta property=\"og:image:height\" content=\"720\" \/>\n\t<meta property=\"og:image:type\" content=\"image\/jpeg\" \/>\n<meta name=\"twitter:card\" content=\"summary_large_image\" \/>\n<meta name=\"twitter:label1\" content=\"Est. reading time\" \/>\n\t<meta name=\"twitter:data1\" content=\"2 minutos\" \/>\n<script type=\"application\/ld+json\" class=\"yoast-schema-graph\">{\"@context\":\"https:\/\/schema.org\",\"@graph\":[{\"@type\":\"WebPage\",\"@id\":\"https:\/\/graziamagazine.com\/mx\/articles\/cirque-musica-querida-emusical-festejara-legado-juan-gabriel\/\",\"url\":\"https:\/\/graziamagazine.com\/mx\/articles\/cirque-musica-querida-emusical-festejara-legado-juan-gabriel\/\",\"name\":\"CIRQUE M\u00daSICA QUERIDA: EL MUSICAL QUE FESTEJAR\u00c1 EL LEGADO DE JUAN GABRIEL | Grazia M\u00e9xico y Latinoam\u00e9rica\",\"isPartOf\":{\"@id\":\"https:\/\/graziamagazine.com\/mx\/#website\"},\"datePublished\":\"2022-10-10T23:33:44+00:00\",\"dateModified\":\"2022-10-10T23:36:44+00:00\",\"description\":\"Juan Gabriel es uno de los grandes artistas mexicanos que nos han hecho viajar por un sinf\u00edn de emociones con sus canciones. \u00bfQui\u00e9n no ha re\u00eddo, llorado o\",\"breadcrumb\":{\"@id\":\"https:\/\/graziamagazine.com\/mx\/articles\/cirque-musica-querida-emusical-festejara-legado-juan-gabriel\/#breadcrumb\"},\"inLanguage\":\"es-MX\",\"potentialAction\":[{\"@type\":\"ReadAction\",\"target\":[\"https:\/\/graziamagazine.com\/mx\/articles\/cirque-musica-querida-emusical-festejara-legado-juan-gabriel\/\"]}]},{\"@type\":\"BreadcrumbList\",\"@id\":\"https:\/\/graziamagazine.com\/mx\/articles\/cirque-musica-querida-emusical-festejara-legado-juan-gabriel\/#breadcrumb\",\"itemListElement\":[{\"@type\":\"ListItem\",\"position\":1,\"name\":\"Home\",\"item\":\"https:\/\/graziamagazine.com\/mx\/\"},{\"@type\":\"ListItem\",\"position\":2,\"name\":\"CIRQUE M\u00daSICA QUERIDA: EL MUSICAL QUE FESTEJAR\u00c1 EL LEGADO DE JUAN GABRIEL\"}]},{\"@type\":\"WebSite\",\"@id\":\"https:\/\/graziamagazine.com\/mx\/#website\",\"url\":\"https:\/\/graziamagazine.com\/mx\/\",\"name\":\"Grazia M\u00e9xico y Latinoam\u00e9rica\",\"description\":\"Grazia es moda, belleza y noticias  de actualidad \",\"potentialAction\":[{\"@type\":\"SearchAction\",\"target\":{\"@type\":\"EntryPoint\",\"urlTemplate\":\"https:\/\/graziamagazine.com\/mx\/?s={search_term_string}\"},\"query-input\":\"required name=search_term_string\"}],\"inLanguage\":\"es-MX\"}]}<\/script>\n<!-- \/ Yoast SEO Premium plugin. -->","yoast_head_json":{"title":"CIRQUE M\u00daSICA QUERIDA: EL MUSICAL QUE FESTEJAR\u00c1 EL LEGADO DE JUAN GABRIEL | Grazia M\u00e9xico y Latinoam\u00e9rica","description":"Juan Gabriel es uno de los grandes artistas mexicanos que nos han hecho viajar por un sinf\u00edn de emociones con sus canciones. \u00bfQui\u00e9n no ha re\u00eddo, llorado o","robots":{"index":"index","follow":"follow","max-snippet":"max-snippet:-1","max-image-preview":"max-image-preview:large","max-video-preview":"max-video-preview:-1"},"canonical":"https:\/\/graziamagazine.com\/mx\/articles\/cirque-musica-querida-emusical-festejara-legado-juan-gabriel\/","og_locale":"es_MX","og_type":"article","og_title":"CIRQUE M\u00daSICA QUERIDA: EL MUSICAL QUE FESTEJAR\u00c1 EL LEGADO DE JUAN GABRIEL","og_description":"Juan Gabriel es uno de los grandes artistas mexicanos que nos han hecho viajar por un sinf\u00edn de emociones con sus canciones. \u00bfQui\u00e9n no ha re\u00eddo, llorado o","og_url":"https:\/\/graziamagazine.com\/mx\/articles\/cirque-musica-querida-emusical-festejara-legado-juan-gabriel\/","og_site_name":"Grazia M\u00e9xico y Latinoam\u00e9rica","article_modified_time":"2022-10-10T23:36:44+00:00","og_image":[{"width":1278,"height":720,"url":"https:\/\/graziamagazine.com\/mx\/wp-content\/uploads\/sites\/13\/2022\/10\/juanga-2-e1665444907358.jpg","type":"image\/jpeg"}],"twitter_card":"summary_large_image","twitter_misc":{"Est. reading time":"2 minutos"},"schema":{"@context":"https:\/\/schema.org","@graph":[{"@type":"WebPage","@id":"https:\/\/graziamagazine.com\/mx\/articles\/cirque-musica-querida-emusical-festejara-legado-juan-gabriel\/","url":"https:\/\/graziamagazine.com\/mx\/articles\/cirque-musica-querida-emusical-festejara-legado-juan-gabriel\/","name":"CIRQUE M\u00daSICA QUERIDA: EL MUSICAL QUE FESTEJAR\u00c1 EL LEGADO DE JUAN GABRIEL | Grazia M\u00e9xico y Latinoam\u00e9rica","isPartOf":{"@id":"https:\/\/graziamagazine.com\/mx\/#website"},"datePublished":"2022-10-10T23:33:44+00:00","dateModified":"2022-10-10T23:36:44+00:00","description":"Juan Gabriel es uno de los grandes artistas mexicanos que nos han hecho viajar por un sinf\u00edn de emociones con sus canciones. \u00bfQui\u00e9n no ha re\u00eddo, llorado o","breadcrumb":{"@id":"https:\/\/graziamagazine.com\/mx\/articles\/cirque-musica-querida-emusical-festejara-legado-juan-gabriel\/#breadcrumb"},"inLanguage":"es-MX","potentialAction":[{"@type":"ReadAction","target":["https:\/\/graziamagazine.com\/mx\/articles\/cirque-musica-querida-emusical-festejara-legado-juan-gabriel\/"]}]},{"@type":"BreadcrumbList","@id":"https:\/\/graziamagazine.com\/mx\/articles\/cirque-musica-querida-emusical-festejara-legado-juan-gabriel\/#breadcrumb","itemListElement":[{"@type":"ListItem","position":1,"name":"Home","item":"https:\/\/graziamagazine.com\/mx\/"},{"@type":"ListItem","position":2,"name":"CIRQUE M\u00daSICA QUERIDA: EL MUSICAL QUE FESTEJAR\u00c1 EL LEGADO DE JUAN GABRIEL"}]},{"@type":"WebSite","@id":"https:\/\/graziamagazine.com\/mx\/#website","url":"https:\/\/graziamagazine.com\/mx\/","name":"Grazia M\u00e9xico y Latinoam\u00e9rica","description":"Grazia es moda, belleza y noticias  de actualidad ","potentialAction":[{"@type":"SearchAction","target":{"@type":"EntryPoint","urlTemplate":"https:\/\/graziamagazine.com\/mx\/?s={search_term_string}"},"query-input":"required name=search_term_string"}],"inLanguage":"es-MX"}]}},"jetpack_sharing_enabled":true,"distributor_meta":false,"distributor_terms":false,"distributor_media":false,"distributor_original_site_name":"Grazia M\u00e9xico y Latinoam\u00e9rica","distributor_original_site_url":"https:\/\/graziamagazine.com\/mx","push-errors":false,"_links":{"self":[{"href":"https:\/\/graziamagazine.com\/mx\/wp-json\/wp\/v2\/articles\/118034"}],"collection":[{"href":"https:\/\/graziamagazine.com\/mx\/wp-json\/wp\/v2\/articles"}],"about":[{"href":"https:\/\/graziamagazine.com\/mx\/wp-json\/wp\/v2\/types\/articles"}],"author":[{"embeddable":true,"href":"https:\/\/graziamagazine.com\/mx\/wp-json\/wp\/v2\/users\/36289"}],"wp:featuredmedia":[{"embeddable":true,"href":"https:\/\/graziamagazine.com\/mx\/wp-json\/wp\/v2\/media\/118036"}],"wp:attachment":[{"href":"https:\/\/graziamagazine.com\/mx\/wp-json\/wp\/v2\/media?parent=118034"}],"wp:term":[{"taxonomy":"category","embeddable":true,"href":"https:\/\/graziamagazine.com\/mx\/wp-json\/wp\/v2\/categories?post=118034"}],"curies":[{"name":"wp","href":"https:\/\/api.w.org\/{rel}","templated":true}]}}