{"id":117994,"date":"2022-10-07T13:39:00","date_gmt":"2022-10-07T18:39:00","guid":{"rendered":"https:\/\/graziamagazine.com\/mx\/?post_type=articles&#038;p=117994"},"modified":"2022-10-09T14:26:05","modified_gmt":"2022-10-09T19:26:05","slug":"meghan-markle-y-el-principe-harry-excluidos-del-nuevo-retrato-de-la-familia-real","status":"publish","type":"articles","link":"https:\/\/graziamagazine.com\/mx\/articles\/meghan-markle-y-el-principe-harry-excluidos-del-nuevo-retrato-de-la-familia-real\/","title":{"rendered":"Meghan Markle y el pr\u00edncipe Harry, excluidos del nuevo retrato de la familia real"},"content":{"rendered":"<p><span style=\"font-weight: 400\">El 1 de octubre, el <strong>Palacio de Buckingham<\/strong> comparti\u00f3 un nuevo retrato de la familia real en sus redes sociales. En la fotograf\u00eda se aprecia al r<strong>ey Charles III, la reina consorte Camila, a la princesa Kate y al pr\u00edncipe William<\/strong>, con dos notorias <a href=\"https:\/\/graziamagazine.com\/mx\/articles\/el-principe-harry-y-meghan-markle-bajan-de-nivel-en-el-sitio-web-de-la-familia-real\/\">ausencias<\/a>: <strong>Meghan Markle y el pr\u00edncipe Harry.<\/strong><\/span><\/p>\n<p><span style=\"font-weight: 400\">Sin embargo, los duques de Sussex no se quedaron atr\u00e1s. A diferencia del retrato real, lleno de formalidad, tambi\u00e9n sali\u00f3 a la luz un retrato de Meghan y Harry, tomados de la mano.\u00a0<\/span><\/p>\n<blockquote class=\"twitter-tweet\" data-width=\"500\" data-dnt=\"true\">\n<p lang=\"en\" dir=\"ltr\">\ud83d\udcf8 Their Majesties The King and The Queen Consort with Their Royal Highnesses The Prince and Princess of Wales.<\/p>\n<p>Taken at Buckingham Palace on 18th September by <a href=\"https:\/\/twitter.com\/ChrisJack_Getty?ref_src=twsrc%5Etfw\" target=\"_blank\">@ChrisJack_Getty<\/a> . <a href=\"https:\/\/t.co\/heUi1C5E15\" target=\"_blank\">pic.twitter.com\/heUi1C5E15<\/a><\/p>\n<p>&mdash; The Royal Family (@RoyalFamily) <a href=\"https:\/\/twitter.com\/RoyalFamily\/status\/1576316595940773888?ref_src=twsrc%5Etfw\" target=\"_blank\">October 1, 2022<\/a><\/p><\/blockquote>\n<p><script async src=\"https:\/\/platform.twitter.com\/widgets.js\" charset=\"utf-8\"><\/script><\/p>\n<p><span style=\"font-weight: 400\">El fot\u00f3grafo <strong>Misan Harriman<\/strong> comparti\u00f3 una foto que tom\u00f3 del duque y la duquesa de Sussex parados cerca mientras entrelazaban los dedos. Harry estaba vestido para impresionar con un traje negro y corbata, mientras que Meghan luc\u00eda elegante con pantalones rojos y una blusa roja a juego.<\/span><\/p>\n<p><span style=\"font-weight: 400\">\u201cEl duque y la duquesa de Sussex momentos antes de asistir a la ceremonia de apertura de <strong>One Young World<\/strong> el mes pasado\u201d, escribi\u00f3 Harriman en la foto que comparti\u00f3 en Instagram.<\/span><\/p>\n<p><span style=\"font-weight: 400\">Tanto el retrato de la familia real, como el de los duques de Sussex, fueron captados d\u00edas antes de la muerte de la reina Elizabeth II.<\/span><\/p>\n<p><img loading=\"lazy\" decoding=\"async\" class=\"aligncenter wp-image-117995 size-large\" src=\"https:\/\/graziamagazine.com\/mx\/wp-content\/uploads\/sites\/13\/2022\/10\/Captura-de-Pantalla-2022-10-07-a-las-12.34.18.png?w=413\" alt=\"Meghan Markle y el pr\u00edncipe Harry, excluidos del nuevo retrato de la familia real\" width=\"413\" height=\"609\" \/><\/p>\n<p><span style=\"font-weight: 400\">El fot\u00f3grafo tambi\u00e9n public\u00f3 una foto en blanco y negro de Harry y Meghan en el One Young World, donde se les ve detr\u00e1s del escenario, nuevamente tomados de la mano.<\/span><\/p>\n<p><span style=\"font-weight: 400\">Los Sussex asistieron a la cumbre, que tuvo lugar en Manchester, Inglaterra, el 5 de septiembre.<\/span><\/p>\n<p><span style=\"font-weight: 400\">Despu\u00e9s de su aparici\u00f3n en la cumbre, la pareja viaj\u00f3 a Alemania para asistir al evento <strong>Dusseldorf 2023 \u2013 One Year to Go<\/strong>, de Invictus Games.<\/span><\/p>\n<p><img loading=\"lazy\" decoding=\"async\" class=\"aligncenter wp-image-117996 size-large\" src=\"https:\/\/graziamagazine.com\/mx\/wp-content\/uploads\/sites\/13\/2022\/10\/Captura-de-Pantalla-2022-10-07-a-las-12.34.58.png?w=463\" alt=\"Meghan Markle y el pr\u00edncipe Harry, excluidos del nuevo retrato de la familia real\" width=\"463\" height=\"615\" \/><\/p>\n<p><span style=\"font-weight: 400\">Pero su viaje se vio interrumpido cuando el Palacio de Buckingham anunci\u00f3 el 8 de septiembre que la salud de la reina estaba empeorando, y Harry se apresur\u00f3 a ir a Escocia para estar al lado de su abuela.<\/span><\/p>\n<p><span style=\"font-weight: 400\">Ella muri\u00f3 horas despu\u00e9s y Harry, desafortunadamente, no lleg\u00f3 a tiempo para despedirse.\u00a0<\/span><\/p>\n","protected":false},"author":11628,"featured_media":93828,"template":"","format":"standard","categories":[12655],"acf":[],"yoast_head":"<!-- This site is optimized with the Yoast SEO Premium plugin v18.5 (Yoast SEO v20.4) - https:\/\/yoast.com\/wordpress\/plugins\/seo\/ -->\n<title>Meghan Markle y el pr\u00edncipe Harry, exclu\u00eddos del nuevo retrato de la familia real<\/title>\n<meta name=\"description\" content=\"El 1 de octubre, el Palacio de Buckingham comparti\u00f3 un nuevo retrato de la familia real en sus redes sociales. En la fotograf\u00eda se aprecia al rey Charles\" \/>\n<meta name=\"robots\" content=\"index, follow, max-snippet:-1, max-image-preview:large, max-video-preview:-1\" \/>\n<link rel=\"canonical\" href=\"https:\/\/graziamagazine.com\/mx\/articles\/meghan-markle-y-el-principe-harry-excluidos-del-nuevo-retrato-de-la-familia-real\/\" \/>\n<meta property=\"og:locale\" content=\"es_MX\" \/>\n<meta property=\"og:type\" content=\"article\" \/>\n<meta property=\"og:title\" content=\"Meghan Markle y el pr\u00edncipe Harry, excluidos del nuevo retrato de la familia real\" \/>\n<meta property=\"og:description\" content=\"El 1 de octubre, el Palacio de Buckingham comparti\u00f3 un nuevo retrato de la familia real en sus redes sociales. En la fotograf\u00eda se aprecia al rey Charles\" \/>\n<meta property=\"og:url\" content=\"https:\/\/graziamagazine.com\/mx\/articles\/meghan-markle-y-el-principe-harry-excluidos-del-nuevo-retrato-de-la-familia-real\/\" \/>\n<meta property=\"og:site_name\" content=\"Grazia M\u00e9xico y Latinoam\u00e9rica\" \/>\n<meta property=\"article:modified_time\" content=\"2022-10-09T19:26:05+00:00\" \/>\n<meta property=\"og:image\" content=\"https:\/\/graziamagazine.com\/mx\/wp-content\/uploads\/sites\/13\/2021\/02\/GettyImages-1045629990__1_.jpg\" \/>\n\t<meta property=\"og:image:width\" content=\"1200\" \/>\n\t<meta property=\"og:image:height\" content=\"791\" \/>\n\t<meta property=\"og:image:type\" content=\"image\/jpeg\" \/>\n<meta name=\"twitter:card\" content=\"summary_large_image\" \/>\n<meta name=\"twitter:label1\" content=\"Est. reading time\" \/>\n\t<meta name=\"twitter:data1\" content=\"2 minutos\" \/>\n<script type=\"application\/ld+json\" class=\"yoast-schema-graph\">{\"@context\":\"https:\/\/schema.org\",\"@graph\":[{\"@type\":\"WebPage\",\"@id\":\"https:\/\/graziamagazine.com\/mx\/articles\/meghan-markle-y-el-principe-harry-excluidos-del-nuevo-retrato-de-la-familia-real\/\",\"url\":\"https:\/\/graziamagazine.com\/mx\/articles\/meghan-markle-y-el-principe-harry-excluidos-del-nuevo-retrato-de-la-familia-real\/\",\"name\":\"Meghan Markle y el pr\u00edncipe Harry, exclu\u00eddos del nuevo retrato de la familia real\",\"isPartOf\":{\"@id\":\"https:\/\/graziamagazine.com\/mx\/#website\"},\"datePublished\":\"2022-10-07T18:39:00+00:00\",\"dateModified\":\"2022-10-09T19:26:05+00:00\",\"description\":\"El 1 de octubre, el Palacio de Buckingham comparti\u00f3 un nuevo retrato de la familia real en sus redes sociales. En la fotograf\u00eda se aprecia al rey Charles\",\"breadcrumb\":{\"@id\":\"https:\/\/graziamagazine.com\/mx\/articles\/meghan-markle-y-el-principe-harry-excluidos-del-nuevo-retrato-de-la-familia-real\/#breadcrumb\"},\"inLanguage\":\"es-MX\",\"potentialAction\":[{\"@type\":\"ReadAction\",\"target\":[\"https:\/\/graziamagazine.com\/mx\/articles\/meghan-markle-y-el-principe-harry-excluidos-del-nuevo-retrato-de-la-familia-real\/\"]}]},{\"@type\":\"BreadcrumbList\",\"@id\":\"https:\/\/graziamagazine.com\/mx\/articles\/meghan-markle-y-el-principe-harry-excluidos-del-nuevo-retrato-de-la-familia-real\/#breadcrumb\",\"itemListElement\":[{\"@type\":\"ListItem\",\"position\":1,\"name\":\"Home\",\"item\":\"https:\/\/graziamagazine.com\/mx\/\"},{\"@type\":\"ListItem\",\"position\":2,\"name\":\"Meghan Markle y el pr\u00edncipe Harry, excluidos del nuevo retrato de la familia real\"}]},{\"@type\":\"WebSite\",\"@id\":\"https:\/\/graziamagazine.com\/mx\/#website\",\"url\":\"https:\/\/graziamagazine.com\/mx\/\",\"name\":\"Grazia M\u00e9xico y Latinoam\u00e9rica\",\"description\":\"Grazia es moda, belleza y noticias  de actualidad \",\"potentialAction\":[{\"@type\":\"SearchAction\",\"target\":{\"@type\":\"EntryPoint\",\"urlTemplate\":\"https:\/\/graziamagazine.com\/mx\/?s={search_term_string}\"},\"query-input\":\"required name=search_term_string\"}],\"inLanguage\":\"es-MX\"}]}<\/script>\n<!-- \/ Yoast SEO Premium plugin. -->","yoast_head_json":{"title":"Meghan Markle y el pr\u00edncipe Harry, exclu\u00eddos del nuevo retrato de la familia real","description":"El 1 de octubre, el Palacio de Buckingham comparti\u00f3 un nuevo retrato de la familia real en sus redes sociales. En la fotograf\u00eda se aprecia al rey Charles","robots":{"index":"index","follow":"follow","max-snippet":"max-snippet:-1","max-image-preview":"max-image-preview:large","max-video-preview":"max-video-preview:-1"},"canonical":"https:\/\/graziamagazine.com\/mx\/articles\/meghan-markle-y-el-principe-harry-excluidos-del-nuevo-retrato-de-la-familia-real\/","og_locale":"es_MX","og_type":"article","og_title":"Meghan Markle y el pr\u00edncipe Harry, excluidos del nuevo retrato de la familia real","og_description":"El 1 de octubre, el Palacio de Buckingham comparti\u00f3 un nuevo retrato de la familia real en sus redes sociales. En la fotograf\u00eda se aprecia al rey Charles","og_url":"https:\/\/graziamagazine.com\/mx\/articles\/meghan-markle-y-el-principe-harry-excluidos-del-nuevo-retrato-de-la-familia-real\/","og_site_name":"Grazia M\u00e9xico y Latinoam\u00e9rica","article_modified_time":"2022-10-09T19:26:05+00:00","og_image":[{"width":1200,"height":791,"url":"https:\/\/graziamagazine.com\/mx\/wp-content\/uploads\/sites\/13\/2021\/02\/GettyImages-1045629990__1_.jpg","type":"image\/jpeg"}],"twitter_card":"summary_large_image","twitter_misc":{"Est. reading time":"2 minutos"},"schema":{"@context":"https:\/\/schema.org","@graph":[{"@type":"WebPage","@id":"https:\/\/graziamagazine.com\/mx\/articles\/meghan-markle-y-el-principe-harry-excluidos-del-nuevo-retrato-de-la-familia-real\/","url":"https:\/\/graziamagazine.com\/mx\/articles\/meghan-markle-y-el-principe-harry-excluidos-del-nuevo-retrato-de-la-familia-real\/","name":"Meghan Markle y el pr\u00edncipe Harry, exclu\u00eddos del nuevo retrato de la familia real","isPartOf":{"@id":"https:\/\/graziamagazine.com\/mx\/#website"},"datePublished":"2022-10-07T18:39:00+00:00","dateModified":"2022-10-09T19:26:05+00:00","description":"El 1 de octubre, el Palacio de Buckingham comparti\u00f3 un nuevo retrato de la familia real en sus redes sociales. En la fotograf\u00eda se aprecia al rey Charles","breadcrumb":{"@id":"https:\/\/graziamagazine.com\/mx\/articles\/meghan-markle-y-el-principe-harry-excluidos-del-nuevo-retrato-de-la-familia-real\/#breadcrumb"},"inLanguage":"es-MX","potentialAction":[{"@type":"ReadAction","target":["https:\/\/graziamagazine.com\/mx\/articles\/meghan-markle-y-el-principe-harry-excluidos-del-nuevo-retrato-de-la-familia-real\/"]}]},{"@type":"BreadcrumbList","@id":"https:\/\/graziamagazine.com\/mx\/articles\/meghan-markle-y-el-principe-harry-excluidos-del-nuevo-retrato-de-la-familia-real\/#breadcrumb","itemListElement":[{"@type":"ListItem","position":1,"name":"Home","item":"https:\/\/graziamagazine.com\/mx\/"},{"@type":"ListItem","position":2,"name":"Meghan Markle y el pr\u00edncipe Harry, excluidos del nuevo retrato de la familia real"}]},{"@type":"WebSite","@id":"https:\/\/graziamagazine.com\/mx\/#website","url":"https:\/\/graziamagazine.com\/mx\/","name":"Grazia M\u00e9xico y Latinoam\u00e9rica","description":"Grazia es moda, belleza y noticias  de actualidad ","potentialAction":[{"@type":"SearchAction","target":{"@type":"EntryPoint","urlTemplate":"https:\/\/graziamagazine.com\/mx\/?s={search_term_string}"},"query-input":"required name=search_term_string"}],"inLanguage":"es-MX"}]}},"jetpack_sharing_enabled":true,"distributor_meta":false,"distributor_terms":false,"distributor_media":false,"distributor_original_site_name":"Grazia M\u00e9xico y Latinoam\u00e9rica","distributor_original_site_url":"https:\/\/graziamagazine.com\/mx","push-errors":false,"_links":{"self":[{"href":"https:\/\/graziamagazine.com\/mx\/wp-json\/wp\/v2\/articles\/117994"}],"collection":[{"href":"https:\/\/graziamagazine.com\/mx\/wp-json\/wp\/v2\/articles"}],"about":[{"href":"https:\/\/graziamagazine.com\/mx\/wp-json\/wp\/v2\/types\/articles"}],"author":[{"embeddable":true,"href":"https:\/\/graziamagazine.com\/mx\/wp-json\/wp\/v2\/users\/11628"}],"wp:featuredmedia":[{"embeddable":true,"href":"https:\/\/graziamagazine.com\/mx\/wp-json\/wp\/v2\/media\/93828"}],"wp:attachment":[{"href":"https:\/\/graziamagazine.com\/mx\/wp-json\/wp\/v2\/media?parent=117994"}],"wp:term":[{"taxonomy":"category","embeddable":true,"href":"https:\/\/graziamagazine.com\/mx\/wp-json\/wp\/v2\/categories?post=117994"}],"curies":[{"name":"wp","href":"https:\/\/api.w.org\/{rel}","templated":true}]}}