{"id":11782,"date":"2016-12-12T08:21:17","date_gmt":"2016-12-12T14:21:17","guid":{"rendered":"https:\/\/graziamagazine.com\/mx\/?p=11782"},"modified":"2016-12-12T08:27:52","modified_gmt":"2016-12-12T14:27:52","slug":"lily-collins-una-reina-polar-en-los-critics-choice-awards","status":"publish","type":"articles","link":"https:\/\/graziamagazine.com\/mx\/articles\/lily-collins-una-reina-polar-en-los-critics-choice-awards\/","title":{"rendered":"LILY COLLINS: UNA REINA POLAR EN LOS CRITIC\u2019S CHOICE AWARDS"},"content":{"rendered":"<p><b>La actriz eligi\u00f3 un dise\u00f1o de Elie Saab que la hizo lucir como salida de un cuento invernal.<\/b><!--more--><\/p>\n<p>\u2013\u2013\u2013\u2013<\/p>\n<p>&nbsp;<\/p>\n<p><span style=\"font-weight: 400;\"><strong>Lily Collins<\/strong> es una de nuestras celebridades favoritas no s\u00f3lo por su talento en la gran pantalla y envidiable belleza. La hija de <strong>Phil Collins<\/strong> es poseedora de un sentido del estilo sofisticado que nunca falla ni en sus elecciones m\u00e1s casuales, ni mucho menos en las galas.<\/span><\/p>\n<p><span style=\"font-weight: 400;\">La noche de ayer fue la celebraci\u00f3n de los <strong>Critic\u2019s Choice Awards<\/strong> y la brit\u00e1nica hizo gala de su impecable gusto al vestir un<strong> Elie Saab Haute Couture<\/strong> que nos dej\u00f3 sin aliento. Adem\u00e1s de hacer match con el tono porcelana de su piel, el intrincado dise\u00f1o de encaje de inspiraci\u00f3n victoriana se llev\u00f3 las palmas por lo suave \u2013pero contundente\u2013 de sus transparencias.<\/span><\/p>\n<p><span style=\"font-weight: 400;\">El maquillaje fue el toque sexy de su look al llevar <strong><em>bold lips<\/em><\/strong> en color cereza y los ojos en un smokey a juego. Si pudi\u00e9ramos describir su outfit, dir\u00edamos que la brit\u00e1nica consigui\u00f3 transformarse en una princesa invernal con vibras goth\u2026 \u00a1Y nos encanta!<\/span><\/p>\n<p>&nbsp;<\/p>\n<p>En 2014, <strong>Lily<\/strong>\u00a0y\u00a0<strong>Elie<\/strong>\u00a0hicieron historia en el Rome Film Festival de 2014 cuando presumi\u00f3 un dise\u00f1o deslavado en p\u00farpura de su colecci\u00f3n Spring 2014. \u00bfCu\u00e1l te gust\u00f3\u00a0m\u00e1s?<\/p>\n<p>&nbsp;<\/p>\n<p><!--[gallery size=\"full\" ids=\"11790,11785,11786\"]--><\/p>\n","protected":false},"author":11636,"featured_media":11783,"template":"","format":"standard","categories":[3,2,4,10],"acf":[],"yoast_head":"<!-- This site is optimized with the Yoast SEO Premium plugin v18.5 (Yoast SEO v20.4) - https:\/\/yoast.com\/wordpress\/plugins\/seo\/ -->\n<title>LILY COLLINS: UNA REINA POLAR EN LOS CRITIC\u2019S CHOICE AWARDS | Grazia M\u00e9xico y Latinoam\u00e9rica<\/title>\n<meta name=\"description\" content=\"La actriz eligi\u00f3 un dise\u00f1o de Elie Saab que la hizo lucir como salida de un cuento invernal. \u2013\u2013\u2013\u2013 &nbsp; Lily Collins es una de nuestras celebridades\" \/>\n<meta name=\"robots\" content=\"index, follow, max-snippet:-1, max-image-preview:large, max-video-preview:-1\" \/>\n<link rel=\"canonical\" href=\"https:\/\/graziamagazine.com\/mx\/articles\/lily-collins-una-reina-polar-en-los-critics-choice-awards\/\" \/>\n<meta property=\"og:locale\" content=\"es_MX\" \/>\n<meta property=\"og:type\" content=\"article\" \/>\n<meta property=\"og:title\" content=\"LILY COLLINS: UNA REINA POLAR EN LOS CRITIC\u2019S CHOICE AWARDS\" \/>\n<meta property=\"og:description\" content=\"La actriz eligi\u00f3 un dise\u00f1o de Elie Saab que la hizo lucir como salida de un cuento invernal. \u2013\u2013\u2013\u2013 &nbsp; Lily Collins es una de nuestras celebridades\" \/>\n<meta property=\"og:url\" content=\"https:\/\/graziamagazine.com\/mx\/articles\/lily-collins-una-reina-polar-en-los-critics-choice-awards\/\" \/>\n<meta property=\"og:site_name\" content=\"Grazia M\u00e9xico y Latinoam\u00e9rica\" \/>\n<meta property=\"article:modified_time\" content=\"2016-12-12T14:27:52+00:00\" \/>\n<meta property=\"og:image\" content=\"https:\/\/graziamagazine.com\/mx\/wp-content\/uploads\/sites\/13\/2016\/12\/lclcov.jpg?fit=970%2C600\" \/>\n\t<meta property=\"og:image:width\" content=\"970\" \/>\n\t<meta property=\"og:image:height\" content=\"600\" \/>\n\t<meta property=\"og:image:type\" content=\"image\/jpeg\" \/>\n<meta name=\"twitter:card\" content=\"summary_large_image\" \/>\n<meta name=\"twitter:label1\" content=\"Est. reading time\" \/>\n\t<meta name=\"twitter:data1\" content=\"1 minuto\" \/>\n<script type=\"application\/ld+json\" class=\"yoast-schema-graph\">{\"@context\":\"https:\/\/schema.org\",\"@graph\":[{\"@type\":\"WebPage\",\"@id\":\"https:\/\/graziamagazine.com\/mx\/articles\/lily-collins-una-reina-polar-en-los-critics-choice-awards\/\",\"url\":\"https:\/\/graziamagazine.com\/mx\/articles\/lily-collins-una-reina-polar-en-los-critics-choice-awards\/\",\"name\":\"LILY COLLINS: UNA REINA POLAR EN LOS CRITIC\u2019S CHOICE AWARDS | Grazia M\u00e9xico y Latinoam\u00e9rica\",\"isPartOf\":{\"@id\":\"https:\/\/graziamagazine.com\/mx\/#website\"},\"datePublished\":\"2016-12-12T14:21:17+00:00\",\"dateModified\":\"2016-12-12T14:27:52+00:00\",\"description\":\"La actriz eligi\u00f3 un dise\u00f1o de Elie Saab que la hizo lucir como salida de un cuento invernal. \u2013\u2013\u2013\u2013 &nbsp; Lily Collins es una de nuestras celebridades\",\"breadcrumb\":{\"@id\":\"https:\/\/graziamagazine.com\/mx\/articles\/lily-collins-una-reina-polar-en-los-critics-choice-awards\/#breadcrumb\"},\"inLanguage\":\"es-MX\",\"potentialAction\":[{\"@type\":\"ReadAction\",\"target\":[\"https:\/\/graziamagazine.com\/mx\/articles\/lily-collins-una-reina-polar-en-los-critics-choice-awards\/\"]}]},{\"@type\":\"BreadcrumbList\",\"@id\":\"https:\/\/graziamagazine.com\/mx\/articles\/lily-collins-una-reina-polar-en-los-critics-choice-awards\/#breadcrumb\",\"itemListElement\":[{\"@type\":\"ListItem\",\"position\":1,\"name\":\"Home\",\"item\":\"https:\/\/graziamagazine.com\/mx\/\"},{\"@type\":\"ListItem\",\"position\":2,\"name\":\"LILY COLLINS: UNA REINA POLAR EN LOS CRITIC\u2019S CHOICE AWARDS\"}]},{\"@type\":\"WebSite\",\"@id\":\"https:\/\/graziamagazine.com\/mx\/#website\",\"url\":\"https:\/\/graziamagazine.com\/mx\/\",\"name\":\"Grazia M\u00e9xico y Latinoam\u00e9rica\",\"description\":\"Grazia es moda, belleza y noticias  de actualidad \",\"potentialAction\":[{\"@type\":\"SearchAction\",\"target\":{\"@type\":\"EntryPoint\",\"urlTemplate\":\"https:\/\/graziamagazine.com\/mx\/?s={search_term_string}\"},\"query-input\":\"required name=search_term_string\"}],\"inLanguage\":\"es-MX\"}]}<\/script>\n<!-- \/ Yoast SEO Premium plugin. -->","yoast_head_json":{"title":"LILY COLLINS: UNA REINA POLAR EN LOS CRITIC\u2019S CHOICE AWARDS | Grazia M\u00e9xico y Latinoam\u00e9rica","description":"La actriz eligi\u00f3 un dise\u00f1o de Elie Saab que la hizo lucir como salida de un cuento invernal. \u2013\u2013\u2013\u2013 &nbsp; Lily Collins es una de nuestras celebridades","robots":{"index":"index","follow":"follow","max-snippet":"max-snippet:-1","max-image-preview":"max-image-preview:large","max-video-preview":"max-video-preview:-1"},"canonical":"https:\/\/graziamagazine.com\/mx\/articles\/lily-collins-una-reina-polar-en-los-critics-choice-awards\/","og_locale":"es_MX","og_type":"article","og_title":"LILY COLLINS: UNA REINA POLAR EN LOS CRITIC\u2019S CHOICE AWARDS","og_description":"La actriz eligi\u00f3 un dise\u00f1o de Elie Saab que la hizo lucir como salida de un cuento invernal. \u2013\u2013\u2013\u2013 &nbsp; Lily Collins es una de nuestras celebridades","og_url":"https:\/\/graziamagazine.com\/mx\/articles\/lily-collins-una-reina-polar-en-los-critics-choice-awards\/","og_site_name":"Grazia M\u00e9xico y Latinoam\u00e9rica","article_modified_time":"2016-12-12T14:27:52+00:00","og_image":[{"width":970,"height":600,"url":"https:\/\/graziamagazine.com\/mx\/wp-content\/uploads\/sites\/13\/2016\/12\/lclcov.jpg?fit=970%2C600","type":"image\/jpeg"}],"twitter_card":"summary_large_image","twitter_misc":{"Est. reading time":"1 minuto"},"schema":{"@context":"https:\/\/schema.org","@graph":[{"@type":"WebPage","@id":"https:\/\/graziamagazine.com\/mx\/articles\/lily-collins-una-reina-polar-en-los-critics-choice-awards\/","url":"https:\/\/graziamagazine.com\/mx\/articles\/lily-collins-una-reina-polar-en-los-critics-choice-awards\/","name":"LILY COLLINS: UNA REINA POLAR EN LOS CRITIC\u2019S CHOICE AWARDS | Grazia M\u00e9xico y Latinoam\u00e9rica","isPartOf":{"@id":"https:\/\/graziamagazine.com\/mx\/#website"},"datePublished":"2016-12-12T14:21:17+00:00","dateModified":"2016-12-12T14:27:52+00:00","description":"La actriz eligi\u00f3 un dise\u00f1o de Elie Saab que la hizo lucir como salida de un cuento invernal. \u2013\u2013\u2013\u2013 &nbsp; Lily Collins es una de nuestras celebridades","breadcrumb":{"@id":"https:\/\/graziamagazine.com\/mx\/articles\/lily-collins-una-reina-polar-en-los-critics-choice-awards\/#breadcrumb"},"inLanguage":"es-MX","potentialAction":[{"@type":"ReadAction","target":["https:\/\/graziamagazine.com\/mx\/articles\/lily-collins-una-reina-polar-en-los-critics-choice-awards\/"]}]},{"@type":"BreadcrumbList","@id":"https:\/\/graziamagazine.com\/mx\/articles\/lily-collins-una-reina-polar-en-los-critics-choice-awards\/#breadcrumb","itemListElement":[{"@type":"ListItem","position":1,"name":"Home","item":"https:\/\/graziamagazine.com\/mx\/"},{"@type":"ListItem","position":2,"name":"LILY COLLINS: UNA REINA POLAR EN LOS CRITIC\u2019S CHOICE AWARDS"}]},{"@type":"WebSite","@id":"https:\/\/graziamagazine.com\/mx\/#website","url":"https:\/\/graziamagazine.com\/mx\/","name":"Grazia M\u00e9xico y Latinoam\u00e9rica","description":"Grazia es moda, belleza y noticias  de actualidad ","potentialAction":[{"@type":"SearchAction","target":{"@type":"EntryPoint","urlTemplate":"https:\/\/graziamagazine.com\/mx\/?s={search_term_string}"},"query-input":"required name=search_term_string"}],"inLanguage":"es-MX"}]}},"jetpack_sharing_enabled":true,"distributor_meta":false,"distributor_terms":false,"distributor_media":false,"distributor_original_site_name":"Grazia M\u00e9xico y Latinoam\u00e9rica","distributor_original_site_url":"https:\/\/graziamagazine.com\/mx","push-errors":false,"_links":{"self":[{"href":"https:\/\/graziamagazine.com\/mx\/wp-json\/wp\/v2\/articles\/11782"}],"collection":[{"href":"https:\/\/graziamagazine.com\/mx\/wp-json\/wp\/v2\/articles"}],"about":[{"href":"https:\/\/graziamagazine.com\/mx\/wp-json\/wp\/v2\/types\/articles"}],"author":[{"embeddable":true,"href":"https:\/\/graziamagazine.com\/mx\/wp-json\/wp\/v2\/users\/11636"}],"wp:featuredmedia":[{"embeddable":true,"href":"https:\/\/graziamagazine.com\/mx\/wp-json\/wp\/v2\/media\/11783"}],"wp:attachment":[{"href":"https:\/\/graziamagazine.com\/mx\/wp-json\/wp\/v2\/media?parent=11782"}],"wp:term":[{"taxonomy":"category","embeddable":true,"href":"https:\/\/graziamagazine.com\/mx\/wp-json\/wp\/v2\/categories?post=11782"}],"curies":[{"name":"wp","href":"https:\/\/api.w.org\/{rel}","templated":true}]}}