{"id":117673,"date":"2022-09-29T17:21:12","date_gmt":"2022-09-29T22:21:12","guid":{"rendered":"https:\/\/graziamagazine.com\/mx\/?post_type=articles&#038;p=117673"},"modified":"2022-09-30T14:59:08","modified_gmt":"2022-09-30T19:59:08","slug":"blonde-la-historia-de-marilyn-monroe-se-estreno-en-netflix-dividiendo-a-la-audiencia","status":"publish","type":"articles","link":"https:\/\/graziamagazine.com\/mx\/articles\/blonde-la-historia-de-marilyn-monroe-se-estreno-en-netflix-dividiendo-a-la-audiencia\/","title":{"rendered":"\u2018Blonde\u2019, la historia de Marilyn Monroe, se estren\u00f3 en Netflix dividiendo opiniones"},"content":{"rendered":"<p><span style=\"font-weight: 400;\">Amada u odiada pero jam\u00e1s ignorada. La pel\u00edcula sobre la diva <strong>Marilyn Monroe <\/strong>&#8211;<em> <strong>Blonde<\/strong><\/em> &#8211; basada en la novela hom\u00f3nima de <strong>Joy Carol Oates<\/strong>, se estren\u00f3 esta semana en <strong>Netflix<\/strong>, dividiendo las opiniones de los espectadores.<\/span><\/p>\n<p><span style=\"font-weight: 400;\">Por una parte, durante su estreno en el Festival Internacional de Cine de Venecia, la cinta protagonizada por <a href=\"https:\/\/graziamagazine.com\/mx\/articles\/espectacular-ana-de-armas-marilyn-monroe-segundo-trailer-serie-blonde\/\"><strong>Ana de Armas<\/strong><\/a> recibi\u00f3 una ovaci\u00f3n de pie de 14 minutos, y tras su estreno en Netflix, la gente est\u00e1 diciendo que no puede soportar verla por m\u00e1s de 20 minutos.<\/span><\/p>\n<p><span style=\"font-weight: 400;\">La pel\u00edcula dirigida por <strong>Andrew Dominik<\/strong> est\u00e1 clasificada para mayores de 18 a\u00f1os, ha dividido a los cr\u00edticos y espectadores, con un escrutinio particularmente dirigido a la descripci\u00f3n desgarradora de la pel\u00edcula sobre el trauma que la actriz vivi\u00f3 y la agresi\u00f3n sexual a la que se enfrent\u00f3.<\/span><\/p>\n<p><span style=\"font-weight: 400;\">En otras palabras, la cinta es cruda y rompe con la imagen divina e idealizada de una impecable y perfecta Marilyn Monroe \u2014que en realidad se llamaba <strong>Norma Jean<\/strong>\u2014\u00a0mostrando al p\u00fablico a la verdadera imagen de una mujer deprimida e insegura que se ocultaba tras la silueta perfecta y la cabellera rubia de esa ic\u00f3nica mujer.<\/span><\/p>\n<p><span style=\"font-weight: 400;\">Probablemente ver a un personaje tan querido y conocido en situaciones tan crudas, pueda generar cierto rechazo, pero todo depende de la sensibilidad del espectador. Es necesario separar al icono &#8211; esa imagen de alter ego tan predefinida &#8211; para adentrarnos en el relato m\u00e1s desolador de Norma Jean, la mujer tras Marilyn Monroe. Su complicada situaci\u00f3n familiar, su mala suerte en el amor y sus intentos fallidos de ser madre marcaron el fat\u00eddico destino de la int\u00e9rprete.<\/span><\/p>\n<p><span style=\"font-weight: 400;\">Sin embargo, hay una serie de otros comentarios negativos que se han producido recientemente de parte de los espectadores.<\/span><\/p>\n<p><span style=\"font-weight: 400;\">\u201cSi bien la pel\u00edcula est\u00e1 bellamente filmada (la mayor\u00eda de las veces) y Ana de Armas ofrece una actuaci\u00f3n luminosa, se desmorona r\u00e1pidamente&#8230; y esa \u00faltima hora es \u201cJesucristo, jodidamente imposible de ver!\u201d, escribi\u00f3 una persona.<\/span><\/p>\n<p><span style=\"font-weight: 400;\">\u201cIntent\u00e9 ver <em>Blonde<\/em>\u201d, coment\u00f3 otro. \u201cNo pude soportar m\u00e1s de 20 minutos de las casi tres horas de duraci\u00f3n. Esos 20 minutos no fueron m\u00e1s que crueles y desgarradores. Absolutamente imposible de ver.\u201d<\/span><\/p>\n<p><span style=\"font-weight: 400;\">\u201cEmpec\u00e9 a ver <em>Blonde<\/em> y la quit\u00e9 despu\u00e9s de 20 minutos, basta\u201d, escribi\u00f3 un tercero, mientras que alguien m\u00e1s lo describi\u00f3 como \u201cuna carta de odio al \u00edcono que era Marilyn\u201d.<\/span><\/p>\n<p><span style=\"font-weight: 400;\">\u201cInici\u00e9 <em>Blonde<\/em> y lo apagu\u00e9 en un tiempo r\u00e9cord\u201d, comparti\u00f3 otra persona. \u201cMostrar gr\u00e1ficamente la violaci\u00f3n en la pantalla no es de ninguna manera una forma significativa de retratar los horrores de la agresi\u00f3n sexual. Por favor, les ruego que dejen en paz a esta mujer y dejen de abofetear a los sobrevivientes de los abusos sexuales y a las mujeres\u201d.<\/span><\/p>\n<p><span style=\"font-weight: 400;\">Despu\u00e9s de estas opiniones contrastadas, \u00bfla ver\u00e1s? Te dejamos el trailer:<\/span><\/p>\n<p><iframe loading=\"lazy\" title=\"BLONDE | From Writer and Director Andrew Dominik | Official Trailer | Netflix\" width=\"500\" height=\"281\" src=\"https:\/\/www.youtube.com\/embed\/aIsFywuZPoQ?feature=oembed\" frameborder=\"0\" allow=\"accelerometer; autoplay; clipboard-write; encrypted-media; gyroscope; picture-in-picture\" allowfullscreen><\/iframe><\/p>\n","protected":false},"author":11628,"featured_media":117674,"template":"","format":"standard","categories":[12832],"acf":[],"yoast_head":"<!-- This site is optimized with the Yoast SEO Premium plugin v18.5 (Yoast SEO v20.4) - https:\/\/yoast.com\/wordpress\/plugins\/seo\/ -->\n<title>\u2018Blonde\u2019, la historia de Marilyn Monroe, se estren\u00f3 en Netflix dividiendo a la audiencia<\/title>\n<meta name=\"description\" content=\"Amada u odiada pero jam\u00e1s ignorada. La pel\u00edcula sobre la diva Marilyn Monroe - Blonde - basada en la novela hom\u00f3nima de Joy Carol Oates, se estren\u00f3 esta\" \/>\n<meta name=\"robots\" content=\"index, follow, max-snippet:-1, max-image-preview:large, max-video-preview:-1\" \/>\n<link rel=\"canonical\" href=\"https:\/\/graziamagazine.com\/mx\/articles\/blonde-la-historia-de-marilyn-monroe-se-estreno-en-netflix-dividiendo-a-la-audiencia\/\" \/>\n<meta property=\"og:locale\" content=\"es_MX\" \/>\n<meta property=\"og:type\" content=\"article\" \/>\n<meta property=\"og:title\" content=\"\u2018Blonde\u2019, la historia de Marilyn Monroe, se estren\u00f3 en Netflix dividiendo opiniones\" \/>\n<meta property=\"og:description\" content=\"Amada u odiada pero jam\u00e1s ignorada. La pel\u00edcula sobre la diva Marilyn Monroe - Blonde - basada en la novela hom\u00f3nima de Joy Carol Oates, se estren\u00f3 esta\" \/>\n<meta property=\"og:url\" content=\"https:\/\/graziamagazine.com\/mx\/articles\/blonde-la-historia-de-marilyn-monroe-se-estreno-en-netflix-dividiendo-a-la-audiencia\/\" \/>\n<meta property=\"og:site_name\" content=\"Grazia M\u00e9xico y Latinoam\u00e9rica\" \/>\n<meta property=\"article:modified_time\" content=\"2022-09-30T19:59:08+00:00\" \/>\n<meta property=\"og:image\" content=\"https:\/\/graziamagazine.com\/mx\/wp-content\/uploads\/sites\/13\/2022\/09\/Captura-de-Pantalla-2022-09-29-a-las-17.21.50.png\" \/>\n\t<meta property=\"og:image:width\" content=\"705\" \/>\n\t<meta property=\"og:image:height\" content=\"394\" \/>\n\t<meta property=\"og:image:type\" content=\"image\/png\" \/>\n<meta name=\"twitter:card\" content=\"summary_large_image\" \/>\n<meta name=\"twitter:label1\" content=\"Est. reading time\" \/>\n\t<meta name=\"twitter:data1\" content=\"3 minutos\" \/>\n<script type=\"application\/ld+json\" class=\"yoast-schema-graph\">{\"@context\":\"https:\/\/schema.org\",\"@graph\":[{\"@type\":\"WebPage\",\"@id\":\"https:\/\/graziamagazine.com\/mx\/articles\/blonde-la-historia-de-marilyn-monroe-se-estreno-en-netflix-dividiendo-a-la-audiencia\/\",\"url\":\"https:\/\/graziamagazine.com\/mx\/articles\/blonde-la-historia-de-marilyn-monroe-se-estreno-en-netflix-dividiendo-a-la-audiencia\/\",\"name\":\"\u2018Blonde\u2019, la historia de Marilyn Monroe, se estren\u00f3 en Netflix dividiendo a la audiencia\",\"isPartOf\":{\"@id\":\"https:\/\/graziamagazine.com\/mx\/#website\"},\"datePublished\":\"2022-09-29T22:21:12+00:00\",\"dateModified\":\"2022-09-30T19:59:08+00:00\",\"description\":\"Amada u odiada pero jam\u00e1s ignorada. La pel\u00edcula sobre la diva Marilyn Monroe - Blonde - basada en la novela hom\u00f3nima de Joy Carol Oates, se estren\u00f3 esta\",\"breadcrumb\":{\"@id\":\"https:\/\/graziamagazine.com\/mx\/articles\/blonde-la-historia-de-marilyn-monroe-se-estreno-en-netflix-dividiendo-a-la-audiencia\/#breadcrumb\"},\"inLanguage\":\"es-MX\",\"potentialAction\":[{\"@type\":\"ReadAction\",\"target\":[\"https:\/\/graziamagazine.com\/mx\/articles\/blonde-la-historia-de-marilyn-monroe-se-estreno-en-netflix-dividiendo-a-la-audiencia\/\"]}]},{\"@type\":\"BreadcrumbList\",\"@id\":\"https:\/\/graziamagazine.com\/mx\/articles\/blonde-la-historia-de-marilyn-monroe-se-estreno-en-netflix-dividiendo-a-la-audiencia\/#breadcrumb\",\"itemListElement\":[{\"@type\":\"ListItem\",\"position\":1,\"name\":\"Home\",\"item\":\"https:\/\/graziamagazine.com\/mx\/\"},{\"@type\":\"ListItem\",\"position\":2,\"name\":\"\u2018Blonde\u2019, la historia de Marilyn Monroe, se estren\u00f3 en Netflix dividiendo opiniones\"}]},{\"@type\":\"WebSite\",\"@id\":\"https:\/\/graziamagazine.com\/mx\/#website\",\"url\":\"https:\/\/graziamagazine.com\/mx\/\",\"name\":\"Grazia M\u00e9xico y Latinoam\u00e9rica\",\"description\":\"Grazia es moda, belleza y noticias  de actualidad \",\"potentialAction\":[{\"@type\":\"SearchAction\",\"target\":{\"@type\":\"EntryPoint\",\"urlTemplate\":\"https:\/\/graziamagazine.com\/mx\/?s={search_term_string}\"},\"query-input\":\"required name=search_term_string\"}],\"inLanguage\":\"es-MX\"}]}<\/script>\n<!-- \/ Yoast SEO Premium plugin. -->","yoast_head_json":{"title":"\u2018Blonde\u2019, la historia de Marilyn Monroe, se estren\u00f3 en Netflix dividiendo a la audiencia","description":"Amada u odiada pero jam\u00e1s ignorada. La pel\u00edcula sobre la diva Marilyn Monroe - Blonde - basada en la novela hom\u00f3nima de Joy Carol Oates, se estren\u00f3 esta","robots":{"index":"index","follow":"follow","max-snippet":"max-snippet:-1","max-image-preview":"max-image-preview:large","max-video-preview":"max-video-preview:-1"},"canonical":"https:\/\/graziamagazine.com\/mx\/articles\/blonde-la-historia-de-marilyn-monroe-se-estreno-en-netflix-dividiendo-a-la-audiencia\/","og_locale":"es_MX","og_type":"article","og_title":"\u2018Blonde\u2019, la historia de Marilyn Monroe, se estren\u00f3 en Netflix dividiendo opiniones","og_description":"Amada u odiada pero jam\u00e1s ignorada. La pel\u00edcula sobre la diva Marilyn Monroe - Blonde - basada en la novela hom\u00f3nima de Joy Carol Oates, se estren\u00f3 esta","og_url":"https:\/\/graziamagazine.com\/mx\/articles\/blonde-la-historia-de-marilyn-monroe-se-estreno-en-netflix-dividiendo-a-la-audiencia\/","og_site_name":"Grazia M\u00e9xico y Latinoam\u00e9rica","article_modified_time":"2022-09-30T19:59:08+00:00","og_image":[{"width":705,"height":394,"url":"https:\/\/graziamagazine.com\/mx\/wp-content\/uploads\/sites\/13\/2022\/09\/Captura-de-Pantalla-2022-09-29-a-las-17.21.50.png","type":"image\/png"}],"twitter_card":"summary_large_image","twitter_misc":{"Est. reading time":"3 minutos"},"schema":{"@context":"https:\/\/schema.org","@graph":[{"@type":"WebPage","@id":"https:\/\/graziamagazine.com\/mx\/articles\/blonde-la-historia-de-marilyn-monroe-se-estreno-en-netflix-dividiendo-a-la-audiencia\/","url":"https:\/\/graziamagazine.com\/mx\/articles\/blonde-la-historia-de-marilyn-monroe-se-estreno-en-netflix-dividiendo-a-la-audiencia\/","name":"\u2018Blonde\u2019, la historia de Marilyn Monroe, se estren\u00f3 en Netflix dividiendo a la audiencia","isPartOf":{"@id":"https:\/\/graziamagazine.com\/mx\/#website"},"datePublished":"2022-09-29T22:21:12+00:00","dateModified":"2022-09-30T19:59:08+00:00","description":"Amada u odiada pero jam\u00e1s ignorada. La pel\u00edcula sobre la diva Marilyn Monroe - Blonde - basada en la novela hom\u00f3nima de Joy Carol Oates, se estren\u00f3 esta","breadcrumb":{"@id":"https:\/\/graziamagazine.com\/mx\/articles\/blonde-la-historia-de-marilyn-monroe-se-estreno-en-netflix-dividiendo-a-la-audiencia\/#breadcrumb"},"inLanguage":"es-MX","potentialAction":[{"@type":"ReadAction","target":["https:\/\/graziamagazine.com\/mx\/articles\/blonde-la-historia-de-marilyn-monroe-se-estreno-en-netflix-dividiendo-a-la-audiencia\/"]}]},{"@type":"BreadcrumbList","@id":"https:\/\/graziamagazine.com\/mx\/articles\/blonde-la-historia-de-marilyn-monroe-se-estreno-en-netflix-dividiendo-a-la-audiencia\/#breadcrumb","itemListElement":[{"@type":"ListItem","position":1,"name":"Home","item":"https:\/\/graziamagazine.com\/mx\/"},{"@type":"ListItem","position":2,"name":"\u2018Blonde\u2019, la historia de Marilyn Monroe, se estren\u00f3 en Netflix dividiendo opiniones"}]},{"@type":"WebSite","@id":"https:\/\/graziamagazine.com\/mx\/#website","url":"https:\/\/graziamagazine.com\/mx\/","name":"Grazia M\u00e9xico y Latinoam\u00e9rica","description":"Grazia es moda, belleza y noticias  de actualidad ","potentialAction":[{"@type":"SearchAction","target":{"@type":"EntryPoint","urlTemplate":"https:\/\/graziamagazine.com\/mx\/?s={search_term_string}"},"query-input":"required name=search_term_string"}],"inLanguage":"es-MX"}]}},"jetpack_sharing_enabled":true,"distributor_meta":false,"distributor_terms":false,"distributor_media":false,"distributor_original_site_name":"Grazia M\u00e9xico y Latinoam\u00e9rica","distributor_original_site_url":"https:\/\/graziamagazine.com\/mx","push-errors":false,"_links":{"self":[{"href":"https:\/\/graziamagazine.com\/mx\/wp-json\/wp\/v2\/articles\/117673"}],"collection":[{"href":"https:\/\/graziamagazine.com\/mx\/wp-json\/wp\/v2\/articles"}],"about":[{"href":"https:\/\/graziamagazine.com\/mx\/wp-json\/wp\/v2\/types\/articles"}],"author":[{"embeddable":true,"href":"https:\/\/graziamagazine.com\/mx\/wp-json\/wp\/v2\/users\/11628"}],"wp:featuredmedia":[{"embeddable":true,"href":"https:\/\/graziamagazine.com\/mx\/wp-json\/wp\/v2\/media\/117674"}],"wp:attachment":[{"href":"https:\/\/graziamagazine.com\/mx\/wp-json\/wp\/v2\/media?parent=117673"}],"wp:term":[{"taxonomy":"category","embeddable":true,"href":"https:\/\/graziamagazine.com\/mx\/wp-json\/wp\/v2\/categories?post=117673"}],"curies":[{"name":"wp","href":"https:\/\/api.w.org\/{rel}","templated":true}]}}