{"id":117553,"date":"2022-09-27T10:48:20","date_gmt":"2022-09-27T15:48:20","guid":{"rendered":"https:\/\/graziamagazine.com\/mx\/?post_type=articles&#038;p=117553"},"modified":"2022-09-27T15:02:51","modified_gmt":"2022-09-27T20:02:51","slug":"anne-hathaway-se-luce-con-una-minifalda-de-moncler-en-milan","status":"publish","type":"articles","link":"https:\/\/graziamagazine.com\/mx\/articles\/anne-hathaway-se-luce-con-una-minifalda-de-moncler-en-milan\/","title":{"rendered":"Anne Hathaway se luce con una minifalda de Moncler en Mil\u00e1n"},"content":{"rendered":"<p><span style=\"font-weight: 400;\">Durante la <em><strong>Milan Fashion Week<\/strong><\/em> la marca francesa-italiana <strong>Moncler<\/strong> <strong>celebr\u00f3 su 70 aniversario<\/strong>, por lo que celebr\u00f3 en grande en las inmediaciones de la ic\u00f3nica Piazza del Duomo, donde una de sus invitadas de honor, la actriz <strong>Anne Hathaway<\/strong>, se luci\u00f3 con todo el esplendor.<\/span><\/p>\n<p><span style=\"font-weight: 400;\">Vestida completamente de blanco, la actriz destac\u00f3 con un <em>outfit<\/em> muy sencillo formado por una blusa y una minifalda de la marca. La falda tiene un dise\u00f1o con cierre y dos bolsillos al frente, en tela brillante, mientras que la blusa de punto tiene cuello alto, y cae deja caer por encima de la minifalda.\u00a0<\/span><\/p>\n<p><span style=\"font-weight: 400;\">Para complementar el <em>look<\/em>, Anne agreg\u00f3 un par de tacones en color dorado y accesorios de lujo en el mismo tono, as\u00ed como cabello suelto con flequillo de lado.\u00a0<\/span><\/p>\n<p><img loading=\"lazy\" decoding=\"async\" class=\"size-medium wp-image-117554 aligncenter\" src=\"https:\/\/graziamagazine.com\/mx\/wp-content\/uploads\/sites\/13\/2022\/09\/Captura-de-Pantalla-2022-09-27-a-las-8.50.30.png?w=312\" alt=\"Anne Hathaway se luce con una minifalda de Moncler en Mil\u00e1n\" width=\"312\" height=\"450\" \/><\/p>\n<p><span style=\"font-weight: 400;\">Igual de espectacular que su outfit, fue la celebraci\u00f3n que <a href=\"https:\/\/graziamagazine.com\/mx\/articles\/moncler-y-dingyun-zhang-se-unen-en-colaboracion-para-el-lanzamiento-de-una-gran-coleccion\/\">Moncler<\/a> organiz\u00f3 en la famosa plaza de Mil\u00e1n, a la que se dieron cita cientos de fans de la casa italiana.<\/span><\/p>\n<p><span style=\"font-weight: 400;\">Para muchas otras marcas, la lluvia que ocurri\u00f3 durante la celebraci\u00f3n podr\u00eda haber acabado con los planes para crear un gran espect\u00e1culo al aire libre. Para Moncler, sin embargo, no fue problema pues se especializa en prendas para sobrevivir con estilo a los climas m\u00e1s fr\u00edos o lluviosos.<\/span><\/p>\n<p><span style=\"font-weight: 400;\">Los colaboradores de Moncler del pasado y del presente, incluidos <strong>Pharrell Williams, Michele Lamy, Francesco Ragazzi e Hiroshi Fujiwara<\/strong>, se unieron a Anne Hathaway para celebrar este aniversario de la marca fundada en Francia y operada en Italia.\u00a0<\/span><\/p>\n<p><span style=\"font-weight: 400;\"><strong>Future, Colin Kaepernick y Shailene Woodley<\/strong> fueron otros de los invitados que tambi\u00e9n participaron en una cena exclusiva, despu\u00e9s de los aproximadamente <strong>18,000 miembros del p\u00fablico que asistieron a ver el espect\u00e1culo que cont\u00f3 con 1,952 modelos<\/strong>, m\u00fasicos e int\u00e9rpretes, un detalle destinado a marcar el a\u00f1o en que se fund\u00f3 la casa.\u00a0<\/span><\/p>\n<p><span style=\"font-weight: 400;\">Bajo la direcci\u00f3n coreogr\u00e1fica de Sadeck Waff, el resultado fue una historia sincronizada. Y como todos los participantes vest\u00edan Moncler completamente blancos, incluida la nueva edici\u00f3n &#8217;70&#8217; de la chamarra Maya que ser\u00e1 el tema central de la campa\u00f1a de ventas de aniversario de la casa, pudieron salir bien librados del mal clima.<\/span><\/p>\n<p><iframe loading=\"lazy\" title=\"&#039;Fashion Week&#039; Milano 2022 - Evento &#039;Moncler&#039; - Anteprima 1\" width=\"500\" height=\"281\" src=\"https:\/\/www.youtube.com\/embed\/p_JoSOkPsLg?start=38&#038;feature=oembed\" frameborder=\"0\" allow=\"accelerometer; autoplay; clipboard-write; encrypted-media; gyroscope; picture-in-picture\" allowfullscreen><\/iframe><\/p>\n","protected":false},"author":11628,"featured_media":92494,"template":"","format":"standard","categories":[2],"acf":[],"yoast_head":"<!-- This site is optimized with the Yoast SEO Premium plugin v18.5 (Yoast SEO v20.4) - https:\/\/yoast.com\/wordpress\/plugins\/seo\/ -->\n<title>Anne Hathaway se luce con una minifalda de Moncler en Mil\u00e1n<\/title>\n<meta name=\"description\" content=\"Anne Hathaway se luci\u00f3 como solo ella sabe hacerlo durante el aniversario 70 de Moncler, desde Mi\u00e1n, Italia.\" \/>\n<meta name=\"robots\" content=\"index, follow, max-snippet:-1, max-image-preview:large, max-video-preview:-1\" \/>\n<link rel=\"canonical\" href=\"https:\/\/graziamagazine.com\/mx\/articles\/anne-hathaway-se-luce-con-una-minifalda-de-moncler-en-milan\/\" \/>\n<meta property=\"og:locale\" content=\"es_MX\" \/>\n<meta property=\"og:type\" content=\"article\" \/>\n<meta property=\"og:title\" content=\"Anne Hathaway se luce con una minifalda de Moncler en Mil\u00e1n\" \/>\n<meta property=\"og:description\" content=\"Anne Hathaway se luci\u00f3 como solo ella sabe hacerlo durante el aniversario 70 de Moncler, desde Mi\u00e1n, Italia.\" \/>\n<meta property=\"og:url\" content=\"https:\/\/graziamagazine.com\/mx\/articles\/anne-hathaway-se-luce-con-una-minifalda-de-moncler-en-milan\/\" \/>\n<meta property=\"og:site_name\" content=\"Grazia M\u00e9xico y Latinoam\u00e9rica\" \/>\n<meta property=\"article:modified_time\" content=\"2022-09-27T20:02:51+00:00\" \/>\n<meta property=\"og:image\" content=\"https:\/\/graziamagazine.com\/mx\/wp-content\/uploads\/sites\/13\/2021\/01\/Anne-Hathaway-tiene-la-clave-para-llevar-lipstick-rojo-todo-el-an\u0303o.jpg\" \/>\n\t<meta property=\"og:image:width\" content=\"1536\" \/>\n\t<meta property=\"og:image:height\" content=\"998\" \/>\n\t<meta property=\"og:image:type\" content=\"image\/jpeg\" \/>\n<meta name=\"twitter:card\" content=\"summary_large_image\" \/>\n<meta name=\"twitter:label1\" content=\"Est. reading time\" \/>\n\t<meta name=\"twitter:data1\" content=\"2 minutos\" \/>\n<script type=\"application\/ld+json\" class=\"yoast-schema-graph\">{\"@context\":\"https:\/\/schema.org\",\"@graph\":[{\"@type\":\"WebPage\",\"@id\":\"https:\/\/graziamagazine.com\/mx\/articles\/anne-hathaway-se-luce-con-una-minifalda-de-moncler-en-milan\/\",\"url\":\"https:\/\/graziamagazine.com\/mx\/articles\/anne-hathaway-se-luce-con-una-minifalda-de-moncler-en-milan\/\",\"name\":\"Anne Hathaway se luce con una minifalda de Moncler en Mil\u00e1n\",\"isPartOf\":{\"@id\":\"https:\/\/graziamagazine.com\/mx\/#website\"},\"datePublished\":\"2022-09-27T15:48:20+00:00\",\"dateModified\":\"2022-09-27T20:02:51+00:00\",\"description\":\"Anne Hathaway se luci\u00f3 como solo ella sabe hacerlo durante el aniversario 70 de Moncler, desde Mi\u00e1n, Italia.\",\"breadcrumb\":{\"@id\":\"https:\/\/graziamagazine.com\/mx\/articles\/anne-hathaway-se-luce-con-una-minifalda-de-moncler-en-milan\/#breadcrumb\"},\"inLanguage\":\"es-MX\",\"potentialAction\":[{\"@type\":\"ReadAction\",\"target\":[\"https:\/\/graziamagazine.com\/mx\/articles\/anne-hathaway-se-luce-con-una-minifalda-de-moncler-en-milan\/\"]}]},{\"@type\":\"BreadcrumbList\",\"@id\":\"https:\/\/graziamagazine.com\/mx\/articles\/anne-hathaway-se-luce-con-una-minifalda-de-moncler-en-milan\/#breadcrumb\",\"itemListElement\":[{\"@type\":\"ListItem\",\"position\":1,\"name\":\"Home\",\"item\":\"https:\/\/graziamagazine.com\/mx\/\"},{\"@type\":\"ListItem\",\"position\":2,\"name\":\"Anne Hathaway se luce con una minifalda de Moncler en Mil\u00e1n\"}]},{\"@type\":\"WebSite\",\"@id\":\"https:\/\/graziamagazine.com\/mx\/#website\",\"url\":\"https:\/\/graziamagazine.com\/mx\/\",\"name\":\"Grazia M\u00e9xico y Latinoam\u00e9rica\",\"description\":\"Grazia es moda, belleza y noticias  de actualidad \",\"potentialAction\":[{\"@type\":\"SearchAction\",\"target\":{\"@type\":\"EntryPoint\",\"urlTemplate\":\"https:\/\/graziamagazine.com\/mx\/?s={search_term_string}\"},\"query-input\":\"required name=search_term_string\"}],\"inLanguage\":\"es-MX\"}]}<\/script>\n<!-- \/ Yoast SEO Premium plugin. -->","yoast_head_json":{"title":"Anne Hathaway se luce con una minifalda de Moncler en Mil\u00e1n","description":"Anne Hathaway se luci\u00f3 como solo ella sabe hacerlo durante el aniversario 70 de Moncler, desde Mi\u00e1n, Italia.","robots":{"index":"index","follow":"follow","max-snippet":"max-snippet:-1","max-image-preview":"max-image-preview:large","max-video-preview":"max-video-preview:-1"},"canonical":"https:\/\/graziamagazine.com\/mx\/articles\/anne-hathaway-se-luce-con-una-minifalda-de-moncler-en-milan\/","og_locale":"es_MX","og_type":"article","og_title":"Anne Hathaway se luce con una minifalda de Moncler en Mil\u00e1n","og_description":"Anne Hathaway se luci\u00f3 como solo ella sabe hacerlo durante el aniversario 70 de Moncler, desde Mi\u00e1n, Italia.","og_url":"https:\/\/graziamagazine.com\/mx\/articles\/anne-hathaway-se-luce-con-una-minifalda-de-moncler-en-milan\/","og_site_name":"Grazia M\u00e9xico y Latinoam\u00e9rica","article_modified_time":"2022-09-27T20:02:51+00:00","og_image":[{"width":1536,"height":998,"url":"https:\/\/graziamagazine.com\/mx\/wp-content\/uploads\/sites\/13\/2021\/01\/Anne-Hathaway-tiene-la-clave-para-llevar-lipstick-rojo-todo-el-an\u0303o.jpg","type":"image\/jpeg"}],"twitter_card":"summary_large_image","twitter_misc":{"Est. reading time":"2 minutos"},"schema":{"@context":"https:\/\/schema.org","@graph":[{"@type":"WebPage","@id":"https:\/\/graziamagazine.com\/mx\/articles\/anne-hathaway-se-luce-con-una-minifalda-de-moncler-en-milan\/","url":"https:\/\/graziamagazine.com\/mx\/articles\/anne-hathaway-se-luce-con-una-minifalda-de-moncler-en-milan\/","name":"Anne Hathaway se luce con una minifalda de Moncler en Mil\u00e1n","isPartOf":{"@id":"https:\/\/graziamagazine.com\/mx\/#website"},"datePublished":"2022-09-27T15:48:20+00:00","dateModified":"2022-09-27T20:02:51+00:00","description":"Anne Hathaway se luci\u00f3 como solo ella sabe hacerlo durante el aniversario 70 de Moncler, desde Mi\u00e1n, Italia.","breadcrumb":{"@id":"https:\/\/graziamagazine.com\/mx\/articles\/anne-hathaway-se-luce-con-una-minifalda-de-moncler-en-milan\/#breadcrumb"},"inLanguage":"es-MX","potentialAction":[{"@type":"ReadAction","target":["https:\/\/graziamagazine.com\/mx\/articles\/anne-hathaway-se-luce-con-una-minifalda-de-moncler-en-milan\/"]}]},{"@type":"BreadcrumbList","@id":"https:\/\/graziamagazine.com\/mx\/articles\/anne-hathaway-se-luce-con-una-minifalda-de-moncler-en-milan\/#breadcrumb","itemListElement":[{"@type":"ListItem","position":1,"name":"Home","item":"https:\/\/graziamagazine.com\/mx\/"},{"@type":"ListItem","position":2,"name":"Anne Hathaway se luce con una minifalda de Moncler en Mil\u00e1n"}]},{"@type":"WebSite","@id":"https:\/\/graziamagazine.com\/mx\/#website","url":"https:\/\/graziamagazine.com\/mx\/","name":"Grazia M\u00e9xico y Latinoam\u00e9rica","description":"Grazia es moda, belleza y noticias  de actualidad ","potentialAction":[{"@type":"SearchAction","target":{"@type":"EntryPoint","urlTemplate":"https:\/\/graziamagazine.com\/mx\/?s={search_term_string}"},"query-input":"required name=search_term_string"}],"inLanguage":"es-MX"}]}},"jetpack_sharing_enabled":true,"distributor_meta":false,"distributor_terms":false,"distributor_media":false,"distributor_original_site_name":"Grazia M\u00e9xico y Latinoam\u00e9rica","distributor_original_site_url":"https:\/\/graziamagazine.com\/mx","push-errors":false,"_links":{"self":[{"href":"https:\/\/graziamagazine.com\/mx\/wp-json\/wp\/v2\/articles\/117553"}],"collection":[{"href":"https:\/\/graziamagazine.com\/mx\/wp-json\/wp\/v2\/articles"}],"about":[{"href":"https:\/\/graziamagazine.com\/mx\/wp-json\/wp\/v2\/types\/articles"}],"author":[{"embeddable":true,"href":"https:\/\/graziamagazine.com\/mx\/wp-json\/wp\/v2\/users\/11628"}],"wp:featuredmedia":[{"embeddable":true,"href":"https:\/\/graziamagazine.com\/mx\/wp-json\/wp\/v2\/media\/92494"}],"wp:attachment":[{"href":"https:\/\/graziamagazine.com\/mx\/wp-json\/wp\/v2\/media?parent=117553"}],"wp:term":[{"taxonomy":"category","embeddable":true,"href":"https:\/\/graziamagazine.com\/mx\/wp-json\/wp\/v2\/categories?post=117553"}],"curies":[{"name":"wp","href":"https:\/\/api.w.org\/{rel}","templated":true}]}}