{"id":117519,"date":"2022-09-26T16:37:06","date_gmt":"2022-09-26T21:37:06","guid":{"rendered":"https:\/\/graziamagazine.com\/mx\/?post_type=articles&#038;p=117519"},"modified":"2022-09-26T16:43:43","modified_gmt":"2022-09-26T21:43:43","slug":"gucci-subio-a-la-pasarela-en-milan-a-68-pares-de-gemelos-identicos","status":"publish","type":"articles","link":"https:\/\/graziamagazine.com\/mx\/articles\/gucci-subio-a-la-pasarela-en-milan-a-68-pares-de-gemelos-identicos\/","title":{"rendered":"Gucci subi\u00f3 a la pasarela en Mil\u00e1n a 68 pares de gemelos id\u00e9nticos"},"content":{"rendered":"<p><span style=\"font-weight: 400\">Para el espectacular desfile de presentaci\u00f3n de la <strong>colecci\u00f3n primavera-verano 2023<\/strong>, durante la <strong>Milan Fashion Week, Gucci<\/strong> hizo un <em>show<\/em> dif\u00edcil de superar. Con la imaginaci\u00f3n a tope del director creativo, <strong>Alessandro Michele<\/strong>, la marca de lujo subi\u00f3 al escenario a <strong>68 pares de gemelos id\u00e9nticos<\/strong>, es decir, 136 personas con genes casi duplicados.<\/span><\/p>\n<p><img loading=\"lazy\" decoding=\"async\" class=\"alignnone size-medium wp-image-117529 aligncenter\" src=\"https:\/\/graziamagazine.com\/mx\/wp-content\/uploads\/sites\/13\/2022\/09\/Captura-de-Pantalla-2022-09-26-a-las-15.47.07.png?w=335\" alt=\"Gucci subi\u00f3 a la pasarela en Mil\u00e1n a 68 pares de gemelos id\u00e9nticos\" width=\"335\" height=\"450\" \/><\/p>\n<p><span style=\"font-weight: 400\">Los pares de gemelos fueron elegidos por un equipo secreto de <a href=\"https:\/\/graziamagazine.com\/mx\/articles\/gucci-recrea-escenas-del-aclamado-director-de-cine-stanley-kubrick\/\">Gucci,<\/a> que acudi\u00f3 a la celebraci\u00f3n del <strong>Twins Day<\/strong>, una convenci\u00f3n de gemelos en Twinsburg, Ohio.\u00a0<\/span><\/p>\n<p><img loading=\"lazy\" decoding=\"async\" class=\"alignnone size-medium wp-image-117528 aligncenter\" src=\"https:\/\/graziamagazine.com\/mx\/wp-content\/uploads\/sites\/13\/2022\/09\/Captura-de-Pantalla-2022-09-26-a-las-15.46.57.png?w=295\" alt=\"Gucci subi\u00f3 a la pasarela en Mil\u00e1n a 68 pares de gemelos id\u00e9nticos\" width=\"295\" height=\"450\" \/><\/p>\n<p><span style=\"font-weight: 400\">A lo de por s\u00ed ya sorprendente, se le a\u00f1adi\u00f3 otro factor sorpresa. El p\u00fablico, dividido en dos salas separadas, no supo que estaba viendo gemelos hasta los momentos finales, cuando se levant\u00f3 una pantalla que divid\u00eda las salas y cada modelo se tom\u00f3 de la mano con un hermano que hab\u00eda estado caminando junto a ellos durante todo el espect\u00e1culo.<\/span><\/p>\n<p><img loading=\"lazy\" decoding=\"async\" class=\"alignnone size-medium wp-image-117527 aligncenter\" src=\"https:\/\/graziamagazine.com\/mx\/wp-content\/uploads\/sites\/13\/2022\/09\/Captura-de-Pantalla-2022-09-26-a-las-15.46.50.png?w=313\" alt=\"Gucci subi\u00f3 a la pasarela en Mil\u00e1n a 68 pares de gemelos id\u00e9nticos\" width=\"313\" height=\"450\" \/><\/p>\n<p><span style=\"font-weight: 400\">El hermanamiento es &#8220;tan familiar, pero tan poderoso&#8221;, dijo Alessandro Michele despu\u00e9s del espect\u00e1culo. Los gemelos, dijo, nos recuerdan \u201cel tejido conectivo\u201d en las familias y en la sociedad.<\/span><\/p>\n<p><img loading=\"lazy\" decoding=\"async\" class=\"alignnone size-medium wp-image-117526 aligncenter\" src=\"https:\/\/graziamagazine.com\/mx\/wp-content\/uploads\/sites\/13\/2022\/09\/Captura-de-Pantalla-2022-09-26-a-las-15.46.41.png?w=338\" alt=\"Gucci subi\u00f3 a la pasarela en Mil\u00e1n a 68 pares de gemelos id\u00e9nticos\" width=\"338\" height=\"450\" \/><\/p>\n<p><span style=\"font-weight: 400\">\u201cUtilizo la pasarela como escenario teatral, y la moda habla con fuerza de las ideas de alteridad. Se que tengo otro lado de mi: lo conozco cuando voy a mi terapeuta. Todos tenemos otro lado nuestro y, a veces, nos encontramos con esa persona y nos tomamos de la mano\u201d, agreg\u00f3 Michele.\u00a0<\/span><\/p>\n<p><img loading=\"lazy\" decoding=\"async\" class=\"alignnone size-medium wp-image-117524 aligncenter\" src=\"https:\/\/graziamagazine.com\/mx\/wp-content\/uploads\/sites\/13\/2022\/09\/Captura-de-Pantalla-2022-09-26-a-las-15.47.14.png?w=314\" alt=\"Gucci subi\u00f3 a la pasarela en Mil\u00e1n a 68 pares de gemelos id\u00e9nticos\" width=\"314\" height=\"450\" \/><\/p>\n<p><span style=\"font-weight: 400\">Antes del espect\u00e1culo, a los invitados se les envi\u00f3 una prueba de Rorschach para completar, en lugar de invitaciones, porque &#8220;este espect\u00e1culo trata sobre lo que encuentras cuando cavas dentro de ti mismo, as\u00ed que quer\u00eda prepararlos a todos para eso&#8221;, agreg\u00f3 el dise\u00f1ador.<\/span><\/p>\n<p><img loading=\"lazy\" decoding=\"async\" class=\"alignnone size-medium wp-image-117523 aligncenter\" src=\"https:\/\/graziamagazine.com\/mx\/wp-content\/uploads\/sites\/13\/2022\/09\/Captura-de-Pantalla-2022-09-26-a-las-15.47.26.png?w=331\" alt=\"Gucci subi\u00f3 a la pasarela en Mil\u00e1n a 68 pares de gemelos id\u00e9nticos\" width=\"331\" height=\"450\" \/><\/p>\n<p><span style=\"font-weight: 400\">La excentricidad ilimitada de Michele puede parecer una combinaci\u00f3n inesperada para la marca de lujo m\u00e1s grande de Italia, pero su f\u00f3rmula est\u00e1 funcionando y, para prueba, las ventas de m\u00e1s de $10 mil millones de d\u00f3lares el a\u00f1o pasado.<\/span><\/p>\n<p><img loading=\"lazy\" decoding=\"async\" class=\"alignnone size-medium wp-image-117522 aligncenter\" src=\"https:\/\/graziamagazine.com\/mx\/wp-content\/uploads\/sites\/13\/2022\/09\/Captura-de-Pantalla-2022-09-26-a-las-15.47.34.png?w=347\" alt=\"Gucci subi\u00f3 a la pasarela en Mil\u00e1n a 68 pares de gemelos id\u00e9nticos\" width=\"347\" height=\"450\" \/><\/p>\n<p><span style=\"font-weight: 400\">Alessandro Michele dedic\u00f3 el espect\u00e1culo a las mujeres a las que llama sus &#8220;madres gemelas&#8221;. \u00c9l creci\u00f3 con su madre, <strong>Eralda, y su gemela, su t\u00eda Giuliana<\/strong>, un par de gemelas id\u00e9nticas tan unidas que parec\u00edan \u201cm\u00e1gicamente multiplicadas\u201d, dijo.<\/span><\/p>\n<p><img loading=\"lazy\" decoding=\"async\" class=\"alignnone size-medium wp-image-117521 aligncenter\" src=\"https:\/\/graziamagazine.com\/mx\/wp-content\/uploads\/sites\/13\/2022\/09\/Captura-de-Pantalla-2022-09-26-a-las-15.47.43.png?w=331\" alt=\"Gucci subi\u00f3 a la pasarela en Mil\u00e1n a 68 pares de gemelos id\u00e9nticos\" width=\"331\" height=\"450\" \/><\/p>\n<p><span style=\"font-weight: 400\">&#8220;Esa era la extra\u00f1a familia que siempre hab\u00eda tenido, y lo cierto es que no conoc\u00eda otra cosa. De hecho, ni siquiera importaba cu\u00e1l de ellas me hubiera dado a luz. En mi Olimpo, ambas eran deidades generatrices&#8221;, agreg\u00f3.<\/span><\/p>\n<p><img loading=\"lazy\" decoding=\"async\" class=\"alignnone size-medium wp-image-117520 aligncenter\" src=\"https:\/\/graziamagazine.com\/mx\/wp-content\/uploads\/sites\/13\/2022\/09\/Captura-de-Pantalla-2022-09-26-a-las-15.47.57.png?w=313\" alt=\"Gucci subi\u00f3 a la pasarela en Mil\u00e1n a 68 pares de gemelos id\u00e9nticos\" width=\"313\" height=\"450\" \/><\/p>\n","protected":false},"author":11628,"featured_media":117525,"template":"","format":"standard","categories":[4],"acf":[],"yoast_head":"<!-- This site is optimized with the Yoast SEO Premium plugin v18.5 (Yoast SEO v20.4) - https:\/\/yoast.com\/wordpress\/plugins\/seo\/ -->\n<title>Gucci subi\u00f3 a la pasarela en Mil\u00e1n a 68 pares de gemelos id\u00e9nticos | Grazia M\u00e9xico y Latinoam\u00e9rica<\/title>\n<meta name=\"description\" content=\"Para el espectacular desfile de presentaci\u00f3n de la colecci\u00f3n primavera-verano 2023, durante la Milan Fashion Week, Gucci hizo un show dif\u00edcil de superar.\" \/>\n<meta name=\"robots\" content=\"index, follow, max-snippet:-1, max-image-preview:large, max-video-preview:-1\" \/>\n<link rel=\"canonical\" href=\"https:\/\/graziamagazine.com\/mx\/articles\/gucci-subio-a-la-pasarela-en-milan-a-68-pares-de-gemelos-identicos\/\" \/>\n<meta property=\"og:locale\" content=\"es_MX\" \/>\n<meta property=\"og:type\" content=\"article\" \/>\n<meta property=\"og:title\" content=\"Gucci subi\u00f3 a la pasarela en Mil\u00e1n a 68 pares de gemelos id\u00e9nticos\" \/>\n<meta property=\"og:description\" content=\"Para el espectacular desfile de presentaci\u00f3n de la colecci\u00f3n primavera-verano 2023, durante la Milan Fashion Week, Gucci hizo un show dif\u00edcil de superar.\" \/>\n<meta property=\"og:url\" content=\"https:\/\/graziamagazine.com\/mx\/articles\/gucci-subio-a-la-pasarela-en-milan-a-68-pares-de-gemelos-identicos\/\" \/>\n<meta property=\"og:site_name\" content=\"Grazia M\u00e9xico y Latinoam\u00e9rica\" \/>\n<meta property=\"article:modified_time\" content=\"2022-09-26T21:43:43+00:00\" \/>\n<meta property=\"og:image\" content=\"https:\/\/graziamagazine.com\/mx\/wp-content\/uploads\/sites\/13\/2022\/09\/Captura-de-Pantalla-2022-09-26-a-las-15.45.47.png\" \/>\n\t<meta property=\"og:image:width\" content=\"1308\" \/>\n\t<meta property=\"og:image:height\" content=\"655\" \/>\n\t<meta property=\"og:image:type\" content=\"image\/png\" \/>\n<meta name=\"twitter:card\" content=\"summary_large_image\" \/>\n<meta name=\"twitter:label1\" content=\"Est. reading time\" \/>\n\t<meta name=\"twitter:data1\" content=\"2 minutos\" \/>\n<script type=\"application\/ld+json\" class=\"yoast-schema-graph\">{\"@context\":\"https:\/\/schema.org\",\"@graph\":[{\"@type\":\"WebPage\",\"@id\":\"https:\/\/graziamagazine.com\/mx\/articles\/gucci-subio-a-la-pasarela-en-milan-a-68-pares-de-gemelos-identicos\/\",\"url\":\"https:\/\/graziamagazine.com\/mx\/articles\/gucci-subio-a-la-pasarela-en-milan-a-68-pares-de-gemelos-identicos\/\",\"name\":\"Gucci subi\u00f3 a la pasarela en Mil\u00e1n a 68 pares de gemelos id\u00e9nticos | Grazia M\u00e9xico y Latinoam\u00e9rica\",\"isPartOf\":{\"@id\":\"https:\/\/graziamagazine.com\/mx\/#website\"},\"datePublished\":\"2022-09-26T21:37:06+00:00\",\"dateModified\":\"2022-09-26T21:43:43+00:00\",\"description\":\"Para el espectacular desfile de presentaci\u00f3n de la colecci\u00f3n primavera-verano 2023, durante la Milan Fashion Week, Gucci hizo un show dif\u00edcil de superar.\",\"breadcrumb\":{\"@id\":\"https:\/\/graziamagazine.com\/mx\/articles\/gucci-subio-a-la-pasarela-en-milan-a-68-pares-de-gemelos-identicos\/#breadcrumb\"},\"inLanguage\":\"es-MX\",\"potentialAction\":[{\"@type\":\"ReadAction\",\"target\":[\"https:\/\/graziamagazine.com\/mx\/articles\/gucci-subio-a-la-pasarela-en-milan-a-68-pares-de-gemelos-identicos\/\"]}]},{\"@type\":\"BreadcrumbList\",\"@id\":\"https:\/\/graziamagazine.com\/mx\/articles\/gucci-subio-a-la-pasarela-en-milan-a-68-pares-de-gemelos-identicos\/#breadcrumb\",\"itemListElement\":[{\"@type\":\"ListItem\",\"position\":1,\"name\":\"Home\",\"item\":\"https:\/\/graziamagazine.com\/mx\/\"},{\"@type\":\"ListItem\",\"position\":2,\"name\":\"Gucci subi\u00f3 a la pasarela en Mil\u00e1n a 68 pares de gemelos id\u00e9nticos\"}]},{\"@type\":\"WebSite\",\"@id\":\"https:\/\/graziamagazine.com\/mx\/#website\",\"url\":\"https:\/\/graziamagazine.com\/mx\/\",\"name\":\"Grazia M\u00e9xico y Latinoam\u00e9rica\",\"description\":\"Grazia es moda, belleza y noticias  de actualidad \",\"potentialAction\":[{\"@type\":\"SearchAction\",\"target\":{\"@type\":\"EntryPoint\",\"urlTemplate\":\"https:\/\/graziamagazine.com\/mx\/?s={search_term_string}\"},\"query-input\":\"required name=search_term_string\"}],\"inLanguage\":\"es-MX\"}]}<\/script>\n<!-- \/ Yoast SEO Premium plugin. -->","yoast_head_json":{"title":"Gucci subi\u00f3 a la pasarela en Mil\u00e1n a 68 pares de gemelos id\u00e9nticos | Grazia M\u00e9xico y Latinoam\u00e9rica","description":"Para el espectacular desfile de presentaci\u00f3n de la colecci\u00f3n primavera-verano 2023, durante la Milan Fashion Week, Gucci hizo un show dif\u00edcil de superar.","robots":{"index":"index","follow":"follow","max-snippet":"max-snippet:-1","max-image-preview":"max-image-preview:large","max-video-preview":"max-video-preview:-1"},"canonical":"https:\/\/graziamagazine.com\/mx\/articles\/gucci-subio-a-la-pasarela-en-milan-a-68-pares-de-gemelos-identicos\/","og_locale":"es_MX","og_type":"article","og_title":"Gucci subi\u00f3 a la pasarela en Mil\u00e1n a 68 pares de gemelos id\u00e9nticos","og_description":"Para el espectacular desfile de presentaci\u00f3n de la colecci\u00f3n primavera-verano 2023, durante la Milan Fashion Week, Gucci hizo un show dif\u00edcil de superar.","og_url":"https:\/\/graziamagazine.com\/mx\/articles\/gucci-subio-a-la-pasarela-en-milan-a-68-pares-de-gemelos-identicos\/","og_site_name":"Grazia M\u00e9xico y Latinoam\u00e9rica","article_modified_time":"2022-09-26T21:43:43+00:00","og_image":[{"width":1308,"height":655,"url":"https:\/\/graziamagazine.com\/mx\/wp-content\/uploads\/sites\/13\/2022\/09\/Captura-de-Pantalla-2022-09-26-a-las-15.45.47.png","type":"image\/png"}],"twitter_card":"summary_large_image","twitter_misc":{"Est. reading time":"2 minutos"},"schema":{"@context":"https:\/\/schema.org","@graph":[{"@type":"WebPage","@id":"https:\/\/graziamagazine.com\/mx\/articles\/gucci-subio-a-la-pasarela-en-milan-a-68-pares-de-gemelos-identicos\/","url":"https:\/\/graziamagazine.com\/mx\/articles\/gucci-subio-a-la-pasarela-en-milan-a-68-pares-de-gemelos-identicos\/","name":"Gucci subi\u00f3 a la pasarela en Mil\u00e1n a 68 pares de gemelos id\u00e9nticos | Grazia M\u00e9xico y Latinoam\u00e9rica","isPartOf":{"@id":"https:\/\/graziamagazine.com\/mx\/#website"},"datePublished":"2022-09-26T21:37:06+00:00","dateModified":"2022-09-26T21:43:43+00:00","description":"Para el espectacular desfile de presentaci\u00f3n de la colecci\u00f3n primavera-verano 2023, durante la Milan Fashion Week, Gucci hizo un show dif\u00edcil de superar.","breadcrumb":{"@id":"https:\/\/graziamagazine.com\/mx\/articles\/gucci-subio-a-la-pasarela-en-milan-a-68-pares-de-gemelos-identicos\/#breadcrumb"},"inLanguage":"es-MX","potentialAction":[{"@type":"ReadAction","target":["https:\/\/graziamagazine.com\/mx\/articles\/gucci-subio-a-la-pasarela-en-milan-a-68-pares-de-gemelos-identicos\/"]}]},{"@type":"BreadcrumbList","@id":"https:\/\/graziamagazine.com\/mx\/articles\/gucci-subio-a-la-pasarela-en-milan-a-68-pares-de-gemelos-identicos\/#breadcrumb","itemListElement":[{"@type":"ListItem","position":1,"name":"Home","item":"https:\/\/graziamagazine.com\/mx\/"},{"@type":"ListItem","position":2,"name":"Gucci subi\u00f3 a la pasarela en Mil\u00e1n a 68 pares de gemelos id\u00e9nticos"}]},{"@type":"WebSite","@id":"https:\/\/graziamagazine.com\/mx\/#website","url":"https:\/\/graziamagazine.com\/mx\/","name":"Grazia M\u00e9xico y Latinoam\u00e9rica","description":"Grazia es moda, belleza y noticias  de actualidad ","potentialAction":[{"@type":"SearchAction","target":{"@type":"EntryPoint","urlTemplate":"https:\/\/graziamagazine.com\/mx\/?s={search_term_string}"},"query-input":"required name=search_term_string"}],"inLanguage":"es-MX"}]}},"jetpack_sharing_enabled":true,"distributor_meta":false,"distributor_terms":false,"distributor_media":false,"distributor_original_site_name":"Grazia M\u00e9xico y Latinoam\u00e9rica","distributor_original_site_url":"https:\/\/graziamagazine.com\/mx","push-errors":false,"_links":{"self":[{"href":"https:\/\/graziamagazine.com\/mx\/wp-json\/wp\/v2\/articles\/117519"}],"collection":[{"href":"https:\/\/graziamagazine.com\/mx\/wp-json\/wp\/v2\/articles"}],"about":[{"href":"https:\/\/graziamagazine.com\/mx\/wp-json\/wp\/v2\/types\/articles"}],"author":[{"embeddable":true,"href":"https:\/\/graziamagazine.com\/mx\/wp-json\/wp\/v2\/users\/11628"}],"wp:featuredmedia":[{"embeddable":true,"href":"https:\/\/graziamagazine.com\/mx\/wp-json\/wp\/v2\/media\/117525"}],"wp:attachment":[{"href":"https:\/\/graziamagazine.com\/mx\/wp-json\/wp\/v2\/media?parent=117519"}],"wp:term":[{"taxonomy":"category","embeddable":true,"href":"https:\/\/graziamagazine.com\/mx\/wp-json\/wp\/v2\/categories?post=117519"}],"curies":[{"name":"wp","href":"https:\/\/api.w.org\/{rel}","templated":true}]}}