{"id":117332,"date":"2022-09-21T10:08:20","date_gmt":"2022-09-21T15:08:20","guid":{"rendered":"https:\/\/graziamagazine.com\/mx\/?post_type=articles&#038;p=117332"},"modified":"2022-09-22T05:15:48","modified_gmt":"2022-09-22T10:15:48","slug":"esta-sera-la-paleta-de-colores-que-pantone-eligio-para-la-semana-de-la-moda-de-londres-primavera-verano-de-2023","status":"publish","type":"articles","link":"https:\/\/graziamagazine.com\/mx\/articles\/esta-sera-la-paleta-de-colores-que-pantone-eligio-para-la-semana-de-la-moda-de-londres-primavera-verano-de-2023\/","title":{"rendered":"Esta ser\u00e1 la paleta de colores que Pantone eligi\u00f3 para la Semana de la Moda de Londres Primavera-Verano de 2023"},"content":{"rendered":"<p><span style=\"font-weight: 400\">Ya sabemos de qu\u00e9 color ser\u00e1n nuestros<\/span><i><span style=\"font-weight: 400\"> outfits<\/span><\/i><span style=\"font-weight: 400\"> al inicio del pr\u00f3ximo a\u00f1o. Un paleta de colores tan distintos entre s\u00ed, pero perfectamente combinables, marcan la tendencia de c<strong>olor explosivo para la temporada primavera-verano de 2023.<\/strong><\/span><\/p>\n<p><span style=\"font-weight: 400\">Publicado para la industria de la moda por el <\/span><strong><i>Pantone Color Institute<\/i><\/strong><span style=\"font-weight: 400\"> &#8211; asesor de color y previsi\u00f3n de tendencias &#8211; el informe de esta temporada contiene los <strong>diez colores m\u00e1s destacados.<\/strong><\/span><\/p>\n<p><span style=\"font-weight: 400\">Asimismo, ahora sabemos cu\u00e1les ser\u00e1n los <strong>cinco colores b\u00e1sicos cl\u00e1sicos<\/strong> que podremos ver cuando los dise\u00f1adores presenten sus nuevas colecciones de primavera- verano el pr\u00f3ximo a\u00f1o.<\/span><\/p>\n<p><span style=\"font-weight: 400\">Seg\u00fan los expertos del <\/span><i><span style=\"font-weight: 400\">Pantone Color Institute<\/span><\/i><span style=\"font-weight: 400\">, los colores para dicha temporada durante la Semana de la Moda de Londres trazan un nuevo camino. \u201cRecontextualizados con un toque de modernidad, los colores de esta temporada integran la tradici\u00f3n y la innovaci\u00f3n, uniendo nuestra necesidad de brillo y positividad vibrante con tonos tranquilos. Una actitud intr\u00e9pida y la libertad de expresi\u00f3n replantean nuestra percepci\u00f3n del color con un enfoque sin l\u00edmites que se manifiesta en mezclas ingeniosas y combinaciones animadas\u201d, explica Pantone en su sitio web.<\/span><\/p>\n<p><img loading=\"lazy\" decoding=\"async\" class=\"aligncenter wp-image-117342 size-large\" src=\"https:\/\/graziamagazine.com\/mx\/wp-content\/uploads\/sites\/13\/2022\/09\/Captura-de-Pantalla-2022-09-20-a-las-13.47.53.png?w=1024\" alt=\"Esta ser\u00e1 la paleta de colores que Pantone eligi\u00f3 para la Semana de la Moda de Londres Primavera-Verano de 2023\" width=\"1024\" height=\"278\" \/><\/p>\n<p><span style=\"font-weight: 400\">&#8220;Al anticipar nuestro futuro, estamos abrazando la libertad de expresar nuestra individualidad sin restricciones&#8221;, dijo Leatrice Eiseman, Directora Ejecutiva de <\/span><i><span style=\"font-weight: 400\">Pantone Color Institute.<\/span><\/i><span style=\"font-weight: 400\"> &#8220;Experimentando una liberaci\u00f3n creativa que transgrede las normas anteriores, estamos adaptando e inventando emparejamientos novedosos y armon\u00edas contrastadas&#8221;.<\/span><\/p>\n<p><span style=\"font-weight: 400\">Los colores que aparecen en el Informe semestral de tendencias de color de <\/span><a href=\"https:\/\/graziamagazine.com\/mx\/articles\/el-pantone-de-este-2022-very-peti-llega-con-una-obra-al-multiverso\/\"><i><span style=\"font-weight: 400\">Pantone Fashion<\/span><\/i><\/a><span style=\"font-weight: 400\"> se seleccionan del<\/span><b><i> Pantone Fashion, Home + Interiors Color System<\/i><\/b><span style=\"font-weight: 400\">, el sistema de est\u00e1ndares de color m\u00e1s utilizado y reconocido para el dise\u00f1o de moda, textil, hogar e interiores.\u00a0<\/span><\/p>\n<p><span style=\"font-weight: 400\">Cada temporada, el <\/span><i><span style=\"font-weight: 400\">Pantone Color Institute <\/span><\/i><span style=\"font-weight: 400\">publica el <\/span><b><i>Pantone Fashion Color Trend Report <\/i><\/b><span style=\"font-weight: 400\">como pron\u00f3sticos semestrales de tendencias de color para la pr\u00f3xima temporada, destacando los principales colores que puede esperar ver en la Semana de la Moda de Nueva York y la Semana de la Moda de Londres.<\/span><\/p>\n<h3><strong>Paleta de colores de Primavera-Verano 2023<\/strong><\/h3>\n<p><span style=\"font-weight: 400\">Los tonos din\u00e1micos se mezclan con tonos tranquilos para conseguir emparejamientos animados y mezclas ingeniosas.<\/span><\/p>\n<p><img loading=\"lazy\" decoding=\"async\" class=\"aligncenter wp-image-117340 size-large\" src=\"https:\/\/graziamagazine.com\/mx\/wp-content\/uploads\/sites\/13\/2022\/09\/Captura-de-Pantalla-2022-09-20-a-las-13.48.20.png?w=1024\" alt=\"Esta ser\u00e1 la paleta de colores que Pantone eligi\u00f3 para la Semana de la Moda de Londres Primavera-Verano de 2023\" width=\"1024\" height=\"373\" \/><\/p>\n<p><img loading=\"lazy\" decoding=\"async\" class=\"aligncenter wp-image-117339 size-large\" src=\"https:\/\/graziamagazine.com\/mx\/wp-content\/uploads\/sites\/13\/2022\/09\/Captura-de-Pantalla-2022-09-20-a-las-13.48.30.png?w=1024\" alt=\"Esta ser\u00e1 la paleta de colores que Pantone eligi\u00f3 para la Semana de la Moda de Londres Primavera-Verano de 2023\" width=\"1024\" height=\"316\" \/><\/p>\n<p><img loading=\"lazy\" decoding=\"async\" class=\"aligncenter wp-image-117338 size-large\" src=\"https:\/\/graziamagazine.com\/mx\/wp-content\/uploads\/sites\/13\/2022\/09\/Captura-de-Pantalla-2022-09-20-a-las-13.48.41.png?w=1024\" alt=\"Esta ser\u00e1 la paleta de colores que Pantone eligi\u00f3 para la Semana de la Moda de Londres Primavera-Verano de 2023\" width=\"1024\" height=\"366\" \/><\/p>\n","protected":false},"author":11628,"featured_media":117341,"template":"","format":"standard","categories":[4],"acf":[],"yoast_head":"<!-- This site is optimized with the Yoast SEO Premium plugin v18.5 (Yoast SEO v20.4) - https:\/\/yoast.com\/wordpress\/plugins\/seo\/ -->\n<title>Esta ser\u00e1 la paleta de colores que Pantone eligi\u00f3 para la Semana de la Moda de Londres Primavera-Verano de 2023<\/title>\n<meta name=\"description\" content=\"Pantone predice una mezcla imaginativa e intrigante de tonos atemporales y brillos ingeniosos que abrazan nuestro deseo contrastante de serenidad y estabilidad con energ\u00eda y entusiasmo.\" \/>\n<meta name=\"robots\" content=\"index, follow, max-snippet:-1, max-image-preview:large, max-video-preview:-1\" \/>\n<link rel=\"canonical\" href=\"https:\/\/graziamagazine.com\/mx\/articles\/esta-sera-la-paleta-de-colores-que-pantone-eligio-para-la-semana-de-la-moda-de-londres-primavera-verano-de-2023\/\" \/>\n<meta property=\"og:locale\" content=\"es_MX\" \/>\n<meta property=\"og:type\" content=\"article\" \/>\n<meta property=\"og:title\" content=\"Esta ser\u00e1 la paleta de colores que Pantone eligi\u00f3 para la Semana de la Moda de Londres Primavera-Verano de 2023\" \/>\n<meta property=\"og:description\" content=\"Pantone predice una mezcla imaginativa e intrigante de tonos atemporales y brillos ingeniosos que abrazan nuestro deseo contrastante de serenidad y estabilidad con energ\u00eda y entusiasmo.\" \/>\n<meta property=\"og:url\" content=\"https:\/\/graziamagazine.com\/mx\/articles\/esta-sera-la-paleta-de-colores-que-pantone-eligio-para-la-semana-de-la-moda-de-londres-primavera-verano-de-2023\/\" \/>\n<meta property=\"og:site_name\" content=\"Grazia M\u00e9xico y Latinoam\u00e9rica\" \/>\n<meta property=\"article:modified_time\" content=\"2022-09-22T10:15:48+00:00\" \/>\n<meta property=\"og:image\" content=\"https:\/\/graziamagazine.com\/mx\/wp-content\/uploads\/sites\/13\/2022\/09\/Captura-de-Pantalla-2022-09-20-a-las-13.48.07.png\" \/>\n\t<meta property=\"og:image:width\" content=\"616\" \/>\n\t<meta property=\"og:image:height\" content=\"338\" \/>\n\t<meta property=\"og:image:type\" content=\"image\/png\" \/>\n<meta name=\"twitter:card\" content=\"summary_large_image\" \/>\n<meta name=\"twitter:label1\" content=\"Est. reading time\" \/>\n\t<meta name=\"twitter:data1\" content=\"3 minutos\" \/>\n<script type=\"application\/ld+json\" class=\"yoast-schema-graph\">{\"@context\":\"https:\/\/schema.org\",\"@graph\":[{\"@type\":\"WebPage\",\"@id\":\"https:\/\/graziamagazine.com\/mx\/articles\/esta-sera-la-paleta-de-colores-que-pantone-eligio-para-la-semana-de-la-moda-de-londres-primavera-verano-de-2023\/\",\"url\":\"https:\/\/graziamagazine.com\/mx\/articles\/esta-sera-la-paleta-de-colores-que-pantone-eligio-para-la-semana-de-la-moda-de-londres-primavera-verano-de-2023\/\",\"name\":\"Esta ser\u00e1 la paleta de colores que Pantone eligi\u00f3 para la Semana de la Moda de Londres Primavera-Verano de 2023\",\"isPartOf\":{\"@id\":\"https:\/\/graziamagazine.com\/mx\/#website\"},\"datePublished\":\"2022-09-21T15:08:20+00:00\",\"dateModified\":\"2022-09-22T10:15:48+00:00\",\"description\":\"Pantone predice una mezcla imaginativa e intrigante de tonos atemporales y brillos ingeniosos que abrazan nuestro deseo contrastante de serenidad y estabilidad con energ\u00eda y entusiasmo.\",\"breadcrumb\":{\"@id\":\"https:\/\/graziamagazine.com\/mx\/articles\/esta-sera-la-paleta-de-colores-que-pantone-eligio-para-la-semana-de-la-moda-de-londres-primavera-verano-de-2023\/#breadcrumb\"},\"inLanguage\":\"es-MX\",\"potentialAction\":[{\"@type\":\"ReadAction\",\"target\":[\"https:\/\/graziamagazine.com\/mx\/articles\/esta-sera-la-paleta-de-colores-que-pantone-eligio-para-la-semana-de-la-moda-de-londres-primavera-verano-de-2023\/\"]}]},{\"@type\":\"BreadcrumbList\",\"@id\":\"https:\/\/graziamagazine.com\/mx\/articles\/esta-sera-la-paleta-de-colores-que-pantone-eligio-para-la-semana-de-la-moda-de-londres-primavera-verano-de-2023\/#breadcrumb\",\"itemListElement\":[{\"@type\":\"ListItem\",\"position\":1,\"name\":\"Home\",\"item\":\"https:\/\/graziamagazine.com\/mx\/\"},{\"@type\":\"ListItem\",\"position\":2,\"name\":\"Esta ser\u00e1 la paleta de colores que Pantone eligi\u00f3 para la Semana de la Moda de Londres Primavera-Verano de 2023\"}]},{\"@type\":\"WebSite\",\"@id\":\"https:\/\/graziamagazine.com\/mx\/#website\",\"url\":\"https:\/\/graziamagazine.com\/mx\/\",\"name\":\"Grazia M\u00e9xico y Latinoam\u00e9rica\",\"description\":\"Grazia es moda, belleza y noticias  de actualidad \",\"potentialAction\":[{\"@type\":\"SearchAction\",\"target\":{\"@type\":\"EntryPoint\",\"urlTemplate\":\"https:\/\/graziamagazine.com\/mx\/?s={search_term_string}\"},\"query-input\":\"required name=search_term_string\"}],\"inLanguage\":\"es-MX\"}]}<\/script>\n<!-- \/ Yoast SEO Premium plugin. -->","yoast_head_json":{"title":"Esta ser\u00e1 la paleta de colores que Pantone eligi\u00f3 para la Semana de la Moda de Londres Primavera-Verano de 2023","description":"Pantone predice una mezcla imaginativa e intrigante de tonos atemporales y brillos ingeniosos que abrazan nuestro deseo contrastante de serenidad y estabilidad con energ\u00eda y entusiasmo.","robots":{"index":"index","follow":"follow","max-snippet":"max-snippet:-1","max-image-preview":"max-image-preview:large","max-video-preview":"max-video-preview:-1"},"canonical":"https:\/\/graziamagazine.com\/mx\/articles\/esta-sera-la-paleta-de-colores-que-pantone-eligio-para-la-semana-de-la-moda-de-londres-primavera-verano-de-2023\/","og_locale":"es_MX","og_type":"article","og_title":"Esta ser\u00e1 la paleta de colores que Pantone eligi\u00f3 para la Semana de la Moda de Londres Primavera-Verano de 2023","og_description":"Pantone predice una mezcla imaginativa e intrigante de tonos atemporales y brillos ingeniosos que abrazan nuestro deseo contrastante de serenidad y estabilidad con energ\u00eda y entusiasmo.","og_url":"https:\/\/graziamagazine.com\/mx\/articles\/esta-sera-la-paleta-de-colores-que-pantone-eligio-para-la-semana-de-la-moda-de-londres-primavera-verano-de-2023\/","og_site_name":"Grazia M\u00e9xico y Latinoam\u00e9rica","article_modified_time":"2022-09-22T10:15:48+00:00","og_image":[{"width":616,"height":338,"url":"https:\/\/graziamagazine.com\/mx\/wp-content\/uploads\/sites\/13\/2022\/09\/Captura-de-Pantalla-2022-09-20-a-las-13.48.07.png","type":"image\/png"}],"twitter_card":"summary_large_image","twitter_misc":{"Est. reading time":"3 minutos"},"schema":{"@context":"https:\/\/schema.org","@graph":[{"@type":"WebPage","@id":"https:\/\/graziamagazine.com\/mx\/articles\/esta-sera-la-paleta-de-colores-que-pantone-eligio-para-la-semana-de-la-moda-de-londres-primavera-verano-de-2023\/","url":"https:\/\/graziamagazine.com\/mx\/articles\/esta-sera-la-paleta-de-colores-que-pantone-eligio-para-la-semana-de-la-moda-de-londres-primavera-verano-de-2023\/","name":"Esta ser\u00e1 la paleta de colores que Pantone eligi\u00f3 para la Semana de la Moda de Londres Primavera-Verano de 2023","isPartOf":{"@id":"https:\/\/graziamagazine.com\/mx\/#website"},"datePublished":"2022-09-21T15:08:20+00:00","dateModified":"2022-09-22T10:15:48+00:00","description":"Pantone predice una mezcla imaginativa e intrigante de tonos atemporales y brillos ingeniosos que abrazan nuestro deseo contrastante de serenidad y estabilidad con energ\u00eda y entusiasmo.","breadcrumb":{"@id":"https:\/\/graziamagazine.com\/mx\/articles\/esta-sera-la-paleta-de-colores-que-pantone-eligio-para-la-semana-de-la-moda-de-londres-primavera-verano-de-2023\/#breadcrumb"},"inLanguage":"es-MX","potentialAction":[{"@type":"ReadAction","target":["https:\/\/graziamagazine.com\/mx\/articles\/esta-sera-la-paleta-de-colores-que-pantone-eligio-para-la-semana-de-la-moda-de-londres-primavera-verano-de-2023\/"]}]},{"@type":"BreadcrumbList","@id":"https:\/\/graziamagazine.com\/mx\/articles\/esta-sera-la-paleta-de-colores-que-pantone-eligio-para-la-semana-de-la-moda-de-londres-primavera-verano-de-2023\/#breadcrumb","itemListElement":[{"@type":"ListItem","position":1,"name":"Home","item":"https:\/\/graziamagazine.com\/mx\/"},{"@type":"ListItem","position":2,"name":"Esta ser\u00e1 la paleta de colores que Pantone eligi\u00f3 para la Semana de la Moda de Londres Primavera-Verano de 2023"}]},{"@type":"WebSite","@id":"https:\/\/graziamagazine.com\/mx\/#website","url":"https:\/\/graziamagazine.com\/mx\/","name":"Grazia M\u00e9xico y Latinoam\u00e9rica","description":"Grazia es moda, belleza y noticias  de actualidad ","potentialAction":[{"@type":"SearchAction","target":{"@type":"EntryPoint","urlTemplate":"https:\/\/graziamagazine.com\/mx\/?s={search_term_string}"},"query-input":"required name=search_term_string"}],"inLanguage":"es-MX"}]}},"jetpack_sharing_enabled":true,"distributor_meta":false,"distributor_terms":false,"distributor_media":false,"distributor_original_site_name":"Grazia M\u00e9xico y Latinoam\u00e9rica","distributor_original_site_url":"https:\/\/graziamagazine.com\/mx","push-errors":false,"_links":{"self":[{"href":"https:\/\/graziamagazine.com\/mx\/wp-json\/wp\/v2\/articles\/117332"}],"collection":[{"href":"https:\/\/graziamagazine.com\/mx\/wp-json\/wp\/v2\/articles"}],"about":[{"href":"https:\/\/graziamagazine.com\/mx\/wp-json\/wp\/v2\/types\/articles"}],"author":[{"embeddable":true,"href":"https:\/\/graziamagazine.com\/mx\/wp-json\/wp\/v2\/users\/11628"}],"wp:featuredmedia":[{"embeddable":true,"href":"https:\/\/graziamagazine.com\/mx\/wp-json\/wp\/v2\/media\/117341"}],"wp:attachment":[{"href":"https:\/\/graziamagazine.com\/mx\/wp-json\/wp\/v2\/media?parent=117332"}],"wp:term":[{"taxonomy":"category","embeddable":true,"href":"https:\/\/graziamagazine.com\/mx\/wp-json\/wp\/v2\/categories?post=117332"}],"curies":[{"name":"wp","href":"https:\/\/api.w.org\/{rel}","templated":true}]}}