{"id":117260,"date":"2022-09-19T15:54:31","date_gmt":"2022-09-19T20:54:31","guid":{"rendered":"https:\/\/graziamagazine.com\/mx\/?post_type=articles&#038;p=117260"},"modified":"2022-09-19T16:08:40","modified_gmt":"2022-09-19T21:08:40","slug":"tendencias-provocadoras-london-fashion-week","status":"publish","type":"articles","link":"https:\/\/graziamagazine.com\/mx\/articles\/tendencias-provocadoras-london-fashion-week\/","title":{"rendered":"Las tendencias m\u00e1s provocadoras del London Fashion Week"},"content":{"rendered":"<p>La moda inglesa siempre marca tendencias. Este a\u00f1o, el London Fashion Week se ha caracterizado por mostrarle al mundo qu\u00e9 sigue para el mundo de la moda.<\/p>\n<p>Este a\u00f1o, tras dos a\u00f1os de interrupciones y cancelaciones por la pandemia, tuvieron que volver a la controversia de si seguir adelante o no con el evento, tras la muerte de la reina Isabel II. El evento coincidi\u00f3 con el periodo oficial de luto nacional. Sin dudar, algunos de los eventos relacionados al LFW tuvieron que reprogramarse, sobre todo, el d\u00eda del funeral.<\/p>\n<p>Y aunque es casi tiempo de que la semana de la moda en Londres termine, te presentamos las tendencias m\u00e1s destacadas hasta el momento.<\/p>\n<p>&nbsp;<\/p>\n<h3>Erdem Moral\u0131o\u011flu<\/h3>\n<p>Como parte de su investigaci\u00f3n para esta colecci\u00f3n, explor\u00f3 la restauraci\u00f3n de arte esta temporada, pasando tiempo con los equipos de restauraci\u00f3n del Museo Brit\u00e1nico, la Tate, el V&amp;A y la Galer\u00eda Nacional.<\/p>\n<p>Dedic\u00f3 su desfile primavera\/verano 2023 a la reina Isabel II.<\/p>\n<div class=\"content-gallery\"><div class=\"gallery-placeholder\"><div class=\"spinner\"><\/div><\/div><span class=\"gallery-pagination\"><\/span><div id=\"gallery-1\" class=\"gallery galleryid-117260 gallery-columns- gallery-size-\"><figure class=\"gallery-item\"><div class=\"gallery-icon landscape\"><img loading=\"lazy\" decoding=\"async\" width=\"853\" height=\"1281\" src=\"https:\/\/graziamagazine.com\/mx\/wp-content\/uploads\/sites\/13\/2022\/09\/Erdem.jpg\" class=\"lazy\" alt=\"\" \/><\/div><figcaption class=\"wp-caption-text gallery-caption\" id=\"gallery-1-117284\">Erdem<\/figcaption><\/figure><figure class=\"gallery-item\"><div class=\"gallery-icon landscape\"><img loading=\"lazy\" decoding=\"async\" width=\"861\" height=\"1292\" src=\"https:\/\/graziamagazine.com\/mx\/wp-content\/uploads\/sites\/13\/2022\/09\/Erdem-2.jpg\" class=\"lazy\" alt=\"\" \/><\/div><figcaption class=\"wp-caption-text gallery-caption\" id=\"gallery-1-117274\">Erdem<\/figcaption><\/figure><figure class=\"gallery-item\"><div class=\"gallery-icon landscape\"><img loading=\"lazy\" decoding=\"async\" width=\"861\" height=\"1292\" src=\"https:\/\/graziamagazine.com\/mx\/wp-content\/uploads\/sites\/13\/2022\/09\/Erdem-3.jpg\" class=\"lazy\" alt=\"\" \/><\/div><figcaption class=\"wp-caption-text gallery-caption\" id=\"gallery-1-117273\">Erdem<\/figcaption><\/figure><\/div><\/div>\n<p>&nbsp;<\/p>\n<h3>Nensi Dojaka<\/h3>\n<p>Fue una oda a la flor, la eterna inspiraci\u00f3n del dise\u00f1ador. Lentejuelas, cuellos halter, detalles de flores de organza, y la paleta de colores suaves de lilas, rosas y morados fueron los grandes protagonistas de la colecci\u00f3n.<\/p>\n<div class=\"content-gallery\"><div class=\"gallery-placeholder\"><div class=\"spinner\"><\/div><\/div><span class=\"gallery-pagination\"><\/span><div id=\"gallery-2\" class=\"gallery galleryid-117260 gallery-columns- gallery-size-\"><figure class=\"gallery-item\"><div class=\"gallery-icon landscape\"><img loading=\"lazy\" decoding=\"async\" width=\"980\" height=\"1470\" src=\"https:\/\/graziamagazine.com\/mx\/wp-content\/uploads\/sites\/13\/2022\/09\/Nensi-Dojaka.jpeg\" class=\"lazy\" alt=\"\" \/><\/div><figcaption class=\"wp-caption-text gallery-caption\" id=\"gallery-2-117283\">Nensi Dojaka<\/figcaption><\/figure><figure class=\"gallery-item\"><div class=\"gallery-icon landscape\"><img loading=\"lazy\" decoding=\"async\" width=\"973\" height=\"721\" src=\"https:\/\/graziamagazine.com\/mx\/wp-content\/uploads\/sites\/13\/2022\/09\/Nensi-Dojaka-3-e1663621694718.jpeg\" class=\"lazy\" alt=\"\" \/><\/div><figcaption class=\"wp-caption-text gallery-caption\" id=\"gallery-2-117275\">Nensi Dojaka<\/figcaption><\/figure><figure class=\"gallery-item\"><div class=\"gallery-icon landscape\"><img loading=\"lazy\" decoding=\"async\" width=\"980\" height=\"1470\" src=\"https:\/\/graziamagazine.com\/mx\/wp-content\/uploads\/sites\/13\/2022\/09\/Nensi-Dojaka-2.jpeg\" class=\"lazy\" alt=\"\" \/><\/div><figcaption class=\"wp-caption-text gallery-caption\" id=\"gallery-2-117276\">Nensi Dojaka<\/figcaption><\/figure><\/div><\/div>\n<p>&nbsp;<\/p>\n<h3>16Arlington<\/h3>\n<p>Exhibi\u00f3 una colecci\u00f3n que se titul\u00f3 &#8216;No me olvides&#8217;, inspirada en &#8220;la flor silvestre con p\u00e9talos de rosa polvoriento y azul lila descolorido; un s\u00edmbolo de verdadera y amor eterno, devoci\u00f3n y recuerdo&#8221;.<\/p>\n<p>Fue dise\u00f1ado originalmente en homenaje a la cofundadora de la marca, Federica &#8216;Kikka&#8217; Cavenati, quien falleci\u00f3 repentinamente en noviembre de 2021, a la edad de 28 a\u00f1os.<\/p>\n<div class=\"content-gallery\"><div class=\"gallery-placeholder\"><div class=\"spinner\"><\/div><\/div><span class=\"gallery-pagination\"><\/span><div id=\"gallery-3\" class=\"gallery galleryid-117260 gallery-columns- gallery-size-\"><figure class=\"gallery-item\"><div class=\"gallery-icon landscape\"><img loading=\"lazy\" decoding=\"async\" width=\"980\" height=\"1470\" src=\"https:\/\/graziamagazine.com\/mx\/wp-content\/uploads\/sites\/13\/2022\/09\/16Arlington-3.jpg\" class=\"lazy\" alt=\"\" \/><\/div><figcaption class=\"wp-caption-text gallery-caption\" id=\"gallery-3-117277\">16Arlington<\/figcaption><\/figure><figure class=\"gallery-item\"><div class=\"gallery-icon landscape\"><img loading=\"lazy\" decoding=\"async\" width=\"980\" height=\"1470\" src=\"https:\/\/graziamagazine.com\/mx\/wp-content\/uploads\/sites\/13\/2022\/09\/16Arlington-2.jpg\" class=\"lazy\" alt=\"\" \/><\/div><figcaption class=\"wp-caption-text gallery-caption\" id=\"gallery-3-117278\">16Arlington<\/figcaption><\/figure><figure class=\"gallery-item\"><div class=\"gallery-icon landscape\"><img loading=\"lazy\" decoding=\"async\" width=\"980\" height=\"1470\" src=\"https:\/\/graziamagazine.com\/mx\/wp-content\/uploads\/sites\/13\/2022\/09\/16Arlington.jpg\" class=\"lazy\" alt=\"\" \/><\/div><figcaption class=\"wp-caption-text gallery-caption\" id=\"gallery-3-117282\">16Arlington<\/figcaption><\/figure><\/div><\/div>\n<p>&nbsp;<\/p>\n<h3>Rejina Pyo<\/h3>\n<p>La colecci\u00f3n se inspir\u00f3 en una cita de Tolstoi: &#8220;Se puede vivir magn\u00edficamente en este mundo si se sabe c\u00f3mo trabajar y c\u00f3mo amar&#8221;, y c\u00f3mo estas palabras no se habr\u00edan aplicado a las mujeres cuando fueron escritos hace m\u00e1s de 100 a\u00f1os. Fue hecha para celebrar a las mujeres, su amor y su trabajo.<\/p>\n<div class=\"content-gallery\"><div class=\"gallery-placeholder\"><div class=\"spinner\"><\/div><\/div><span class=\"gallery-pagination\"><\/span><div id=\"gallery-4\" class=\"gallery galleryid-117260 gallery-columns- gallery-size-\"><figure class=\"gallery-item\"><div class=\"gallery-icon landscape\"><img loading=\"lazy\" decoding=\"async\" width=\"980\" height=\"1225\" src=\"https:\/\/graziamagazine.com\/mx\/wp-content\/uploads\/sites\/13\/2022\/09\/Rejina-Pyo.jpg\" class=\"lazy\" alt=\"\" \/><\/div><figcaption class=\"wp-caption-text gallery-caption\" id=\"gallery-4-117281\">Rejina Pyo<\/figcaption><\/figure><figure class=\"gallery-item\"><div class=\"gallery-icon landscape\"><img loading=\"lazy\" decoding=\"async\" width=\"980\" height=\"1225\" src=\"https:\/\/graziamagazine.com\/mx\/wp-content\/uploads\/sites\/13\/2022\/09\/Rejina-Pyo-2.jpg\" class=\"lazy\" alt=\"\" \/><\/div><figcaption class=\"wp-caption-text gallery-caption\" id=\"gallery-4-117280\">Rejina Pyo<\/figcaption><\/figure><figure class=\"gallery-item\"><div class=\"gallery-icon landscape\"><img loading=\"lazy\" decoding=\"async\" width=\"980\" height=\"1225\" src=\"https:\/\/graziamagazine.com\/mx\/wp-content\/uploads\/sites\/13\/2022\/09\/Rejina-Pyo-3.jpg\" class=\"lazy\" alt=\"\" \/><\/div><figcaption class=\"wp-caption-text gallery-caption\" id=\"gallery-4-117279\">Rejina Pyo<\/figcaption><\/figure><\/div><\/div>\n<p>&nbsp;<\/p>\n<h3>Molly Goddard<\/h3>\n<p>Busco transportarnos a una \u00e9poca anterior a las redes sociales, las transmisiones en vivo y las actualizaciones instant\u00e1neas.<\/p>\n<p>&#8220;Estaba pensando en las alfombras rojas antes de Internet&#8221;, dijo. &#8220;Estas son im\u00e1genes que amo y a las que suelo acudir en busca de inspiraci\u00f3n; vestirse se sent\u00eda m\u00e1s para la fiesta y para uno mismo. Mucho m\u00e1s informal, relajado. Sin pasos y repeticiones y sin poses. Parec\u00eda que la gente buscaba divertirse&#8221;.<\/p>\n<div class=\"content-gallery\"><div class=\"gallery-placeholder\"><div class=\"spinner\"><\/div><\/div><span class=\"gallery-pagination\"><\/span><div id=\"gallery-5\" class=\"gallery galleryid-117260 gallery-columns- gallery-size-\"><figure class=\"gallery-item\"><div class=\"gallery-icon landscape\"><img loading=\"lazy\" decoding=\"async\" width=\"980\" height=\"1470\" src=\"https:\/\/graziamagazine.com\/mx\/wp-content\/uploads\/sites\/13\/2022\/09\/Molly-Goddard.jpg\" class=\"lazy\" alt=\"\" \/><\/div><figcaption class=\"wp-caption-text gallery-caption\" id=\"gallery-5-117272\">Molly Goddard<\/figcaption><\/figure><figure class=\"gallery-item\"><div class=\"gallery-icon landscape\"><img loading=\"lazy\" decoding=\"async\" width=\"980\" height=\"1471\" src=\"https:\/\/graziamagazine.com\/mx\/wp-content\/uploads\/sites\/13\/2022\/09\/Molly-Goddard-2.jpg\" class=\"lazy\" alt=\"\" \/><\/div><figcaption class=\"wp-caption-text gallery-caption\" id=\"gallery-5-117271\">Molly Goddard<\/figcaption><\/figure><figure class=\"gallery-item\"><div class=\"gallery-icon landscape\"><img loading=\"lazy\" decoding=\"async\" width=\"980\" height=\"1471\" src=\"https:\/\/graziamagazine.com\/mx\/wp-content\/uploads\/sites\/13\/2022\/09\/Molly-Goddard-3.jpg\" class=\"lazy\" alt=\"\" \/><\/div><figcaption class=\"wp-caption-text gallery-caption\" id=\"gallery-5-117270\">Molly Goddard<\/figcaption><\/figure><\/div><\/div>\n<p>&nbsp;<\/p>\n<h3>Huishan Zhang<\/h3>\n<p>Fue lo contrario, intento enfocarse en el futuro para mostrar &#8220;alta costura a trav\u00e9s de una lente ut\u00f3pica&#8221;. La colecci\u00f3n tom\u00f3 cl\u00e1sicos del guardarropa y los convirti\u00f3 en nuevos h\u00edbridos.<\/p>\n<div class=\"content-gallery\"><div class=\"gallery-placeholder\"><div class=\"spinner\"><\/div><\/div><span class=\"gallery-pagination\"><\/span><div id=\"gallery-6\" class=\"gallery galleryid-117260 gallery-columns- gallery-size-\"><figure class=\"gallery-item\"><div class=\"gallery-icon landscape\"><img loading=\"lazy\" decoding=\"async\" width=\"980\" height=\"1470\" src=\"https:\/\/graziamagazine.com\/mx\/wp-content\/uploads\/sites\/13\/2022\/09\/Huishan-Zhang.jpg\" class=\"lazy\" alt=\"\" \/><\/div><figcaption class=\"wp-caption-text gallery-caption\" id=\"gallery-6-117269\">Huishan Zhang<\/figcaption><\/figure><figure class=\"gallery-item\"><div class=\"gallery-icon landscape\"><img loading=\"lazy\" decoding=\"async\" width=\"980\" height=\"1470\" src=\"https:\/\/graziamagazine.com\/mx\/wp-content\/uploads\/sites\/13\/2022\/09\/Huishan-Zhang-2.jpg\" class=\"lazy\" alt=\"\" \/><\/div><figcaption class=\"wp-caption-text gallery-caption\" id=\"gallery-6-117268\">Huishan Zhang<\/figcaption><\/figure><figure class=\"gallery-item\"><div class=\"gallery-icon landscape\"><img loading=\"lazy\" decoding=\"async\" width=\"980\" height=\"1470\" src=\"https:\/\/graziamagazine.com\/mx\/wp-content\/uploads\/sites\/13\/2022\/09\/Huishan-Zhang-3.jpg\" class=\"lazy\" alt=\"\" \/><\/div><figcaption class=\"wp-caption-text gallery-caption\" id=\"gallery-6-117267\">Huishan Zhang<\/figcaption><\/figure><\/div><\/div>\n<p>&nbsp;<\/p>\n<h3>Daniel W. Fletcher<\/h3>\n<p>Abri\u00f3 su desfile con un homenaje a Isabell II y rindi\u00f3 homenaje a figuras del pasado y presente como los punks de King&#8217;s Road hasta los sastres de Savile Row.<\/p>\n<p>&nbsp;<\/p>\n<div class=\"content-gallery\"><div class=\"gallery-placeholder\"><div class=\"spinner\"><\/div><\/div><span class=\"gallery-pagination\"><\/span><div id=\"gallery-7\" class=\"gallery galleryid-117260 gallery-columns- gallery-size-\"><figure class=\"gallery-item\"><div class=\"gallery-icon landscape\"><img loading=\"lazy\" decoding=\"async\" width=\"616\" height=\"924\" src=\"https:\/\/graziamagazine.com\/mx\/wp-content\/uploads\/sites\/13\/2022\/09\/Daniel-W.-Fletcher.jpg\" class=\"lazy\" alt=\"\" \/><\/div><figcaption class=\"wp-caption-text gallery-caption\" id=\"gallery-7-117266\">Daniel W. Fletcher<\/figcaption><\/figure><figure class=\"gallery-item\"><div class=\"gallery-icon landscape\"><img loading=\"lazy\" decoding=\"async\" width=\"980\" height=\"1471\" src=\"https:\/\/graziamagazine.com\/mx\/wp-content\/uploads\/sites\/13\/2022\/09\/Daniel-W.-Fletcher-2.jpg\" class=\"lazy\" alt=\"\" \/><\/div><figcaption class=\"wp-caption-text gallery-caption\" id=\"gallery-7-117265\">Daniel W. Fletcher<\/figcaption><\/figure><figure class=\"gallery-item\"><div class=\"gallery-icon landscape\"><img loading=\"lazy\" decoding=\"async\" width=\"980\" height=\"1471\" src=\"https:\/\/graziamagazine.com\/mx\/wp-content\/uploads\/sites\/13\/2022\/09\/Daniel-W.-Fletcher-3.jpg\" class=\"lazy\" alt=\"\" \/><\/div><figcaption class=\"wp-caption-text gallery-caption\" id=\"gallery-7-117264\">Daniel W. Fletcher<\/figcaption><\/figure><\/div><\/div>\n<p>&nbsp;<\/p>\n<h3>Tom Ford<\/h3>\n<p>Como siempre visti\u00f3 la pasarela de glamour y aument\u00f3 el brillo. Hizo sastrer\u00eda metalizada y bases de encaje. El gran final fue por las hermanas Hadid quienes cerraron el desfile con lentejuelas por todos lados.<\/p>\n<p>&nbsp;<\/p>\n<div class=\"content-gallery\"><div class=\"gallery-placeholder\"><div class=\"spinner\"><\/div><\/div><span class=\"gallery-pagination\"><\/span><div id=\"gallery-8\" class=\"gallery galleryid-117260 gallery-columns- gallery-size-\"><figure class=\"gallery-item\"><div class=\"gallery-icon landscape\"><img loading=\"lazy\" decoding=\"async\" width=\"980\" height=\"1472\" src=\"https:\/\/graziamagazine.com\/mx\/wp-content\/uploads\/sites\/13\/2022\/09\/Tom-Ford.jpg\" class=\"lazy\" alt=\"\" \/><\/div><figcaption class=\"wp-caption-text gallery-caption\" id=\"gallery-8-117263\">Tom Ford<\/figcaption><\/figure><figure class=\"gallery-item\"><div class=\"gallery-icon landscape\"><img loading=\"lazy\" decoding=\"async\" width=\"980\" height=\"1472\" src=\"https:\/\/graziamagazine.com\/mx\/wp-content\/uploads\/sites\/13\/2022\/09\/Tom-Ford-2.jpg\" class=\"lazy\" alt=\"\" \/><\/div><figcaption class=\"wp-caption-text gallery-caption\" id=\"gallery-8-117262\">Tom Ford<\/figcaption><\/figure><figure class=\"gallery-item\"><div class=\"gallery-icon landscape\"><img loading=\"lazy\" decoding=\"async\" width=\"980\" height=\"1472\" src=\"https:\/\/graziamagazine.com\/mx\/wp-content\/uploads\/sites\/13\/2022\/09\/Tom-Ford-3.jpg\" class=\"lazy\" alt=\"\" \/><\/div><figcaption class=\"wp-caption-text gallery-caption\" id=\"gallery-8-117261\">Tom Ford<\/figcaption><\/figure><\/div><\/div>\n","protected":false},"author":36289,"featured_media":117275,"template":"","format":"standard","categories":[12517],"acf":[],"yoast_head":"<!-- This site is optimized with the Yoast SEO Premium plugin v18.5 (Yoast SEO v20.4) - https:\/\/yoast.com\/wordpress\/plugins\/seo\/ -->\n<title>Las tendencias m\u00e1s provocadoras del London Fashion Week | Grazia M\u00e9xico y Latinoam\u00e9rica<\/title>\n<meta name=\"description\" content=\"La moda inglesa siempre marca tendencias. Este a\u00f1o, el London Fashion Week se ha caracterizado por mostrarle al mundo qu\u00e9 sigue para el mundo de la moda.\" \/>\n<meta name=\"robots\" content=\"index, follow, max-snippet:-1, max-image-preview:large, max-video-preview:-1\" \/>\n<link rel=\"canonical\" href=\"https:\/\/graziamagazine.com\/mx\/articles\/tendencias-provocadoras-london-fashion-week\/\" \/>\n<meta property=\"og:locale\" content=\"es_MX\" \/>\n<meta property=\"og:type\" content=\"article\" \/>\n<meta property=\"og:title\" content=\"Las tendencias m\u00e1s provocadoras del London Fashion Week\" \/>\n<meta property=\"og:description\" content=\"La moda inglesa siempre marca tendencias. Este a\u00f1o, el London Fashion Week se ha caracterizado por mostrarle al mundo qu\u00e9 sigue para el mundo de la moda.\" \/>\n<meta property=\"og:url\" content=\"https:\/\/graziamagazine.com\/mx\/articles\/tendencias-provocadoras-london-fashion-week\/\" \/>\n<meta property=\"og:site_name\" content=\"Grazia M\u00e9xico y Latinoam\u00e9rica\" \/>\n<meta property=\"article:modified_time\" content=\"2022-09-19T21:08:40+00:00\" \/>\n<meta property=\"og:image\" content=\"https:\/\/graziamagazine.com\/mx\/wp-content\/uploads\/sites\/13\/2022\/09\/Nensi-Dojaka-3-e1663621694718.jpeg\" \/>\n\t<meta property=\"og:image:width\" content=\"973\" \/>\n\t<meta property=\"og:image:height\" content=\"721\" \/>\n\t<meta property=\"og:image:type\" content=\"image\/jpeg\" \/>\n<meta name=\"twitter:card\" content=\"summary_large_image\" \/>\n<meta name=\"twitter:label1\" content=\"Est. reading time\" \/>\n\t<meta name=\"twitter:data1\" content=\"3 minutos\" \/>\n<script type=\"application\/ld+json\" class=\"yoast-schema-graph\">{\"@context\":\"https:\/\/schema.org\",\"@graph\":[{\"@type\":\"WebPage\",\"@id\":\"https:\/\/graziamagazine.com\/mx\/articles\/tendencias-provocadoras-london-fashion-week\/\",\"url\":\"https:\/\/graziamagazine.com\/mx\/articles\/tendencias-provocadoras-london-fashion-week\/\",\"name\":\"Las tendencias m\u00e1s provocadoras del London Fashion Week | Grazia M\u00e9xico y Latinoam\u00e9rica\",\"isPartOf\":{\"@id\":\"https:\/\/graziamagazine.com\/mx\/#website\"},\"datePublished\":\"2022-09-19T20:54:31+00:00\",\"dateModified\":\"2022-09-19T21:08:40+00:00\",\"description\":\"La moda inglesa siempre marca tendencias. Este a\u00f1o, el London Fashion Week se ha caracterizado por mostrarle al mundo qu\u00e9 sigue para el mundo de la moda.\",\"breadcrumb\":{\"@id\":\"https:\/\/graziamagazine.com\/mx\/articles\/tendencias-provocadoras-london-fashion-week\/#breadcrumb\"},\"inLanguage\":\"es-MX\",\"potentialAction\":[{\"@type\":\"ReadAction\",\"target\":[\"https:\/\/graziamagazine.com\/mx\/articles\/tendencias-provocadoras-london-fashion-week\/\"]}]},{\"@type\":\"BreadcrumbList\",\"@id\":\"https:\/\/graziamagazine.com\/mx\/articles\/tendencias-provocadoras-london-fashion-week\/#breadcrumb\",\"itemListElement\":[{\"@type\":\"ListItem\",\"position\":1,\"name\":\"Home\",\"item\":\"https:\/\/graziamagazine.com\/mx\/\"},{\"@type\":\"ListItem\",\"position\":2,\"name\":\"Las tendencias m\u00e1s provocadoras del London Fashion Week\"}]},{\"@type\":\"WebSite\",\"@id\":\"https:\/\/graziamagazine.com\/mx\/#website\",\"url\":\"https:\/\/graziamagazine.com\/mx\/\",\"name\":\"Grazia M\u00e9xico y Latinoam\u00e9rica\",\"description\":\"Grazia es moda, belleza y noticias  de actualidad \",\"potentialAction\":[{\"@type\":\"SearchAction\",\"target\":{\"@type\":\"EntryPoint\",\"urlTemplate\":\"https:\/\/graziamagazine.com\/mx\/?s={search_term_string}\"},\"query-input\":\"required name=search_term_string\"}],\"inLanguage\":\"es-MX\"}]}<\/script>\n<!-- \/ Yoast SEO Premium plugin. -->","yoast_head_json":{"title":"Las tendencias m\u00e1s provocadoras del London Fashion Week | Grazia M\u00e9xico y Latinoam\u00e9rica","description":"La moda inglesa siempre marca tendencias. Este a\u00f1o, el London Fashion Week se ha caracterizado por mostrarle al mundo qu\u00e9 sigue para el mundo de la moda.","robots":{"index":"index","follow":"follow","max-snippet":"max-snippet:-1","max-image-preview":"max-image-preview:large","max-video-preview":"max-video-preview:-1"},"canonical":"https:\/\/graziamagazine.com\/mx\/articles\/tendencias-provocadoras-london-fashion-week\/","og_locale":"es_MX","og_type":"article","og_title":"Las tendencias m\u00e1s provocadoras del London Fashion Week","og_description":"La moda inglesa siempre marca tendencias. Este a\u00f1o, el London Fashion Week se ha caracterizado por mostrarle al mundo qu\u00e9 sigue para el mundo de la moda.","og_url":"https:\/\/graziamagazine.com\/mx\/articles\/tendencias-provocadoras-london-fashion-week\/","og_site_name":"Grazia M\u00e9xico y Latinoam\u00e9rica","article_modified_time":"2022-09-19T21:08:40+00:00","og_image":[{"width":973,"height":721,"url":"https:\/\/graziamagazine.com\/mx\/wp-content\/uploads\/sites\/13\/2022\/09\/Nensi-Dojaka-3-e1663621694718.jpeg","type":"image\/jpeg"}],"twitter_card":"summary_large_image","twitter_misc":{"Est. reading time":"3 minutos"},"schema":{"@context":"https:\/\/schema.org","@graph":[{"@type":"WebPage","@id":"https:\/\/graziamagazine.com\/mx\/articles\/tendencias-provocadoras-london-fashion-week\/","url":"https:\/\/graziamagazine.com\/mx\/articles\/tendencias-provocadoras-london-fashion-week\/","name":"Las tendencias m\u00e1s provocadoras del London Fashion Week | Grazia M\u00e9xico y Latinoam\u00e9rica","isPartOf":{"@id":"https:\/\/graziamagazine.com\/mx\/#website"},"datePublished":"2022-09-19T20:54:31+00:00","dateModified":"2022-09-19T21:08:40+00:00","description":"La moda inglesa siempre marca tendencias. Este a\u00f1o, el London Fashion Week se ha caracterizado por mostrarle al mundo qu\u00e9 sigue para el mundo de la moda.","breadcrumb":{"@id":"https:\/\/graziamagazine.com\/mx\/articles\/tendencias-provocadoras-london-fashion-week\/#breadcrumb"},"inLanguage":"es-MX","potentialAction":[{"@type":"ReadAction","target":["https:\/\/graziamagazine.com\/mx\/articles\/tendencias-provocadoras-london-fashion-week\/"]}]},{"@type":"BreadcrumbList","@id":"https:\/\/graziamagazine.com\/mx\/articles\/tendencias-provocadoras-london-fashion-week\/#breadcrumb","itemListElement":[{"@type":"ListItem","position":1,"name":"Home","item":"https:\/\/graziamagazine.com\/mx\/"},{"@type":"ListItem","position":2,"name":"Las tendencias m\u00e1s provocadoras del London Fashion Week"}]},{"@type":"WebSite","@id":"https:\/\/graziamagazine.com\/mx\/#website","url":"https:\/\/graziamagazine.com\/mx\/","name":"Grazia M\u00e9xico y Latinoam\u00e9rica","description":"Grazia es moda, belleza y noticias  de actualidad ","potentialAction":[{"@type":"SearchAction","target":{"@type":"EntryPoint","urlTemplate":"https:\/\/graziamagazine.com\/mx\/?s={search_term_string}"},"query-input":"required name=search_term_string"}],"inLanguage":"es-MX"}]}},"jetpack_sharing_enabled":true,"distributor_meta":false,"distributor_terms":false,"distributor_media":false,"distributor_original_site_name":"Grazia M\u00e9xico y Latinoam\u00e9rica","distributor_original_site_url":"https:\/\/graziamagazine.com\/mx","push-errors":false,"_links":{"self":[{"href":"https:\/\/graziamagazine.com\/mx\/wp-json\/wp\/v2\/articles\/117260"}],"collection":[{"href":"https:\/\/graziamagazine.com\/mx\/wp-json\/wp\/v2\/articles"}],"about":[{"href":"https:\/\/graziamagazine.com\/mx\/wp-json\/wp\/v2\/types\/articles"}],"author":[{"embeddable":true,"href":"https:\/\/graziamagazine.com\/mx\/wp-json\/wp\/v2\/users\/36289"}],"wp:featuredmedia":[{"embeddable":true,"href":"https:\/\/graziamagazine.com\/mx\/wp-json\/wp\/v2\/media\/117275"}],"wp:attachment":[{"href":"https:\/\/graziamagazine.com\/mx\/wp-json\/wp\/v2\/media?parent=117260"}],"wp:term":[{"taxonomy":"category","embeddable":true,"href":"https:\/\/graziamagazine.com\/mx\/wp-json\/wp\/v2\/categories?post=117260"}],"curies":[{"name":"wp","href":"https:\/\/api.w.org\/{rel}","templated":true}]}}