{"id":117081,"date":"2022-09-14T14:26:21","date_gmt":"2022-09-14T19:26:21","guid":{"rendered":"https:\/\/graziamagazine.com\/mx\/?post_type=articles&#038;p=117081"},"modified":"2022-09-15T12:47:21","modified_gmt":"2022-09-15T17:47:21","slug":"frida-kahlo-llega-al-museo-de-la-moda-de-paris-para-romper-estereotipos","status":"publish","type":"articles","link":"https:\/\/graziamagazine.com\/mx\/articles\/frida-kahlo-llega-al-museo-de-la-moda-de-paris-para-romper-estereotipos\/","title":{"rendered":"Frida Kahlo llega al Museo de la Moda de Par\u00eds para romper estereotipos"},"content":{"rendered":"<p><span style=\"font-weight: 400;\">Una nueva exposici\u00f3n temporal lleg\u00f3 al <strong>Museo de la Moda de Par\u00eds<\/strong> y tiene como protagonista a la ic\u00f3nica pintora mexicana. &#8220;<strong>Frida Kahlo, m\u00e1s all\u00e1 de los clich\u00e9s<\/strong>\u201d, es el nombre del montaje que estar\u00e1 disponible en la capital de Francia <strong>del 15 de septiembre al 5 de marzo de 2023.<\/strong><\/span><\/p>\n<p><span style=\"font-weight: 400;\">Esta exposici\u00f3n que se estrena en el marco de las fiestas patrias de M\u00e9xico, tiene como objetivo explorar el lado privado de la vida de <a href=\"https:\/\/graziamagazine.com\/mx\/articles\/puma-x-frida-kahlo\/\">Frida<\/a> y comprender c\u00f3mo construy\u00f3 su identidad a trav\u00e9s de la forma en que se presentaba y representaba, alej\u00e1ndose de los estereotipos asociados a su personalidad.<\/span><\/p>\n<p><img loading=\"lazy\" decoding=\"async\" class=\"aligncenter wp-image-117083 size-large\" src=\"https:\/\/graziamagazine.com\/mx\/wp-content\/uploads\/sites\/13\/2022\/09\/Captura-de-Pantalla-2022-09-14-a-las-13.38.47.png?w=520\" alt=\"Frida Kahlo llega al Museo de la Moda de Par\u00eds para romper estereotipos\" width=\"520\" height=\"564\" \/><\/p>\n<p><span style=\"font-weight: 400;\">M\u00e1s de <strong>200 piezas provenientes de la Casa Azul de Coyoac\u00e1n<\/strong>, donde Frida naci\u00f3 y creci\u00f3, se exhiben por primera vez en Francia, en <strong>asociaci\u00f3n con el Museo Frida Kahlo<\/strong>. Las piezas incluyen ropa, accesorios, correspondencia, cosm\u00e9ticos, medicamentos y dispositivos ortop\u00e9dicos.\u00a0<\/span><\/p>\n<p><img loading=\"lazy\" decoding=\"async\" class=\"aligncenter wp-image-117090 size-large\" src=\"https:\/\/graziamagazine.com\/mx\/wp-content\/uploads\/sites\/13\/2022\/09\/Captura-de-Pantalla-2022-09-14-a-las-13.34.01.png?w=628\" alt=\"Frida Kahlo llega al Museo de la Moda de Par\u00eds para romper estereotipos\" width=\"628\" height=\"492\" \/><\/p>\n<p><span style=\"font-weight: 400;\">\u201cCuando la artista muri\u00f3 en 1954, su marido, el muralista mexicano <strong>Diego Rivera<\/strong>, sell\u00f3 sus cosas personales y fueron recuperadas hasta 2004, cincuenta a\u00f1os despu\u00e9s\u201d, explica el Museo Frida Kahlo en un comunicado.<\/span><\/p>\n<p><img loading=\"lazy\" decoding=\"async\" class=\"aligncenter wp-image-117088 size-large\" src=\"https:\/\/graziamagazine.com\/mx\/wp-content\/uploads\/sites\/13\/2022\/09\/Captura-de-Pantalla-2022-09-14-a-las-13.37.56.png?w=513\" alt=\"Frida Kahlo llega al Museo de la Moda de Par\u00eds para romper estereotipos\" width=\"513\" height=\"567\" \/><\/p>\n<p><span style=\"font-weight: 400;\">\u201cEsta valiosa colecci\u00f3n, que incluye faldas tradicionales de tehuana, joyas precolombinas coleccionadas por Frida y cors\u00e9s y pr\u00f3tesis pintados a mano, se muestra con pel\u00edculas e im\u00e1genes de la artista para crear una historia visual de su vida inusual. En una exposici\u00f3n tanto biogr\u00e1fica como tem\u00e1tica, el <strong>Palais Galliera<\/strong> repasa la visita de la artista a Par\u00eds y su relaci\u00f3n con el grupo surrealista\u201d, a\u00f1ade.<\/span><\/p>\n<p><span style=\"font-weight: 400;\">Esta exhibici\u00f3n tiene a su vez una exposici\u00f3n c\u00e1psula que se inaugura el mismo d\u00eda, pero que termina el \u00faltimo d\u00eda de este 2022 y consiste en mostrar la influencia de Frida Kahlo en la moda contempor\u00e1nea y c\u00f3mo se ha mantenido como \u00edcono y fuente de inspiraci\u00f3n para renombrados dise\u00f1adores como <strong>Alexander McQueen, Jean Paul Gaultier, Karl Lagerfeld con Chanel, Riccardo Tisci con Givenchy, Maria Grazia Chiuri para Dior o Rei Kawakubo para Comme des Gar\u00e7ons.<\/strong><\/span><\/p>\n<p><img loading=\"lazy\" decoding=\"async\" class=\"aligncenter wp-image-117087 size-large\" src=\"https:\/\/graziamagazine.com\/mx\/wp-content\/uploads\/sites\/13\/2022\/09\/Captura-de-Pantalla-2022-09-14-a-las-13.38.06.png?w=557\" alt=\"Frida Kahlo llega al Museo de la Moda de Par\u00eds para romper estereotipos\" width=\"557\" height=\"569\" \/><\/p>\n<p><span style=\"font-weight: 400;\">La exposici\u00f3n, que cuenta con apoyo especial de la marca Chanel, tiene como curadores a <strong>Circe Henestrosa<\/strong> &#8211; curadora y dise\u00f1adora de la exposici\u00f3n que funge como Directora de la Escuela de Moda, Lasalle College of the Arts, en Singapur &#8211; y <strong>Miren Arzalluz<\/strong>, directora del Palais Galliera.<\/span><\/p>\n<p><span style=\"font-weight: 400;\">&#8220;S\u00ed, sufri\u00f3 mucho. No vamos a negarlo. Pero vivi\u00f3 una vida intensa y plena y no dej\u00f3 que sus discapacidades la definieran. Ella se defini\u00f3 a s\u00ed misma poniendo su cuerpo al servicio del arte y expresando el sufrimiento de forma creativa&#8221;, dijo a su vez Circe Henestrosa.<\/span><\/p>\n<p><img loading=\"lazy\" decoding=\"async\" class=\"aligncenter wp-image-117086 size-large\" src=\"https:\/\/graziamagazine.com\/mx\/wp-content\/uploads\/sites\/13\/2022\/09\/Captura-de-Pantalla-2022-09-14-a-las-13.38.16.png?w=525\" alt=\"Frida Kahlo llega al Museo de la Moda de Par\u00eds para romper estereotipos\" width=\"525\" height=\"571\" \/><\/p>\n<p><span style=\"font-weight: 400;\">&#8220;Frida Kahlo perdura porque pudo romper muchos tab\u00faes acerca de la experiencia del cuerpo femenino, de lo que significa vivir con un cuerpo discapacitado y usar la creatividad para sentirse mejor&#8221;, a\u00f1ade.<\/span><\/p>\n<p><span style=\"font-weight: 400;\">Para Circe, la apariencia de Kahlo fue su forma de manifestar sus preocupaciones pol\u00edticas e identitarias, un ejemplo que puede ser un motor de creaci\u00f3n e inspiraci\u00f3n para las nuevas generaciones que hoy se acerquen a su obra.<\/span><\/p>\n<p><span style=\"font-weight: 400;\">Y es que, <strong>Magdalena Carmen Frida Kahlo y Calder\u00f3n<\/strong> &#8211; como era su nombre completo &#8211; nacida en 1907 en Coyoac\u00e1n, hija de una mestiza de origen espa\u00f1ol e ind\u00edgena de la regi\u00f3n de Oaxaca y de un inmigrante alem\u00e1n, lleg\u00f3 a la pintura a trav\u00e9s del sufrimiento.<\/span><\/p>\n<p><img loading=\"lazy\" decoding=\"async\" class=\"aligncenter wp-image-117085 size-large\" src=\"https:\/\/graziamagazine.com\/mx\/wp-content\/uploads\/sites\/13\/2022\/09\/Captura-de-Pantalla-2022-09-14-a-las-13.38.26.png?w=519\" alt=\"Frida Kahlo llega al Museo de la Moda de Par\u00eds para romper estereotipos\" width=\"519\" height=\"565\" \/><\/p>\n<p><span style=\"font-weight: 400;\">Con seis a\u00f1os, la polio le dej\u00f3 una pierna m\u00e1s corta que otra y a los 18, un terrible accidente de tr\u00e1fico la dej\u00f3 postrada, oblig\u00e1ndola a sufrir durante toda su vida un sinf\u00edn de operaciones quir\u00fargicas para tratar de aliviar los dolores y problemas de la columna vertebral.<\/span><\/p>\n<p><span style=\"font-weight: 400;\"><strong>Empez\u00f3 entonces a pintar, desde su cama del hospital,<\/strong> despidi\u00e9ndose para siempre de su aspiraci\u00f3n de convertirse en m\u00e9dico.<\/span><\/p>\n<p><span style=\"font-weight: 400;\">Aunque durante a\u00f1os se dijo que usaba vestimenta t\u00edpica porque a su pareja, el pintor Diego Rivera, le gustaba, lo cierto es que Kahlo empez\u00f3 a utilizar vestidos largos a los 20 a\u00f1os para ocultar sus problemas de salud, como lo plantea esta exposici\u00f3n.<\/span><\/p>\n<p><img loading=\"lazy\" decoding=\"async\" class=\"aligncenter wp-image-117089 size-large\" src=\"https:\/\/graziamagazine.com\/mx\/wp-content\/uploads\/sites\/13\/2022\/09\/Captura-de-Pantalla-2022-09-14-a-las-13.37.42.png?w=550\" alt=\"Frida Kahlo llega al Museo de la Moda de Par\u00eds para romper estereotipos\" width=\"550\" height=\"570\" \/><\/p>\n<p><span style=\"font-weight: 400;\">Para Circe Henestrosa, Frida Kahlo es un ejemplo de fuerza, resistencia y libertad, celebrando siempre sus ra\u00edces, su aspecto, y su libertad sexual que la llev\u00f3 a tener amantes tanto hombres como mujeres.<\/span><\/p>\n","protected":false},"author":11628,"featured_media":117084,"template":"","format":"standard","categories":[12517,4],"acf":[],"yoast_head":"<!-- This site is optimized with the Yoast SEO Premium plugin v18.5 (Yoast SEO v20.4) - https:\/\/yoast.com\/wordpress\/plugins\/seo\/ -->\n<title>Frida Kahlo llega al Museo de la Moda de Par\u00eds para romper estereotipos<\/title>\n<meta name=\"description\" content=\"Cientos de objetos que pertenec\u00edan a la artista mexicana Frida Kahlo est\u00e1n en exhibici\u00f3n en el Museo de la Moda de Par\u00eds.\" \/>\n<meta name=\"robots\" content=\"index, follow, max-snippet:-1, max-image-preview:large, max-video-preview:-1\" \/>\n<link rel=\"canonical\" href=\"https:\/\/graziamagazine.com\/mx\/articles\/frida-kahlo-llega-al-museo-de-la-moda-de-paris-para-romper-estereotipos\/\" \/>\n<meta property=\"og:locale\" content=\"es_MX\" \/>\n<meta property=\"og:type\" content=\"article\" \/>\n<meta property=\"og:title\" content=\"Frida Kahlo llega al Museo de la Moda de Par\u00eds para romper estereotipos\" \/>\n<meta property=\"og:description\" content=\"Cientos de objetos que pertenec\u00edan a la artista mexicana Frida Kahlo est\u00e1n en exhibici\u00f3n en el Museo de la Moda de Par\u00eds.\" \/>\n<meta property=\"og:url\" content=\"https:\/\/graziamagazine.com\/mx\/articles\/frida-kahlo-llega-al-museo-de-la-moda-de-paris-para-romper-estereotipos\/\" \/>\n<meta property=\"og:site_name\" content=\"Grazia M\u00e9xico y Latinoam\u00e9rica\" \/>\n<meta property=\"article:modified_time\" content=\"2022-09-15T17:47:21+00:00\" \/>\n<meta property=\"og:image\" content=\"https:\/\/graziamagazine.com\/mx\/wp-content\/uploads\/sites\/13\/2022\/09\/Captura-de-Pantalla-2022-09-14-a-las-13.38.37.png\" \/>\n\t<meta property=\"og:image:width\" content=\"592\" \/>\n\t<meta property=\"og:image:height\" content=\"264\" \/>\n\t<meta property=\"og:image:type\" content=\"image\/png\" \/>\n<meta name=\"twitter:card\" content=\"summary_large_image\" \/>\n<meta name=\"twitter:label1\" content=\"Est. reading time\" \/>\n\t<meta name=\"twitter:data1\" content=\"5 minutos\" \/>\n<script type=\"application\/ld+json\" class=\"yoast-schema-graph\">{\"@context\":\"https:\/\/schema.org\",\"@graph\":[{\"@type\":\"WebPage\",\"@id\":\"https:\/\/graziamagazine.com\/mx\/articles\/frida-kahlo-llega-al-museo-de-la-moda-de-paris-para-romper-estereotipos\/\",\"url\":\"https:\/\/graziamagazine.com\/mx\/articles\/frida-kahlo-llega-al-museo-de-la-moda-de-paris-para-romper-estereotipos\/\",\"name\":\"Frida Kahlo llega al Museo de la Moda de Par\u00eds para romper estereotipos\",\"isPartOf\":{\"@id\":\"https:\/\/graziamagazine.com\/mx\/#website\"},\"datePublished\":\"2022-09-14T19:26:21+00:00\",\"dateModified\":\"2022-09-15T17:47:21+00:00\",\"description\":\"Cientos de objetos que pertenec\u00edan a la artista mexicana Frida Kahlo est\u00e1n en exhibici\u00f3n en el Museo de la Moda de Par\u00eds.\",\"breadcrumb\":{\"@id\":\"https:\/\/graziamagazine.com\/mx\/articles\/frida-kahlo-llega-al-museo-de-la-moda-de-paris-para-romper-estereotipos\/#breadcrumb\"},\"inLanguage\":\"es-MX\",\"potentialAction\":[{\"@type\":\"ReadAction\",\"target\":[\"https:\/\/graziamagazine.com\/mx\/articles\/frida-kahlo-llega-al-museo-de-la-moda-de-paris-para-romper-estereotipos\/\"]}]},{\"@type\":\"BreadcrumbList\",\"@id\":\"https:\/\/graziamagazine.com\/mx\/articles\/frida-kahlo-llega-al-museo-de-la-moda-de-paris-para-romper-estereotipos\/#breadcrumb\",\"itemListElement\":[{\"@type\":\"ListItem\",\"position\":1,\"name\":\"Home\",\"item\":\"https:\/\/graziamagazine.com\/mx\/\"},{\"@type\":\"ListItem\",\"position\":2,\"name\":\"Frida Kahlo llega al Museo de la Moda de Par\u00eds para romper estereotipos\"}]},{\"@type\":\"WebSite\",\"@id\":\"https:\/\/graziamagazine.com\/mx\/#website\",\"url\":\"https:\/\/graziamagazine.com\/mx\/\",\"name\":\"Grazia M\u00e9xico y Latinoam\u00e9rica\",\"description\":\"Grazia es moda, belleza y noticias  de actualidad \",\"potentialAction\":[{\"@type\":\"SearchAction\",\"target\":{\"@type\":\"EntryPoint\",\"urlTemplate\":\"https:\/\/graziamagazine.com\/mx\/?s={search_term_string}\"},\"query-input\":\"required name=search_term_string\"}],\"inLanguage\":\"es-MX\"}]}<\/script>\n<!-- \/ Yoast SEO Premium plugin. -->","yoast_head_json":{"title":"Frida Kahlo llega al Museo de la Moda de Par\u00eds para romper estereotipos","description":"Cientos de objetos que pertenec\u00edan a la artista mexicana Frida Kahlo est\u00e1n en exhibici\u00f3n en el Museo de la Moda de Par\u00eds.","robots":{"index":"index","follow":"follow","max-snippet":"max-snippet:-1","max-image-preview":"max-image-preview:large","max-video-preview":"max-video-preview:-1"},"canonical":"https:\/\/graziamagazine.com\/mx\/articles\/frida-kahlo-llega-al-museo-de-la-moda-de-paris-para-romper-estereotipos\/","og_locale":"es_MX","og_type":"article","og_title":"Frida Kahlo llega al Museo de la Moda de Par\u00eds para romper estereotipos","og_description":"Cientos de objetos que pertenec\u00edan a la artista mexicana Frida Kahlo est\u00e1n en exhibici\u00f3n en el Museo de la Moda de Par\u00eds.","og_url":"https:\/\/graziamagazine.com\/mx\/articles\/frida-kahlo-llega-al-museo-de-la-moda-de-paris-para-romper-estereotipos\/","og_site_name":"Grazia M\u00e9xico y Latinoam\u00e9rica","article_modified_time":"2022-09-15T17:47:21+00:00","og_image":[{"width":592,"height":264,"url":"https:\/\/graziamagazine.com\/mx\/wp-content\/uploads\/sites\/13\/2022\/09\/Captura-de-Pantalla-2022-09-14-a-las-13.38.37.png","type":"image\/png"}],"twitter_card":"summary_large_image","twitter_misc":{"Est. reading time":"5 minutos"},"schema":{"@context":"https:\/\/schema.org","@graph":[{"@type":"WebPage","@id":"https:\/\/graziamagazine.com\/mx\/articles\/frida-kahlo-llega-al-museo-de-la-moda-de-paris-para-romper-estereotipos\/","url":"https:\/\/graziamagazine.com\/mx\/articles\/frida-kahlo-llega-al-museo-de-la-moda-de-paris-para-romper-estereotipos\/","name":"Frida Kahlo llega al Museo de la Moda de Par\u00eds para romper estereotipos","isPartOf":{"@id":"https:\/\/graziamagazine.com\/mx\/#website"},"datePublished":"2022-09-14T19:26:21+00:00","dateModified":"2022-09-15T17:47:21+00:00","description":"Cientos de objetos que pertenec\u00edan a la artista mexicana Frida Kahlo est\u00e1n en exhibici\u00f3n en el Museo de la Moda de Par\u00eds.","breadcrumb":{"@id":"https:\/\/graziamagazine.com\/mx\/articles\/frida-kahlo-llega-al-museo-de-la-moda-de-paris-para-romper-estereotipos\/#breadcrumb"},"inLanguage":"es-MX","potentialAction":[{"@type":"ReadAction","target":["https:\/\/graziamagazine.com\/mx\/articles\/frida-kahlo-llega-al-museo-de-la-moda-de-paris-para-romper-estereotipos\/"]}]},{"@type":"BreadcrumbList","@id":"https:\/\/graziamagazine.com\/mx\/articles\/frida-kahlo-llega-al-museo-de-la-moda-de-paris-para-romper-estereotipos\/#breadcrumb","itemListElement":[{"@type":"ListItem","position":1,"name":"Home","item":"https:\/\/graziamagazine.com\/mx\/"},{"@type":"ListItem","position":2,"name":"Frida Kahlo llega al Museo de la Moda de Par\u00eds para romper estereotipos"}]},{"@type":"WebSite","@id":"https:\/\/graziamagazine.com\/mx\/#website","url":"https:\/\/graziamagazine.com\/mx\/","name":"Grazia M\u00e9xico y Latinoam\u00e9rica","description":"Grazia es moda, belleza y noticias  de actualidad ","potentialAction":[{"@type":"SearchAction","target":{"@type":"EntryPoint","urlTemplate":"https:\/\/graziamagazine.com\/mx\/?s={search_term_string}"},"query-input":"required name=search_term_string"}],"inLanguage":"es-MX"}]}},"jetpack_sharing_enabled":true,"distributor_meta":false,"distributor_terms":false,"distributor_media":false,"distributor_original_site_name":"Grazia M\u00e9xico y Latinoam\u00e9rica","distributor_original_site_url":"https:\/\/graziamagazine.com\/mx","push-errors":false,"_links":{"self":[{"href":"https:\/\/graziamagazine.com\/mx\/wp-json\/wp\/v2\/articles\/117081"}],"collection":[{"href":"https:\/\/graziamagazine.com\/mx\/wp-json\/wp\/v2\/articles"}],"about":[{"href":"https:\/\/graziamagazine.com\/mx\/wp-json\/wp\/v2\/types\/articles"}],"author":[{"embeddable":true,"href":"https:\/\/graziamagazine.com\/mx\/wp-json\/wp\/v2\/users\/11628"}],"wp:featuredmedia":[{"embeddable":true,"href":"https:\/\/graziamagazine.com\/mx\/wp-json\/wp\/v2\/media\/117084"}],"wp:attachment":[{"href":"https:\/\/graziamagazine.com\/mx\/wp-json\/wp\/v2\/media?parent=117081"}],"wp:term":[{"taxonomy":"category","embeddable":true,"href":"https:\/\/graziamagazine.com\/mx\/wp-json\/wp\/v2\/categories?post=117081"}],"curies":[{"name":"wp","href":"https:\/\/api.w.org\/{rel}","templated":true}]}}