{"id":117050,"date":"2022-09-14T09:59:25","date_gmt":"2022-09-14T14:59:25","guid":{"rendered":"https:\/\/graziamagazine.com\/mx\/?post_type=articles&#038;p=117050"},"modified":"2022-09-14T10:30:31","modified_gmt":"2022-09-14T15:30:31","slug":"estos-son-los-5-beauty-looks-del-nyfw-22","status":"publish","type":"articles","link":"https:\/\/graziamagazine.com\/mx\/articles\/estos-son-los-5-beauty-looks-del-nyfw-22\/","title":{"rendered":"Estos son los 5 Beauty Looks del NYFW 22"},"content":{"rendered":"<p><span style=\"font-weight: 400\">\u00a1Lleg\u00f3 por fin la semana de la moda m\u00e1s esperada del a\u00f1o! Damos oficialmente inicio al <strong>New York Fashion Week Oto\u00f1o\/Invierno 2022<\/strong>. Durante esta semana, el centro de atenci\u00f3n se dirige a las colecciones m\u00e1s nuevas de cada dise\u00f1ador sin dejar atr\u00e1s los looks de belleza que lo acompa\u00f1an.<\/span><\/p>\n<p><span style=\"font-weight: 400\">Emocionantes, aut\u00e9nticos e innovadores, los<\/span><strong><i> beauty looks<\/i><\/strong><span style=\"font-weight: 400\"> componen un gran rompecabezas en el que los dise\u00f1adores complementan las propuestas que se esfuerzan por transmitir. El cabello, el maquillaje y u\u00f1as son parte fundamental para que las tendencias de belleza detonen al m\u00e1ximo en glamour y estilo.<\/span><\/p>\n<p><span style=\"font-weight: 400\">Es por eso que hemos realizado una lista de los top 5 <em>beauty looks<\/em> qu\u00e9 querr\u00e1s tener esta temporada de<em> fall winter<\/em> 2022, con lo mejor de la moda neoyorquina.<\/span><\/p>\n<h3><span style=\"font-weight: 400\">\u201cClean\u201d look<\/span><\/h3>\n<figure id=\"attachment_117053\" aria-describedby=\"caption-attachment-117053\" style=\"width: 681px\" class=\"wp-caption alignnone\"><img loading=\"lazy\" decoding=\"async\" class=\"wp-image-117053 size-large\" src=\"https:\/\/graziamagazine.com\/mx\/wp-content\/uploads\/sites\/13\/2022\/09\/Captura-de-Pantalla-2022-09-14-a-las-10.20.30-e1663169161459.png?w=681\" alt=\"Estos son los 5 Beauty Looks del NYFW 22\" width=\"681\" height=\"891\" \/><figcaption id=\"caption-attachment-117053\" class=\"wp-caption-text\">Estos son los 5 Beauty Looks del NYFW 22<\/figcaption><\/figure>\n<p><span style=\"font-weight: 400\">Esta tendencia se ha abierto paso y son muchas las estrellas que lo est\u00e1n impulsando. Adoptado por las pasarelas, este estilo \u201climpio\u201d consiste en conseguir un efecto de piel limpia, y esta es toda la base del maquillaje. Para lograr este look podr\u00e1s llevar un maquillaje sencillo y natural, con un chongo bajo y la raya en medio. \u00a1luce vanguardista e impecable con este look!<\/span><\/p>\n<h3><span style=\"font-weight: 400\">Ponytail adornada<\/span><\/h3>\n<figure id=\"attachment_117054\" aria-describedby=\"caption-attachment-117054\" style=\"width: 650px\" class=\"wp-caption alignnone\"><img loading=\"lazy\" decoding=\"async\" class=\"wp-image-117054 size-large\" src=\"https:\/\/graziamagazine.com\/mx\/wp-content\/uploads\/sites\/13\/2022\/09\/coleta-desfile-sergio-hudson.jpg?w=650\" alt=\"Estos son los 5 Beauty Looks del NYFW 22\" width=\"650\" height=\"975\" \/><figcaption id=\"caption-attachment-117054\" class=\"wp-caption-text\">Estos son los 5 Beauty Looks del NYFW 22<\/figcaption><\/figure>\n<p><span style=\"font-weight: 400\">Llevando una coleta baja relamida, ya sea con raya en medio o de lado, las <em>ponytails<\/em> decoradas ser\u00e1n tu gran aliada para lucir <\/span><i><span style=\"font-weight: 400\">chic<\/span><\/i><span style=\"font-weight: 400\"> durante esta temporada de oto\u00f1o\/invierno 2022. Adorna con un list\u00f3n o alg\u00fan accesorio casi la mitad de la coleta, esto dar\u00e1 un toque sofisticado y original.<\/span><\/p>\n<h3><span style=\"font-weight: 400\">Blue Mani<\/span><\/h3>\n<figure id=\"attachment_117052\" aria-describedby=\"caption-attachment-117052\" style=\"width: 683px\" class=\"wp-caption alignnone\"><img loading=\"lazy\" decoding=\"async\" class=\"wp-image-117052 size-large\" src=\"https:\/\/graziamagazine.com\/mx\/wp-content\/uploads\/sites\/13\/2022\/09\/0bf423d49c9a7fe71e53803bbc7cfa77.jpg?w=683\" alt=\"Estos son los 5 Beauty Looks del NYFW 22\" width=\"683\" height=\"1024\" \/><figcaption id=\"caption-attachment-117052\" class=\"wp-caption-text\">Estos son los 5 Beauty Looks del NYFW 22<\/figcaption><\/figure>\n<p><span style=\"font-weight: 400\">En diversos tonos, este color elevar\u00e1 tu look al siguiente nivel. Dando un toque de sofisticaci\u00f3n, se ha visto a las modelos fusionar este color con una sombra de ojos en los mismos tonos, creando un estilo monocrom\u00e1tico y cosmopolita.<\/span><\/p>\n<h3><span style=\"font-weight: 400\">Back to Brown<\/span><\/h3>\n<figure id=\"attachment_117055\" aria-describedby=\"caption-attachment-117055\" style=\"width: 682px\" class=\"wp-caption alignnone\"><img loading=\"lazy\" decoding=\"async\" class=\"wp-image-117055 size-large\" src=\"https:\/\/graziamagazine.com\/mx\/wp-content\/uploads\/sites\/13\/2022\/09\/dark-brown-lipstick.jpg?w=682\" alt=\"Estos son los 5 Beauty Looks del NYFW 22\" width=\"682\" height=\"1024\" \/><figcaption id=\"caption-attachment-117055\" class=\"wp-caption-text\">Estos son los 5 Beauty Looks del NYFW 22<\/figcaption><\/figure>\n<p><span style=\"font-weight: 400\">Controversial y pol\u00e9mico, el color caf\u00e9 est\u00e1 dando de qu\u00e9 hablar. Haciendo un triunfal regreso, este color de los a\u00f1os 90s y 2000s se ha renovado. En una manera muy sencilla de a\u00f1adir a tus looks, ya sea en un lipstick o en u\u00f1as, este color te har\u00e1 ver m\u00e1s delgada y elegante.<\/span><\/p>\n<h3><span style=\"font-weight: 400\">\u00a1Adios tenzas, hola giros!<\/span><\/h3>\n<figure id=\"attachment_117056\" aria-describedby=\"caption-attachment-117056\" style=\"width: 650px\" class=\"wp-caption alignnone\"><img loading=\"lazy\" decoding=\"async\" class=\"wp-image-117056\" src=\"https:\/\/graziamagazine.com\/mx\/wp-content\/uploads\/sites\/13\/2022\/09\/450_1000.jpg?w=450\" alt=\"Estos son los 5 Beauty Looks del NYFW 22\" width=\"650\" height=\"975\" \/><figcaption id=\"caption-attachment-117056\" class=\"wp-caption-text\">Estos son los 5 Beauty Looks del NYFW 22<\/figcaption><\/figure>\n<p><span style=\"font-weight: 400\">Durante esta temporada de oto\u00f1o\/invierno, nos despedimos de las trenzas para convertirlas en estilizados giros. Dejando ver un poco de textura en la melena, damos la bienvenida a un cl\u00e1sico de la d\u00e9cada de los 2000. En una coleta alta o media, los giros se volver\u00e1n tu tendencia de tus <em>beauty looks<\/em> en esta \u00e9poca del a\u00f1o.<\/span><\/p>\n<p><em><strong>*IMAGEN: Google Images<\/strong><\/em><\/p>\n","protected":false},"author":28953,"featured_media":117051,"template":"","format":"standard","categories":[4],"acf":[],"yoast_head":"<!-- This site is optimized with the Yoast SEO Premium plugin v18.5 (Yoast SEO v20.4) - https:\/\/yoast.com\/wordpress\/plugins\/seo\/ -->\n<title>Estos son los 5 Beauty Looks del NYFW 22<\/title>\n<meta name=\"description\" content=\"Te presentamos los top 5 beauty looks del New York Fashion Week Oto\u00f1o\/Invierno que ser\u00e1n tendencia este 2022\" \/>\n<meta name=\"robots\" content=\"index, follow, max-snippet:-1, max-image-preview:large, max-video-preview:-1\" \/>\n<link rel=\"canonical\" href=\"https:\/\/graziamagazine.com\/mx\/articles\/estos-son-los-5-beauty-looks-del-nyfw-22\/\" \/>\n<meta property=\"og:locale\" content=\"es_MX\" \/>\n<meta property=\"og:type\" content=\"article\" \/>\n<meta property=\"og:title\" content=\"Estos son los 5 Beauty Looks del NYFW 22\" \/>\n<meta property=\"og:description\" content=\"Te presentamos los top 5 beauty looks del New York Fashion Week Oto\u00f1o\/Invierno que ser\u00e1n tendencia este 2022\" \/>\n<meta property=\"og:url\" content=\"https:\/\/graziamagazine.com\/mx\/articles\/estos-son-los-5-beauty-looks-del-nyfw-22\/\" \/>\n<meta property=\"og:site_name\" content=\"Grazia M\u00e9xico y Latinoam\u00e9rica\" \/>\n<meta property=\"article:modified_time\" content=\"2022-09-14T15:30:31+00:00\" \/>\n<meta property=\"og:image\" content=\"https:\/\/graziamagazine.com\/mx\/wp-content\/uploads\/sites\/13\/2022\/09\/Balmain-bbt-F22-103-800x533-1.jpg\" \/>\n\t<meta property=\"og:image:width\" content=\"800\" \/>\n\t<meta property=\"og:image:height\" content=\"533\" \/>\n\t<meta property=\"og:image:type\" content=\"image\/jpeg\" \/>\n<meta name=\"twitter:card\" content=\"summary_large_image\" \/>\n<meta name=\"twitter:label1\" content=\"Est. reading time\" \/>\n\t<meta name=\"twitter:data1\" content=\"3 minutos\" \/>\n<script type=\"application\/ld+json\" class=\"yoast-schema-graph\">{\"@context\":\"https:\/\/schema.org\",\"@graph\":[{\"@type\":\"WebPage\",\"@id\":\"https:\/\/graziamagazine.com\/mx\/articles\/estos-son-los-5-beauty-looks-del-nyfw-22\/\",\"url\":\"https:\/\/graziamagazine.com\/mx\/articles\/estos-son-los-5-beauty-looks-del-nyfw-22\/\",\"name\":\"Estos son los 5 Beauty Looks del NYFW 22\",\"isPartOf\":{\"@id\":\"https:\/\/graziamagazine.com\/mx\/#website\"},\"datePublished\":\"2022-09-14T14:59:25+00:00\",\"dateModified\":\"2022-09-14T15:30:31+00:00\",\"description\":\"Te presentamos los top 5 beauty looks del New York Fashion Week Oto\u00f1o\/Invierno que ser\u00e1n tendencia este 2022\",\"breadcrumb\":{\"@id\":\"https:\/\/graziamagazine.com\/mx\/articles\/estos-son-los-5-beauty-looks-del-nyfw-22\/#breadcrumb\"},\"inLanguage\":\"es-MX\",\"potentialAction\":[{\"@type\":\"ReadAction\",\"target\":[\"https:\/\/graziamagazine.com\/mx\/articles\/estos-son-los-5-beauty-looks-del-nyfw-22\/\"]}]},{\"@type\":\"BreadcrumbList\",\"@id\":\"https:\/\/graziamagazine.com\/mx\/articles\/estos-son-los-5-beauty-looks-del-nyfw-22\/#breadcrumb\",\"itemListElement\":[{\"@type\":\"ListItem\",\"position\":1,\"name\":\"Home\",\"item\":\"https:\/\/graziamagazine.com\/mx\/\"},{\"@type\":\"ListItem\",\"position\":2,\"name\":\"Estos son los 5 Beauty Looks del NYFW 22\"}]},{\"@type\":\"WebSite\",\"@id\":\"https:\/\/graziamagazine.com\/mx\/#website\",\"url\":\"https:\/\/graziamagazine.com\/mx\/\",\"name\":\"Grazia M\u00e9xico y Latinoam\u00e9rica\",\"description\":\"Grazia es moda, belleza y noticias  de actualidad \",\"potentialAction\":[{\"@type\":\"SearchAction\",\"target\":{\"@type\":\"EntryPoint\",\"urlTemplate\":\"https:\/\/graziamagazine.com\/mx\/?s={search_term_string}\"},\"query-input\":\"required name=search_term_string\"}],\"inLanguage\":\"es-MX\"}]}<\/script>\n<!-- \/ Yoast SEO Premium plugin. -->","yoast_head_json":{"title":"Estos son los 5 Beauty Looks del NYFW 22","description":"Te presentamos los top 5 beauty looks del New York Fashion Week Oto\u00f1o\/Invierno que ser\u00e1n tendencia este 2022","robots":{"index":"index","follow":"follow","max-snippet":"max-snippet:-1","max-image-preview":"max-image-preview:large","max-video-preview":"max-video-preview:-1"},"canonical":"https:\/\/graziamagazine.com\/mx\/articles\/estos-son-los-5-beauty-looks-del-nyfw-22\/","og_locale":"es_MX","og_type":"article","og_title":"Estos son los 5 Beauty Looks del NYFW 22","og_description":"Te presentamos los top 5 beauty looks del New York Fashion Week Oto\u00f1o\/Invierno que ser\u00e1n tendencia este 2022","og_url":"https:\/\/graziamagazine.com\/mx\/articles\/estos-son-los-5-beauty-looks-del-nyfw-22\/","og_site_name":"Grazia M\u00e9xico y Latinoam\u00e9rica","article_modified_time":"2022-09-14T15:30:31+00:00","og_image":[{"width":800,"height":533,"url":"https:\/\/graziamagazine.com\/mx\/wp-content\/uploads\/sites\/13\/2022\/09\/Balmain-bbt-F22-103-800x533-1.jpg","type":"image\/jpeg"}],"twitter_card":"summary_large_image","twitter_misc":{"Est. reading time":"3 minutos"},"schema":{"@context":"https:\/\/schema.org","@graph":[{"@type":"WebPage","@id":"https:\/\/graziamagazine.com\/mx\/articles\/estos-son-los-5-beauty-looks-del-nyfw-22\/","url":"https:\/\/graziamagazine.com\/mx\/articles\/estos-son-los-5-beauty-looks-del-nyfw-22\/","name":"Estos son los 5 Beauty Looks del NYFW 22","isPartOf":{"@id":"https:\/\/graziamagazine.com\/mx\/#website"},"datePublished":"2022-09-14T14:59:25+00:00","dateModified":"2022-09-14T15:30:31+00:00","description":"Te presentamos los top 5 beauty looks del New York Fashion Week Oto\u00f1o\/Invierno que ser\u00e1n tendencia este 2022","breadcrumb":{"@id":"https:\/\/graziamagazine.com\/mx\/articles\/estos-son-los-5-beauty-looks-del-nyfw-22\/#breadcrumb"},"inLanguage":"es-MX","potentialAction":[{"@type":"ReadAction","target":["https:\/\/graziamagazine.com\/mx\/articles\/estos-son-los-5-beauty-looks-del-nyfw-22\/"]}]},{"@type":"BreadcrumbList","@id":"https:\/\/graziamagazine.com\/mx\/articles\/estos-son-los-5-beauty-looks-del-nyfw-22\/#breadcrumb","itemListElement":[{"@type":"ListItem","position":1,"name":"Home","item":"https:\/\/graziamagazine.com\/mx\/"},{"@type":"ListItem","position":2,"name":"Estos son los 5 Beauty Looks del NYFW 22"}]},{"@type":"WebSite","@id":"https:\/\/graziamagazine.com\/mx\/#website","url":"https:\/\/graziamagazine.com\/mx\/","name":"Grazia M\u00e9xico y Latinoam\u00e9rica","description":"Grazia es moda, belleza y noticias  de actualidad ","potentialAction":[{"@type":"SearchAction","target":{"@type":"EntryPoint","urlTemplate":"https:\/\/graziamagazine.com\/mx\/?s={search_term_string}"},"query-input":"required name=search_term_string"}],"inLanguage":"es-MX"}]}},"jetpack_sharing_enabled":true,"distributor_meta":false,"distributor_terms":false,"distributor_media":false,"distributor_original_site_name":"Grazia M\u00e9xico y Latinoam\u00e9rica","distributor_original_site_url":"https:\/\/graziamagazine.com\/mx","push-errors":false,"_links":{"self":[{"href":"https:\/\/graziamagazine.com\/mx\/wp-json\/wp\/v2\/articles\/117050"}],"collection":[{"href":"https:\/\/graziamagazine.com\/mx\/wp-json\/wp\/v2\/articles"}],"about":[{"href":"https:\/\/graziamagazine.com\/mx\/wp-json\/wp\/v2\/types\/articles"}],"author":[{"embeddable":true,"href":"https:\/\/graziamagazine.com\/mx\/wp-json\/wp\/v2\/users\/28953"}],"wp:featuredmedia":[{"embeddable":true,"href":"https:\/\/graziamagazine.com\/mx\/wp-json\/wp\/v2\/media\/117051"}],"wp:attachment":[{"href":"https:\/\/graziamagazine.com\/mx\/wp-json\/wp\/v2\/media?parent=117050"}],"wp:term":[{"taxonomy":"category","embeddable":true,"href":"https:\/\/graziamagazine.com\/mx\/wp-json\/wp\/v2\/categories?post=117050"}],"curies":[{"name":"wp","href":"https:\/\/api.w.org\/{rel}","templated":true}]}}