{"id":116943,"date":"2022-09-12T12:36:27","date_gmt":"2022-09-12T17:36:27","guid":{"rendered":"https:\/\/graziamagazine.com\/mx\/?post_type=articles&#038;p=116943"},"modified":"2022-09-12T13:33:07","modified_gmt":"2022-09-12T18:33:07","slug":"mujeres-en-la-moda-la-exposicion-de-el-palacio-de-hierro-para-celebrar-la-creatividad-el-talento-y-la-belleza-de-las-mujeres","status":"publish","type":"articles","link":"https:\/\/graziamagazine.com\/mx\/articles\/mujeres-en-la-moda-la-exposicion-de-el-palacio-de-hierro-para-celebrar-la-creatividad-el-talento-y-la-belleza-de-las-mujeres\/","title":{"rendered":"Mujeres en la Moda, la exposici\u00f3n de El Palacio de Hierro para celebrar la creatividad, el talento y la belleza de las mujeres"},"content":{"rendered":"<p><span style=\"font-weight: 400;\"><strong>El Palacio de Hierro<\/strong> est\u00e1 celebrando todo el trabajo que las mujeres desarrollan dentro de la amplia industria de la moda, desde las distintas trincheras, para dar vida a los dise\u00f1os, las pasarelas, las tiendas y todo lo que hay en medio para poder vestirnos y sentirnos como m\u00e1s nos gusta.<\/span><\/p>\n<p><span style=\"font-weight: 400;\">En la<strong> sucursal del Centro Hist\u00f3rico<\/strong>, El Palacio de Hierro presenta la exposici\u00f3n temporal <strong>Mujeres en la Moda<\/strong>, que busca mostrar c\u00f3mo la moda tambi\u00e9n ha sido una arena femenina en el \u00e1rea creativa y c\u00f3mo desde el espacio comercial ha servido para imaginar diversas representaciones y tipos de mujeres que pueden sentirse deseadas, arropadas y embellecidas por la moda.<\/span><\/p>\n<p><span style=\"font-weight: 400;\">\u201cLa moda como espacio de desarrollo comercial, ha tenido siempre a la mujer y su efigie, como cliente y usuario potencial. Sin embargo, en el imaginario colectivo y desde el punto de vista creativo la moda ha sido producida por hombres para el consumo de las mujeres\u201d, explica la cadena de tiendas en un comunicado.<\/span><\/p>\n<p><span style=\"font-weight: 400;\">Del<strong> 5 de septiembre al 30 de octubre de 2022<\/strong>, se puede visitar la exposici\u00f3n que est\u00e1 conformada por cuatro secciones tem\u00e1ticas: <strong>Dise\u00f1adoras, Innovadoras; Mujeres y consumo; y Mujeres, moda y representaci\u00f3n.<\/strong> Esta muestra explora la imagen de la mujer como posible clienta y usuaria de productos asociados a la moda, a la belleza y a la higiene.\u00a0<\/span><\/p>\n<p><span style=\"font-weight: 400;\">Tambi\u00e9n aborda c\u00f3mo mujeres dise\u00f1adoras han innovado en t\u00e9cnicas y est\u00e9ticas que otros dise\u00f1adores han retomado en distintos momentos de la historia.<\/span><\/p>\n<p><img loading=\"lazy\" decoding=\"async\" class=\"alignnone size-medium wp-image-116949 aligncenter\" src=\"https:\/\/graziamagazine.com\/mx\/wp-content\/uploads\/sites\/13\/2022\/09\/Foto-07-09-22-10-28-42.jpg?w=450\" alt=\"Mujeres en la Moda, la exposici\u00f3n de El Palacio de Hierro para celebrar la creatividad, el talento y la belleza de las mujeres\" width=\"450\" height=\"300\" \/><\/p>\n<h3><strong>Dise\u00f1adoras\u00a0<\/strong><\/h3>\n<p><span style=\"font-weight: 400;\">Esta secci\u00f3n presenta el trabajo de dise\u00f1adoras mexicanas y extranjeras presentes en la industria de la moda en distintos periodos de la historia. Entre lo que podr\u00e1s observar en la exposici\u00f3n, est\u00e1n: im\u00e1genes, prendas y accesorios de distintas dise\u00f1adoras modernas y contempor\u00e1neas de M\u00e9xico y el mundo.<\/span><\/p>\n<p><span style=\"font-weight: 400;\">Algunas de ellas son <strong>Coco Chanel, Madame Gr\u00e8s, Stella McCartney, Nina Ricci, Vivienne Westwood, Rei Kawakubo, Anne Klein, Escada, Fendi, Paloma Picasso, Madame Rostan, Josefa Ibarra, Pixie Hopkin, Mar\u00eda Victoria, Isabel Toledo, Julia y Renata, y Carla Fern\u00e1ndez.<\/strong><\/span><\/p>\n<p><img loading=\"lazy\" decoding=\"async\" class=\"alignnone size-medium wp-image-116948 aligncenter\" src=\"https:\/\/graziamagazine.com\/mx\/wp-content\/uploads\/sites\/13\/2022\/09\/Foto-07-09-22-10-32-04.jpg?w=300\" alt=\"Mujeres en la Moda, la exposici\u00f3n de El Palacio de Hierro para celebrar la creatividad, el talento y la belleza de las mujeres\" width=\"300\" height=\"450\" \/><\/p>\n<h3><strong>Innovadoras\u00a0<\/strong><\/h3>\n<p><span style=\"font-weight: 400;\">Esta parte muestra las innovaciones t\u00e9cnicas y comerciales que distintas mujeres han hecho en la moda y su sistema en diferentes momentos de la historia. Se exhibir\u00e1n documentos y objetos como frascos de perfume (<strong>Chanel N.\u00ba 5, Shocking de Schiaparelli<\/strong>), ropa de punto, chaqueta <em>tweed<\/em> de lana, bolsa 2.55, <em>little black dress<\/em>; joyer\u00eda de fantas\u00eda de Chanel; corte al bies de Madeleine Vionnet; minifalda de Mary Quant; Biba por Barbara Hulanicki (surgimiento de las concept store); as\u00ed como fotograf\u00edas y trabajo editorial de <strong>Diana Vreeland y Annie Leibovitz.<\/strong><\/span><\/p>\n<p><img loading=\"lazy\" decoding=\"async\" class=\"alignnone size-medium wp-image-116947 aligncenter\" src=\"https:\/\/graziamagazine.com\/mx\/wp-content\/uploads\/sites\/13\/2022\/09\/Foto-07-09-22-10-42-00.jpg?w=450\" alt=\"Mujeres en la Moda, la exposici\u00f3n de El Palacio de Hierro para celebrar la creatividad, el talento y la belleza de las mujeres\" width=\"450\" height=\"300\" \/><\/p>\n<h3><span style=\"font-weight: 400;\"><strong>Mujeres y consumo<\/strong><\/span><\/h3>\n<p><span style=\"font-weight: 400;\">En este n\u00facleo se exhiben im\u00e1genes y documentos que muestran el acercamiento de la mujer a la moda, a su representaci\u00f3n y a su consumo. Se exhiben revistas de sociales, fotograf\u00edas de desfiles de moda y de mujeres en eventos de sociales asociados a la moda.\u00a0<\/span><\/p>\n<p><img loading=\"lazy\" decoding=\"async\" class=\"alignnone size-medium wp-image-116946 aligncenter\" src=\"https:\/\/graziamagazine.com\/mx\/wp-content\/uploads\/sites\/13\/2022\/09\/Foto-07-09-22-10-47-20.jpg?w=450\" alt=\"Mujeres en la Moda, la exposici\u00f3n de El Palacio de Hierro para celebrar la creatividad, el talento y la belleza de las mujeres\" width=\"450\" height=\"300\" \/><\/p>\n<h3><strong>Mujeres, moda y representaci\u00f3n<\/strong><\/h3>\n<p><span style=\"font-weight: 400;\">Esta secci\u00f3n presenta c\u00f3mo se ha representado a las mujeres en distintos momentos de la historia en productos, publicidad y empaques e impresos, buscando dirigir el consumo de esos productos hacia las miradas femeninas.\u00a0<\/span><\/p>\n<p><img loading=\"lazy\" decoding=\"async\" class=\"size-medium wp-image-116945 aligncenter\" src=\"https:\/\/graziamagazine.com\/mx\/wp-content\/uploads\/sites\/13\/2022\/09\/Foto-07-09-22-10-58-51.jpg?w=450\" alt=\"Mujeres en la Moda, la exposici\u00f3n de El Palacio de Hierro para celebrar la creatividad, el talento y la belleza de las mujeres\" width=\"450\" height=\"300\" \/><\/p>\n<p><span style=\"font-weight: 400;\">Para complementar esta exposici\u00f3n, durante el mes de septiembre y octubre se ofrecer\u00e1n todos los s\u00e1bados a las 5:00 p.m. diferentes cursos de acceso libre impartidos por grandes personalidades, como <strong>Nicol\u00e1s Alvarado, Anna Fusoni, Rodrigo Maceda, Andrea Molina y Arturo Aguilar.<\/strong><\/span><\/p>\n<p><img loading=\"lazy\" decoding=\"async\" class=\"alignnone size-medium wp-image-116951 aligncenter\" src=\"https:\/\/graziamagazine.com\/mx\/wp-content\/uploads\/sites\/13\/2022\/09\/Captura-de-Pantalla-2022-09-12-a-las-12.13.19.png?w=448\" alt=\"\" width=\"448\" height=\"450\" \/><\/p>\n","protected":false},"author":11628,"featured_media":116950,"template":"","format":"standard","categories":[4],"acf":[],"yoast_head":"<!-- This site is optimized with the Yoast SEO Premium plugin v18.5 (Yoast SEO v20.4) - https:\/\/yoast.com\/wordpress\/plugins\/seo\/ -->\n<title>Mujeres en la Moda, la exposici\u00f3n de El Palacio de Hierro para celebrar la creatividad, el talento y la belleza de las mujeres | Grazia M\u00e9xico y Latinoam\u00e9rica<\/title>\n<meta name=\"description\" content=\"El Palacio de Hierro est\u00e1 celebrando todo el trabajo que las mujeres desarrollan dentro de la amplia industria de la moda, desde las distintas trincheras,\" \/>\n<meta name=\"robots\" content=\"index, follow, max-snippet:-1, max-image-preview:large, max-video-preview:-1\" \/>\n<link rel=\"canonical\" href=\"https:\/\/graziamagazine.com\/mx\/articles\/mujeres-en-la-moda-la-exposicion-de-el-palacio-de-hierro-para-celebrar-la-creatividad-el-talento-y-la-belleza-de-las-mujeres\/\" \/>\n<meta property=\"og:locale\" content=\"es_MX\" \/>\n<meta property=\"og:type\" content=\"article\" \/>\n<meta property=\"og:title\" content=\"Mujeres en la Moda, la exposici\u00f3n de El Palacio de Hierro para celebrar la creatividad, el talento y la belleza de las mujeres\" \/>\n<meta property=\"og:description\" content=\"El Palacio de Hierro est\u00e1 celebrando todo el trabajo que las mujeres desarrollan dentro de la amplia industria de la moda, desde las distintas trincheras,\" \/>\n<meta property=\"og:url\" content=\"https:\/\/graziamagazine.com\/mx\/articles\/mujeres-en-la-moda-la-exposicion-de-el-palacio-de-hierro-para-celebrar-la-creatividad-el-talento-y-la-belleza-de-las-mujeres\/\" \/>\n<meta property=\"og:site_name\" content=\"Grazia M\u00e9xico y Latinoam\u00e9rica\" \/>\n<meta property=\"article:modified_time\" content=\"2022-09-12T18:33:07+00:00\" \/>\n<meta property=\"og:image\" content=\"https:\/\/graziamagazine.com\/mx\/wp-content\/uploads\/sites\/13\/2022\/09\/Foto-07-09-22-10-22-14.jpg\" \/>\n\t<meta property=\"og:image:width\" content=\"1920\" \/>\n\t<meta property=\"og:image:height\" content=\"1280\" \/>\n\t<meta property=\"og:image:type\" content=\"image\/jpeg\" \/>\n<meta name=\"twitter:card\" content=\"summary_large_image\" \/>\n<meta name=\"twitter:label1\" content=\"Est. reading time\" \/>\n\t<meta name=\"twitter:data1\" content=\"4 minutos\" \/>\n<script type=\"application\/ld+json\" class=\"yoast-schema-graph\">{\"@context\":\"https:\/\/schema.org\",\"@graph\":[{\"@type\":\"WebPage\",\"@id\":\"https:\/\/graziamagazine.com\/mx\/articles\/mujeres-en-la-moda-la-exposicion-de-el-palacio-de-hierro-para-celebrar-la-creatividad-el-talento-y-la-belleza-de-las-mujeres\/\",\"url\":\"https:\/\/graziamagazine.com\/mx\/articles\/mujeres-en-la-moda-la-exposicion-de-el-palacio-de-hierro-para-celebrar-la-creatividad-el-talento-y-la-belleza-de-las-mujeres\/\",\"name\":\"Mujeres en la Moda, la exposici\u00f3n de El Palacio de Hierro para celebrar la creatividad, el talento y la belleza de las mujeres | Grazia M\u00e9xico y Latinoam\u00e9rica\",\"isPartOf\":{\"@id\":\"https:\/\/graziamagazine.com\/mx\/#website\"},\"datePublished\":\"2022-09-12T17:36:27+00:00\",\"dateModified\":\"2022-09-12T18:33:07+00:00\",\"description\":\"El Palacio de Hierro est\u00e1 celebrando todo el trabajo que las mujeres desarrollan dentro de la amplia industria de la moda, desde las distintas trincheras,\",\"breadcrumb\":{\"@id\":\"https:\/\/graziamagazine.com\/mx\/articles\/mujeres-en-la-moda-la-exposicion-de-el-palacio-de-hierro-para-celebrar-la-creatividad-el-talento-y-la-belleza-de-las-mujeres\/#breadcrumb\"},\"inLanguage\":\"es-MX\",\"potentialAction\":[{\"@type\":\"ReadAction\",\"target\":[\"https:\/\/graziamagazine.com\/mx\/articles\/mujeres-en-la-moda-la-exposicion-de-el-palacio-de-hierro-para-celebrar-la-creatividad-el-talento-y-la-belleza-de-las-mujeres\/\"]}]},{\"@type\":\"BreadcrumbList\",\"@id\":\"https:\/\/graziamagazine.com\/mx\/articles\/mujeres-en-la-moda-la-exposicion-de-el-palacio-de-hierro-para-celebrar-la-creatividad-el-talento-y-la-belleza-de-las-mujeres\/#breadcrumb\",\"itemListElement\":[{\"@type\":\"ListItem\",\"position\":1,\"name\":\"Home\",\"item\":\"https:\/\/graziamagazine.com\/mx\/\"},{\"@type\":\"ListItem\",\"position\":2,\"name\":\"Mujeres en la Moda, la exposici\u00f3n de El Palacio de Hierro para celebrar la creatividad, el talento y la belleza de las mujeres\"}]},{\"@type\":\"WebSite\",\"@id\":\"https:\/\/graziamagazine.com\/mx\/#website\",\"url\":\"https:\/\/graziamagazine.com\/mx\/\",\"name\":\"Grazia M\u00e9xico y Latinoam\u00e9rica\",\"description\":\"Grazia es moda, belleza y noticias  de actualidad \",\"potentialAction\":[{\"@type\":\"SearchAction\",\"target\":{\"@type\":\"EntryPoint\",\"urlTemplate\":\"https:\/\/graziamagazine.com\/mx\/?s={search_term_string}\"},\"query-input\":\"required name=search_term_string\"}],\"inLanguage\":\"es-MX\"}]}<\/script>\n<!-- \/ Yoast SEO Premium plugin. -->","yoast_head_json":{"title":"Mujeres en la Moda, la exposici\u00f3n de El Palacio de Hierro para celebrar la creatividad, el talento y la belleza de las mujeres | Grazia M\u00e9xico y Latinoam\u00e9rica","description":"El Palacio de Hierro est\u00e1 celebrando todo el trabajo que las mujeres desarrollan dentro de la amplia industria de la moda, desde las distintas trincheras,","robots":{"index":"index","follow":"follow","max-snippet":"max-snippet:-1","max-image-preview":"max-image-preview:large","max-video-preview":"max-video-preview:-1"},"canonical":"https:\/\/graziamagazine.com\/mx\/articles\/mujeres-en-la-moda-la-exposicion-de-el-palacio-de-hierro-para-celebrar-la-creatividad-el-talento-y-la-belleza-de-las-mujeres\/","og_locale":"es_MX","og_type":"article","og_title":"Mujeres en la Moda, la exposici\u00f3n de El Palacio de Hierro para celebrar la creatividad, el talento y la belleza de las mujeres","og_description":"El Palacio de Hierro est\u00e1 celebrando todo el trabajo que las mujeres desarrollan dentro de la amplia industria de la moda, desde las distintas trincheras,","og_url":"https:\/\/graziamagazine.com\/mx\/articles\/mujeres-en-la-moda-la-exposicion-de-el-palacio-de-hierro-para-celebrar-la-creatividad-el-talento-y-la-belleza-de-las-mujeres\/","og_site_name":"Grazia M\u00e9xico y Latinoam\u00e9rica","article_modified_time":"2022-09-12T18:33:07+00:00","og_image":[{"width":1920,"height":1280,"url":"https:\/\/graziamagazine.com\/mx\/wp-content\/uploads\/sites\/13\/2022\/09\/Foto-07-09-22-10-22-14.jpg","type":"image\/jpeg"}],"twitter_card":"summary_large_image","twitter_misc":{"Est. reading time":"4 minutos"},"schema":{"@context":"https:\/\/schema.org","@graph":[{"@type":"WebPage","@id":"https:\/\/graziamagazine.com\/mx\/articles\/mujeres-en-la-moda-la-exposicion-de-el-palacio-de-hierro-para-celebrar-la-creatividad-el-talento-y-la-belleza-de-las-mujeres\/","url":"https:\/\/graziamagazine.com\/mx\/articles\/mujeres-en-la-moda-la-exposicion-de-el-palacio-de-hierro-para-celebrar-la-creatividad-el-talento-y-la-belleza-de-las-mujeres\/","name":"Mujeres en la Moda, la exposici\u00f3n de El Palacio de Hierro para celebrar la creatividad, el talento y la belleza de las mujeres | Grazia M\u00e9xico y Latinoam\u00e9rica","isPartOf":{"@id":"https:\/\/graziamagazine.com\/mx\/#website"},"datePublished":"2022-09-12T17:36:27+00:00","dateModified":"2022-09-12T18:33:07+00:00","description":"El Palacio de Hierro est\u00e1 celebrando todo el trabajo que las mujeres desarrollan dentro de la amplia industria de la moda, desde las distintas trincheras,","breadcrumb":{"@id":"https:\/\/graziamagazine.com\/mx\/articles\/mujeres-en-la-moda-la-exposicion-de-el-palacio-de-hierro-para-celebrar-la-creatividad-el-talento-y-la-belleza-de-las-mujeres\/#breadcrumb"},"inLanguage":"es-MX","potentialAction":[{"@type":"ReadAction","target":["https:\/\/graziamagazine.com\/mx\/articles\/mujeres-en-la-moda-la-exposicion-de-el-palacio-de-hierro-para-celebrar-la-creatividad-el-talento-y-la-belleza-de-las-mujeres\/"]}]},{"@type":"BreadcrumbList","@id":"https:\/\/graziamagazine.com\/mx\/articles\/mujeres-en-la-moda-la-exposicion-de-el-palacio-de-hierro-para-celebrar-la-creatividad-el-talento-y-la-belleza-de-las-mujeres\/#breadcrumb","itemListElement":[{"@type":"ListItem","position":1,"name":"Home","item":"https:\/\/graziamagazine.com\/mx\/"},{"@type":"ListItem","position":2,"name":"Mujeres en la Moda, la exposici\u00f3n de El Palacio de Hierro para celebrar la creatividad, el talento y la belleza de las mujeres"}]},{"@type":"WebSite","@id":"https:\/\/graziamagazine.com\/mx\/#website","url":"https:\/\/graziamagazine.com\/mx\/","name":"Grazia M\u00e9xico y Latinoam\u00e9rica","description":"Grazia es moda, belleza y noticias  de actualidad ","potentialAction":[{"@type":"SearchAction","target":{"@type":"EntryPoint","urlTemplate":"https:\/\/graziamagazine.com\/mx\/?s={search_term_string}"},"query-input":"required name=search_term_string"}],"inLanguage":"es-MX"}]}},"jetpack_sharing_enabled":true,"distributor_meta":false,"distributor_terms":false,"distributor_media":false,"distributor_original_site_name":"Grazia M\u00e9xico y Latinoam\u00e9rica","distributor_original_site_url":"https:\/\/graziamagazine.com\/mx","push-errors":false,"_links":{"self":[{"href":"https:\/\/graziamagazine.com\/mx\/wp-json\/wp\/v2\/articles\/116943"}],"collection":[{"href":"https:\/\/graziamagazine.com\/mx\/wp-json\/wp\/v2\/articles"}],"about":[{"href":"https:\/\/graziamagazine.com\/mx\/wp-json\/wp\/v2\/types\/articles"}],"author":[{"embeddable":true,"href":"https:\/\/graziamagazine.com\/mx\/wp-json\/wp\/v2\/users\/11628"}],"wp:featuredmedia":[{"embeddable":true,"href":"https:\/\/graziamagazine.com\/mx\/wp-json\/wp\/v2\/media\/116950"}],"wp:attachment":[{"href":"https:\/\/graziamagazine.com\/mx\/wp-json\/wp\/v2\/media?parent=116943"}],"wp:term":[{"taxonomy":"category","embeddable":true,"href":"https:\/\/graziamagazine.com\/mx\/wp-json\/wp\/v2\/categories?post=116943"}],"curies":[{"name":"wp","href":"https:\/\/api.w.org\/{rel}","templated":true}]}}