{"id":116804,"date":"2022-10-26T14:03:24","date_gmt":"2022-10-26T19:03:24","guid":{"rendered":"https:\/\/graziamagazine.com\/mx\/?post_type=articles&#038;p=116804"},"modified":"2022-10-27T14:14:32","modified_gmt":"2022-10-27T19:14:32","slug":"mcm-eau-de-parfum-la-nueva-fragancia-de-autor-de-la-marca-de-lujo-mcm","status":"publish","type":"articles","link":"https:\/\/graziamagazine.com\/mx\/articles\/mcm-eau-de-parfum-la-nueva-fragancia-de-autor-de-la-marca-de-lujo-mcm\/","title":{"rendered":"MCM Eau de Parfum, la nueva fragancia de autor de la marca de lujo MCM"},"content":{"rendered":"<p><span style=\"font-weight: 400;\">La <strong>marca de lujo alemana MCM<\/strong> est\u00e1 de manteles largos, estrenando su nueva fragancia de autor \u2014<strong>MCM <em>Eau de Parfum<\/em><\/strong>\u2014\u00a0capturando la esencia del ADN de esta marca con productos de viaje, introduciendo un viaje trascendental inspirado en sus ingredientes.\u00a0<\/span><\/p>\n<p><span style=\"font-weight: 400;\">Para crear este nuevo aroma, se utilizaron <strong>frambuesa y jazm\u00edn recogido a mano<\/strong>, para luego mezclarse con maderas limpias y <em>Ambroxan<\/em>, dando como resultado una fragancia con un en\u00e9rgico aroma floral amaderado que combina la perfumer\u00eda cl\u00e1sica con una tecnolog\u00eda de mezcla novedosa.\u00a0<\/span><\/p>\n<p><span style=\"font-weight: 400;\">MCM <em>Eau de Parfum<\/em> hace un gui\u00f1o a la composici\u00f3n artesanal de la fragancia mezclando los mundos virtual y natural en un metaverso donde la emoci\u00f3n se encuentra con los elementos.\u00a0\u00a0<\/span><\/p>\n<p><img loading=\"lazy\" decoding=\"async\" class=\"alignnone size-medium wp-image-116810 aligncenter\" src=\"https:\/\/graziamagazine.com\/mx\/wp-content\/uploads\/sites\/13\/2022\/09\/Captura-de-Pantalla-2022-09-08-a-las-13.40.23.png?w=432\" alt=\"Travel Beyond, la nueva fragancia de autor de la marca de lujo MCM\" width=\"432\" height=\"414\" \/><\/p>\n<p><span style=\"font-weight: 400;\">Siguiendo esta l\u00ednea, la marca nos invita a vivir una <strong>experiencia inmersiva<\/strong> en Brooklyn, Nueva York, a trav\u00e9s de un viaje de exploraci\u00f3n y descubrimiento inspirado en la ic\u00f3nica mochila de MCM. En esta experiencia, una tribu ecl\u00e9ctica se mueve a trav\u00e9s del tiempo y el espacio mientras la mochila pasa de ser un art\u00edculo de cuero de manos libres a una ic\u00f3nica botella, transmitiendo el estado de \u00e1nimo, la actitud y la sensaci\u00f3n de libertad, desde el movimiento hasta la expresi\u00f3n. Esta vivencia virtual yuxtapone emocionantes paisajes urbanos selv\u00e1ticos con serenos escenarios cibern\u00e9ticos, a trav\u00e9s de visuales din\u00e1micamente digitalizados.\u00a0<\/span><\/p>\n<p><img loading=\"lazy\" decoding=\"async\" class=\"alignnone size-medium wp-image-116806 aligncenter\" src=\"https:\/\/graziamagazine.com\/mx\/wp-content\/uploads\/sites\/13\/2022\/09\/Captura-de-Pantalla-2022-09-08-a-las-13.42.15.png?w=300\" alt=\"Travel Beyond, la nueva fragancia de autor de la marca de lujo MCM\" width=\"300\" height=\"450\" \/><\/p>\n<p><span style=\"font-weight: 400;\">&#8220;La emoci\u00f3n es el epicentro de todos los viajes y destinos. En el caso de MCM, una marca con una fuerte herencia de viajes, quer\u00edamos conceptualizar nuestro ADN de movilidad a trav\u00e9s de una fragancia que captara la esencia del descubrimiento, desde el sentimiento hasta el aroma. Nuestro consumidor no est\u00e1 limitado por las normas, el g\u00e9nero, las fronteras o la ubicaci\u00f3n: viajar es su expresi\u00f3n creativa. La fragancia de MCM les acompa\u00f1a en su viaje a trav\u00e9s de lo imaginario, f\u00edsico y digital&#8221;, dijo en un comunicado Dirk Schoenberger, director creativo global de MCM.<\/span><\/p>\n<p><img loading=\"lazy\" decoding=\"async\" class=\"alignnone size-medium wp-image-116807 aligncenter\" src=\"https:\/\/graziamagazine.com\/mx\/wp-content\/uploads\/sites\/13\/2022\/09\/Captura-de-Pantalla-2022-09-08-a-las-13.41.52.png?w=329\" alt=\"Travel Beyond, la nueva fragancia de autor de la marca de lujo MCM\" width=\"329\" height=\"450\" \/><\/p>\n<p><span style=\"font-weight: 400;\"><strong>El perfumista Cl\u00e9ment Gavarry<\/strong> de Firmenich es el art\u00edfice de la fragancia, y se inspir\u00f3 en las tribus de intr\u00e9pidos librepensadores, buscando dise\u00f1ar una mezcla sostenible de elementos cl\u00e1sicos y modernos que se fusionan para crear una actitud de optimismo desenfrenado y una poderosa conexi\u00f3n.<\/span><\/p>\n<p><span style=\"font-weight: 400;\">\u00a0Un dise\u00f1o \u00fanico que no tiene precedentes, el frasco de MCM <\/span><i><span style=\"font-weight: 400;\">Eau de Parfum<\/span><\/i><span style=\"font-weight: 400;\"> rinde homenaje a la cl\u00e1sica mochila.\u00a0 El asa superior, las sutiles tachuelas, el bolsillo frontal plano y el ic\u00f3nico estampado del logotipo Cognac Visetos se unen en un dise\u00f1o sofisticado y llamativo, que representa una sinergia inconfundible entre la moda y la fragancia, dijo por su parte Baerbel Bureick, Director de Marketing.\u00a0\u00a0<\/span><\/p>\n<p><img loading=\"lazy\" decoding=\"async\" class=\"alignnone size-medium wp-image-116805 aligncenter\" src=\"https:\/\/graziamagazine.com\/mx\/wp-content\/uploads\/sites\/13\/2022\/09\/Captura-de-Pantalla-2022-09-08-a-las-13.42.35.png?w=351\" alt=\"Travel Beyond, la nueva fragancia de autor de la marca de lujo MCM\" width=\"351\" height=\"450\" \/><span style=\"font-weight: 400;\">La fragancia de 75 ml de MCM <em>Eau de Parfum<\/em> est\u00e1 disponible <strong>de manera exclusiva en seis tiendas de El Palacio de Hierro<\/strong>: Polanco, Sat\u00e9lite, Perisur, Coyoacan-Mitikah Monterrey y Guadalajara.<\/span><\/p>\n","protected":false},"author":11628,"featured_media":116811,"template":"","format":"standard","categories":[4],"acf":[],"yoast_head":"<!-- This site is optimized with the Yoast SEO Premium plugin v18.5 (Yoast SEO v20.4) - https:\/\/yoast.com\/wordpress\/plugins\/seo\/ -->\n<title>MCM Eau de Parfum, la fragancia de autor de la marca de lujo MCM<\/title>\n<meta name=\"description\" content=\"La marca MCM ha lanzado una nueva fragancia que, adem\u00e1s de ser un aroma, combina elementos tecnol\u00f3gicos que la vuelven toda una experiencia.\" \/>\n<meta name=\"robots\" content=\"index, follow, max-snippet:-1, max-image-preview:large, max-video-preview:-1\" \/>\n<link rel=\"canonical\" href=\"https:\/\/graziamagazine.com\/mx\/articles\/mcm-eau-de-parfum-la-nueva-fragancia-de-autor-de-la-marca-de-lujo-mcm\/\" \/>\n<meta property=\"og:locale\" content=\"es_MX\" \/>\n<meta property=\"og:type\" content=\"article\" \/>\n<meta property=\"og:title\" content=\"MCM Eau de Parfum, la nueva fragancia de autor de la marca de lujo MCM\" \/>\n<meta property=\"og:description\" content=\"La marca MCM ha lanzado una nueva fragancia que, adem\u00e1s de ser un aroma, combina elementos tecnol\u00f3gicos que la vuelven toda una experiencia.\" \/>\n<meta property=\"og:url\" content=\"https:\/\/graziamagazine.com\/mx\/articles\/mcm-eau-de-parfum-la-nueva-fragancia-de-autor-de-la-marca-de-lujo-mcm\/\" \/>\n<meta property=\"og:site_name\" content=\"Grazia M\u00e9xico y Latinoam\u00e9rica\" \/>\n<meta property=\"article:modified_time\" content=\"2022-10-27T19:14:32+00:00\" \/>\n<meta property=\"og:image\" content=\"https:\/\/graziamagazine.com\/mx\/wp-content\/uploads\/sites\/13\/2022\/09\/Captura-de-Pantalla-2022-09-08-a-las-13.39.59.png\" \/>\n\t<meta property=\"og:image:width\" content=\"796\" \/>\n\t<meta property=\"og:image:height\" content=\"511\" \/>\n\t<meta property=\"og:image:type\" content=\"image\/png\" \/>\n<meta name=\"twitter:card\" content=\"summary_large_image\" \/>\n<meta name=\"twitter:label1\" content=\"Est. reading time\" \/>\n\t<meta name=\"twitter:data1\" content=\"3 minutos\" \/>\n<script type=\"application\/ld+json\" class=\"yoast-schema-graph\">{\"@context\":\"https:\/\/schema.org\",\"@graph\":[{\"@type\":\"WebPage\",\"@id\":\"https:\/\/graziamagazine.com\/mx\/articles\/mcm-eau-de-parfum-la-nueva-fragancia-de-autor-de-la-marca-de-lujo-mcm\/\",\"url\":\"https:\/\/graziamagazine.com\/mx\/articles\/mcm-eau-de-parfum-la-nueva-fragancia-de-autor-de-la-marca-de-lujo-mcm\/\",\"name\":\"MCM Eau de Parfum, la fragancia de autor de la marca de lujo MCM\",\"isPartOf\":{\"@id\":\"https:\/\/graziamagazine.com\/mx\/#website\"},\"datePublished\":\"2022-10-26T19:03:24+00:00\",\"dateModified\":\"2022-10-27T19:14:32+00:00\",\"description\":\"La marca MCM ha lanzado una nueva fragancia que, adem\u00e1s de ser un aroma, combina elementos tecnol\u00f3gicos que la vuelven toda una experiencia.\",\"breadcrumb\":{\"@id\":\"https:\/\/graziamagazine.com\/mx\/articles\/mcm-eau-de-parfum-la-nueva-fragancia-de-autor-de-la-marca-de-lujo-mcm\/#breadcrumb\"},\"inLanguage\":\"es-MX\",\"potentialAction\":[{\"@type\":\"ReadAction\",\"target\":[\"https:\/\/graziamagazine.com\/mx\/articles\/mcm-eau-de-parfum-la-nueva-fragancia-de-autor-de-la-marca-de-lujo-mcm\/\"]}]},{\"@type\":\"BreadcrumbList\",\"@id\":\"https:\/\/graziamagazine.com\/mx\/articles\/mcm-eau-de-parfum-la-nueva-fragancia-de-autor-de-la-marca-de-lujo-mcm\/#breadcrumb\",\"itemListElement\":[{\"@type\":\"ListItem\",\"position\":1,\"name\":\"Home\",\"item\":\"https:\/\/graziamagazine.com\/mx\/\"},{\"@type\":\"ListItem\",\"position\":2,\"name\":\"MCM Eau de Parfum, la nueva fragancia de autor de la marca de lujo MCM\"}]},{\"@type\":\"WebSite\",\"@id\":\"https:\/\/graziamagazine.com\/mx\/#website\",\"url\":\"https:\/\/graziamagazine.com\/mx\/\",\"name\":\"Grazia M\u00e9xico y Latinoam\u00e9rica\",\"description\":\"Grazia es moda, belleza y noticias  de actualidad \",\"potentialAction\":[{\"@type\":\"SearchAction\",\"target\":{\"@type\":\"EntryPoint\",\"urlTemplate\":\"https:\/\/graziamagazine.com\/mx\/?s={search_term_string}\"},\"query-input\":\"required name=search_term_string\"}],\"inLanguage\":\"es-MX\"}]}<\/script>\n<!-- \/ Yoast SEO Premium plugin. -->","yoast_head_json":{"title":"MCM Eau de Parfum, la fragancia de autor de la marca de lujo MCM","description":"La marca MCM ha lanzado una nueva fragancia que, adem\u00e1s de ser un aroma, combina elementos tecnol\u00f3gicos que la vuelven toda una experiencia.","robots":{"index":"index","follow":"follow","max-snippet":"max-snippet:-1","max-image-preview":"max-image-preview:large","max-video-preview":"max-video-preview:-1"},"canonical":"https:\/\/graziamagazine.com\/mx\/articles\/mcm-eau-de-parfum-la-nueva-fragancia-de-autor-de-la-marca-de-lujo-mcm\/","og_locale":"es_MX","og_type":"article","og_title":"MCM Eau de Parfum, la nueva fragancia de autor de la marca de lujo MCM","og_description":"La marca MCM ha lanzado una nueva fragancia que, adem\u00e1s de ser un aroma, combina elementos tecnol\u00f3gicos que la vuelven toda una experiencia.","og_url":"https:\/\/graziamagazine.com\/mx\/articles\/mcm-eau-de-parfum-la-nueva-fragancia-de-autor-de-la-marca-de-lujo-mcm\/","og_site_name":"Grazia M\u00e9xico y Latinoam\u00e9rica","article_modified_time":"2022-10-27T19:14:32+00:00","og_image":[{"width":796,"height":511,"url":"https:\/\/graziamagazine.com\/mx\/wp-content\/uploads\/sites\/13\/2022\/09\/Captura-de-Pantalla-2022-09-08-a-las-13.39.59.png","type":"image\/png"}],"twitter_card":"summary_large_image","twitter_misc":{"Est. reading time":"3 minutos"},"schema":{"@context":"https:\/\/schema.org","@graph":[{"@type":"WebPage","@id":"https:\/\/graziamagazine.com\/mx\/articles\/mcm-eau-de-parfum-la-nueva-fragancia-de-autor-de-la-marca-de-lujo-mcm\/","url":"https:\/\/graziamagazine.com\/mx\/articles\/mcm-eau-de-parfum-la-nueva-fragancia-de-autor-de-la-marca-de-lujo-mcm\/","name":"MCM Eau de Parfum, la fragancia de autor de la marca de lujo MCM","isPartOf":{"@id":"https:\/\/graziamagazine.com\/mx\/#website"},"datePublished":"2022-10-26T19:03:24+00:00","dateModified":"2022-10-27T19:14:32+00:00","description":"La marca MCM ha lanzado una nueva fragancia que, adem\u00e1s de ser un aroma, combina elementos tecnol\u00f3gicos que la vuelven toda una experiencia.","breadcrumb":{"@id":"https:\/\/graziamagazine.com\/mx\/articles\/mcm-eau-de-parfum-la-nueva-fragancia-de-autor-de-la-marca-de-lujo-mcm\/#breadcrumb"},"inLanguage":"es-MX","potentialAction":[{"@type":"ReadAction","target":["https:\/\/graziamagazine.com\/mx\/articles\/mcm-eau-de-parfum-la-nueva-fragancia-de-autor-de-la-marca-de-lujo-mcm\/"]}]},{"@type":"BreadcrumbList","@id":"https:\/\/graziamagazine.com\/mx\/articles\/mcm-eau-de-parfum-la-nueva-fragancia-de-autor-de-la-marca-de-lujo-mcm\/#breadcrumb","itemListElement":[{"@type":"ListItem","position":1,"name":"Home","item":"https:\/\/graziamagazine.com\/mx\/"},{"@type":"ListItem","position":2,"name":"MCM Eau de Parfum, la nueva fragancia de autor de la marca de lujo MCM"}]},{"@type":"WebSite","@id":"https:\/\/graziamagazine.com\/mx\/#website","url":"https:\/\/graziamagazine.com\/mx\/","name":"Grazia M\u00e9xico y Latinoam\u00e9rica","description":"Grazia es moda, belleza y noticias  de actualidad ","potentialAction":[{"@type":"SearchAction","target":{"@type":"EntryPoint","urlTemplate":"https:\/\/graziamagazine.com\/mx\/?s={search_term_string}"},"query-input":"required name=search_term_string"}],"inLanguage":"es-MX"}]}},"jetpack_sharing_enabled":true,"distributor_meta":false,"distributor_terms":false,"distributor_media":false,"distributor_original_site_name":"Grazia M\u00e9xico y Latinoam\u00e9rica","distributor_original_site_url":"https:\/\/graziamagazine.com\/mx","push-errors":false,"_links":{"self":[{"href":"https:\/\/graziamagazine.com\/mx\/wp-json\/wp\/v2\/articles\/116804"}],"collection":[{"href":"https:\/\/graziamagazine.com\/mx\/wp-json\/wp\/v2\/articles"}],"about":[{"href":"https:\/\/graziamagazine.com\/mx\/wp-json\/wp\/v2\/types\/articles"}],"author":[{"embeddable":true,"href":"https:\/\/graziamagazine.com\/mx\/wp-json\/wp\/v2\/users\/11628"}],"wp:featuredmedia":[{"embeddable":true,"href":"https:\/\/graziamagazine.com\/mx\/wp-json\/wp\/v2\/media\/116811"}],"wp:attachment":[{"href":"https:\/\/graziamagazine.com\/mx\/wp-json\/wp\/v2\/media?parent=116804"}],"wp:term":[{"taxonomy":"category","embeddable":true,"href":"https:\/\/graziamagazine.com\/mx\/wp-json\/wp\/v2\/categories?post=116804"}],"curies":[{"name":"wp","href":"https:\/\/api.w.org\/{rel}","templated":true}]}}