{"id":116773,"date":"2022-09-08T08:59:04","date_gmt":"2022-09-08T13:59:04","guid":{"rendered":"https:\/\/graziamagazine.com\/mx\/?post_type=articles&#038;p=116773"},"modified":"2022-09-08T08:59:04","modified_gmt":"2022-09-08T13:59:04","slug":"narciso-rodriguez-x-zara-la-coleccion-mas-deseada","status":"publish","type":"articles","link":"https:\/\/graziamagazine.com\/mx\/articles\/narciso-rodriguez-x-zara-la-coleccion-mas-deseada\/","title":{"rendered":"Narciso Rodr\u00edguez x Zara, la colecci\u00f3n m\u00e1s deseada"},"content":{"rendered":"<p>No hay d\u00eda que Zara no nos sorprenda con algo nuevo, o que nos cree nuevas necesidades que van directas a nuestro armario. Lo \u00faltimo, y que tenemos que esperar a ma\u00f1ana 8 de septiembre para poder comprarlo, es una nueva colecci\u00f3n llamada <strong>Narciso Rogr\u00edguez x Zara, que la convierte en la primera incursi\u00f3n en el mundo del lujo para el gigante de Inditex.\u00a0<\/strong><\/p>\n<p>Una c\u00e1psula en edici\u00f3n limitada junto al dise\u00f1ador, y esperemos que no sea la \u00fanica, que trae de regreso algunas prendas ic\u00f3nicas del dise\u00f1ador pero reinventadas con ese toque Inditex tan caracter\u00edstico. Concretamente la colecci\u00f3n se compone de 25 prendas, y tambi\u00e9n una l\u00ednea de calzado, a la que vamos a caer rendidas. La c\u00e1psula respira minimalismo, propio del dise\u00f1ador, y <strong>est\u00e1 protagonizada por la modelo Natalia Vodianova<\/strong>, que luce et\u00e9rea, como las piezas de la colecci\u00f3n. Narciso Rodr\u00edguez supo cambiar la imagen de las novias tradicionales, cuando en 1996 dise\u00f1\u00f3 el vestido lencero que lucir\u00eda su amiga Carolyn Bessette Kennedy.<\/p>\n<div class=\"content-gallery\">\n<div class=\"gallery-placeholder\">\n<div class=\"spinner\"><\/div>\n<\/div>\n<p>&nbsp;<\/p>\n<div id=\"gallery-1\" class=\"gallery galleryid- gallery-columns- gallery-size-\">\n<figure class=\"gallery-item\">\n<div class=\"gallery-icon landscape\"><img loading=\"lazy\" decoding=\"async\" class=\"lazy\" src=\"https:\/\/graziamagazine.com\/es\/wp-content\/uploads\/sites\/12\/2022\/09\/1366_2000-6.jpeg?resize=1024%2C768\" alt=\"Narciso Rodr\u00edguez x Zara, la colecci\u00f3n m\u00e1s deseada\" width=\"1024\" height=\"768\" data-recalc-dims=\"1\" \/><\/div>\n<\/figure>\n<figure class=\"gallery-item\">\n<div class=\"gallery-icon landscape\"><img loading=\"lazy\" decoding=\"async\" class=\"lazy\" src=\"https:\/\/graziamagazine.com\/es\/wp-content\/uploads\/sites\/12\/2022\/09\/1366_2000-1.jpeg?resize=1024%2C763\" alt=\"Narciso Rodr\u00edguez x Zara, la colecci\u00f3n m\u00e1s deseada\" width=\"1024\" height=\"763\" data-recalc-dims=\"1\" \/><\/div>\n<\/figure>\n<\/div>\n<\/div>\n<blockquote><p>\u00abMi fuerza son mis telas, mis talleres, mis manos\u00bb, explica el dise\u00f1ador estadounidense. \u00abEsta ha sido una experiencia incre\u00edble para m\u00ed. Ha sido genial revisar el archivo y volver a ver las cosas que am\u00e1bamos. Tambi\u00e9n es incre\u00edble ver estas piezas a trav\u00e9s de los ojos del equipo de dise\u00f1o de Zara. Trabajar con ellos ha supuesto para m\u00ed una experiencia reveladora, porque todos est\u00e1n muy al tanto de lo que sucede en el mundo y en la moda\u00bb, a\u00f1ade el creador.<\/p><\/blockquote>\n<p>Como decimos, la colecci\u00f3n <a href=\"https:\/\/www.zara.com\/es\/es\/woman-editorial-new-mkt1103.html?v1=2113336\" target=\"_blank\" rel=\"noopener\" target=\"_blank\"><b>Narciso Rodriguez x Zara <\/b><\/a>est\u00e1 compuesta por 25 piezas, en las que destacan l\u00edneas limpias y siluetas fluidas. \u00abEl minimalismo ha evolucionado desde mis colecciones anteriores para incluir una construcci\u00f3n, detalles y texturas m\u00e1s intrincados; todav\u00eda es puro en est\u00e9tica, pero mucho m\u00e1s rico en general\u00bb, comenta el dise\u00f1ador sobre su colaboraci\u00f3n. \u00ab<b>Mi objetivo siempre ha sido vestir al mayor n\u00famero posible de mujeres, y Zara lo hace.\u00a0<\/b>Lo vi como una gran oportunidad para m\u00ed\u00bb, a\u00f1ade en un comunicado.<\/p>\n<div class=\"content-gallery\">\n<div class=\"gallery-placeholder\">\n<div class=\"spinner\"><\/div>\n<\/div>\n<p>&nbsp;<\/p>\n<div id=\"gallery-2\" class=\"gallery galleryid- gallery-columns- gallery-size-\">\n<figure class=\"gallery-item\">\n<div class=\"gallery-icon landscape\"><img loading=\"lazy\" decoding=\"async\" class=\"lazy\" src=\"https:\/\/graziamagazine.com\/es\/wp-content\/uploads\/sites\/12\/2022\/09\/1366_2000-7.jpeg?resize=1024%2C1223\" alt=\"Narciso Rodr\u00edguez x Zara, la colecci\u00f3n m\u00e1s deseada\" width=\"1024\" height=\"1223\" data-recalc-dims=\"1\" \/><\/div>\n<\/figure>\n<figure class=\"gallery-item\">\n<div class=\"gallery-icon landscape\"><img loading=\"lazy\" decoding=\"async\" class=\"lazy\" src=\"https:\/\/graziamagazine.com\/es\/wp-content\/uploads\/sites\/12\/2022\/09\/1366_2000-3.jpeg?resize=1024%2C1237\" alt=\"Narciso Rodr\u00edguez x Zara, la colecci\u00f3n m\u00e1s deseada\" width=\"1024\" height=\"1237\" data-recalc-dims=\"1\" \/><\/div>\n<\/figure>\n<figure class=\"gallery-item\">\n<div class=\"gallery-icon landscape\"><img loading=\"lazy\" decoding=\"async\" class=\"lazy\" src=\"https:\/\/graziamagazine.com\/es\/wp-content\/uploads\/sites\/12\/2022\/09\/1366_2000-2.jpeg?resize=1024%2C1366\" alt=\"Narciso Rodr\u00edguez x Zara, la colecci\u00f3n m\u00e1s deseada\" width=\"1024\" height=\"1366\" data-recalc-dims=\"1\" \/><\/div>\n<\/figure>\n<figure class=\"gallery-item\">\n<div class=\"gallery-icon landscape\"><img loading=\"lazy\" decoding=\"async\" class=\"lazy\" src=\"https:\/\/graziamagazine.com\/es\/wp-content\/uploads\/sites\/12\/2022\/09\/1366_2000-8.jpeg?resize=1024%2C1243\" alt=\"Narciso Rodr\u00edguez x Zara, la colecci\u00f3n m\u00e1s deseada\" width=\"1024\" height=\"1243\" data-recalc-dims=\"1\" \/><\/div>\n<\/figure>\n<\/div>\n<\/div>\n<p>Monos, vestidos largos, maxi faldas, cuerpos, as\u00ed es la colecci\u00f3n en la que predomina el negro y el blanco, con notas de color como el rojo, y cuyos precios partir\u00e1n de los 99 euros hasta los 250 euros.<\/p>\n<p>La colecci\u00f3n del dise\u00f1ador hispano estar\u00e1 disponible en tiendas Zara y en l\u00ednea a partir del pr\u00f3ximo 8 de septiembre.<\/p>\n<p><em>*Im\u00e1genes: cortes\u00eda Zara<\/em><\/p>\n","protected":false},"author":11653,"featured_media":116774,"template":"","format":"standard","categories":[12483,4],"acf":[],"yoast_head":"<!-- This site is optimized with the Yoast SEO Premium plugin v18.5 (Yoast SEO v20.4) - https:\/\/yoast.com\/wordpress\/plugins\/seo\/ -->\n<title>Narciso Rodr\u00edguez x Zara, la colecci\u00f3n m\u00e1s deseada | Grazia M\u00e9xico y Latinoam\u00e9rica<\/title>\n<meta name=\"description\" content=\"Protagonizada por Natalia Vodianova, la colecci\u00f3n se pone a la venta el 8 de septiembre y reinventa algunas piezas ic\u00f3nicas del dise\u00f1ador.\" \/>\n<meta name=\"robots\" content=\"index, follow, max-snippet:-1, max-image-preview:large, max-video-preview:-1\" \/>\n<link rel=\"canonical\" href=\"https:\/\/graziamagazine.com\/mx\/articles\/narciso-rodriguez-x-zara-la-coleccion-mas-deseada\/\" \/>\n<meta property=\"og:locale\" content=\"es_MX\" \/>\n<meta property=\"og:type\" content=\"article\" \/>\n<meta property=\"og:title\" content=\"Narciso Rodr\u00edguez x Zara, la colecci\u00f3n m\u00e1s deseada\" \/>\n<meta property=\"og:description\" content=\"Protagonizada por Natalia Vodianova, la colecci\u00f3n se pone a la venta el 8 de septiembre y reinventa algunas piezas ic\u00f3nicas del dise\u00f1ador.\" \/>\n<meta property=\"og:url\" content=\"https:\/\/graziamagazine.com\/mx\/articles\/narciso-rodriguez-x-zara-la-coleccion-mas-deseada\/\" \/>\n<meta property=\"og:site_name\" content=\"Grazia M\u00e9xico y Latinoam\u00e9rica\" \/>\n<meta property=\"og:image\" content=\"https:\/\/graziamagazine.com\/mx\/wp-content\/uploads\/sites\/13\/2026\/01\/Captura-de-Pantalla-2026-01-29-a-las-8.40.33.png\" \/>\n\t<meta property=\"og:image:width\" content=\"718\" \/>\n\t<meta property=\"og:image:height\" content=\"1132\" \/>\n\t<meta property=\"og:image:type\" content=\"image\/png\" \/>\n<meta name=\"twitter:card\" content=\"summary_large_image\" \/>\n<meta name=\"twitter:image\" content=\"https:\/\/graziamagazine.com\/mx\/wp-content\/uploads\/sites\/13\/2026\/01\/Captura-de-Pantalla-2026-01-29-a-las-8.40.33.png\" \/>\n<meta name=\"twitter:label1\" content=\"Est. reading time\" \/>\n\t<meta name=\"twitter:data1\" content=\"2 minutos\" \/>\n<script type=\"application\/ld+json\" class=\"yoast-schema-graph\">{\"@context\":\"https:\/\/schema.org\",\"@graph\":[{\"@type\":\"WebPage\",\"@id\":\"https:\/\/graziamagazine.com\/mx\/articles\/narciso-rodriguez-x-zara-la-coleccion-mas-deseada\/\",\"url\":\"https:\/\/graziamagazine.com\/mx\/articles\/narciso-rodriguez-x-zara-la-coleccion-mas-deseada\/\",\"name\":\"Narciso Rodr\u00edguez x Zara, la colecci\u00f3n m\u00e1s deseada | Grazia M\u00e9xico y Latinoam\u00e9rica\",\"isPartOf\":{\"@id\":\"https:\/\/graziamagazine.com\/mx\/#website\"},\"datePublished\":\"2022-09-08T13:59:04+00:00\",\"dateModified\":\"2022-09-08T13:59:04+00:00\",\"description\":\"Protagonizada por Natalia Vodianova, la colecci\u00f3n se pone a la venta el 8 de septiembre y reinventa algunas piezas ic\u00f3nicas del dise\u00f1ador.\",\"breadcrumb\":{\"@id\":\"https:\/\/graziamagazine.com\/mx\/articles\/narciso-rodriguez-x-zara-la-coleccion-mas-deseada\/#breadcrumb\"},\"inLanguage\":\"es-MX\",\"potentialAction\":[{\"@type\":\"ReadAction\",\"target\":[\"https:\/\/graziamagazine.com\/mx\/articles\/narciso-rodriguez-x-zara-la-coleccion-mas-deseada\/\"]}]},{\"@type\":\"BreadcrumbList\",\"@id\":\"https:\/\/graziamagazine.com\/mx\/articles\/narciso-rodriguez-x-zara-la-coleccion-mas-deseada\/#breadcrumb\",\"itemListElement\":[{\"@type\":\"ListItem\",\"position\":1,\"name\":\"Home\",\"item\":\"https:\/\/graziamagazine.com\/mx\/\"},{\"@type\":\"ListItem\",\"position\":2,\"name\":\"Narciso Rodr\u00edguez x Zara, la colecci\u00f3n m\u00e1s deseada\"}]},{\"@type\":\"WebSite\",\"@id\":\"https:\/\/graziamagazine.com\/mx\/#website\",\"url\":\"https:\/\/graziamagazine.com\/mx\/\",\"name\":\"Grazia M\u00e9xico y Latinoam\u00e9rica\",\"description\":\"Grazia es moda, belleza y noticias  de actualidad \",\"potentialAction\":[{\"@type\":\"SearchAction\",\"target\":{\"@type\":\"EntryPoint\",\"urlTemplate\":\"https:\/\/graziamagazine.com\/mx\/?s={search_term_string}\"},\"query-input\":\"required name=search_term_string\"}],\"inLanguage\":\"es-MX\"}]}<\/script>\n<!-- \/ Yoast SEO Premium plugin. -->","yoast_head_json":{"title":"Narciso Rodr\u00edguez x Zara, la colecci\u00f3n m\u00e1s deseada | Grazia M\u00e9xico y Latinoam\u00e9rica","description":"Protagonizada por Natalia Vodianova, la colecci\u00f3n se pone a la venta el 8 de septiembre y reinventa algunas piezas ic\u00f3nicas del dise\u00f1ador.","robots":{"index":"index","follow":"follow","max-snippet":"max-snippet:-1","max-image-preview":"max-image-preview:large","max-video-preview":"max-video-preview:-1"},"canonical":"https:\/\/graziamagazine.com\/mx\/articles\/narciso-rodriguez-x-zara-la-coleccion-mas-deseada\/","og_locale":"es_MX","og_type":"article","og_title":"Narciso Rodr\u00edguez x Zara, la colecci\u00f3n m\u00e1s deseada","og_description":"Protagonizada por Natalia Vodianova, la colecci\u00f3n se pone a la venta el 8 de septiembre y reinventa algunas piezas ic\u00f3nicas del dise\u00f1ador.","og_url":"https:\/\/graziamagazine.com\/mx\/articles\/narciso-rodriguez-x-zara-la-coleccion-mas-deseada\/","og_site_name":"Grazia M\u00e9xico y Latinoam\u00e9rica","og_image":[{"width":718,"height":1132,"url":"https:\/\/graziamagazine.com\/mx\/wp-content\/uploads\/sites\/13\/2026\/01\/Captura-de-Pantalla-2026-01-29-a-las-8.40.33.png","type":"image\/png"}],"twitter_card":"summary_large_image","twitter_image":"https:\/\/graziamagazine.com\/mx\/wp-content\/uploads\/sites\/13\/2026\/01\/Captura-de-Pantalla-2026-01-29-a-las-8.40.33.png","twitter_misc":{"Est. reading time":"2 minutos"},"schema":{"@context":"https:\/\/schema.org","@graph":[{"@type":"WebPage","@id":"https:\/\/graziamagazine.com\/mx\/articles\/narciso-rodriguez-x-zara-la-coleccion-mas-deseada\/","url":"https:\/\/graziamagazine.com\/mx\/articles\/narciso-rodriguez-x-zara-la-coleccion-mas-deseada\/","name":"Narciso Rodr\u00edguez x Zara, la colecci\u00f3n m\u00e1s deseada | Grazia M\u00e9xico y Latinoam\u00e9rica","isPartOf":{"@id":"https:\/\/graziamagazine.com\/mx\/#website"},"datePublished":"2022-09-08T13:59:04+00:00","dateModified":"2022-09-08T13:59:04+00:00","description":"Protagonizada por Natalia Vodianova, la colecci\u00f3n se pone a la venta el 8 de septiembre y reinventa algunas piezas ic\u00f3nicas del dise\u00f1ador.","breadcrumb":{"@id":"https:\/\/graziamagazine.com\/mx\/articles\/narciso-rodriguez-x-zara-la-coleccion-mas-deseada\/#breadcrumb"},"inLanguage":"es-MX","potentialAction":[{"@type":"ReadAction","target":["https:\/\/graziamagazine.com\/mx\/articles\/narciso-rodriguez-x-zara-la-coleccion-mas-deseada\/"]}]},{"@type":"BreadcrumbList","@id":"https:\/\/graziamagazine.com\/mx\/articles\/narciso-rodriguez-x-zara-la-coleccion-mas-deseada\/#breadcrumb","itemListElement":[{"@type":"ListItem","position":1,"name":"Home","item":"https:\/\/graziamagazine.com\/mx\/"},{"@type":"ListItem","position":2,"name":"Narciso Rodr\u00edguez x Zara, la colecci\u00f3n m\u00e1s deseada"}]},{"@type":"WebSite","@id":"https:\/\/graziamagazine.com\/mx\/#website","url":"https:\/\/graziamagazine.com\/mx\/","name":"Grazia M\u00e9xico y Latinoam\u00e9rica","description":"Grazia es moda, belleza y noticias  de actualidad ","potentialAction":[{"@type":"SearchAction","target":{"@type":"EntryPoint","urlTemplate":"https:\/\/graziamagazine.com\/mx\/?s={search_term_string}"},"query-input":"required name=search_term_string"}],"inLanguage":"es-MX"}]}},"jetpack_sharing_enabled":true,"distributor_meta":false,"distributor_terms":false,"distributor_media":false,"distributor_original_site_name":"Grazia M\u00e9xico y Latinoam\u00e9rica","distributor_original_site_url":"https:\/\/graziamagazine.com\/mx","push-errors":false,"_links":{"self":[{"href":"https:\/\/graziamagazine.com\/mx\/wp-json\/wp\/v2\/articles\/116773"}],"collection":[{"href":"https:\/\/graziamagazine.com\/mx\/wp-json\/wp\/v2\/articles"}],"about":[{"href":"https:\/\/graziamagazine.com\/mx\/wp-json\/wp\/v2\/types\/articles"}],"author":[{"embeddable":true,"href":"https:\/\/graziamagazine.com\/mx\/wp-json\/wp\/v2\/users\/11653"}],"wp:featuredmedia":[{"embeddable":true,"href":"https:\/\/graziamagazine.com\/mx\/wp-json\/wp\/v2\/media\/116774"}],"wp:attachment":[{"href":"https:\/\/graziamagazine.com\/mx\/wp-json\/wp\/v2\/media?parent=116773"}],"wp:term":[{"taxonomy":"category","embeddable":true,"href":"https:\/\/graziamagazine.com\/mx\/wp-json\/wp\/v2\/categories?post=116773"}],"curies":[{"name":"wp","href":"https:\/\/api.w.org\/{rel}","templated":true}]}}