{"id":116436,"date":"2022-08-30T12:52:13","date_gmt":"2022-08-30T17:52:13","guid":{"rendered":"https:\/\/graziamagazine.com\/mx\/?post_type=articles&#038;p=116436"},"modified":"2022-08-30T14:01:12","modified_gmt":"2022-08-30T19:01:12","slug":"la-evocadora-exhibicion-de-iris-van-herpen","status":"publish","type":"articles","link":"https:\/\/graziamagazine.com\/mx\/articles\/la-evocadora-exhibicion-de-iris-van-herpen\/","title":{"rendered":"La evocadora exhibici\u00f3n de Iris van Herpen"},"content":{"rendered":"<p><span style=\"font-weight: 400\">La dise\u00f1adora holandesa<a href=\"https:\/\/graziamagazine.com\/mx\/articles\/iris-van-herpen-sigue-innovando-con-la-tecnologia-y-la-confeccion\/\"><strong> Iris van Herpen<\/strong><\/a> se presentar\u00e1 en el<strong> Mus\u00e9e des Arts D\u00e9coratifs<\/strong>. Despu\u00e9s del 15\u00ba aniversario de su marca, el gran talento con el que ha logrado una extraordinaria fusi\u00f3n entre la <strong>artesan\u00eda y la innovaci\u00f3n tecnol\u00f3gica<\/strong>, han convertido a Iris en una de las fuertes promesas dentro de la industria de la <strong>Alta Costura<\/strong> en la que sus piezas se convierten en una poes\u00eda arm\u00f3nica junto a los procesos manuales con t\u00e9cnicas digitales avanzadas.<\/span><\/p>\n<figure id=\"attachment_116439\" aria-describedby=\"caption-attachment-116439\" style=\"width: 753px\" class=\"wp-caption alignnone\"><img loading=\"lazy\" decoding=\"async\" class=\"wp-image-116439 size-large\" src=\"https:\/\/graziamagazine.com\/mx\/wp-content\/uploads\/sites\/13\/2022\/08\/final_210702_10_072-1-LRG.jpg?w=753\" alt=\"La evocadora exhibici\u00f3n de Iris van Herpen\" width=\"753\" height=\"1024\" \/><figcaption id=\"caption-attachment-116439\" class=\"wp-caption-text\">La evocadora exhibici\u00f3n de Iris van Herpen<\/figcaption><\/figure>\n<p><span style=\"font-weight: 400\">El Museo de Par\u00eds presentar\u00e1 una evocadora exhibici\u00f3n con m\u00e1s de<strong> 100 creaciones<\/strong> con todo el car\u00e1cter vanguardista de la dise\u00f1adora que van desde obras de arte contempor\u00e1neo, instalaciones, videos, fotograf\u00edas, historia natural, piezas de corte l\u00e1ser, impresiones 3D, tecnolog\u00eda, textiles electromagn\u00e9ticos, entre otros, siendo el tema principal en una exhibici\u00f3n que se realizar\u00e1 en las galer\u00edas de moda <strong>Christine y Stephen A. Schwarzman<\/strong> en el museo a partir del 29 de noviembre de 2023. , hasta el 28 de abril de 2024.<\/span><\/p>\n<p><span style=\"font-weight: 400\">No por nada se ha convertido en una de las dise\u00f1adoras m\u00e1s aclamadas, pues ella misma describe su trabajo como art\u00edstico, realizando diversas exposiciones en importantes ligares, as\u00ed como colaboraciones con grandes personalidades que le han permitido ser reconocida a nivel mundial.<\/span><\/p>\n<figure id=\"attachment_116438\" aria-describedby=\"caption-attachment-116438\" style=\"width: 1024px\" class=\"wp-caption alignnone\"><img loading=\"lazy\" decoding=\"async\" class=\"wp-image-116438 size-large\" src=\"https:\/\/graziamagazine.com\/mx\/wp-content\/uploads\/sites\/13\/2022\/08\/maxresdefault-XL.jpg?w=1024\" alt=\"La evocadora exhibici\u00f3n de Iris van Herpen\" width=\"1024\" height=\"576\" \/><figcaption id=\"caption-attachment-116438\" class=\"wp-caption-text\">La evocadora exhibici\u00f3n de Iris van Herpen<\/figcaption><\/figure>\n<blockquote><p><span style=\"font-weight: 400\">\u201cPara m\u00ed la moda es una forma de arte muy cercana a m\u00ed y a mi cuerpo. Lo vivo como la expresi\u00f3n de mi identidad combinada con mi deseo, mi estado de \u00e1nimo y mis referencias culturales. Vestirse es una <\/span><b>forma muy excitante de expresarse<\/b><span style=\"font-weight: 400\"> \u201dcomenta Iris van Herpen.<\/span><\/p><\/blockquote>\n<p><span style=\"font-weight: 400\">Adem\u00e1s de las piezas mencionadas, la exhibici\u00f3n incluye un estudio m\u00e1s profundo sobre el trabajo de Iris, dedicando un espacio a sus desfiles de moda acompa\u00f1ada por una banda sonora dirigida por <strong>Salvador Breed.<\/strong><\/span><\/p>\n<figure id=\"attachment_116440\" aria-describedby=\"caption-attachment-116440\" style=\"width: 820px\" class=\"wp-caption alignnone\"><img loading=\"lazy\" decoding=\"async\" class=\"wp-image-116440 size-large\" src=\"https:\/\/graziamagazine.com\/mx\/wp-content\/uploads\/sites\/13\/2022\/08\/final_210702_09_108-LRG.jpg?w=820\" alt=\"La evocadora exhibici\u00f3n de Iris van Herpen\" width=\"820\" height=\"1024\" \/><figcaption id=\"caption-attachment-116440\" class=\"wp-caption-text\">La evocadora exhibici\u00f3n de Iris van Herpen<\/figcaption><\/figure>\n<p><span style=\"font-weight: 400\">Para adentrarte m\u00e1s en el Mus\u00e9e des Arts D\u00e9coratifs, se estar\u00e1n presentando muestras como <strong>&#8220;Moda y deporte&#8221;<\/strong>, que se desarrollar\u00e1 del <strong>20 de septiembre de 2023 al 7 de abril de 2024<\/strong>, coincidiendo con los <strong>Juegos Ol\u00edmpicos<\/strong> de verano de <strong>2024 en Par\u00eds<\/strong>, que asimismo explorar\u00e1 la evoluci\u00f3n de la ropa deportiva en un viaje en el tiempo.<\/span><\/p>\n<p><em><strong>*IMAGEN: Iris van Herpen<\/strong><\/em><\/p>\n","protected":false},"author":28953,"featured_media":116437,"template":"","format":"standard","categories":[4],"acf":[],"yoast_head":"<!-- This site is optimized with the Yoast SEO Premium plugin v18.5 (Yoast SEO v20.4) - https:\/\/yoast.com\/wordpress\/plugins\/seo\/ -->\n<title>La evocadora exhibici\u00f3n de Iris van Herpen<\/title>\n<meta name=\"description\" content=\"El Museo de Par\u00eds presentar\u00e1 una muestra con m\u00e1s de 100 ideas retrospectivas de la dise\u00f1adora holandesa Iris van Herpen\" \/>\n<meta name=\"robots\" content=\"index, follow, max-snippet:-1, max-image-preview:large, max-video-preview:-1\" \/>\n<link rel=\"canonical\" href=\"https:\/\/graziamagazine.com\/mx\/articles\/la-evocadora-exhibicion-de-iris-van-herpen\/\" \/>\n<meta property=\"og:locale\" content=\"es_MX\" \/>\n<meta property=\"og:type\" content=\"article\" \/>\n<meta property=\"og:title\" content=\"La evocadora exhibici\u00f3n de Iris van Herpen\" \/>\n<meta property=\"og:description\" content=\"El Museo de Par\u00eds presentar\u00e1 una muestra con m\u00e1s de 100 ideas retrospectivas de la dise\u00f1adora holandesa Iris van Herpen\" \/>\n<meta property=\"og:url\" content=\"https:\/\/graziamagazine.com\/mx\/articles\/la-evocadora-exhibicion-de-iris-van-herpen\/\" \/>\n<meta property=\"og:site_name\" content=\"Grazia M\u00e9xico y Latinoam\u00e9rica\" \/>\n<meta property=\"article:modified_time\" content=\"2022-08-30T19:01:12+00:00\" \/>\n<meta property=\"og:image\" content=\"https:\/\/graziamagazine.com\/mx\/wp-content\/uploads\/sites\/13\/2022\/08\/Image-Meta-Morphism_1-XL.jpg\" \/>\n\t<meta property=\"og:image:width\" content=\"1825\" \/>\n\t<meta property=\"og:image:height\" content=\"1320\" \/>\n\t<meta property=\"og:image:type\" content=\"image\/jpeg\" \/>\n<meta name=\"twitter:card\" content=\"summary_large_image\" \/>\n<meta name=\"twitter:label1\" content=\"Est. reading time\" \/>\n\t<meta name=\"twitter:data1\" content=\"2 minutos\" \/>\n<script type=\"application\/ld+json\" class=\"yoast-schema-graph\">{\"@context\":\"https:\/\/schema.org\",\"@graph\":[{\"@type\":\"WebPage\",\"@id\":\"https:\/\/graziamagazine.com\/mx\/articles\/la-evocadora-exhibicion-de-iris-van-herpen\/\",\"url\":\"https:\/\/graziamagazine.com\/mx\/articles\/la-evocadora-exhibicion-de-iris-van-herpen\/\",\"name\":\"La evocadora exhibici\u00f3n de Iris van Herpen\",\"isPartOf\":{\"@id\":\"https:\/\/graziamagazine.com\/mx\/#website\"},\"datePublished\":\"2022-08-30T17:52:13+00:00\",\"dateModified\":\"2022-08-30T19:01:12+00:00\",\"description\":\"El Museo de Par\u00eds presentar\u00e1 una muestra con m\u00e1s de 100 ideas retrospectivas de la dise\u00f1adora holandesa Iris van Herpen\",\"breadcrumb\":{\"@id\":\"https:\/\/graziamagazine.com\/mx\/articles\/la-evocadora-exhibicion-de-iris-van-herpen\/#breadcrumb\"},\"inLanguage\":\"es-MX\",\"potentialAction\":[{\"@type\":\"ReadAction\",\"target\":[\"https:\/\/graziamagazine.com\/mx\/articles\/la-evocadora-exhibicion-de-iris-van-herpen\/\"]}]},{\"@type\":\"BreadcrumbList\",\"@id\":\"https:\/\/graziamagazine.com\/mx\/articles\/la-evocadora-exhibicion-de-iris-van-herpen\/#breadcrumb\",\"itemListElement\":[{\"@type\":\"ListItem\",\"position\":1,\"name\":\"Home\",\"item\":\"https:\/\/graziamagazine.com\/mx\/\"},{\"@type\":\"ListItem\",\"position\":2,\"name\":\"La evocadora exhibici\u00f3n de Iris van Herpen\"}]},{\"@type\":\"WebSite\",\"@id\":\"https:\/\/graziamagazine.com\/mx\/#website\",\"url\":\"https:\/\/graziamagazine.com\/mx\/\",\"name\":\"Grazia M\u00e9xico y Latinoam\u00e9rica\",\"description\":\"Grazia es moda, belleza y noticias  de actualidad \",\"potentialAction\":[{\"@type\":\"SearchAction\",\"target\":{\"@type\":\"EntryPoint\",\"urlTemplate\":\"https:\/\/graziamagazine.com\/mx\/?s={search_term_string}\"},\"query-input\":\"required name=search_term_string\"}],\"inLanguage\":\"es-MX\"}]}<\/script>\n<!-- \/ Yoast SEO Premium plugin. -->","yoast_head_json":{"title":"La evocadora exhibici\u00f3n de Iris van Herpen","description":"El Museo de Par\u00eds presentar\u00e1 una muestra con m\u00e1s de 100 ideas retrospectivas de la dise\u00f1adora holandesa Iris van Herpen","robots":{"index":"index","follow":"follow","max-snippet":"max-snippet:-1","max-image-preview":"max-image-preview:large","max-video-preview":"max-video-preview:-1"},"canonical":"https:\/\/graziamagazine.com\/mx\/articles\/la-evocadora-exhibicion-de-iris-van-herpen\/","og_locale":"es_MX","og_type":"article","og_title":"La evocadora exhibici\u00f3n de Iris van Herpen","og_description":"El Museo de Par\u00eds presentar\u00e1 una muestra con m\u00e1s de 100 ideas retrospectivas de la dise\u00f1adora holandesa Iris van Herpen","og_url":"https:\/\/graziamagazine.com\/mx\/articles\/la-evocadora-exhibicion-de-iris-van-herpen\/","og_site_name":"Grazia M\u00e9xico y Latinoam\u00e9rica","article_modified_time":"2022-08-30T19:01:12+00:00","og_image":[{"width":1825,"height":1320,"url":"https:\/\/graziamagazine.com\/mx\/wp-content\/uploads\/sites\/13\/2022\/08\/Image-Meta-Morphism_1-XL.jpg","type":"image\/jpeg"}],"twitter_card":"summary_large_image","twitter_misc":{"Est. reading time":"2 minutos"},"schema":{"@context":"https:\/\/schema.org","@graph":[{"@type":"WebPage","@id":"https:\/\/graziamagazine.com\/mx\/articles\/la-evocadora-exhibicion-de-iris-van-herpen\/","url":"https:\/\/graziamagazine.com\/mx\/articles\/la-evocadora-exhibicion-de-iris-van-herpen\/","name":"La evocadora exhibici\u00f3n de Iris van Herpen","isPartOf":{"@id":"https:\/\/graziamagazine.com\/mx\/#website"},"datePublished":"2022-08-30T17:52:13+00:00","dateModified":"2022-08-30T19:01:12+00:00","description":"El Museo de Par\u00eds presentar\u00e1 una muestra con m\u00e1s de 100 ideas retrospectivas de la dise\u00f1adora holandesa Iris van Herpen","breadcrumb":{"@id":"https:\/\/graziamagazine.com\/mx\/articles\/la-evocadora-exhibicion-de-iris-van-herpen\/#breadcrumb"},"inLanguage":"es-MX","potentialAction":[{"@type":"ReadAction","target":["https:\/\/graziamagazine.com\/mx\/articles\/la-evocadora-exhibicion-de-iris-van-herpen\/"]}]},{"@type":"BreadcrumbList","@id":"https:\/\/graziamagazine.com\/mx\/articles\/la-evocadora-exhibicion-de-iris-van-herpen\/#breadcrumb","itemListElement":[{"@type":"ListItem","position":1,"name":"Home","item":"https:\/\/graziamagazine.com\/mx\/"},{"@type":"ListItem","position":2,"name":"La evocadora exhibici\u00f3n de Iris van Herpen"}]},{"@type":"WebSite","@id":"https:\/\/graziamagazine.com\/mx\/#website","url":"https:\/\/graziamagazine.com\/mx\/","name":"Grazia M\u00e9xico y Latinoam\u00e9rica","description":"Grazia es moda, belleza y noticias  de actualidad ","potentialAction":[{"@type":"SearchAction","target":{"@type":"EntryPoint","urlTemplate":"https:\/\/graziamagazine.com\/mx\/?s={search_term_string}"},"query-input":"required name=search_term_string"}],"inLanguage":"es-MX"}]}},"jetpack_sharing_enabled":true,"distributor_meta":false,"distributor_terms":false,"distributor_media":false,"distributor_original_site_name":"Grazia M\u00e9xico y Latinoam\u00e9rica","distributor_original_site_url":"https:\/\/graziamagazine.com\/mx","push-errors":false,"_links":{"self":[{"href":"https:\/\/graziamagazine.com\/mx\/wp-json\/wp\/v2\/articles\/116436"}],"collection":[{"href":"https:\/\/graziamagazine.com\/mx\/wp-json\/wp\/v2\/articles"}],"about":[{"href":"https:\/\/graziamagazine.com\/mx\/wp-json\/wp\/v2\/types\/articles"}],"author":[{"embeddable":true,"href":"https:\/\/graziamagazine.com\/mx\/wp-json\/wp\/v2\/users\/28953"}],"wp:featuredmedia":[{"embeddable":true,"href":"https:\/\/graziamagazine.com\/mx\/wp-json\/wp\/v2\/media\/116437"}],"wp:attachment":[{"href":"https:\/\/graziamagazine.com\/mx\/wp-json\/wp\/v2\/media?parent=116436"}],"wp:term":[{"taxonomy":"category","embeddable":true,"href":"https:\/\/graziamagazine.com\/mx\/wp-json\/wp\/v2\/categories?post=116436"}],"curies":[{"name":"wp","href":"https:\/\/api.w.org\/{rel}","templated":true}]}}