{"id":116326,"date":"2022-08-24T15:15:01","date_gmt":"2022-08-24T20:15:01","guid":{"rendered":"https:\/\/graziamagazine.com\/mx\/?post_type=articles&#038;p=116326"},"modified":"2022-08-25T11:05:17","modified_gmt":"2022-08-25T16:05:17","slug":"armani-evacua-casa-exclusiva-isla-pantelaria-incendios-azotan-zona","status":"publish","type":"articles","link":"https:\/\/graziamagazine.com\/mx\/articles\/armani-evacua-casa-exclusiva-isla-pantelaria-incendios-azotan-zona\/","title":{"rendered":"Armani rescata a decenas de personas en su barco por los incendios que azotan a la exclusiva isla de Pantelaria"},"content":{"rendered":"<p><strong>Giorgio Armani<\/strong> fue v\u00edctima del <strong>incendio<\/strong> que ha afectado <strong>Pantelaria<\/strong>, una de las islas tur\u00edsticas italiana ubicada en la regi\u00f3n de Sicilia y donde el dise\u00f1ador tiene su casa de vacaciones y logra ayudar a decenas de personas con su barco.<\/p>\n<p><img loading=\"lazy\" decoding=\"async\" class=\"aligncenter size-medium wp-image-116342\" src=\"https:\/\/graziamagazine.com\/mx\/wp-content\/uploads\/sites\/13\/2022\/08\/F550AB93-D17B-4F5F-8AAA-B143B2A6B48E.jpeg?w=450\" alt=\"\" width=\"450\" height=\"294\" \/><\/p>\n<p>Todo sucedi\u00f3 el pasado mi\u00e9rcoles a las 22:10 horas, el dise\u00f1ador tuvo que <strong>evacuar<\/strong> su mansi\u00f3n en la zona costera de Gadir.<\/p>\n<p>Y pesar de que el legendario dise\u00f1ador de 88 a\u00f1os no pod\u00eda creer lo que estaba ocurriendo, decidi\u00f3 evacuar y refugiarse en su yate, despu\u00e9s de agarrar algunas pertenencias y <strong>alertar<\/strong> a los vecinos.<\/p>\n<p>\u201c40 a\u00f1os de mi vida, no es justo. Para m\u00ed y para Pantelaria. Tener que <strong>escapar as\u00ed<\/strong>, de noche. \u00a1Qui\u00e9n jam\u00e1s se podr\u00e1 sentir seguro!\u201d\u201d, dijo Armani a\u00a0Il Corriere della Sera, un peri\u00f3dico italiano.<\/p>\n<p>Armani compr\u00f3 el terreno de esa casa en 1981 y construy\u00f3 una\u00a0<strong>dammuso<\/strong>,\u00a0que es una casa t\u00edpica construida en piedra y tiene el techo en forma de c\u00fapula blanca.<\/p>\n<p>Otras celebridades como <strong>Sting<\/strong>,<strong> Naomi Campbell, Isabella Rossellini o G\u00e9rard Depardieu<\/strong>, eligen la isla para pasar el verano.<\/p>\n<p><img loading=\"lazy\" decoding=\"async\" class=\"aligncenter size-medium wp-image-116346\" src=\"https:\/\/graziamagazine.com\/mx\/wp-content\/uploads\/sites\/13\/2022\/08\/EBAD0454-56CB-458F-919D-21A6ACF4056B.jpeg?w=283\" alt=\"\" width=\"283\" height=\"450\" \/><\/p>\n<p>El alcalde de la isla, Icenzo Campo, dijo que el incendio pudo ser provocado. Pero adem\u00e1s, una racha de altas temperaturas y fuertes vientos afectan la zona.<\/p>\n<p>Las llamas iniciaron en Kamma y Gadir, dos de los lugares <strong>m\u00e1s exclusivos<\/strong> de la isla.<\/p>\n<p>Seg\u00fan la casa de moda, los da\u00f1os solo fueron en el boque de palmeras que se encuentra a las afueras de la casa de Armani y la villa del dise\u00f1ador no tuvo da\u00f1os.<\/p>\n<p>Seg\u00fan los bomberos, el incendio se encuentra bajo control.<\/p>\n<p><img loading=\"lazy\" decoding=\"async\" class=\"aligncenter size-medium wp-image-116344\" src=\"https:\/\/graziamagazine.com\/mx\/wp-content\/uploads\/sites\/13\/2022\/08\/A0563A85-9AA5-47BC-8270-91D65AAE728C.jpeg?w=450\" alt=\"\" width=\"450\" height=\"253\" \/><\/p>\n","protected":false},"author":36289,"featured_media":116345,"template":"","format":"standard","categories":[12483],"acf":[],"yoast_head":"<!-- This site is optimized with the Yoast SEO Premium plugin v18.5 (Yoast SEO v20.4) - https:\/\/yoast.com\/wordpress\/plugins\/seo\/ -->\n<title>Armani rescata a decenas de personas en su barco por los incendios que azotan a la exclusiva isla de Pantelaria | Grazia M\u00e9xico y Latinoam\u00e9rica<\/title>\n<meta name=\"description\" content=\"Giorgio Armani fue v\u00edctima del incendio que ha afectado Pantelaria, una de las islas tur\u00edsticas italiana ubicada en la regi\u00f3n de Sicilia y donde el\" \/>\n<meta name=\"robots\" content=\"index, follow, max-snippet:-1, max-image-preview:large, max-video-preview:-1\" \/>\n<link rel=\"canonical\" href=\"https:\/\/graziamagazine.com\/mx\/articles\/armani-evacua-casa-exclusiva-isla-pantelaria-incendios-azotan-zona\/\" \/>\n<meta property=\"og:locale\" content=\"es_MX\" \/>\n<meta property=\"og:type\" content=\"article\" \/>\n<meta property=\"og:title\" content=\"Armani rescata a decenas de personas en su barco por los incendios que azotan a la exclusiva isla de Pantelaria\" \/>\n<meta property=\"og:description\" content=\"Giorgio Armani fue v\u00edctima del incendio que ha afectado Pantelaria, una de las islas tur\u00edsticas italiana ubicada en la regi\u00f3n de Sicilia y donde el\" \/>\n<meta property=\"og:url\" content=\"https:\/\/graziamagazine.com\/mx\/articles\/armani-evacua-casa-exclusiva-isla-pantelaria-incendios-azotan-zona\/\" \/>\n<meta property=\"og:site_name\" content=\"Grazia M\u00e9xico y Latinoam\u00e9rica\" \/>\n<meta property=\"article:modified_time\" content=\"2022-08-25T16:05:17+00:00\" \/>\n<meta property=\"og:image\" content=\"https:\/\/graziamagazine.com\/mx\/wp-content\/uploads\/sites\/13\/2022\/08\/04E028EC-9FD4-4F6E-90BF-F1B99F1A2715.jpeg\" \/>\n\t<meta property=\"og:image:width\" content=\"430\" \/>\n\t<meta property=\"og:image:height\" content=\"607\" \/>\n\t<meta property=\"og:image:type\" content=\"image\/jpeg\" \/>\n<meta name=\"twitter:card\" content=\"summary_large_image\" \/>\n<meta name=\"twitter:label1\" content=\"Est. reading time\" \/>\n\t<meta name=\"twitter:data1\" content=\"2 minutos\" \/>\n<script type=\"application\/ld+json\" class=\"yoast-schema-graph\">{\"@context\":\"https:\/\/schema.org\",\"@graph\":[{\"@type\":\"WebPage\",\"@id\":\"https:\/\/graziamagazine.com\/mx\/articles\/armani-evacua-casa-exclusiva-isla-pantelaria-incendios-azotan-zona\/\",\"url\":\"https:\/\/graziamagazine.com\/mx\/articles\/armani-evacua-casa-exclusiva-isla-pantelaria-incendios-azotan-zona\/\",\"name\":\"Armani rescata a decenas de personas en su barco por los incendios que azotan a la exclusiva isla de Pantelaria | Grazia M\u00e9xico y Latinoam\u00e9rica\",\"isPartOf\":{\"@id\":\"https:\/\/graziamagazine.com\/mx\/#website\"},\"datePublished\":\"2022-08-24T20:15:01+00:00\",\"dateModified\":\"2022-08-25T16:05:17+00:00\",\"description\":\"Giorgio Armani fue v\u00edctima del incendio que ha afectado Pantelaria, una de las islas tur\u00edsticas italiana ubicada en la regi\u00f3n de Sicilia y donde el\",\"breadcrumb\":{\"@id\":\"https:\/\/graziamagazine.com\/mx\/articles\/armani-evacua-casa-exclusiva-isla-pantelaria-incendios-azotan-zona\/#breadcrumb\"},\"inLanguage\":\"es-MX\",\"potentialAction\":[{\"@type\":\"ReadAction\",\"target\":[\"https:\/\/graziamagazine.com\/mx\/articles\/armani-evacua-casa-exclusiva-isla-pantelaria-incendios-azotan-zona\/\"]}]},{\"@type\":\"BreadcrumbList\",\"@id\":\"https:\/\/graziamagazine.com\/mx\/articles\/armani-evacua-casa-exclusiva-isla-pantelaria-incendios-azotan-zona\/#breadcrumb\",\"itemListElement\":[{\"@type\":\"ListItem\",\"position\":1,\"name\":\"Home\",\"item\":\"https:\/\/graziamagazine.com\/mx\/\"},{\"@type\":\"ListItem\",\"position\":2,\"name\":\"Armani rescata a decenas de personas en su barco por los incendios que azotan a la exclusiva isla de Pantelaria\"}]},{\"@type\":\"WebSite\",\"@id\":\"https:\/\/graziamagazine.com\/mx\/#website\",\"url\":\"https:\/\/graziamagazine.com\/mx\/\",\"name\":\"Grazia M\u00e9xico y Latinoam\u00e9rica\",\"description\":\"Grazia es moda, belleza y noticias  de actualidad \",\"potentialAction\":[{\"@type\":\"SearchAction\",\"target\":{\"@type\":\"EntryPoint\",\"urlTemplate\":\"https:\/\/graziamagazine.com\/mx\/?s={search_term_string}\"},\"query-input\":\"required name=search_term_string\"}],\"inLanguage\":\"es-MX\"}]}<\/script>\n<!-- \/ Yoast SEO Premium plugin. -->","yoast_head_json":{"title":"Armani rescata a decenas de personas en su barco por los incendios que azotan a la exclusiva isla de Pantelaria | Grazia M\u00e9xico y Latinoam\u00e9rica","description":"Giorgio Armani fue v\u00edctima del incendio que ha afectado Pantelaria, una de las islas tur\u00edsticas italiana ubicada en la regi\u00f3n de Sicilia y donde el","robots":{"index":"index","follow":"follow","max-snippet":"max-snippet:-1","max-image-preview":"max-image-preview:large","max-video-preview":"max-video-preview:-1"},"canonical":"https:\/\/graziamagazine.com\/mx\/articles\/armani-evacua-casa-exclusiva-isla-pantelaria-incendios-azotan-zona\/","og_locale":"es_MX","og_type":"article","og_title":"Armani rescata a decenas de personas en su barco por los incendios que azotan a la exclusiva isla de Pantelaria","og_description":"Giorgio Armani fue v\u00edctima del incendio que ha afectado Pantelaria, una de las islas tur\u00edsticas italiana ubicada en la regi\u00f3n de Sicilia y donde el","og_url":"https:\/\/graziamagazine.com\/mx\/articles\/armani-evacua-casa-exclusiva-isla-pantelaria-incendios-azotan-zona\/","og_site_name":"Grazia M\u00e9xico y Latinoam\u00e9rica","article_modified_time":"2022-08-25T16:05:17+00:00","og_image":[{"width":430,"height":607,"url":"https:\/\/graziamagazine.com\/mx\/wp-content\/uploads\/sites\/13\/2022\/08\/04E028EC-9FD4-4F6E-90BF-F1B99F1A2715.jpeg","type":"image\/jpeg"}],"twitter_card":"summary_large_image","twitter_misc":{"Est. reading time":"2 minutos"},"schema":{"@context":"https:\/\/schema.org","@graph":[{"@type":"WebPage","@id":"https:\/\/graziamagazine.com\/mx\/articles\/armani-evacua-casa-exclusiva-isla-pantelaria-incendios-azotan-zona\/","url":"https:\/\/graziamagazine.com\/mx\/articles\/armani-evacua-casa-exclusiva-isla-pantelaria-incendios-azotan-zona\/","name":"Armani rescata a decenas de personas en su barco por los incendios que azotan a la exclusiva isla de Pantelaria | Grazia M\u00e9xico y Latinoam\u00e9rica","isPartOf":{"@id":"https:\/\/graziamagazine.com\/mx\/#website"},"datePublished":"2022-08-24T20:15:01+00:00","dateModified":"2022-08-25T16:05:17+00:00","description":"Giorgio Armani fue v\u00edctima del incendio que ha afectado Pantelaria, una de las islas tur\u00edsticas italiana ubicada en la regi\u00f3n de Sicilia y donde el","breadcrumb":{"@id":"https:\/\/graziamagazine.com\/mx\/articles\/armani-evacua-casa-exclusiva-isla-pantelaria-incendios-azotan-zona\/#breadcrumb"},"inLanguage":"es-MX","potentialAction":[{"@type":"ReadAction","target":["https:\/\/graziamagazine.com\/mx\/articles\/armani-evacua-casa-exclusiva-isla-pantelaria-incendios-azotan-zona\/"]}]},{"@type":"BreadcrumbList","@id":"https:\/\/graziamagazine.com\/mx\/articles\/armani-evacua-casa-exclusiva-isla-pantelaria-incendios-azotan-zona\/#breadcrumb","itemListElement":[{"@type":"ListItem","position":1,"name":"Home","item":"https:\/\/graziamagazine.com\/mx\/"},{"@type":"ListItem","position":2,"name":"Armani rescata a decenas de personas en su barco por los incendios que azotan a la exclusiva isla de Pantelaria"}]},{"@type":"WebSite","@id":"https:\/\/graziamagazine.com\/mx\/#website","url":"https:\/\/graziamagazine.com\/mx\/","name":"Grazia M\u00e9xico y Latinoam\u00e9rica","description":"Grazia es moda, belleza y noticias  de actualidad ","potentialAction":[{"@type":"SearchAction","target":{"@type":"EntryPoint","urlTemplate":"https:\/\/graziamagazine.com\/mx\/?s={search_term_string}"},"query-input":"required name=search_term_string"}],"inLanguage":"es-MX"}]}},"jetpack_sharing_enabled":true,"distributor_meta":false,"distributor_terms":false,"distributor_media":false,"distributor_original_site_name":"Grazia M\u00e9xico y Latinoam\u00e9rica","distributor_original_site_url":"https:\/\/graziamagazine.com\/mx","push-errors":false,"_links":{"self":[{"href":"https:\/\/graziamagazine.com\/mx\/wp-json\/wp\/v2\/articles\/116326"}],"collection":[{"href":"https:\/\/graziamagazine.com\/mx\/wp-json\/wp\/v2\/articles"}],"about":[{"href":"https:\/\/graziamagazine.com\/mx\/wp-json\/wp\/v2\/types\/articles"}],"author":[{"embeddable":true,"href":"https:\/\/graziamagazine.com\/mx\/wp-json\/wp\/v2\/users\/36289"}],"wp:featuredmedia":[{"embeddable":true,"href":"https:\/\/graziamagazine.com\/mx\/wp-json\/wp\/v2\/media\/116345"}],"wp:attachment":[{"href":"https:\/\/graziamagazine.com\/mx\/wp-json\/wp\/v2\/media?parent=116326"}],"wp:term":[{"taxonomy":"category","embeddable":true,"href":"https:\/\/graziamagazine.com\/mx\/wp-json\/wp\/v2\/categories?post=116326"}],"curies":[{"name":"wp","href":"https:\/\/api.w.org\/{rel}","templated":true}]}}