{"id":116191,"date":"2022-08-17T15:38:17","date_gmt":"2022-08-17T20:38:17","guid":{"rendered":"https:\/\/graziamagazine.com\/mx\/?post_type=articles&#038;p=116191"},"modified":"2022-08-19T08:27:34","modified_gmt":"2022-08-19T13:27:34","slug":"creador-fotografias-iconicas-celebridades-david-lachapelle-estrenara-exposicion-new-york","status":"publish","type":"articles","link":"https:\/\/graziamagazine.com\/mx\/articles\/creador-fotografias-iconicas-celebridades-david-lachapelle-estrenara-exposicion-new-york\/","title":{"rendered":"El creador de fotograf\u00edas ic\u00f3nicas de varias celebridades, David LaChapelle, estrenar\u00e1 exposici\u00f3n en New York"},"content":{"rendered":"<p><strong>David LaChapelle<\/strong> es uno de los fot\u00f3grafos m\u00e1s alucinantes que las celebridades aman, y nosotros tambi\u00e9n. Ha creado las im\u00e1genes m\u00e1s ic\u00f3nicas del mundo del arte y la moda desde los a\u00f1os ochenta.<\/p>\n<p>Y ya se viene la primera exposici\u00f3n individual del artista en <strong>Fotografiska<\/strong>, un museo de <strong>New York<\/strong> y ser\u00e1 la m\u00e1s grande presentada en los Estados Unidos.<\/p>\n<p>Ser\u00e1 inaugurada en septiembre y explorar\u00e1 d\u00e9cadas de trabajo de LaChapelle.<\/p>\n<p>Make Belive hace referencia a la cultura de las celebridades y a las im\u00e1genes religiosas que impactaron su crecimiento como artista. La muestra tendr\u00e1 m\u00e1s de 150 obras, creadas entre 1984 y 2022.<\/p>\n<p>Se exhibir\u00e1 en Fotografiska New York del <strong>9 de septiembre<\/strong> de 2022 al 9 de enero de 2023.<\/p>\n<p>&nbsp;<\/p>\n<div class=\"content-gallery\"><div class=\"gallery-placeholder\"><div class=\"spinner\"><\/div><\/div><span class=\"gallery-pagination\"><\/span><div id=\"gallery-1\" class=\"gallery galleryid-116191 gallery-columns- gallery-size-\"><figure class=\"gallery-item\"><div class=\"gallery-icon landscape\"><img loading=\"lazy\" decoding=\"async\" width=\"750\" height=\"954\" src=\"https:\/\/graziamagazine.com\/mx\/wp-content\/uploads\/sites\/13\/2022\/08\/David-LaChapelle-Fotografiska-New-York-8.jpg\" class=\"lazy\" alt=\"\" \/><\/div><figcaption class=\"wp-caption-text gallery-caption\" id=\"gallery-1-116206\">David LaChapelle. Fotografiska New York<\/figcaption><\/figure><figure class=\"gallery-item\"><div class=\"gallery-icon landscape\"><img loading=\"lazy\" decoding=\"async\" width=\"750\" height=\"1000\" src=\"https:\/\/graziamagazine.com\/mx\/wp-content\/uploads\/sites\/13\/2022\/08\/David-LaChapelle-Fotografiska-New-York-8.3-1.jpg\" class=\"lazy\" alt=\"\" \/><\/div><figcaption class=\"wp-caption-text gallery-caption\" id=\"gallery-1-116205\">David LaChapelle. Fotografiska New York<\/figcaption><\/figure><figure class=\"gallery-item\"><div class=\"gallery-icon landscape\"><img loading=\"lazy\" decoding=\"async\" width=\"1050\" height=\"671\" src=\"https:\/\/graziamagazine.com\/mx\/wp-content\/uploads\/sites\/13\/2022\/08\/David-LaChapelle-Fotografiska-New-York-8.2-1.jpg\" class=\"lazy\" alt=\"\" \/><\/div><figcaption class=\"wp-caption-text gallery-caption\" id=\"gallery-1-116204\">David LaChapelle. Fotografiska New York<\/figcaption><\/figure><figure class=\"gallery-item\"><div class=\"gallery-icon landscape\"><img loading=\"lazy\" decoding=\"async\" width=\"750\" height=\"979\" src=\"https:\/\/graziamagazine.com\/mx\/wp-content\/uploads\/sites\/13\/2022\/08\/David-LaChapelle-Fotografiska-New-York-7.jpg\" class=\"lazy\" alt=\"\" \/><\/div><figcaption class=\"wp-caption-text gallery-caption\" id=\"gallery-1-116203\">David LaChapelle. Fotografiska New York<\/figcaption><\/figure><figure class=\"gallery-item\"><div class=\"gallery-icon landscape\"><img loading=\"lazy\" decoding=\"async\" width=\"750\" height=\"1036\" src=\"https:\/\/graziamagazine.com\/mx\/wp-content\/uploads\/sites\/13\/2022\/08\/David-LaChapelle-Fotografiska-New-York-6.jpg\" class=\"lazy\" alt=\"\" \/><\/div><figcaption class=\"wp-caption-text gallery-caption\" id=\"gallery-1-116202\">David LaChapelle. Fotografiska New York<\/figcaption><\/figure><figure class=\"gallery-item\"><div class=\"gallery-icon landscape\"><img loading=\"lazy\" decoding=\"async\" width=\"750\" height=\"910\" src=\"https:\/\/graziamagazine.com\/mx\/wp-content\/uploads\/sites\/13\/2022\/08\/David-LaChapelle-Fotografiska-New-York-5.jpg\" class=\"lazy\" alt=\"\" \/><\/div><figcaption class=\"wp-caption-text gallery-caption\" id=\"gallery-1-116201\">David LaChapelle. Fotografiska New York<\/figcaption><\/figure><figure class=\"gallery-item\"><div class=\"gallery-icon landscape\"><img loading=\"lazy\" decoding=\"async\" width=\"750\" height=\"1033\" src=\"https:\/\/graziamagazine.com\/mx\/wp-content\/uploads\/sites\/13\/2022\/08\/David-LaChapelle-Fotografiska-New-York-3.jpg\" class=\"lazy\" alt=\"\" \/><\/div><figcaption class=\"wp-caption-text gallery-caption\" id=\"gallery-1-116199\">David LaChapelle. Fotografiska New York<\/figcaption><\/figure><figure class=\"gallery-item\"><div class=\"gallery-icon landscape\"><img loading=\"lazy\" decoding=\"async\" width=\"750\" height=\"1036\" src=\"https:\/\/graziamagazine.com\/mx\/wp-content\/uploads\/sites\/13\/2022\/08\/David-LaChapelle-Fotografiska-New-York-2.jpg\" class=\"lazy\" alt=\"\" \/><\/div><figcaption class=\"wp-caption-text gallery-caption\" id=\"gallery-1-116198\">David LaChapelle. Fotografiska New York<\/figcaption><\/figure><figure class=\"gallery-item\"><div class=\"gallery-icon landscape\"><img loading=\"lazy\" decoding=\"async\" width=\"750\" height=\"971\" src=\"https:\/\/graziamagazine.com\/mx\/wp-content\/uploads\/sites\/13\/2022\/08\/David-LaChapelle-Fotografiska-New-York-1.jpg\" class=\"lazy\" alt=\"\" \/><\/div><figcaption class=\"wp-caption-text gallery-caption\" id=\"gallery-1-116197\">David LaChapelle. Fotografiska New York<\/figcaption><\/figure><figure class=\"gallery-item\"><div class=\"gallery-icon landscape\"><img loading=\"lazy\" decoding=\"async\" width=\"750\" height=\"947\" src=\"https:\/\/graziamagazine.com\/mx\/wp-content\/uploads\/sites\/13\/2022\/08\/David-LaChapelle-Fotografiska-New-York-9.1.jpg\" class=\"lazy\" alt=\"\" \/><\/div><figcaption class=\"wp-caption-text gallery-caption\" id=\"gallery-1-116196\">David LaChapelle. Fotografiska New York<\/figcaption><\/figure><figure class=\"gallery-item\"><div class=\"gallery-icon landscape\"><img loading=\"lazy\" decoding=\"async\" width=\"1050\" height=\"671\" src=\"https:\/\/graziamagazine.com\/mx\/wp-content\/uploads\/sites\/13\/2022\/08\/David-LaChapelle-Fotografiska-New-York-8.2.jpg\" class=\"lazy\" alt=\"\" \/><\/div><figcaption class=\"wp-caption-text gallery-caption\" id=\"gallery-1-116195\">David LaChapelle. Fotografiska New York<\/figcaption><\/figure><figure class=\"gallery-item\"><div class=\"gallery-icon landscape\"><img loading=\"lazy\" decoding=\"async\" width=\"750\" height=\"1000\" src=\"https:\/\/graziamagazine.com\/mx\/wp-content\/uploads\/sites\/13\/2022\/08\/David-LaChapelle-Fotografiska-New-York-8.3.jpg\" class=\"lazy\" alt=\"\" \/><\/div><figcaption class=\"wp-caption-text gallery-caption\" id=\"gallery-1-116194\">David LaChapelle. Fotografiska New York<\/figcaption><\/figure><figure class=\"gallery-item\"><div class=\"gallery-icon landscape\"><img loading=\"lazy\" decoding=\"async\" width=\"1000\" height=\"1000\" src=\"https:\/\/graziamagazine.com\/mx\/wp-content\/uploads\/sites\/13\/2022\/08\/David-LaChapelle-Fotografiska-New-York-9.4.jpg\" class=\"lazy\" alt=\"\" \/><\/div><figcaption class=\"wp-caption-text gallery-caption\" id=\"gallery-1-116193\">David LaChapelle. Fotografiska New York<\/figcaption><\/figure><figure class=\"gallery-item\"><div class=\"gallery-icon landscape\"><img loading=\"lazy\" decoding=\"async\" width=\"1000\" height=\"1056\" src=\"https:\/\/graziamagazine.com\/mx\/wp-content\/uploads\/sites\/13\/2022\/08\/David-LaChapelle-Fotografiska-New-York-9.5.jpg\" class=\"lazy\" alt=\"\" \/><\/div><figcaption class=\"wp-caption-text gallery-caption\" id=\"gallery-1-116192\">David LaChapelle. Fotografiska New York<\/figcaption><\/figure><figure class=\"gallery-item\"><div class=\"gallery-icon landscape\"><img loading=\"lazy\" decoding=\"async\" width=\"1049\" height=\"721\" src=\"https:\/\/graziamagazine.com\/mx\/wp-content\/uploads\/sites\/13\/2022\/08\/David-LaChapelle-Fotografiska-New-York-4-e1660769182108.jpg\" class=\"lazy\" alt=\"\" \/><\/div><figcaption class=\"wp-caption-text gallery-caption\" id=\"gallery-1-116200\">David LaChapelle. Fotografiska New York<\/figcaption><\/figure><\/div><\/div>\n<p>&nbsp;<\/p>\n<p>La colecci\u00f3n se divide en cinco temas: religi\u00f3n, identidad de g\u00e9nero, la construcci\u00f3n de la celebridad, cuerpo imagen y medio ambiente.<\/p>\n<p>\u201cMis primeros trabajos de la d\u00e9cada de 1980 fueron motivados por la b\u00fasqueda de representar a un Dios amoroso, la naturaleza del alma y el cielo durante un per\u00edodo devastador en el que perd\u00ed muchos amigos\u201d, dijo LaChapelle a Dazed.<\/p>\n<p>Para hacer frente al trauma, David explor\u00f3 <strong>lo divino<\/strong>. Eso lo llev\u00f3 a conectar con Warhol, a quien fotografi\u00f3 contra una estanter\u00eda de biblias. Adem\u00e1s, esa result\u00f3 ser la \u00faltima sesi\u00f3n de Andy.<\/p>\n<p>\u201cCon el tiempo, comenc\u00e9 a notar c\u00f3mo mi fe en Dios me manten\u00eda firme a trav\u00e9s de mis luchas personales y, mientras tanto, el mundo de la <strong>cultura pop<\/strong> se alejaba de la religi\u00f3n y se enfocaba m\u00e1s en la fama, la riqueza y el individualismo\u201d, agreg\u00f3.<\/p>\n<p>En la exposici\u00f3n tambi\u00e9n se podr\u00e1 ver el \u00faltimo retrato de <strong>Michael Jackson<\/strong>, as\u00ed como fotograf\u00edas de Tupac, Bowie, Madonna y Britney Spears.<\/p>\n<p>Adem\u00e1s de campa\u00f1as de moda con Alexander McQueen y Naomi Campbell y fotos de Dua Lipa, Lizzo, Kanye West y Kim Kardashian.<\/p>\n<p>\u201cSe hizo evidente que no pod\u00eda separar mi vida personal y mi trabajo profesional. Siento la responsabilidad de traer luz al mundo y crear im\u00e1genes que puedan elevar y servir a la humanidad\u201d, dijo LaChapelle.<\/p>\n","protected":false},"author":36289,"featured_media":116200,"template":"","format":"standard","categories":[12517,9864],"acf":[],"yoast_head":"<!-- This site is optimized with the Yoast SEO Premium plugin v18.5 (Yoast SEO v20.4) - https:\/\/yoast.com\/wordpress\/plugins\/seo\/ -->\n<title>El creador de fotograf\u00edas ic\u00f3nicas de varias celebridades, David LaChapelle, estrenar\u00e1 exposici\u00f3n en New York | Grazia M\u00e9xico y Latinoam\u00e9rica<\/title>\n<meta name=\"description\" content=\"David LaChapelle es uno de los fot\u00f3grafos m\u00e1s alucinantes que las celebridades aman, y nosotros tambi\u00e9n. Ha creado las im\u00e1genes m\u00e1s ic\u00f3nicas del mundo del\" \/>\n<meta name=\"robots\" content=\"index, follow, max-snippet:-1, max-image-preview:large, max-video-preview:-1\" \/>\n<link rel=\"canonical\" href=\"https:\/\/graziamagazine.com\/mx\/articles\/creador-fotografias-iconicas-celebridades-david-lachapelle-estrenara-exposicion-new-york\/\" \/>\n<meta property=\"og:locale\" content=\"es_MX\" \/>\n<meta property=\"og:type\" content=\"article\" \/>\n<meta property=\"og:title\" content=\"El creador de fotograf\u00edas ic\u00f3nicas de varias celebridades, David LaChapelle, estrenar\u00e1 exposici\u00f3n en New York\" \/>\n<meta property=\"og:description\" content=\"David LaChapelle es uno de los fot\u00f3grafos m\u00e1s alucinantes que las celebridades aman, y nosotros tambi\u00e9n. Ha creado las im\u00e1genes m\u00e1s ic\u00f3nicas del mundo del\" \/>\n<meta property=\"og:url\" content=\"https:\/\/graziamagazine.com\/mx\/articles\/creador-fotografias-iconicas-celebridades-david-lachapelle-estrenara-exposicion-new-york\/\" \/>\n<meta property=\"og:site_name\" content=\"Grazia M\u00e9xico y Latinoam\u00e9rica\" \/>\n<meta property=\"article:modified_time\" content=\"2022-08-19T13:27:34+00:00\" \/>\n<meta property=\"og:image\" content=\"https:\/\/graziamagazine.com\/mx\/wp-content\/uploads\/sites\/13\/2022\/08\/David-LaChapelle-Fotografiska-New-York-4-e1660769182108.jpg\" \/>\n\t<meta property=\"og:image:width\" content=\"1049\" \/>\n\t<meta property=\"og:image:height\" content=\"721\" \/>\n\t<meta property=\"og:image:type\" content=\"image\/jpeg\" \/>\n<meta name=\"twitter:card\" content=\"summary_large_image\" \/>\n<meta name=\"twitter:label1\" content=\"Est. reading time\" \/>\n\t<meta name=\"twitter:data1\" content=\"2 minutos\" \/>\n<script type=\"application\/ld+json\" class=\"yoast-schema-graph\">{\"@context\":\"https:\/\/schema.org\",\"@graph\":[{\"@type\":\"WebPage\",\"@id\":\"https:\/\/graziamagazine.com\/mx\/articles\/creador-fotografias-iconicas-celebridades-david-lachapelle-estrenara-exposicion-new-york\/\",\"url\":\"https:\/\/graziamagazine.com\/mx\/articles\/creador-fotografias-iconicas-celebridades-david-lachapelle-estrenara-exposicion-new-york\/\",\"name\":\"El creador de fotograf\u00edas ic\u00f3nicas de varias celebridades, David LaChapelle, estrenar\u00e1 exposici\u00f3n en New York | Grazia M\u00e9xico y Latinoam\u00e9rica\",\"isPartOf\":{\"@id\":\"https:\/\/graziamagazine.com\/mx\/#website\"},\"datePublished\":\"2022-08-17T20:38:17+00:00\",\"dateModified\":\"2022-08-19T13:27:34+00:00\",\"description\":\"David LaChapelle es uno de los fot\u00f3grafos m\u00e1s alucinantes que las celebridades aman, y nosotros tambi\u00e9n. Ha creado las im\u00e1genes m\u00e1s ic\u00f3nicas del mundo del\",\"breadcrumb\":{\"@id\":\"https:\/\/graziamagazine.com\/mx\/articles\/creador-fotografias-iconicas-celebridades-david-lachapelle-estrenara-exposicion-new-york\/#breadcrumb\"},\"inLanguage\":\"es-MX\",\"potentialAction\":[{\"@type\":\"ReadAction\",\"target\":[\"https:\/\/graziamagazine.com\/mx\/articles\/creador-fotografias-iconicas-celebridades-david-lachapelle-estrenara-exposicion-new-york\/\"]}]},{\"@type\":\"BreadcrumbList\",\"@id\":\"https:\/\/graziamagazine.com\/mx\/articles\/creador-fotografias-iconicas-celebridades-david-lachapelle-estrenara-exposicion-new-york\/#breadcrumb\",\"itemListElement\":[{\"@type\":\"ListItem\",\"position\":1,\"name\":\"Home\",\"item\":\"https:\/\/graziamagazine.com\/mx\/\"},{\"@type\":\"ListItem\",\"position\":2,\"name\":\"El creador de fotograf\u00edas ic\u00f3nicas de varias celebridades, David LaChapelle, estrenar\u00e1 exposici\u00f3n en New York\"}]},{\"@type\":\"WebSite\",\"@id\":\"https:\/\/graziamagazine.com\/mx\/#website\",\"url\":\"https:\/\/graziamagazine.com\/mx\/\",\"name\":\"Grazia M\u00e9xico y Latinoam\u00e9rica\",\"description\":\"Grazia es moda, belleza y noticias  de actualidad \",\"potentialAction\":[{\"@type\":\"SearchAction\",\"target\":{\"@type\":\"EntryPoint\",\"urlTemplate\":\"https:\/\/graziamagazine.com\/mx\/?s={search_term_string}\"},\"query-input\":\"required name=search_term_string\"}],\"inLanguage\":\"es-MX\"}]}<\/script>\n<!-- \/ Yoast SEO Premium plugin. -->","yoast_head_json":{"title":"El creador de fotograf\u00edas ic\u00f3nicas de varias celebridades, David LaChapelle, estrenar\u00e1 exposici\u00f3n en New York | Grazia M\u00e9xico y Latinoam\u00e9rica","description":"David LaChapelle es uno de los fot\u00f3grafos m\u00e1s alucinantes que las celebridades aman, y nosotros tambi\u00e9n. Ha creado las im\u00e1genes m\u00e1s ic\u00f3nicas del mundo del","robots":{"index":"index","follow":"follow","max-snippet":"max-snippet:-1","max-image-preview":"max-image-preview:large","max-video-preview":"max-video-preview:-1"},"canonical":"https:\/\/graziamagazine.com\/mx\/articles\/creador-fotografias-iconicas-celebridades-david-lachapelle-estrenara-exposicion-new-york\/","og_locale":"es_MX","og_type":"article","og_title":"El creador de fotograf\u00edas ic\u00f3nicas de varias celebridades, David LaChapelle, estrenar\u00e1 exposici\u00f3n en New York","og_description":"David LaChapelle es uno de los fot\u00f3grafos m\u00e1s alucinantes que las celebridades aman, y nosotros tambi\u00e9n. Ha creado las im\u00e1genes m\u00e1s ic\u00f3nicas del mundo del","og_url":"https:\/\/graziamagazine.com\/mx\/articles\/creador-fotografias-iconicas-celebridades-david-lachapelle-estrenara-exposicion-new-york\/","og_site_name":"Grazia M\u00e9xico y Latinoam\u00e9rica","article_modified_time":"2022-08-19T13:27:34+00:00","og_image":[{"width":1049,"height":721,"url":"https:\/\/graziamagazine.com\/mx\/wp-content\/uploads\/sites\/13\/2022\/08\/David-LaChapelle-Fotografiska-New-York-4-e1660769182108.jpg","type":"image\/jpeg"}],"twitter_card":"summary_large_image","twitter_misc":{"Est. reading time":"2 minutos"},"schema":{"@context":"https:\/\/schema.org","@graph":[{"@type":"WebPage","@id":"https:\/\/graziamagazine.com\/mx\/articles\/creador-fotografias-iconicas-celebridades-david-lachapelle-estrenara-exposicion-new-york\/","url":"https:\/\/graziamagazine.com\/mx\/articles\/creador-fotografias-iconicas-celebridades-david-lachapelle-estrenara-exposicion-new-york\/","name":"El creador de fotograf\u00edas ic\u00f3nicas de varias celebridades, David LaChapelle, estrenar\u00e1 exposici\u00f3n en New York | Grazia M\u00e9xico y Latinoam\u00e9rica","isPartOf":{"@id":"https:\/\/graziamagazine.com\/mx\/#website"},"datePublished":"2022-08-17T20:38:17+00:00","dateModified":"2022-08-19T13:27:34+00:00","description":"David LaChapelle es uno de los fot\u00f3grafos m\u00e1s alucinantes que las celebridades aman, y nosotros tambi\u00e9n. Ha creado las im\u00e1genes m\u00e1s ic\u00f3nicas del mundo del","breadcrumb":{"@id":"https:\/\/graziamagazine.com\/mx\/articles\/creador-fotografias-iconicas-celebridades-david-lachapelle-estrenara-exposicion-new-york\/#breadcrumb"},"inLanguage":"es-MX","potentialAction":[{"@type":"ReadAction","target":["https:\/\/graziamagazine.com\/mx\/articles\/creador-fotografias-iconicas-celebridades-david-lachapelle-estrenara-exposicion-new-york\/"]}]},{"@type":"BreadcrumbList","@id":"https:\/\/graziamagazine.com\/mx\/articles\/creador-fotografias-iconicas-celebridades-david-lachapelle-estrenara-exposicion-new-york\/#breadcrumb","itemListElement":[{"@type":"ListItem","position":1,"name":"Home","item":"https:\/\/graziamagazine.com\/mx\/"},{"@type":"ListItem","position":2,"name":"El creador de fotograf\u00edas ic\u00f3nicas de varias celebridades, David LaChapelle, estrenar\u00e1 exposici\u00f3n en New York"}]},{"@type":"WebSite","@id":"https:\/\/graziamagazine.com\/mx\/#website","url":"https:\/\/graziamagazine.com\/mx\/","name":"Grazia M\u00e9xico y Latinoam\u00e9rica","description":"Grazia es moda, belleza y noticias  de actualidad ","potentialAction":[{"@type":"SearchAction","target":{"@type":"EntryPoint","urlTemplate":"https:\/\/graziamagazine.com\/mx\/?s={search_term_string}"},"query-input":"required name=search_term_string"}],"inLanguage":"es-MX"}]}},"jetpack_sharing_enabled":true,"distributor_meta":false,"distributor_terms":false,"distributor_media":false,"distributor_original_site_name":"Grazia M\u00e9xico y Latinoam\u00e9rica","distributor_original_site_url":"https:\/\/graziamagazine.com\/mx","push-errors":false,"_links":{"self":[{"href":"https:\/\/graziamagazine.com\/mx\/wp-json\/wp\/v2\/articles\/116191"}],"collection":[{"href":"https:\/\/graziamagazine.com\/mx\/wp-json\/wp\/v2\/articles"}],"about":[{"href":"https:\/\/graziamagazine.com\/mx\/wp-json\/wp\/v2\/types\/articles"}],"author":[{"embeddable":true,"href":"https:\/\/graziamagazine.com\/mx\/wp-json\/wp\/v2\/users\/36289"}],"wp:featuredmedia":[{"embeddable":true,"href":"https:\/\/graziamagazine.com\/mx\/wp-json\/wp\/v2\/media\/116200"}],"wp:attachment":[{"href":"https:\/\/graziamagazine.com\/mx\/wp-json\/wp\/v2\/media?parent=116191"}],"wp:term":[{"taxonomy":"category","embeddable":true,"href":"https:\/\/graziamagazine.com\/mx\/wp-json\/wp\/v2\/categories?post=116191"}],"curies":[{"name":"wp","href":"https:\/\/api.w.org\/{rel}","templated":true}]}}