{"id":116052,"date":"2022-08-10T15:22:05","date_gmt":"2022-08-10T20:22:05","guid":{"rendered":"https:\/\/graziamagazine.com\/mx\/?post_type=articles&#038;p=116052"},"modified":"2022-08-10T15:29:38","modified_gmt":"2022-08-10T20:29:38","slug":"amazon-prime-video-cancela-tres-programas-definitivamente-fans-no-pueden-superarlo","status":"publish","type":"articles","link":"https:\/\/graziamagazine.com\/mx\/articles\/amazon-prime-video-cancela-tres-programas-definitivamente-fans-no-pueden-superarlo\/","title":{"rendered":"Amazon Prime Video cancela tres programas definitivamente y los fans no pueden superarlo"},"content":{"rendered":"<p><strong>Amazon Prime Video<\/strong> nos tiene al filo del asiento y no solo por las series y pel\u00edculas, sino porque ha cancelado algunos shows y eso ha hecho enojar a los fan\u00e1ticos de la plataforma.<\/p>\n<p>En total <strong>cancel\u00f3 3 programas de televisi\u00f3n<\/strong>, renov\u00f3 6 m\u00e1s y anunci\u00f3 que uno est\u00e1 llegando a su fin.<\/p>\n<p>Prime dijo esos seis de sus programas de televisi\u00f3n que han sido renovados tendr\u00e1n temporadas adicionales<\/p>\n<p>Desafortunadamente, tres de sus programas de televisi\u00f3n s\u00ed fueron cancelados de forma <strong>definitiva<\/strong>.<\/p>\n<p>&nbsp;<\/p>\n<h3><strong>I Know What You Did Last Summer<\/strong><\/h3>\n<p>Fue cancelada el 7 de enero de 2022 despu\u00e9s de una temporada.<\/p>\n<figure id=\"attachment_116064\" aria-describedby=\"caption-attachment-116064\" style=\"width: 450px\" class=\"wp-caption alignnone\"><img loading=\"lazy\" decoding=\"async\" class=\"size-medium wp-image-116064\" src=\"https:\/\/graziamagazine.com\/mx\/wp-content\/uploads\/sites\/13\/2022\/08\/verano-.png?w=450\" alt=\"\" width=\"450\" height=\"284\" \/><figcaption id=\"caption-attachment-116064\" class=\"wp-caption-text\">Amazon Prime Video<\/figcaption><\/figure>\n<h3><\/h3>\n<h3><strong>Night Sky<\/strong><\/h3>\n<p>Cancelada el 6 de julio de 2022 despu\u00e9s de solo una temporada.<\/p>\n<figure id=\"attachment_116054\" aria-describedby=\"caption-attachment-116054\" style=\"width: 450px\" class=\"wp-caption alignnone\"><img loading=\"lazy\" decoding=\"async\" class=\"size-medium wp-image-116054\" src=\"https:\/\/graziamagazine.com\/mx\/wp-content\/uploads\/sites\/13\/2022\/08\/Night-Sky.png?w=450\" alt=\"\" width=\"450\" height=\"294\" \/><figcaption id=\"caption-attachment-116054\" class=\"wp-caption-text\">Amazon Prime Video<\/figcaption><\/figure>\n<p>&nbsp;<\/p>\n<h3><strong>The Wilds<\/strong><\/h3>\n<p>Cancelado el 28 de julio de 2022 despu\u00e9s de dos temporadas.<\/p>\n<p>La serie debut\u00f3 por primera vez durante la pandemia de COVID-19 y el debut de una segunda temporada en mayo de 2022.<\/p>\n<figure id=\"attachment_116053\" aria-describedby=\"caption-attachment-116053\" style=\"width: 450px\" class=\"wp-caption alignnone\"><img loading=\"lazy\" decoding=\"async\" class=\"size-medium wp-image-116053\" src=\"https:\/\/graziamagazine.com\/mx\/wp-content\/uploads\/sites\/13\/2022\/08\/The-Wilds-.png?w=450\" alt=\"\" width=\"450\" height=\"250\" \/><figcaption id=\"caption-attachment-116053\" class=\"wp-caption-text\">Amazon Prime Video<\/figcaption><\/figure>\n<p>&nbsp;<\/p>\n<h3><strong>Reacher<\/strong><\/h3>\n<p>Renovado el 7 de febrero de 2022 para la segunda temporada.<\/p>\n<figure id=\"attachment_116061\" aria-describedby=\"caption-attachment-116061\" style=\"width: 450px\" class=\"wp-caption alignnone\"><img loading=\"lazy\" decoding=\"async\" class=\"size-medium wp-image-116061\" src=\"https:\/\/graziamagazine.com\/mx\/wp-content\/uploads\/sites\/13\/2022\/08\/reacher-.png?w=450\" alt=\"\" width=\"450\" height=\"259\" \/><figcaption id=\"caption-attachment-116061\" class=\"wp-caption-text\">Amazon Prime Video<\/figcaption><\/figure>\n<p>&nbsp;<\/p>\n<h3><strong>Harlem<\/strong><\/h3>\n<p>El 17 de febrero de 2022 fue renovado para la temporada dos.<\/p>\n<figure id=\"attachment_116060\" aria-describedby=\"caption-attachment-116060\" style=\"width: 450px\" class=\"wp-caption alignnone\"><img loading=\"lazy\" decoding=\"async\" class=\"size-medium wp-image-116060\" src=\"https:\/\/graziamagazine.com\/mx\/wp-content\/uploads\/sites\/13\/2022\/08\/harlem-.png?w=450\" alt=\"\" width=\"450\" height=\"217\" \/><figcaption id=\"caption-attachment-116060\" class=\"wp-caption-text\">Amazon Prime Video<\/figcaption><\/figure>\n<p>&nbsp;<\/p>\n<h3><strong>The Marvelous Mrs. Maisel<\/strong><\/h3>\n<p>Fue renovada el 17 de febrero de 2022 para la temporada cinco que ser\u00e1 la \u00faltima de la historia.<\/p>\n<figure id=\"attachment_116059\" aria-describedby=\"caption-attachment-116059\" style=\"width: 450px\" class=\"wp-caption alignnone\"><img loading=\"lazy\" decoding=\"async\" class=\"size-medium wp-image-116059\" src=\"https:\/\/graziamagazine.com\/mx\/wp-content\/uploads\/sites\/13\/2022\/08\/The-Marvelous-Mrs.-Maisel.png?w=450\" alt=\"\" width=\"450\" height=\"304\" \/><figcaption id=\"caption-attachment-116059\" class=\"wp-caption-text\">Amazon Prime Video<\/figcaption><\/figure>\n<p>&nbsp;<\/p>\n<h3><strong>Upload<\/strong><\/h3>\n<p>Fue renovada el 11 de mayo de 2022 para la temporada tres.<\/p>\n<figure id=\"attachment_116057\" aria-describedby=\"caption-attachment-116057\" style=\"width: 450px\" class=\"wp-caption alignnone\"><img loading=\"lazy\" decoding=\"async\" class=\"size-medium wp-image-116057\" src=\"https:\/\/graziamagazine.com\/mx\/wp-content\/uploads\/sites\/13\/2022\/08\/upload-2.png?w=450\" alt=\"\" width=\"450\" height=\"254\" \/><figcaption id=\"caption-attachment-116057\" class=\"wp-caption-text\">Amazon Prime Video<\/figcaption><\/figure>\n<p>&nbsp;<\/p>\n<h3><strong>The Summer I Turned Pretty<\/strong><\/h3>\n<p>Fue renovada el8 de junio de 2022 para la temporada dos.<\/p>\n<figure id=\"attachment_116056\" aria-describedby=\"caption-attachment-116056\" style=\"width: 450px\" class=\"wp-caption alignnone\"><img loading=\"lazy\" decoding=\"async\" class=\"size-medium wp-image-116056\" src=\"https:\/\/graziamagazine.com\/mx\/wp-content\/uploads\/sites\/13\/2022\/08\/The-Summer-I-Turned-Pretty.png?w=450\" alt=\"\" width=\"450\" height=\"262\" \/><figcaption id=\"caption-attachment-116056\" class=\"wp-caption-text\">Amazon Prime Video<\/figcaption><\/figure>\n<p>&nbsp;<\/p>\n<h3><strong>The Boys<\/strong><\/h3>\n<p>El 10 de junio de 2022 fue renovada para una cuarta temporada.<\/p>\n<figure id=\"attachment_116055\" aria-describedby=\"caption-attachment-116055\" style=\"width: 450px\" class=\"wp-caption alignnone\"><img loading=\"lazy\" decoding=\"async\" class=\"size-medium wp-image-116055\" src=\"https:\/\/graziamagazine.com\/mx\/wp-content\/uploads\/sites\/13\/2022\/08\/The-Boys.png?w=450\" alt=\"\" width=\"450\" height=\"192\" \/><figcaption id=\"caption-attachment-116055\" class=\"wp-caption-text\">Amazon Prime Video<\/figcaption><\/figure>\n<p>&nbsp;<\/p>\n<p>As\u00ed que, si alguna de tus favoritas esta en la lista de los programas cancelados, puedes hacerte a la idea de que no sabr\u00e1s la continuaci\u00f3n de la historia, pero si no, disfruta del hecho de que esta vez te salvaste de la tijera despiadada de las plataformas de streaming\u2026<\/p>\n<p>&nbsp;<\/p>\n<p>&nbsp;<\/p>\n<p>&nbsp;<\/p>\n","protected":false},"author":36289,"featured_media":116058,"template":"","format":"standard","categories":[12517],"acf":[],"yoast_head":"<!-- This site is optimized with the Yoast SEO Premium plugin v18.5 (Yoast SEO v20.4) - https:\/\/yoast.com\/wordpress\/plugins\/seo\/ -->\n<title>Amazon Prime Video cancela tres programas definitivamente y los fans no pueden superarlo | Grazia M\u00e9xico y Latinoam\u00e9rica<\/title>\n<meta name=\"description\" content=\"Amazon Prime Video nos tiene al filo del asiento y no solo por las series y pel\u00edculas, sino porque ha cancelado algunos shows y eso ha hecho enojar a los\" \/>\n<meta name=\"robots\" content=\"index, follow, max-snippet:-1, max-image-preview:large, max-video-preview:-1\" \/>\n<link rel=\"canonical\" href=\"https:\/\/graziamagazine.com\/mx\/articles\/amazon-prime-video-cancela-tres-programas-definitivamente-fans-no-pueden-superarlo\/\" \/>\n<meta property=\"og:locale\" content=\"es_MX\" \/>\n<meta property=\"og:type\" content=\"article\" \/>\n<meta property=\"og:title\" content=\"Amazon Prime Video cancela tres programas definitivamente y los fans no pueden superarlo\" \/>\n<meta property=\"og:description\" content=\"Amazon Prime Video nos tiene al filo del asiento y no solo por las series y pel\u00edculas, sino porque ha cancelado algunos shows y eso ha hecho enojar a los\" \/>\n<meta property=\"og:url\" content=\"https:\/\/graziamagazine.com\/mx\/articles\/amazon-prime-video-cancela-tres-programas-definitivamente-fans-no-pueden-superarlo\/\" \/>\n<meta property=\"og:site_name\" content=\"Grazia M\u00e9xico y Latinoam\u00e9rica\" \/>\n<meta property=\"article:modified_time\" content=\"2022-08-10T20:29:38+00:00\" \/>\n<meta property=\"og:image\" content=\"https:\/\/graziamagazine.com\/mx\/wp-content\/uploads\/sites\/13\/2022\/08\/upload-1-e1660163265237.png\" \/>\n\t<meta property=\"og:image:width\" content=\"1281\" \/>\n\t<meta property=\"og:image:height\" content=\"716\" \/>\n\t<meta property=\"og:image:type\" content=\"image\/png\" \/>\n<meta name=\"twitter:card\" content=\"summary_large_image\" \/>\n<meta name=\"twitter:label1\" content=\"Est. reading time\" \/>\n\t<meta name=\"twitter:data1\" content=\"4 minutos\" \/>\n<script type=\"application\/ld+json\" class=\"yoast-schema-graph\">{\"@context\":\"https:\/\/schema.org\",\"@graph\":[{\"@type\":\"WebPage\",\"@id\":\"https:\/\/graziamagazine.com\/mx\/articles\/amazon-prime-video-cancela-tres-programas-definitivamente-fans-no-pueden-superarlo\/\",\"url\":\"https:\/\/graziamagazine.com\/mx\/articles\/amazon-prime-video-cancela-tres-programas-definitivamente-fans-no-pueden-superarlo\/\",\"name\":\"Amazon Prime Video cancela tres programas definitivamente y los fans no pueden superarlo | Grazia M\u00e9xico y Latinoam\u00e9rica\",\"isPartOf\":{\"@id\":\"https:\/\/graziamagazine.com\/mx\/#website\"},\"datePublished\":\"2022-08-10T20:22:05+00:00\",\"dateModified\":\"2022-08-10T20:29:38+00:00\",\"description\":\"Amazon Prime Video nos tiene al filo del asiento y no solo por las series y pel\u00edculas, sino porque ha cancelado algunos shows y eso ha hecho enojar a los\",\"breadcrumb\":{\"@id\":\"https:\/\/graziamagazine.com\/mx\/articles\/amazon-prime-video-cancela-tres-programas-definitivamente-fans-no-pueden-superarlo\/#breadcrumb\"},\"inLanguage\":\"es-MX\",\"potentialAction\":[{\"@type\":\"ReadAction\",\"target\":[\"https:\/\/graziamagazine.com\/mx\/articles\/amazon-prime-video-cancela-tres-programas-definitivamente-fans-no-pueden-superarlo\/\"]}]},{\"@type\":\"BreadcrumbList\",\"@id\":\"https:\/\/graziamagazine.com\/mx\/articles\/amazon-prime-video-cancela-tres-programas-definitivamente-fans-no-pueden-superarlo\/#breadcrumb\",\"itemListElement\":[{\"@type\":\"ListItem\",\"position\":1,\"name\":\"Home\",\"item\":\"https:\/\/graziamagazine.com\/mx\/\"},{\"@type\":\"ListItem\",\"position\":2,\"name\":\"Amazon Prime Video cancela tres programas definitivamente y los fans no pueden superarlo\"}]},{\"@type\":\"WebSite\",\"@id\":\"https:\/\/graziamagazine.com\/mx\/#website\",\"url\":\"https:\/\/graziamagazine.com\/mx\/\",\"name\":\"Grazia M\u00e9xico y Latinoam\u00e9rica\",\"description\":\"Grazia es moda, belleza y noticias  de actualidad \",\"potentialAction\":[{\"@type\":\"SearchAction\",\"target\":{\"@type\":\"EntryPoint\",\"urlTemplate\":\"https:\/\/graziamagazine.com\/mx\/?s={search_term_string}\"},\"query-input\":\"required name=search_term_string\"}],\"inLanguage\":\"es-MX\"}]}<\/script>\n<!-- \/ Yoast SEO Premium plugin. -->","yoast_head_json":{"title":"Amazon Prime Video cancela tres programas definitivamente y los fans no pueden superarlo | Grazia M\u00e9xico y Latinoam\u00e9rica","description":"Amazon Prime Video nos tiene al filo del asiento y no solo por las series y pel\u00edculas, sino porque ha cancelado algunos shows y eso ha hecho enojar a los","robots":{"index":"index","follow":"follow","max-snippet":"max-snippet:-1","max-image-preview":"max-image-preview:large","max-video-preview":"max-video-preview:-1"},"canonical":"https:\/\/graziamagazine.com\/mx\/articles\/amazon-prime-video-cancela-tres-programas-definitivamente-fans-no-pueden-superarlo\/","og_locale":"es_MX","og_type":"article","og_title":"Amazon Prime Video cancela tres programas definitivamente y los fans no pueden superarlo","og_description":"Amazon Prime Video nos tiene al filo del asiento y no solo por las series y pel\u00edculas, sino porque ha cancelado algunos shows y eso ha hecho enojar a los","og_url":"https:\/\/graziamagazine.com\/mx\/articles\/amazon-prime-video-cancela-tres-programas-definitivamente-fans-no-pueden-superarlo\/","og_site_name":"Grazia M\u00e9xico y Latinoam\u00e9rica","article_modified_time":"2022-08-10T20:29:38+00:00","og_image":[{"width":1281,"height":716,"url":"https:\/\/graziamagazine.com\/mx\/wp-content\/uploads\/sites\/13\/2022\/08\/upload-1-e1660163265237.png","type":"image\/png"}],"twitter_card":"summary_large_image","twitter_misc":{"Est. reading time":"4 minutos"},"schema":{"@context":"https:\/\/schema.org","@graph":[{"@type":"WebPage","@id":"https:\/\/graziamagazine.com\/mx\/articles\/amazon-prime-video-cancela-tres-programas-definitivamente-fans-no-pueden-superarlo\/","url":"https:\/\/graziamagazine.com\/mx\/articles\/amazon-prime-video-cancela-tres-programas-definitivamente-fans-no-pueden-superarlo\/","name":"Amazon Prime Video cancela tres programas definitivamente y los fans no pueden superarlo | Grazia M\u00e9xico y Latinoam\u00e9rica","isPartOf":{"@id":"https:\/\/graziamagazine.com\/mx\/#website"},"datePublished":"2022-08-10T20:22:05+00:00","dateModified":"2022-08-10T20:29:38+00:00","description":"Amazon Prime Video nos tiene al filo del asiento y no solo por las series y pel\u00edculas, sino porque ha cancelado algunos shows y eso ha hecho enojar a los","breadcrumb":{"@id":"https:\/\/graziamagazine.com\/mx\/articles\/amazon-prime-video-cancela-tres-programas-definitivamente-fans-no-pueden-superarlo\/#breadcrumb"},"inLanguage":"es-MX","potentialAction":[{"@type":"ReadAction","target":["https:\/\/graziamagazine.com\/mx\/articles\/amazon-prime-video-cancela-tres-programas-definitivamente-fans-no-pueden-superarlo\/"]}]},{"@type":"BreadcrumbList","@id":"https:\/\/graziamagazine.com\/mx\/articles\/amazon-prime-video-cancela-tres-programas-definitivamente-fans-no-pueden-superarlo\/#breadcrumb","itemListElement":[{"@type":"ListItem","position":1,"name":"Home","item":"https:\/\/graziamagazine.com\/mx\/"},{"@type":"ListItem","position":2,"name":"Amazon Prime Video cancela tres programas definitivamente y los fans no pueden superarlo"}]},{"@type":"WebSite","@id":"https:\/\/graziamagazine.com\/mx\/#website","url":"https:\/\/graziamagazine.com\/mx\/","name":"Grazia M\u00e9xico y Latinoam\u00e9rica","description":"Grazia es moda, belleza y noticias  de actualidad ","potentialAction":[{"@type":"SearchAction","target":{"@type":"EntryPoint","urlTemplate":"https:\/\/graziamagazine.com\/mx\/?s={search_term_string}"},"query-input":"required name=search_term_string"}],"inLanguage":"es-MX"}]}},"jetpack_sharing_enabled":true,"distributor_meta":false,"distributor_terms":false,"distributor_media":false,"distributor_original_site_name":"Grazia M\u00e9xico y Latinoam\u00e9rica","distributor_original_site_url":"https:\/\/graziamagazine.com\/mx","push-errors":false,"_links":{"self":[{"href":"https:\/\/graziamagazine.com\/mx\/wp-json\/wp\/v2\/articles\/116052"}],"collection":[{"href":"https:\/\/graziamagazine.com\/mx\/wp-json\/wp\/v2\/articles"}],"about":[{"href":"https:\/\/graziamagazine.com\/mx\/wp-json\/wp\/v2\/types\/articles"}],"author":[{"embeddable":true,"href":"https:\/\/graziamagazine.com\/mx\/wp-json\/wp\/v2\/users\/36289"}],"wp:featuredmedia":[{"embeddable":true,"href":"https:\/\/graziamagazine.com\/mx\/wp-json\/wp\/v2\/media\/116058"}],"wp:attachment":[{"href":"https:\/\/graziamagazine.com\/mx\/wp-json\/wp\/v2\/media?parent=116052"}],"wp:term":[{"taxonomy":"category","embeddable":true,"href":"https:\/\/graziamagazine.com\/mx\/wp-json\/wp\/v2\/categories?post=116052"}],"curies":[{"name":"wp","href":"https:\/\/api.w.org\/{rel}","templated":true}]}}