{"id":115571,"date":"2022-08-02T07:07:13","date_gmt":"2022-08-02T12:07:13","guid":{"rendered":"https:\/\/graziamagazine.com\/mx\/?post_type=articles&#038;p=115571"},"modified":"2022-08-02T13:40:31","modified_gmt":"2022-08-02T18:40:31","slug":"looks-aeropuerto-aman-vestir-celebridades-viajar","status":"publish","type":"articles","link":"https:\/\/graziamagazine.com\/mx\/articles\/looks-aeropuerto-aman-vestir-celebridades-viajar\/","title":{"rendered":"Looks de aeropuerto: lo que aman vestir las celebridades para viajar"},"content":{"rendered":"<p>&nbsp;<\/p>\n<p>Admit\u00e1moslo, <strong>viajar<\/strong> no siempre es muy c\u00f3modo. Aunque vayas en primera clase, finalmente no es tu cama.<\/p>\n<p>As\u00ed que al elegir un atuendo para aeropuerto tienes que considerar la comodidad <strong>sin sacrificar el estilo<\/strong>. Las celebridades lo saben muy bien y <strong>se nota<\/strong>.<\/p>\n<p>Te dejamos una lista de las <strong>celebridades<\/strong> que manejan con maestr\u00eda estos dos principios de la moda, con sus mejores <strong>outfits de aeropuerto<\/strong>.<\/p>\n<p>&nbsp;<\/p>\n<h3>Angelina Jolie<\/h3>\n<p><img loading=\"lazy\" decoding=\"async\" class=\"alignnone size-medium wp-image-115576\" src=\"https:\/\/graziamagazine.com\/mx\/wp-content\/uploads\/sites\/13\/2022\/07\/Angelina-Jolie.jpeg?w=300\" alt=\"\" width=\"300\" height=\"450\" \/><\/p>\n<h3><img loading=\"lazy\" decoding=\"async\" class=\"aligncenter wp-image-115862 size-large\" src=\"https:\/\/graziamagazine.com\/mx\/wp-content\/uploads\/sites\/13\/2022\/07\/37527CE4-8470-478A-9881-54B3BCB0840A.jpeg?w=829\" alt=\"\" width=\"829\" height=\"1024\" \/><\/h3>\n<h3>Las gemelas Olsen<\/h3>\n<p>&nbsp;<\/p>\n<p><img loading=\"lazy\" decoding=\"async\" class=\"aligncenter wp-image-115579 size-large\" src=\"https:\/\/graziamagazine.com\/mx\/wp-content\/uploads\/sites\/13\/2022\/07\/Gemelas-Olsen.jpeg?w=469\" alt=\"\" width=\"469\" height=\"750\" \/><\/p>\n<h3>Anne Hathaway<\/h3>\n<div class=\"content-gallery\"><div class=\"gallery-placeholder\"><div class=\"spinner\"><\/div><\/div><span class=\"gallery-pagination\"><\/span><div id=\"gallery-1\" class=\"gallery galleryid-115571 gallery-columns- gallery-size-\"><figure class=\"gallery-item\"><div class=\"gallery-icon landscape\"><img loading=\"lazy\" decoding=\"async\" width=\"414\" height=\"621\" src=\"https:\/\/graziamagazine.com\/mx\/wp-content\/uploads\/sites\/13\/2022\/07\/Anne-Hathaway-2.jpeg\" class=\"lazy\" alt=\"\" \/><\/div><\/figure><figure class=\"gallery-item\"><div class=\"gallery-icon landscape\"><img loading=\"lazy\" decoding=\"async\" width=\"634\" height=\"1166\" src=\"https:\/\/graziamagazine.com\/mx\/wp-content\/uploads\/sites\/13\/2022\/07\/Anne-Hathaway-3.jpeg\" class=\"lazy\" alt=\"\" \/><\/div><\/figure><\/div><\/div>\n<p>&nbsp;<\/p>\n<h3>Elle Fanning<\/h3>\n<div class=\"content-gallery\"><div class=\"gallery-placeholder\"><div class=\"spinner\"><\/div><\/div><span class=\"gallery-pagination\"><\/span><div id=\"gallery-2\" class=\"gallery galleryid-115571 gallery-columns- gallery-size-\"><figure class=\"gallery-item\"><div class=\"gallery-icon landscape\"><img loading=\"lazy\" decoding=\"async\" width=\"1067\" height=\"1600\" src=\"https:\/\/graziamagazine.com\/mx\/wp-content\/uploads\/sites\/13\/2022\/07\/Elle-fanning-2.jpeg\" class=\"lazy\" alt=\"\" \/><\/div><\/figure><figure class=\"gallery-item\"><div class=\"gallery-icon landscape\"><img loading=\"lazy\" decoding=\"async\" width=\"974\" height=\"1600\" src=\"https:\/\/graziamagazine.com\/mx\/wp-content\/uploads\/sites\/13\/2022\/07\/Elle-fanning.jpeg\" class=\"lazy\" alt=\"\" \/><\/div><\/figure><\/div><\/div>\n<p>&nbsp;<\/p>\n<h3>Emily Ratajkowski<\/h3>\n<p><img loading=\"lazy\" decoding=\"async\" class=\"alignnone wp-image-115573 size-large\" src=\"https:\/\/graziamagazine.com\/mx\/wp-content\/uploads\/sites\/13\/2022\/07\/Emily-Ratajkowski.jpeg?w=660\" alt=\"\" width=\"660\" height=\"1000\" \/><\/p>\n<p>&nbsp;<\/p>\n<h3>Jennifer L\u00f3pez<\/h3>\n<p>&nbsp;<\/p>\n<p><img loading=\"lazy\" decoding=\"async\" class=\"alignnone wp-image-115581 size-large\" src=\"https:\/\/graziamagazine.com\/mx\/wp-content\/uploads\/sites\/13\/2022\/07\/Jennifer-Lopez-1.jpeg?w=567\" alt=\"\" width=\"567\" height=\"1024\" \/><\/p>\n<p>&nbsp;<\/p>\n<p>El verano contin\u00faa y todos queremos salir. Si te quieres inspirar para tu pr\u00f3ximo viaje, insp\u00edrate en las expertas. Al fin de cuentas celebridades, actrices y cantantes pasan m\u00e1s de la mitad de su vida en los aeropuertos.<\/p>\n<p>&nbsp;<\/p>\n","protected":false},"author":36289,"featured_media":115578,"template":"","format":"standard","categories":[12483],"acf":[],"yoast_head":"<!-- This site is optimized with the Yoast SEO Premium plugin v18.5 (Yoast SEO v20.4) - https:\/\/yoast.com\/wordpress\/plugins\/seo\/ -->\n<title>Looks de aeropuerto: lo que aman vestir las celebridades para viajar | Grazia M\u00e9xico y Latinoam\u00e9rica<\/title>\n<meta name=\"description\" content=\"&nbsp; Admit\u00e1moslo, viajar no siempre es muy c\u00f3modo. Aunque vayas en primera clase, finalmente no es tu cama. As\u00ed que al elegir un atuendo para aeropuerto\" \/>\n<meta name=\"robots\" content=\"index, follow, max-snippet:-1, max-image-preview:large, max-video-preview:-1\" \/>\n<link rel=\"canonical\" href=\"https:\/\/graziamagazine.com\/mx\/articles\/looks-aeropuerto-aman-vestir-celebridades-viajar\/\" \/>\n<meta property=\"og:locale\" content=\"es_MX\" \/>\n<meta property=\"og:type\" content=\"article\" \/>\n<meta property=\"og:title\" content=\"Looks de aeropuerto: lo que aman vestir las celebridades para viajar\" \/>\n<meta property=\"og:description\" content=\"&nbsp; Admit\u00e1moslo, viajar no siempre es muy c\u00f3modo. Aunque vayas en primera clase, finalmente no es tu cama. As\u00ed que al elegir un atuendo para aeropuerto\" \/>\n<meta property=\"og:url\" content=\"https:\/\/graziamagazine.com\/mx\/articles\/looks-aeropuerto-aman-vestir-celebridades-viajar\/\" \/>\n<meta property=\"og:site_name\" content=\"Grazia M\u00e9xico y Latinoam\u00e9rica\" \/>\n<meta property=\"article:modified_time\" content=\"2022-08-02T18:40:31+00:00\" \/>\n<meta property=\"og:image\" content=\"https:\/\/graziamagazine.com\/mx\/wp-content\/uploads\/sites\/13\/2022\/07\/Jennifer-Lopez-e1658942473592.jpeg\" \/>\n\t<meta property=\"og:image:width\" content=\"887\" \/>\n\t<meta property=\"og:image:height\" content=\"499\" \/>\n\t<meta property=\"og:image:type\" content=\"image\/jpeg\" \/>\n<meta name=\"twitter:card\" content=\"summary_large_image\" \/>\n<meta name=\"twitter:label1\" content=\"Est. reading time\" \/>\n\t<meta name=\"twitter:data1\" content=\"2 minutos\" \/>\n<script type=\"application\/ld+json\" class=\"yoast-schema-graph\">{\"@context\":\"https:\/\/schema.org\",\"@graph\":[{\"@type\":\"WebPage\",\"@id\":\"https:\/\/graziamagazine.com\/mx\/articles\/looks-aeropuerto-aman-vestir-celebridades-viajar\/\",\"url\":\"https:\/\/graziamagazine.com\/mx\/articles\/looks-aeropuerto-aman-vestir-celebridades-viajar\/\",\"name\":\"Looks de aeropuerto: lo que aman vestir las celebridades para viajar | Grazia M\u00e9xico y Latinoam\u00e9rica\",\"isPartOf\":{\"@id\":\"https:\/\/graziamagazine.com\/mx\/#website\"},\"datePublished\":\"2022-08-02T12:07:13+00:00\",\"dateModified\":\"2022-08-02T18:40:31+00:00\",\"description\":\"&nbsp; Admit\u00e1moslo, viajar no siempre es muy c\u00f3modo. Aunque vayas en primera clase, finalmente no es tu cama. As\u00ed que al elegir un atuendo para aeropuerto\",\"breadcrumb\":{\"@id\":\"https:\/\/graziamagazine.com\/mx\/articles\/looks-aeropuerto-aman-vestir-celebridades-viajar\/#breadcrumb\"},\"inLanguage\":\"es-MX\",\"potentialAction\":[{\"@type\":\"ReadAction\",\"target\":[\"https:\/\/graziamagazine.com\/mx\/articles\/looks-aeropuerto-aman-vestir-celebridades-viajar\/\"]}]},{\"@type\":\"BreadcrumbList\",\"@id\":\"https:\/\/graziamagazine.com\/mx\/articles\/looks-aeropuerto-aman-vestir-celebridades-viajar\/#breadcrumb\",\"itemListElement\":[{\"@type\":\"ListItem\",\"position\":1,\"name\":\"Home\",\"item\":\"https:\/\/graziamagazine.com\/mx\/\"},{\"@type\":\"ListItem\",\"position\":2,\"name\":\"Looks de aeropuerto: lo que aman vestir las celebridades para viajar\"}]},{\"@type\":\"WebSite\",\"@id\":\"https:\/\/graziamagazine.com\/mx\/#website\",\"url\":\"https:\/\/graziamagazine.com\/mx\/\",\"name\":\"Grazia M\u00e9xico y Latinoam\u00e9rica\",\"description\":\"Grazia es moda, belleza y noticias  de actualidad \",\"potentialAction\":[{\"@type\":\"SearchAction\",\"target\":{\"@type\":\"EntryPoint\",\"urlTemplate\":\"https:\/\/graziamagazine.com\/mx\/?s={search_term_string}\"},\"query-input\":\"required name=search_term_string\"}],\"inLanguage\":\"es-MX\"}]}<\/script>\n<!-- \/ Yoast SEO Premium plugin. -->","yoast_head_json":{"title":"Looks de aeropuerto: lo que aman vestir las celebridades para viajar | Grazia M\u00e9xico y Latinoam\u00e9rica","description":"&nbsp; Admit\u00e1moslo, viajar no siempre es muy c\u00f3modo. Aunque vayas en primera clase, finalmente no es tu cama. As\u00ed que al elegir un atuendo para aeropuerto","robots":{"index":"index","follow":"follow","max-snippet":"max-snippet:-1","max-image-preview":"max-image-preview:large","max-video-preview":"max-video-preview:-1"},"canonical":"https:\/\/graziamagazine.com\/mx\/articles\/looks-aeropuerto-aman-vestir-celebridades-viajar\/","og_locale":"es_MX","og_type":"article","og_title":"Looks de aeropuerto: lo que aman vestir las celebridades para viajar","og_description":"&nbsp; Admit\u00e1moslo, viajar no siempre es muy c\u00f3modo. Aunque vayas en primera clase, finalmente no es tu cama. As\u00ed que al elegir un atuendo para aeropuerto","og_url":"https:\/\/graziamagazine.com\/mx\/articles\/looks-aeropuerto-aman-vestir-celebridades-viajar\/","og_site_name":"Grazia M\u00e9xico y Latinoam\u00e9rica","article_modified_time":"2022-08-02T18:40:31+00:00","og_image":[{"width":887,"height":499,"url":"https:\/\/graziamagazine.com\/mx\/wp-content\/uploads\/sites\/13\/2022\/07\/Jennifer-Lopez-e1658942473592.jpeg","type":"image\/jpeg"}],"twitter_card":"summary_large_image","twitter_misc":{"Est. reading time":"2 minutos"},"schema":{"@context":"https:\/\/schema.org","@graph":[{"@type":"WebPage","@id":"https:\/\/graziamagazine.com\/mx\/articles\/looks-aeropuerto-aman-vestir-celebridades-viajar\/","url":"https:\/\/graziamagazine.com\/mx\/articles\/looks-aeropuerto-aman-vestir-celebridades-viajar\/","name":"Looks de aeropuerto: lo que aman vestir las celebridades para viajar | Grazia M\u00e9xico y Latinoam\u00e9rica","isPartOf":{"@id":"https:\/\/graziamagazine.com\/mx\/#website"},"datePublished":"2022-08-02T12:07:13+00:00","dateModified":"2022-08-02T18:40:31+00:00","description":"&nbsp; Admit\u00e1moslo, viajar no siempre es muy c\u00f3modo. Aunque vayas en primera clase, finalmente no es tu cama. As\u00ed que al elegir un atuendo para aeropuerto","breadcrumb":{"@id":"https:\/\/graziamagazine.com\/mx\/articles\/looks-aeropuerto-aman-vestir-celebridades-viajar\/#breadcrumb"},"inLanguage":"es-MX","potentialAction":[{"@type":"ReadAction","target":["https:\/\/graziamagazine.com\/mx\/articles\/looks-aeropuerto-aman-vestir-celebridades-viajar\/"]}]},{"@type":"BreadcrumbList","@id":"https:\/\/graziamagazine.com\/mx\/articles\/looks-aeropuerto-aman-vestir-celebridades-viajar\/#breadcrumb","itemListElement":[{"@type":"ListItem","position":1,"name":"Home","item":"https:\/\/graziamagazine.com\/mx\/"},{"@type":"ListItem","position":2,"name":"Looks de aeropuerto: lo que aman vestir las celebridades para viajar"}]},{"@type":"WebSite","@id":"https:\/\/graziamagazine.com\/mx\/#website","url":"https:\/\/graziamagazine.com\/mx\/","name":"Grazia M\u00e9xico y Latinoam\u00e9rica","description":"Grazia es moda, belleza y noticias  de actualidad ","potentialAction":[{"@type":"SearchAction","target":{"@type":"EntryPoint","urlTemplate":"https:\/\/graziamagazine.com\/mx\/?s={search_term_string}"},"query-input":"required name=search_term_string"}],"inLanguage":"es-MX"}]}},"jetpack_sharing_enabled":true,"distributor_meta":false,"distributor_terms":false,"distributor_media":false,"distributor_original_site_name":"Grazia M\u00e9xico y Latinoam\u00e9rica","distributor_original_site_url":"https:\/\/graziamagazine.com\/mx","push-errors":false,"_links":{"self":[{"href":"https:\/\/graziamagazine.com\/mx\/wp-json\/wp\/v2\/articles\/115571"}],"collection":[{"href":"https:\/\/graziamagazine.com\/mx\/wp-json\/wp\/v2\/articles"}],"about":[{"href":"https:\/\/graziamagazine.com\/mx\/wp-json\/wp\/v2\/types\/articles"}],"author":[{"embeddable":true,"href":"https:\/\/graziamagazine.com\/mx\/wp-json\/wp\/v2\/users\/36289"}],"wp:featuredmedia":[{"embeddable":true,"href":"https:\/\/graziamagazine.com\/mx\/wp-json\/wp\/v2\/media\/115578"}],"wp:attachment":[{"href":"https:\/\/graziamagazine.com\/mx\/wp-json\/wp\/v2\/media?parent=115571"}],"wp:term":[{"taxonomy":"category","embeddable":true,"href":"https:\/\/graziamagazine.com\/mx\/wp-json\/wp\/v2\/categories?post=115571"}],"curies":[{"name":"wp","href":"https:\/\/api.w.org\/{rel}","templated":true}]}}