{"id":115519,"date":"2022-07-26T12:55:31","date_gmt":"2022-07-26T17:55:31","guid":{"rendered":"https:\/\/graziamagazine.com\/mx\/?post_type=articles&#038;p=115519"},"modified":"2022-07-26T13:01:54","modified_gmt":"2022-07-26T18:01:54","slug":"benetton-presenta-a-su-nuevo-director-creativo","status":"publish","type":"articles","link":"https:\/\/graziamagazine.com\/mx\/articles\/benetton-presenta-a-su-nuevo-director-creativo\/","title":{"rendered":"Benetton presenta a su nuevo Director Creativo"},"content":{"rendered":"<p><span style=\"font-weight: 400\">Con motivo de la presentaci\u00f3n de la nueva colecci\u00f3n <strong>Oto\u00f1o\/Invierno 2022-23<\/strong> y la primera colecci\u00f3n <strong>Verano 2023<\/strong> que se llevar\u00e1 a cabo durante la Semana de la Moda de Mil\u00e1n, <strong>United Colors of Benetton<\/strong> lanzar\u00e1 un nuevo anuncio publicitario bajo la direcci\u00f3n del reconocido dise\u00f1ador <strong>Andrea Incontri<\/strong>, quien tambi\u00e9n ha sido nombrado como el nuevo director art\u00edstico por la casa de colores.<\/span><\/p>\n<figure id=\"attachment_115522\" aria-describedby=\"caption-attachment-115522\" style=\"width: 1024px\" class=\"wp-caption alignnone\"><img loading=\"lazy\" decoding=\"async\" class=\"wp-image-115522 size-large\" src=\"https:\/\/graziamagazine.com\/mx\/wp-content\/uploads\/sites\/13\/2022\/07\/benetton-bkg-img@1x-91304be3c1.jpg?w=1024\" alt=\"Benetton presenta a su nuevo Director Creativo \" width=\"1024\" height=\"461\" \/><figcaption id=\"caption-attachment-115522\" class=\"wp-caption-text\">Benetton presenta a su nuevo Director Creativo<\/figcaption><\/figure>\n<p><span style=\"font-weight: 400\">\u201cEstamos especialmente orgullosos de que Andrea Incontri se incorpore a la gran familia Benetton porque en \u00e9l hemos reconocido la voluntad, el entusiasmo y aquella investigaci\u00f3n que lleva a superar los objetivos que han caracterizado el nacimiento y la historia de nuestra marca. Benetton es una realidad industrial y creativa que ha contribuido al crecimiento de la sensibilidad hacia la moda y a la concienciaci\u00f3n de muchos temas sociales en los \u00faltimos 50 a\u00f1os de la historia de Italia. La llegada de Andrea Incontri aportar\u00e1 energ\u00eda nueva a una historia de \u00e9xito que desea realizar su transformaci\u00f3n generacional y guiar\u00e1 la tradici\u00f3n de la industria italiana adquirida a lo largo de estos a\u00f1os en los que, la redefinici\u00f3n del papel social de la moda y la ropa, es urgente\u201d dice <strong>Massimo Renon<\/strong>, director ejecutivo de Benetton Group.<\/span><\/p>\n<figure id=\"attachment_115523\" aria-describedby=\"caption-attachment-115523\" style=\"width: 960px\" class=\"wp-caption alignnone\"><img loading=\"lazy\" decoding=\"async\" class=\"wp-image-115523 size-large\" src=\"https:\/\/graziamagazine.com\/mx\/wp-content\/uploads\/sites\/13\/2022\/07\/united-colors-of-benetton-anecblau.jpg?w=960\" alt=\"Benetton presenta a su nuevo Director Creativo \" width=\"960\" height=\"679\" \/><figcaption id=\"caption-attachment-115523\" class=\"wp-caption-text\">Benetton presenta a su nuevo Director Creativo<\/figcaption><\/figure>\n<p><span style=\"font-weight: 400\">Jugando una fuerte figura como dise\u00f1ador e ingeniero, los estudios de Andrea Incontri de arquitectura y su amplia experiencia en el departamento creativo han dejado ver su lado m\u00e1s profesional, expresando toda su experiencia a trav\u00e9s de su propia marca en la que destac\u00f3\u00a0 una visi\u00f3n transversal de la creatividad en la moda, como con la direcci\u00f3n creativa de Tod&#8217;s, en la que demostr\u00f3 su capacidad para tejer un di\u00e1logo entre la creatividad y el mercado.<\/span><\/p>\n<p><span style=\"font-weight: 400\">El gran estilo que caracteriza a Incontri lleva un nuevo hilo conductor con una visi\u00f3n muy clara, la contemporaneidad de nuestro tiempo y la moda vanguardista, llevando los dise\u00f1os al siguiente nivel.<\/span><\/p>\n<figure id=\"attachment_115521\" aria-describedby=\"caption-attachment-115521\" style=\"width: 1024px\" class=\"wp-caption alignnone\"><img loading=\"lazy\" decoding=\"async\" class=\"wp-image-115521 size-large\" src=\"https:\/\/graziamagazine.com\/mx\/wp-content\/uploads\/sites\/13\/2022\/07\/5c23edd7b6d7a7d05261359420ca8309.jpg?w=1024\" alt=\"Benetton presenta a su nuevo Director Creativo \" width=\"1024\" height=\"675\" \/><figcaption id=\"caption-attachment-115521\" class=\"wp-caption-text\">Benetton presenta a su nuevo Director Creativo<\/figcaption><\/figure>\n<p><span style=\"font-weight: 400\">\u201cMe siento muy honrado de entrar a formar parte de Benetton. Una empresa, una marca, una filosof\u00eda creativa y de producto cuya historia significa mucho tanto para mi formaci\u00f3n personal y profesional como para la historia de Italia, y no solo la de la industria y la moda. Acepto el nombramiento con gran orgullo porque me permite participar en un proyecto de valores que involucra no solo el vestuario sino a todas las instancias culturales que ata\u00f1en a los aspectos variables de un humanismo moderno\u201d.<\/span><\/p>\n<p><em><strong>*IMAGEN: Benetton<\/strong><\/em><\/p>\n","protected":false},"author":28953,"featured_media":115520,"template":"","format":"standard","categories":[4],"acf":[],"yoast_head":"<!-- This site is optimized with the Yoast SEO Premium plugin v18.5 (Yoast SEO v20.4) - https:\/\/yoast.com\/wordpress\/plugins\/seo\/ -->\n<title>Benetton presenta a su nuevo Director Creativo<\/title>\n<meta name=\"description\" content=\"United Colors of Benetton anunci\u00f3 a Andrea Incontri como el nuevo Director Creativo en departamentos de mujer, hombre y ni\u00f1o\" \/>\n<meta name=\"robots\" content=\"index, follow, max-snippet:-1, max-image-preview:large, max-video-preview:-1\" \/>\n<link rel=\"canonical\" href=\"https:\/\/graziamagazine.com\/mx\/articles\/benetton-presenta-a-su-nuevo-director-creativo\/\" \/>\n<meta property=\"og:locale\" content=\"es_MX\" \/>\n<meta property=\"og:type\" content=\"article\" \/>\n<meta property=\"og:title\" content=\"Benetton presenta a su nuevo Director Creativo\" \/>\n<meta property=\"og:description\" content=\"United Colors of Benetton anunci\u00f3 a Andrea Incontri como el nuevo Director Creativo en departamentos de mujer, hombre y ni\u00f1o\" \/>\n<meta property=\"og:url\" content=\"https:\/\/graziamagazine.com\/mx\/articles\/benetton-presenta-a-su-nuevo-director-creativo\/\" \/>\n<meta property=\"og:site_name\" content=\"Grazia M\u00e9xico y Latinoam\u00e9rica\" \/>\n<meta property=\"article:modified_time\" content=\"2022-07-26T18:01:54+00:00\" \/>\n<meta name=\"twitter:card\" content=\"summary_large_image\" \/>\n<meta name=\"twitter:image\" content=\"https:\/\/graziamagazine.com\/mx\/wp-content\/uploads\/sites\/13\/2022\/07\/Andrea-Incontri_portrait-e1658858321582.jpg\" \/>\n<meta name=\"twitter:label1\" content=\"Est. reading time\" \/>\n\t<meta name=\"twitter:data1\" content=\"2 minutos\" \/>\n<script type=\"application\/ld+json\" class=\"yoast-schema-graph\">{\"@context\":\"https:\/\/schema.org\",\"@graph\":[{\"@type\":\"WebPage\",\"@id\":\"https:\/\/graziamagazine.com\/mx\/articles\/benetton-presenta-a-su-nuevo-director-creativo\/\",\"url\":\"https:\/\/graziamagazine.com\/mx\/articles\/benetton-presenta-a-su-nuevo-director-creativo\/\",\"name\":\"Benetton presenta a su nuevo Director Creativo\",\"isPartOf\":{\"@id\":\"https:\/\/graziamagazine.com\/mx\/#website\"},\"datePublished\":\"2022-07-26T17:55:31+00:00\",\"dateModified\":\"2022-07-26T18:01:54+00:00\",\"description\":\"United Colors of Benetton anunci\u00f3 a Andrea Incontri como el nuevo Director Creativo en departamentos de mujer, hombre y ni\u00f1o\",\"breadcrumb\":{\"@id\":\"https:\/\/graziamagazine.com\/mx\/articles\/benetton-presenta-a-su-nuevo-director-creativo\/#breadcrumb\"},\"inLanguage\":\"es-MX\",\"potentialAction\":[{\"@type\":\"ReadAction\",\"target\":[\"https:\/\/graziamagazine.com\/mx\/articles\/benetton-presenta-a-su-nuevo-director-creativo\/\"]}]},{\"@type\":\"BreadcrumbList\",\"@id\":\"https:\/\/graziamagazine.com\/mx\/articles\/benetton-presenta-a-su-nuevo-director-creativo\/#breadcrumb\",\"itemListElement\":[{\"@type\":\"ListItem\",\"position\":1,\"name\":\"Home\",\"item\":\"https:\/\/graziamagazine.com\/mx\/\"},{\"@type\":\"ListItem\",\"position\":2,\"name\":\"Benetton presenta a su nuevo Director Creativo\"}]},{\"@type\":\"WebSite\",\"@id\":\"https:\/\/graziamagazine.com\/mx\/#website\",\"url\":\"https:\/\/graziamagazine.com\/mx\/\",\"name\":\"Grazia M\u00e9xico y Latinoam\u00e9rica\",\"description\":\"Grazia es moda, belleza y noticias  de actualidad \",\"potentialAction\":[{\"@type\":\"SearchAction\",\"target\":{\"@type\":\"EntryPoint\",\"urlTemplate\":\"https:\/\/graziamagazine.com\/mx\/?s={search_term_string}\"},\"query-input\":\"required name=search_term_string\"}],\"inLanguage\":\"es-MX\"}]}<\/script>\n<!-- \/ Yoast SEO Premium plugin. -->","yoast_head_json":{"title":"Benetton presenta a su nuevo Director Creativo","description":"United Colors of Benetton anunci\u00f3 a Andrea Incontri como el nuevo Director Creativo en departamentos de mujer, hombre y ni\u00f1o","robots":{"index":"index","follow":"follow","max-snippet":"max-snippet:-1","max-image-preview":"max-image-preview:large","max-video-preview":"max-video-preview:-1"},"canonical":"https:\/\/graziamagazine.com\/mx\/articles\/benetton-presenta-a-su-nuevo-director-creativo\/","og_locale":"es_MX","og_type":"article","og_title":"Benetton presenta a su nuevo Director Creativo","og_description":"United Colors of Benetton anunci\u00f3 a Andrea Incontri como el nuevo Director Creativo en departamentos de mujer, hombre y ni\u00f1o","og_url":"https:\/\/graziamagazine.com\/mx\/articles\/benetton-presenta-a-su-nuevo-director-creativo\/","og_site_name":"Grazia M\u00e9xico y Latinoam\u00e9rica","article_modified_time":"2022-07-26T18:01:54+00:00","twitter_card":"summary_large_image","twitter_image":"https:\/\/graziamagazine.com\/mx\/wp-content\/uploads\/sites\/13\/2022\/07\/Andrea-Incontri_portrait-e1658858321582.jpg","twitter_misc":{"Est. reading time":"2 minutos"},"schema":{"@context":"https:\/\/schema.org","@graph":[{"@type":"WebPage","@id":"https:\/\/graziamagazine.com\/mx\/articles\/benetton-presenta-a-su-nuevo-director-creativo\/","url":"https:\/\/graziamagazine.com\/mx\/articles\/benetton-presenta-a-su-nuevo-director-creativo\/","name":"Benetton presenta a su nuevo Director Creativo","isPartOf":{"@id":"https:\/\/graziamagazine.com\/mx\/#website"},"datePublished":"2022-07-26T17:55:31+00:00","dateModified":"2022-07-26T18:01:54+00:00","description":"United Colors of Benetton anunci\u00f3 a Andrea Incontri como el nuevo Director Creativo en departamentos de mujer, hombre y ni\u00f1o","breadcrumb":{"@id":"https:\/\/graziamagazine.com\/mx\/articles\/benetton-presenta-a-su-nuevo-director-creativo\/#breadcrumb"},"inLanguage":"es-MX","potentialAction":[{"@type":"ReadAction","target":["https:\/\/graziamagazine.com\/mx\/articles\/benetton-presenta-a-su-nuevo-director-creativo\/"]}]},{"@type":"BreadcrumbList","@id":"https:\/\/graziamagazine.com\/mx\/articles\/benetton-presenta-a-su-nuevo-director-creativo\/#breadcrumb","itemListElement":[{"@type":"ListItem","position":1,"name":"Home","item":"https:\/\/graziamagazine.com\/mx\/"},{"@type":"ListItem","position":2,"name":"Benetton presenta a su nuevo Director Creativo"}]},{"@type":"WebSite","@id":"https:\/\/graziamagazine.com\/mx\/#website","url":"https:\/\/graziamagazine.com\/mx\/","name":"Grazia M\u00e9xico y Latinoam\u00e9rica","description":"Grazia es moda, belleza y noticias  de actualidad ","potentialAction":[{"@type":"SearchAction","target":{"@type":"EntryPoint","urlTemplate":"https:\/\/graziamagazine.com\/mx\/?s={search_term_string}"},"query-input":"required name=search_term_string"}],"inLanguage":"es-MX"}]}},"jetpack_sharing_enabled":true,"distributor_meta":false,"distributor_terms":false,"distributor_media":false,"distributor_original_site_name":"Grazia M\u00e9xico y Latinoam\u00e9rica","distributor_original_site_url":"https:\/\/graziamagazine.com\/mx","push-errors":false,"_links":{"self":[{"href":"https:\/\/graziamagazine.com\/mx\/wp-json\/wp\/v2\/articles\/115519"}],"collection":[{"href":"https:\/\/graziamagazine.com\/mx\/wp-json\/wp\/v2\/articles"}],"about":[{"href":"https:\/\/graziamagazine.com\/mx\/wp-json\/wp\/v2\/types\/articles"}],"author":[{"embeddable":true,"href":"https:\/\/graziamagazine.com\/mx\/wp-json\/wp\/v2\/users\/28953"}],"wp:featuredmedia":[{"embeddable":true,"href":"https:\/\/graziamagazine.com\/mx\/wp-json\/wp\/v2\/media\/115520"}],"wp:attachment":[{"href":"https:\/\/graziamagazine.com\/mx\/wp-json\/wp\/v2\/media?parent=115519"}],"wp:term":[{"taxonomy":"category","embeddable":true,"href":"https:\/\/graziamagazine.com\/mx\/wp-json\/wp\/v2\/categories?post=115519"}],"curies":[{"name":"wp","href":"https:\/\/api.w.org\/{rel}","templated":true}]}}