{"id":115442,"date":"2022-07-24T11:11:41","date_gmt":"2022-07-24T16:11:41","guid":{"rendered":"https:\/\/graziamagazine.com\/mx\/?post_type=articles&#038;p=115442"},"modified":"2022-07-25T03:37:30","modified_gmt":"2022-07-25T08:37:30","slug":"llega-a-marbella-la-summer-pop-up-store-de-louis-vuitton","status":"publish","type":"articles","link":"https:\/\/graziamagazine.com\/mx\/articles\/llega-a-marbella-la-summer-pop-up-store-de-louis-vuitton\/","title":{"rendered":"Llega a Marbella la Summer POP-UP store de Louis Vuitton"},"content":{"rendered":"<p>La casa francesa Louis Vuitton ha a\u00f1adido otra pop-up store en Marbella, reforzando su presencia en Espa\u00f1a donde el pasado mes de mayo inaugur\u00f3 una tienda temporal en Ibiza.<\/p>\n<p>Louis Vuitton se ha instalado en el hotel Marbella Club en la Costa del Sol.<\/p>\n<p><img loading=\"lazy\" decoding=\"async\" class=\"aligncenter wp-image-115444 size-large\" src=\"https:\/\/graziamagazine.com\/mx\/wp-content\/uploads\/sites\/13\/2022\/07\/E5F8A098-924C-4AF4-9F07-2CA4B38C10C8.jpeg?w=1024\" alt=\"\" width=\"1024\" height=\"683\" \/><br \/>\nLa tienda accesible desde el jard\u00edn del hotel est\u00e1 dividida en moda masculina y femenina as\u00ed como marroquiner\u00eda, calzado y otros accesorios de la pr\u00f3xima colecci\u00f3n Oto\u00f1o\/Invierno.<\/p>\n<p>La tienda estar\u00e1 abierta toda la temporada de verano y sus interiores est\u00e1n decorados con cuero, madera y rat\u00e1n.<\/p>\n<p>De la decoraci\u00f3n destaca una mesa azul dise\u00f1ada por Atelier Biagetti que insin\u00faa olas ondulantes y l\u00e1mparas de cuero interconectadas de Zanellato\/Bortotto que crean un juego de luces y formas.<\/p>\n<p>Adem\u00e1s de la pop-up store de Marbella y la de Ibiza, Louis Vuitton tiene presencia permanente en la zona con una tienda en Puerto Ban\u00fas, el puerto deportivo que alberga tiendas de firmas de lujo como Gucci, Herm\u00e8s, Dior, Loewe o Saint Laurent.<\/p>\n<p>Louis Vuitton, fue catalogada hace unos meses como \u201cla marca francesa con el valor m\u00e1s alto\u201d (fue valorada en 20.200 millones de euros), fue fundada en Par\u00eds en 1854 y es la marca insignia del grupo de lujo franc\u00e9s LVMH. El grupo comprende m\u00e1s de 70 marcas de lujo y en el primer trimestre de 2022, aument\u00f3 sus ventas en un 29 %, alcanzando los 18 000 millones de euros.<\/p>\n<p><img loading=\"lazy\" decoding=\"async\" class=\"aligncenter wp-image-115445 size-large\" src=\"https:\/\/graziamagazine.com\/mx\/wp-content\/uploads\/sites\/13\/2022\/07\/00995E2E-35E3-4609-883B-0A4E4A1064E9.jpeg?w=1024\" alt=\"\" width=\"1024\" height=\"683\" \/><\/p>\n<p>&nbsp;<\/p>\n","protected":false},"author":30746,"featured_media":115443,"template":"","format":"standard","categories":[9864,13540,4],"acf":[],"yoast_head":"<!-- This site is optimized with the Yoast SEO Premium plugin v18.5 (Yoast SEO v20.4) - https:\/\/yoast.com\/wordpress\/plugins\/seo\/ -->\n<title>Llega a Marbella la Summer POP-UP store de Louis Vuitton | Grazia M\u00e9xico y Latinoam\u00e9rica<\/title>\n<meta name=\"description\" content=\"La casa francesa Louis Vuitton ha a\u00f1adido otra pop-up store en Marbella, reforzando su presencia en Espa\u00f1a donde el pasado mes de mayo inaugur\u00f3 una tienda\" \/>\n<meta name=\"robots\" content=\"index, follow, max-snippet:-1, max-image-preview:large, max-video-preview:-1\" \/>\n<link rel=\"canonical\" href=\"https:\/\/graziamagazine.com\/mx\/articles\/llega-a-marbella-la-summer-pop-up-store-de-louis-vuitton\/\" \/>\n<meta property=\"og:locale\" content=\"es_MX\" \/>\n<meta property=\"og:type\" content=\"article\" \/>\n<meta property=\"og:title\" content=\"Llega a Marbella la Summer POP-UP store de Louis Vuitton\" \/>\n<meta property=\"og:description\" content=\"La casa francesa Louis Vuitton ha a\u00f1adido otra pop-up store en Marbella, reforzando su presencia en Espa\u00f1a donde el pasado mes de mayo inaugur\u00f3 una tienda\" \/>\n<meta property=\"og:url\" content=\"https:\/\/graziamagazine.com\/mx\/articles\/llega-a-marbella-la-summer-pop-up-store-de-louis-vuitton\/\" \/>\n<meta property=\"og:site_name\" content=\"Grazia M\u00e9xico y Latinoam\u00e9rica\" \/>\n<meta property=\"article:modified_time\" content=\"2022-07-25T08:37:30+00:00\" \/>\n<meta property=\"og:image\" content=\"https:\/\/graziamagazine.com\/mx\/wp-content\/uploads\/sites\/13\/2022\/07\/F3CEDA6F-D95E-417E-9CD0-F8C422DFA6C5.jpeg\" \/>\n\t<meta property=\"og:image:width\" content=\"1750\" \/>\n\t<meta property=\"og:image:height\" content=\"1000\" \/>\n\t<meta property=\"og:image:type\" content=\"image\/jpeg\" \/>\n<meta name=\"twitter:card\" content=\"summary_large_image\" \/>\n<meta name=\"twitter:label1\" content=\"Est. reading time\" \/>\n\t<meta name=\"twitter:data1\" content=\"2 minutos\" \/>\n<script type=\"application\/ld+json\" class=\"yoast-schema-graph\">{\"@context\":\"https:\/\/schema.org\",\"@graph\":[{\"@type\":\"WebPage\",\"@id\":\"https:\/\/graziamagazine.com\/mx\/articles\/llega-a-marbella-la-summer-pop-up-store-de-louis-vuitton\/\",\"url\":\"https:\/\/graziamagazine.com\/mx\/articles\/llega-a-marbella-la-summer-pop-up-store-de-louis-vuitton\/\",\"name\":\"Llega a Marbella la Summer POP-UP store de Louis Vuitton | Grazia M\u00e9xico y Latinoam\u00e9rica\",\"isPartOf\":{\"@id\":\"https:\/\/graziamagazine.com\/mx\/#website\"},\"datePublished\":\"2022-07-24T16:11:41+00:00\",\"dateModified\":\"2022-07-25T08:37:30+00:00\",\"description\":\"La casa francesa Louis Vuitton ha a\u00f1adido otra pop-up store en Marbella, reforzando su presencia en Espa\u00f1a donde el pasado mes de mayo inaugur\u00f3 una tienda\",\"breadcrumb\":{\"@id\":\"https:\/\/graziamagazine.com\/mx\/articles\/llega-a-marbella-la-summer-pop-up-store-de-louis-vuitton\/#breadcrumb\"},\"inLanguage\":\"es-MX\",\"potentialAction\":[{\"@type\":\"ReadAction\",\"target\":[\"https:\/\/graziamagazine.com\/mx\/articles\/llega-a-marbella-la-summer-pop-up-store-de-louis-vuitton\/\"]}]},{\"@type\":\"BreadcrumbList\",\"@id\":\"https:\/\/graziamagazine.com\/mx\/articles\/llega-a-marbella-la-summer-pop-up-store-de-louis-vuitton\/#breadcrumb\",\"itemListElement\":[{\"@type\":\"ListItem\",\"position\":1,\"name\":\"Home\",\"item\":\"https:\/\/graziamagazine.com\/mx\/\"},{\"@type\":\"ListItem\",\"position\":2,\"name\":\"Llega a Marbella la Summer POP-UP store de Louis Vuitton\"}]},{\"@type\":\"WebSite\",\"@id\":\"https:\/\/graziamagazine.com\/mx\/#website\",\"url\":\"https:\/\/graziamagazine.com\/mx\/\",\"name\":\"Grazia M\u00e9xico y Latinoam\u00e9rica\",\"description\":\"Grazia es moda, belleza y noticias  de actualidad \",\"potentialAction\":[{\"@type\":\"SearchAction\",\"target\":{\"@type\":\"EntryPoint\",\"urlTemplate\":\"https:\/\/graziamagazine.com\/mx\/?s={search_term_string}\"},\"query-input\":\"required name=search_term_string\"}],\"inLanguage\":\"es-MX\"}]}<\/script>\n<!-- \/ Yoast SEO Premium plugin. -->","yoast_head_json":{"title":"Llega a Marbella la Summer POP-UP store de Louis Vuitton | Grazia M\u00e9xico y Latinoam\u00e9rica","description":"La casa francesa Louis Vuitton ha a\u00f1adido otra pop-up store en Marbella, reforzando su presencia en Espa\u00f1a donde el pasado mes de mayo inaugur\u00f3 una tienda","robots":{"index":"index","follow":"follow","max-snippet":"max-snippet:-1","max-image-preview":"max-image-preview:large","max-video-preview":"max-video-preview:-1"},"canonical":"https:\/\/graziamagazine.com\/mx\/articles\/llega-a-marbella-la-summer-pop-up-store-de-louis-vuitton\/","og_locale":"es_MX","og_type":"article","og_title":"Llega a Marbella la Summer POP-UP store de Louis Vuitton","og_description":"La casa francesa Louis Vuitton ha a\u00f1adido otra pop-up store en Marbella, reforzando su presencia en Espa\u00f1a donde el pasado mes de mayo inaugur\u00f3 una tienda","og_url":"https:\/\/graziamagazine.com\/mx\/articles\/llega-a-marbella-la-summer-pop-up-store-de-louis-vuitton\/","og_site_name":"Grazia M\u00e9xico y Latinoam\u00e9rica","article_modified_time":"2022-07-25T08:37:30+00:00","og_image":[{"width":1750,"height":1000,"url":"https:\/\/graziamagazine.com\/mx\/wp-content\/uploads\/sites\/13\/2022\/07\/F3CEDA6F-D95E-417E-9CD0-F8C422DFA6C5.jpeg","type":"image\/jpeg"}],"twitter_card":"summary_large_image","twitter_misc":{"Est. reading time":"2 minutos"},"schema":{"@context":"https:\/\/schema.org","@graph":[{"@type":"WebPage","@id":"https:\/\/graziamagazine.com\/mx\/articles\/llega-a-marbella-la-summer-pop-up-store-de-louis-vuitton\/","url":"https:\/\/graziamagazine.com\/mx\/articles\/llega-a-marbella-la-summer-pop-up-store-de-louis-vuitton\/","name":"Llega a Marbella la Summer POP-UP store de Louis Vuitton | Grazia M\u00e9xico y Latinoam\u00e9rica","isPartOf":{"@id":"https:\/\/graziamagazine.com\/mx\/#website"},"datePublished":"2022-07-24T16:11:41+00:00","dateModified":"2022-07-25T08:37:30+00:00","description":"La casa francesa Louis Vuitton ha a\u00f1adido otra pop-up store en Marbella, reforzando su presencia en Espa\u00f1a donde el pasado mes de mayo inaugur\u00f3 una tienda","breadcrumb":{"@id":"https:\/\/graziamagazine.com\/mx\/articles\/llega-a-marbella-la-summer-pop-up-store-de-louis-vuitton\/#breadcrumb"},"inLanguage":"es-MX","potentialAction":[{"@type":"ReadAction","target":["https:\/\/graziamagazine.com\/mx\/articles\/llega-a-marbella-la-summer-pop-up-store-de-louis-vuitton\/"]}]},{"@type":"BreadcrumbList","@id":"https:\/\/graziamagazine.com\/mx\/articles\/llega-a-marbella-la-summer-pop-up-store-de-louis-vuitton\/#breadcrumb","itemListElement":[{"@type":"ListItem","position":1,"name":"Home","item":"https:\/\/graziamagazine.com\/mx\/"},{"@type":"ListItem","position":2,"name":"Llega a Marbella la Summer POP-UP store de Louis Vuitton"}]},{"@type":"WebSite","@id":"https:\/\/graziamagazine.com\/mx\/#website","url":"https:\/\/graziamagazine.com\/mx\/","name":"Grazia M\u00e9xico y Latinoam\u00e9rica","description":"Grazia es moda, belleza y noticias  de actualidad ","potentialAction":[{"@type":"SearchAction","target":{"@type":"EntryPoint","urlTemplate":"https:\/\/graziamagazine.com\/mx\/?s={search_term_string}"},"query-input":"required name=search_term_string"}],"inLanguage":"es-MX"}]}},"jetpack_sharing_enabled":true,"distributor_meta":false,"distributor_terms":false,"distributor_media":false,"distributor_original_site_name":"Grazia M\u00e9xico y Latinoam\u00e9rica","distributor_original_site_url":"https:\/\/graziamagazine.com\/mx","push-errors":false,"_links":{"self":[{"href":"https:\/\/graziamagazine.com\/mx\/wp-json\/wp\/v2\/articles\/115442"}],"collection":[{"href":"https:\/\/graziamagazine.com\/mx\/wp-json\/wp\/v2\/articles"}],"about":[{"href":"https:\/\/graziamagazine.com\/mx\/wp-json\/wp\/v2\/types\/articles"}],"author":[{"embeddable":true,"href":"https:\/\/graziamagazine.com\/mx\/wp-json\/wp\/v2\/users\/30746"}],"wp:featuredmedia":[{"embeddable":true,"href":"https:\/\/graziamagazine.com\/mx\/wp-json\/wp\/v2\/media\/115443"}],"wp:attachment":[{"href":"https:\/\/graziamagazine.com\/mx\/wp-json\/wp\/v2\/media?parent=115442"}],"wp:term":[{"taxonomy":"category","embeddable":true,"href":"https:\/\/graziamagazine.com\/mx\/wp-json\/wp\/v2\/categories?post=115442"}],"curies":[{"name":"wp","href":"https:\/\/api.w.org\/{rel}","templated":true}]}}