{"id":115406,"date":"2022-07-22T07:59:45","date_gmt":"2022-07-22T12:59:45","guid":{"rendered":"https:\/\/graziamagazine.com\/mx\/?post_type=articles&#038;p=115406"},"modified":"2022-07-21T14:53:05","modified_gmt":"2022-07-21T19:53:05","slug":"puma-x-frida-kahlo","status":"publish","type":"articles","link":"https:\/\/graziamagazine.com\/mx\/articles\/puma-x-frida-kahlo\/","title":{"rendered":"Puma X Frida Kahlo"},"content":{"rendered":"<p><span style=\"font-weight: 400\">Rindiendo un gran homenaje a un s\u00edmbolo de la cultura mexicana, Puma se asocia con la <\/span><span style=\"font-weight: 400\">corporaci\u00f3n Frida Kahlo y OEG Latino para la nueva creaci\u00f3n de la colecci\u00f3n Puma X Frida Kahlo, celebrando a la ic\u00f3nica artista mexicana.<\/span><\/p>\n<p><span style=\"font-weight: 400\">Inspirada en todas las mujeres del mundo a trav\u00e9s de la iniciativa en la que se centra Puma\u00a0 \u201c<\/span><b>She Moves Us\u201d, <\/b><span style=\"font-weight: 400\">la marca deportiva busca invitar a las mujeres del mundo a alzar su propia voz, demostrar su fuerza en ellas mismas, sus pasiones y su autenticidad, todo aquello que que surgen como el ejemplo mexicano en todo el esplendor de su belleza la pintora Frida Kahlo.<\/span><\/p>\n<figure id=\"attachment_115422\" aria-describedby=\"caption-attachment-115422\" style=\"width: 1024px\" class=\"wp-caption alignnone\"><img loading=\"lazy\" decoding=\"async\" class=\"wp-image-115422 size-large\" src=\"https:\/\/graziamagazine.com\/mx\/wp-content\/uploads\/sites\/13\/2022\/07\/PUMA-X-FRIDA-KAHLO.jpg?w=1024\" alt=\"Puma X Frida Kahlo\" width=\"1024\" height=\"817\" \/><figcaption id=\"caption-attachment-115422\" class=\"wp-caption-text\">Puma X Frida Kahlo<\/figcaption><\/figure>\n<p><span style=\"font-weight: 400\">Puma es la primera marca en realizar una silueta de running sobre la horma femenina, demostrando su gran compromiso por el entendimiento hacia las necesidades de las mujeres.\u00a0<\/span><span style=\"font-weight: 400\">Llevando el estilo mexicano al siguiente nivel, la colecci\u00f3n <\/span><span style=\"font-weight: 400\">Puma X Frida Kahlo te permitir\u00e1 estar c\u00f3moda en cualquier momento. Dentro de la colecci\u00f3n podr\u00e1s encontrar piezas como el <\/span><i><span style=\"font-weight: 400\">Crop Top Bra,<\/span><\/i><span style=\"font-weight: 400\"> en el que se destaca una espalda abierta con un delicado tejido el\u00e1stico entrecruzado dise\u00f1ado con los colores caracter\u00edsticos de esta l\u00ednea<\/span><i><span style=\"font-weight: 400\">.<\/span><\/i><span style=\"font-weight: 400\"> La parte delantera incluye gr\u00e1ficos florales bellamente colocados en los laterales y detalles de costura en contraste.<\/span><\/p>\n<div class=\"content-gallery\"><div class=\"gallery-placeholder\"><div class=\"spinner\"><\/div><\/div><span class=\"gallery-pagination\"><\/span><div id=\"gallery-1\" class=\"gallery galleryid-115406 gallery-columns- gallery-size-\"><figure class=\"gallery-item\"><div class=\"gallery-icon landscape\"><img loading=\"lazy\" decoding=\"async\" width=\"4241\" height=\"3181\" src=\"https:\/\/graziamagazine.com\/mx\/wp-content\/uploads\/sites\/13\/2022\/07\/PUMA-X-FRIDA-KAHLO-8.jpg\" class=\"lazy\" alt=\"\" \/><\/div><figcaption class=\"wp-caption-text gallery-caption\" id=\"gallery-1-115420\">Puma X Frida Kahlo<\/figcaption><\/figure><figure class=\"gallery-item\"><div class=\"gallery-icon landscape\"><img loading=\"lazy\" decoding=\"async\" width=\"4241\" height=\"3181\" src=\"https:\/\/graziamagazine.com\/mx\/wp-content\/uploads\/sites\/13\/2022\/07\/PUMA-X-FRIDA-KAHLO-7.jpg\" class=\"lazy\" alt=\"\" \/><\/div><\/figure><figure class=\"gallery-item\"><div class=\"gallery-icon landscape\"><img loading=\"lazy\" decoding=\"async\" width=\"4241\" height=\"3181\" src=\"https:\/\/graziamagazine.com\/mx\/wp-content\/uploads\/sites\/13\/2022\/07\/PUMA-X-FRIDA-KAHLO-6.jpg\" class=\"lazy\" alt=\"\" \/><\/div><\/figure><figure class=\"gallery-item\"><div class=\"gallery-icon landscape\"><img loading=\"lazy\" decoding=\"async\" width=\"4241\" height=\"3181\" src=\"https:\/\/graziamagazine.com\/mx\/wp-content\/uploads\/sites\/13\/2022\/07\/PUMA-X-FRIDA-KAHLO-3-1.jpg\" class=\"lazy\" alt=\"\" \/><\/div><\/figure><\/div><\/div>\n<p><span style=\"font-weight: 400\">El tejido <\/span><i><span style=\"font-weight: 400\">ellaVATE <\/span><\/i><span style=\"font-weight: 400\">de primera calidad ofrece soporte, mientras que la tecnolog\u00eda <\/span><i><span style=\"font-weight: 400\">DryCELL<\/span><\/i><span style=\"font-weight: 400\"> absorbe la humedad que mantiene seca y c\u00f3moda la piel durante la actividad f\u00edsica. La estrella de la colecci\u00f3n se destaca por la inspiraci\u00f3n de dise\u00f1o hacia las dos fridas, la <\/span><b><i>Reversible Jacket<\/i><\/b><span style=\"font-weight: 400\"> ilustra las dos personalidades opuestas de la artista, un dise\u00f1o de color s\u00f3lido con una sutil corona de flores en la capucha, mientras que el otro lado cuenta con un a\u00fadaz y hermoso gr\u00e1fico<\/span><i><span style=\"font-weight: 400\"> all over,<\/span><\/i><span style=\"font-weight: 400\"> ideal para cuando se quiere dar otra apariencia, sea cual sea la forma de llevarla, podr\u00e1s presumir en todo momento el estilo femenino.<\/span><\/p>\n<figure id=\"attachment_115423\" aria-describedby=\"caption-attachment-115423\" style=\"width: 768px\" class=\"wp-caption alignnone\"><img loading=\"lazy\" decoding=\"async\" class=\"wp-image-115423 size-large\" src=\"https:\/\/graziamagazine.com\/mx\/wp-content\/uploads\/sites\/13\/2022\/07\/PUMA-X-FRIDA-KAHLO-10.jpg?w=768\" alt=\"Puma X Frida Kahlo\" width=\"768\" height=\"1024\" \/><figcaption id=\"caption-attachment-115423\" class=\"wp-caption-text\">Puma X Frida Kahlo<\/figcaption><\/figure>\n<p><span style=\"font-weight: 400\">Adem\u00e1s de su colecci\u00f3n <\/span><span style=\"font-weight: 400\">Puma X Frida Kahlo, la marca creo <\/span><b>Run XX NITRO Frida Kahlo, <\/b><span style=\"font-weight: 400\">un par de tenis con el tal\u00f3n m\u00e1s estrecho dirigido para la mujer, un arco esculpido y un empeine bajo que agrega una entresuela de espuma nitro y un atrevido carril de apoyo conocido como <\/span><b>RUN GUIDE<\/b><span style=\"font-weight: 400\"> con estampado floral para promover una alineaci\u00f3n adecuada y con una mayor estabilidad en las distancias m\u00e1s largas.<\/span><\/p>\n<p><span style=\"font-weight: 400\">Por otro lado, para completar el look, la l\u00ednea incluye <\/span><i><span style=\"font-weight: 400\">leggings<\/span><\/i><span style=\"font-weight: 400\"> con hermosos estampados florales con un delicado detalle en la cintura que permite leer una frase ic\u00f3nica, la prenda cuenta tambi\u00e9n con un tejido de secado r\u00e1pido.<\/span><\/p>\n<div class=\"content-gallery\"><div class=\"gallery-placeholder\"><div class=\"spinner\"><\/div><\/div><span class=\"gallery-pagination\"><\/span><div id=\"gallery-2\" class=\"gallery galleryid-115406 gallery-columns- gallery-size-\"><figure class=\"gallery-item\"><div class=\"gallery-icon landscape\"><img loading=\"lazy\" decoding=\"async\" width=\"4241\" height=\"3181\" src=\"https:\/\/graziamagazine.com\/mx\/wp-content\/uploads\/sites\/13\/2022\/07\/PUMA-X-FRIDA-KAHLO-1.jpg\" class=\"lazy\" alt=\"\" \/><\/div><figcaption class=\"wp-caption-text gallery-caption\" id=\"gallery-2-115413\">Puma X Frida Kahlo<\/figcaption><\/figure><figure class=\"gallery-item\"><div class=\"gallery-icon landscape\"><img loading=\"lazy\" decoding=\"async\" width=\"4241\" height=\"3181\" src=\"https:\/\/graziamagazine.com\/mx\/wp-content\/uploads\/sites\/13\/2022\/07\/PUMA-X-FRIDA-KAHLO-5-1.jpg\" class=\"lazy\" alt=\"\" \/><\/div><\/figure><\/div><\/div>\n<p><span style=\"font-weight: 400\">Dejando un gran legado, Kahlo ha inspirado a muchas mujeres a ser libres, valientes y fugaces, es por eso que Puma <\/span><span style=\"font-weight: 400\">\u00a0est\u00e1 creando una nueva dimensi\u00f3n de la campa\u00f1a<\/span><b><i> She Moves Us<\/i><\/b><span style=\"font-weight: 400\"> mediante la creaci\u00f3n de productos con prop\u00f3sito y en colaboraci\u00f3n con artistas legendarios y emergentes.\u00a0<\/span><\/p>\n<p><span style=\"font-weight: 400\">Podr\u00e1s encontrar la colecci\u00f3n a partir del 21 de julio de este a\u00f1o en <\/span><a href=\"http:\/\/www.puma.com\" target=\"_blank\"><span style=\"font-weight: 400\">www.puma.com<\/span><\/a><span style=\"font-weight: 400\">, tiendas <\/span><b>PUMA<\/b><span style=\"font-weight: 400\"> seleccionadas as\u00ed como tambi\u00e9n en Amazon, Dportenis, Mart\u00ed, Liverpool, Innovasport y Sportico.<\/span><\/p>\n<figure id=\"attachment_115408\" aria-describedby=\"caption-attachment-115408\" style=\"width: 1024px\" class=\"wp-caption alignnone\"><img loading=\"lazy\" decoding=\"async\" class=\"wp-image-115408 size-large\" src=\"https:\/\/graziamagazine.com\/mx\/wp-content\/uploads\/sites\/13\/2022\/07\/PUMA-X-FRIDA-KAHLO-2.jpg?w=1024\" alt=\"Puma X Frida Kahlo\" width=\"1024\" height=\"768\" \/><figcaption id=\"caption-attachment-115408\" class=\"wp-caption-text\">Puma X Frida Kahlo<\/figcaption><\/figure>\n<p><em><strong>*IMAGEN: Cortes\u00eda Puma<\/strong><\/em><\/p>\n","protected":false},"author":28953,"featured_media":115421,"template":"","format":"standard","categories":[4],"acf":[],"yoast_head":"<!-- This site is optimized with the Yoast SEO Premium plugin v18.5 (Yoast SEO v20.4) - https:\/\/yoast.com\/wordpress\/plugins\/seo\/ -->\n<title>Puma X Frida Kahlo<\/title>\n<meta name=\"description\" content=\"Puma presenta una colecci\u00f3n inspirada en la fortaleza de las mujeres y el ADN de una de las artistas mexicanas m\u00e1s influyentes, Frida Kahlo\" \/>\n<meta name=\"robots\" content=\"index, follow, max-snippet:-1, max-image-preview:large, max-video-preview:-1\" \/>\n<link rel=\"canonical\" href=\"https:\/\/graziamagazine.com\/mx\/articles\/puma-x-frida-kahlo\/\" \/>\n<meta property=\"og:locale\" content=\"es_MX\" \/>\n<meta property=\"og:type\" content=\"article\" \/>\n<meta property=\"og:title\" content=\"Puma X Frida Kahlo\" \/>\n<meta property=\"og:description\" content=\"Puma presenta una colecci\u00f3n inspirada en la fortaleza de las mujeres y el ADN de una de las artistas mexicanas m\u00e1s influyentes, Frida Kahlo\" \/>\n<meta property=\"og:url\" content=\"https:\/\/graziamagazine.com\/mx\/articles\/puma-x-frida-kahlo\/\" \/>\n<meta property=\"og:site_name\" content=\"Grazia M\u00e9xico y Latinoam\u00e9rica\" \/>\n<meta property=\"article:modified_time\" content=\"2022-07-21T19:53:05+00:00\" \/>\n<meta property=\"og:image\" content=\"https:\/\/graziamagazine.com\/mx\/wp-content\/uploads\/sites\/13\/2022\/07\/PUMA-X-FRIDA-KAHLO-9.jpg\" \/>\n\t<meta property=\"og:image:width\" content=\"1024\" \/>\n\t<meta property=\"og:image:height\" content=\"768\" \/>\n\t<meta property=\"og:image:type\" content=\"image\/jpeg\" \/>\n<meta name=\"twitter:card\" content=\"summary_large_image\" \/>\n<meta name=\"twitter:label1\" content=\"Est. reading time\" \/>\n\t<meta name=\"twitter:data1\" content=\"3 minutos\" \/>\n<script type=\"application\/ld+json\" class=\"yoast-schema-graph\">{\"@context\":\"https:\/\/schema.org\",\"@graph\":[{\"@type\":\"WebPage\",\"@id\":\"https:\/\/graziamagazine.com\/mx\/articles\/puma-x-frida-kahlo\/\",\"url\":\"https:\/\/graziamagazine.com\/mx\/articles\/puma-x-frida-kahlo\/\",\"name\":\"Puma X Frida Kahlo\",\"isPartOf\":{\"@id\":\"https:\/\/graziamagazine.com\/mx\/#website\"},\"datePublished\":\"2022-07-22T12:59:45+00:00\",\"dateModified\":\"2022-07-21T19:53:05+00:00\",\"description\":\"Puma presenta una colecci\u00f3n inspirada en la fortaleza de las mujeres y el ADN de una de las artistas mexicanas m\u00e1s influyentes, Frida Kahlo\",\"breadcrumb\":{\"@id\":\"https:\/\/graziamagazine.com\/mx\/articles\/puma-x-frida-kahlo\/#breadcrumb\"},\"inLanguage\":\"es-MX\",\"potentialAction\":[{\"@type\":\"ReadAction\",\"target\":[\"https:\/\/graziamagazine.com\/mx\/articles\/puma-x-frida-kahlo\/\"]}]},{\"@type\":\"BreadcrumbList\",\"@id\":\"https:\/\/graziamagazine.com\/mx\/articles\/puma-x-frida-kahlo\/#breadcrumb\",\"itemListElement\":[{\"@type\":\"ListItem\",\"position\":1,\"name\":\"Home\",\"item\":\"https:\/\/graziamagazine.com\/mx\/\"},{\"@type\":\"ListItem\",\"position\":2,\"name\":\"Puma X Frida Kahlo\"}]},{\"@type\":\"WebSite\",\"@id\":\"https:\/\/graziamagazine.com\/mx\/#website\",\"url\":\"https:\/\/graziamagazine.com\/mx\/\",\"name\":\"Grazia M\u00e9xico y Latinoam\u00e9rica\",\"description\":\"Grazia es moda, belleza y noticias  de actualidad \",\"potentialAction\":[{\"@type\":\"SearchAction\",\"target\":{\"@type\":\"EntryPoint\",\"urlTemplate\":\"https:\/\/graziamagazine.com\/mx\/?s={search_term_string}\"},\"query-input\":\"required name=search_term_string\"}],\"inLanguage\":\"es-MX\"}]}<\/script>\n<!-- \/ Yoast SEO Premium plugin. -->","yoast_head_json":{"title":"Puma X Frida Kahlo","description":"Puma presenta una colecci\u00f3n inspirada en la fortaleza de las mujeres y el ADN de una de las artistas mexicanas m\u00e1s influyentes, Frida Kahlo","robots":{"index":"index","follow":"follow","max-snippet":"max-snippet:-1","max-image-preview":"max-image-preview:large","max-video-preview":"max-video-preview:-1"},"canonical":"https:\/\/graziamagazine.com\/mx\/articles\/puma-x-frida-kahlo\/","og_locale":"es_MX","og_type":"article","og_title":"Puma X Frida Kahlo","og_description":"Puma presenta una colecci\u00f3n inspirada en la fortaleza de las mujeres y el ADN de una de las artistas mexicanas m\u00e1s influyentes, Frida Kahlo","og_url":"https:\/\/graziamagazine.com\/mx\/articles\/puma-x-frida-kahlo\/","og_site_name":"Grazia M\u00e9xico y Latinoam\u00e9rica","article_modified_time":"2022-07-21T19:53:05+00:00","og_image":[{"url":"https:\/\/graziamagazine.com\/mx\/wp-content\/uploads\/sites\/13\/2022\/07\/PUMA-X-FRIDA-KAHLO-9.jpg","width":1024,"height":768,"type":"image\/jpeg"}],"twitter_card":"summary_large_image","twitter_misc":{"Est. reading time":"3 minutos"},"schema":{"@context":"https:\/\/schema.org","@graph":[{"@type":"WebPage","@id":"https:\/\/graziamagazine.com\/mx\/articles\/puma-x-frida-kahlo\/","url":"https:\/\/graziamagazine.com\/mx\/articles\/puma-x-frida-kahlo\/","name":"Puma X Frida Kahlo","isPartOf":{"@id":"https:\/\/graziamagazine.com\/mx\/#website"},"datePublished":"2022-07-22T12:59:45+00:00","dateModified":"2022-07-21T19:53:05+00:00","description":"Puma presenta una colecci\u00f3n inspirada en la fortaleza de las mujeres y el ADN de una de las artistas mexicanas m\u00e1s influyentes, Frida Kahlo","breadcrumb":{"@id":"https:\/\/graziamagazine.com\/mx\/articles\/puma-x-frida-kahlo\/#breadcrumb"},"inLanguage":"es-MX","potentialAction":[{"@type":"ReadAction","target":["https:\/\/graziamagazine.com\/mx\/articles\/puma-x-frida-kahlo\/"]}]},{"@type":"BreadcrumbList","@id":"https:\/\/graziamagazine.com\/mx\/articles\/puma-x-frida-kahlo\/#breadcrumb","itemListElement":[{"@type":"ListItem","position":1,"name":"Home","item":"https:\/\/graziamagazine.com\/mx\/"},{"@type":"ListItem","position":2,"name":"Puma X Frida Kahlo"}]},{"@type":"WebSite","@id":"https:\/\/graziamagazine.com\/mx\/#website","url":"https:\/\/graziamagazine.com\/mx\/","name":"Grazia M\u00e9xico y Latinoam\u00e9rica","description":"Grazia es moda, belleza y noticias  de actualidad ","potentialAction":[{"@type":"SearchAction","target":{"@type":"EntryPoint","urlTemplate":"https:\/\/graziamagazine.com\/mx\/?s={search_term_string}"},"query-input":"required name=search_term_string"}],"inLanguage":"es-MX"}]}},"jetpack_sharing_enabled":true,"distributor_meta":false,"distributor_terms":false,"distributor_media":false,"distributor_original_site_name":"Grazia M\u00e9xico y Latinoam\u00e9rica","distributor_original_site_url":"https:\/\/graziamagazine.com\/mx","push-errors":false,"_links":{"self":[{"href":"https:\/\/graziamagazine.com\/mx\/wp-json\/wp\/v2\/articles\/115406"}],"collection":[{"href":"https:\/\/graziamagazine.com\/mx\/wp-json\/wp\/v2\/articles"}],"about":[{"href":"https:\/\/graziamagazine.com\/mx\/wp-json\/wp\/v2\/types\/articles"}],"author":[{"embeddable":true,"href":"https:\/\/graziamagazine.com\/mx\/wp-json\/wp\/v2\/users\/28953"}],"wp:featuredmedia":[{"embeddable":true,"href":"https:\/\/graziamagazine.com\/mx\/wp-json\/wp\/v2\/media\/115421"}],"wp:attachment":[{"href":"https:\/\/graziamagazine.com\/mx\/wp-json\/wp\/v2\/media?parent=115406"}],"wp:term":[{"taxonomy":"category","embeddable":true,"href":"https:\/\/graziamagazine.com\/mx\/wp-json\/wp\/v2\/categories?post=115406"}],"curies":[{"name":"wp","href":"https:\/\/api.w.org\/{rel}","templated":true}]}}