{"id":115397,"date":"2022-07-21T10:51:52","date_gmt":"2022-07-21T15:51:52","guid":{"rendered":"https:\/\/graziamagazine.com\/mx\/?post_type=articles&#038;p=115397"},"modified":"2022-07-21T11:05:47","modified_gmt":"2022-07-21T16:05:47","slug":"dejamos-lista-mascotas-tiernas-celebridades","status":"publish","type":"articles","link":"https:\/\/graziamagazine.com\/mx\/articles\/dejamos-lista-mascotas-tiernas-celebridades\/","title":{"rendered":"Estas son las mascotas m\u00e1s tiernas de las celebridades"},"content":{"rendered":"<p>Te dejamos con un <em>boost<\/em> de <strong>ternura<\/strong>. Nada mejor que una lista de las mascotas de los <strong>famosos<\/strong> que m\u00e1s se roban las miradas.<\/p>\n<p>Y estas son los <strong>perros favoritos<\/strong> de los famosos, que son parte de su familia y les dan <strong>amor incondicional<\/strong>. Sin duda, necesario para seguir con sus ajetreadas vidas entre reflectores y agendas.<\/p>\n<p>&nbsp;<\/p>\n<h3>Tom-Holland y Tessa<\/h3>\n<figure id=\"attachment_115383\" aria-describedby=\"caption-attachment-115383\" style=\"width: 450px\" class=\"wp-caption alignnone\"><img loading=\"lazy\" decoding=\"async\" class=\"size-medium wp-image-115383\" src=\"https:\/\/graziamagazine.com\/mx\/wp-content\/uploads\/sites\/13\/2022\/07\/Tom-Holland-Tessa-IG.png?w=450\" alt=\"\" width=\"450\" height=\"355\" \/><figcaption id=\"caption-attachment-115383\" class=\"wp-caption-text\">Instagram<\/figcaption><\/figure>\n<p>&nbsp;<\/p>\n<h3>Miley-Cyrus y Milky<\/h3>\n<figure id=\"attachment_115381\" aria-describedby=\"caption-attachment-115381\" style=\"width: 368px\" class=\"wp-caption alignnone\"><img loading=\"lazy\" decoding=\"async\" class=\"size-medium wp-image-115381\" src=\"https:\/\/graziamagazine.com\/mx\/wp-content\/uploads\/sites\/13\/2022\/07\/Miley-Cyrus-Milky-IG.png?w=368\" alt=\"\" width=\"368\" height=\"450\" \/><figcaption id=\"caption-attachment-115381\" class=\"wp-caption-text\">Instagram<\/figcaption><\/figure>\n<h3><\/h3>\n<h3>Ellen-DeGeneres y Wolf<\/h3>\n<figure id=\"attachment_115374\" aria-describedby=\"caption-attachment-115374\" style=\"width: 436px\" class=\"wp-caption alignnone\"><img loading=\"lazy\" decoding=\"async\" class=\"size-medium wp-image-115374\" src=\"https:\/\/graziamagazine.com\/mx\/wp-content\/uploads\/sites\/13\/2022\/07\/Ellen-DeGeneres-Wolf-getty.png?w=436\" alt=\"\" width=\"436\" height=\"450\" \/><figcaption id=\"caption-attachment-115374\" class=\"wp-caption-text\">Getty<\/figcaption><\/figure>\n<p>&nbsp;<\/p>\n<h3>David-Beckham y Coco<\/h3>\n<figure id=\"attachment_115373\" aria-describedby=\"caption-attachment-115373\" style=\"width: 337px\" class=\"wp-caption alignnone\"><img loading=\"lazy\" decoding=\"async\" class=\"size-medium wp-image-115373\" src=\"https:\/\/graziamagazine.com\/mx\/wp-content\/uploads\/sites\/13\/2022\/07\/David-Beckham-Coco-IG-.png?w=337\" alt=\"\" width=\"337\" height=\"450\" \/><figcaption id=\"caption-attachment-115373\" class=\"wp-caption-text\">Instagram<\/figcaption><\/figure>\n<p>&nbsp;<\/p>\n<h3>Katy-Perry y Butters<\/h3>\n<figure id=\"attachment_115376\" aria-describedby=\"caption-attachment-115376\" style=\"width: 450px\" class=\"wp-caption alignnone\"><img loading=\"lazy\" decoding=\"async\" class=\"size-medium wp-image-115376\" src=\"https:\/\/graziamagazine.com\/mx\/wp-content\/uploads\/sites\/13\/2022\/07\/Katy-Perry-Butters-IG-.png?w=450\" alt=\"\" width=\"450\" height=\"393\" \/><figcaption id=\"caption-attachment-115376\" class=\"wp-caption-text\">Instagram<\/figcaption><\/figure>\n<p>&nbsp;<\/p>\n<p>&nbsp;<\/p>\n<h3>Liam-Hemsworthy Tani<\/h3>\n<figure id=\"attachment_115380\" aria-describedby=\"caption-attachment-115380\" style=\"width: 388px\" class=\"wp-caption alignnone\"><img loading=\"lazy\" decoding=\"async\" class=\"size-medium wp-image-115380\" src=\"https:\/\/graziamagazine.com\/mx\/wp-content\/uploads\/sites\/13\/2022\/07\/Liam-Hemsworth-Tani-IG-.png?w=388\" alt=\"\" width=\"388\" height=\"450\" \/><figcaption id=\"caption-attachment-115380\" class=\"wp-caption-text\">Instagram<\/figcaption><\/figure>\n<p>&nbsp;<\/p>\n<h3>Chrissy-Teigen y Putty<\/h3>\n<figure id=\"attachment_115372\" aria-describedby=\"caption-attachment-115372\" style=\"width: 450px\" class=\"wp-caption alignnone\"><img loading=\"lazy\" decoding=\"async\" class=\"size-medium wp-image-115372\" src=\"https:\/\/graziamagazine.com\/mx\/wp-content\/uploads\/sites\/13\/2022\/07\/Chrissy-Teigen-Putty-IG-.png?w=450\" alt=\"\" width=\"450\" height=\"446\" \/><figcaption id=\"caption-attachment-115372\" class=\"wp-caption-text\">Instagram<\/figcaption><\/figure>\n<p>&nbsp;<\/p>\n<h3>Ian-Somerhalder y Neech<\/h3>\n<figure id=\"attachment_115375\" aria-describedby=\"caption-attachment-115375\" style=\"width: 450px\" class=\"wp-caption alignnone\"><img loading=\"lazy\" decoding=\"async\" class=\"size-medium wp-image-115375\" src=\"https:\/\/graziamagazine.com\/mx\/wp-content\/uploads\/sites\/13\/2022\/07\/Ian-Somerhalder-Neech-IG.png?w=450\" alt=\"\" width=\"450\" height=\"450\" \/><figcaption id=\"caption-attachment-115375\" class=\"wp-caption-text\">Instagram<\/figcaption><\/figure>\n<p>&nbsp;<\/p>\n<h3>Lady-Gaga y Asia<\/h3>\n<figure id=\"attachment_115379\" aria-describedby=\"caption-attachment-115379\" style=\"width: 447px\" class=\"wp-caption alignnone\"><img loading=\"lazy\" decoding=\"async\" class=\"size-medium wp-image-115379\" src=\"https:\/\/graziamagazine.com\/mx\/wp-content\/uploads\/sites\/13\/2022\/07\/Lady-Gaga-Asia-IG-.png?w=447\" alt=\"\" width=\"447\" height=\"450\" \/><figcaption id=\"caption-attachment-115379\" class=\"wp-caption-text\">Instragram<\/figcaption><\/figure>\n<p>&nbsp;<\/p>\n<p>&nbsp;<\/p>\n<h3>Kristen-Bell y Lola<\/h3>\n<figure id=\"attachment_115377\" aria-describedby=\"caption-attachment-115377\" style=\"width: 450px\" class=\"wp-caption alignnone\"><img loading=\"lazy\" decoding=\"async\" class=\"size-medium wp-image-115377\" src=\"https:\/\/graziamagazine.com\/mx\/wp-content\/uploads\/sites\/13\/2022\/07\/Kristen-Bell-Lola-IG.png?w=450\" alt=\"\" width=\"450\" height=\"441\" \/><figcaption id=\"caption-attachment-115377\" class=\"wp-caption-text\">Instagram<\/figcaption><\/figure>\n<p>&nbsp;<\/p>\n<h3>Pusha-T y CJ<\/h3>\n<figure id=\"attachment_115382\" aria-describedby=\"caption-attachment-115382\" style=\"width: 450px\" class=\"wp-caption alignnone\"><img loading=\"lazy\" decoding=\"async\" class=\"size-medium wp-image-115382\" src=\"https:\/\/graziamagazine.com\/mx\/wp-content\/uploads\/sites\/13\/2022\/07\/Pusha-T-CJ-IG-.png?w=450\" alt=\"\" width=\"450\" height=\"450\" \/><figcaption id=\"caption-attachment-115382\" class=\"wp-caption-text\">Instagram<\/figcaption><\/figure>\n<p>&nbsp;<\/p>\n<h3>Zooey-Deschanel y Zelda<\/h3>\n<figure id=\"attachment_115384\" aria-describedby=\"caption-attachment-115384\" style=\"width: 442px\" class=\"wp-caption alignnone\"><img loading=\"lazy\" decoding=\"async\" class=\"size-medium wp-image-115384\" src=\"https:\/\/graziamagazine.com\/mx\/wp-content\/uploads\/sites\/13\/2022\/07\/Zooey-Deschanel-Zelda-IG-.png?w=442\" alt=\"\" width=\"442\" height=\"450\" \/><figcaption id=\"caption-attachment-115384\" class=\"wp-caption-text\">Instagram<\/figcaption><\/figure>\n","protected":false},"author":36289,"featured_media":115376,"template":"","format":"standard","categories":[12517],"acf":[],"yoast_head":"<!-- This site is optimized with the Yoast SEO Premium plugin v18.5 (Yoast SEO v20.4) - https:\/\/yoast.com\/wordpress\/plugins\/seo\/ -->\n<title>Estas son las mascotas m\u00e1s tiernas de las celebridades | Grazia M\u00e9xico y Latinoam\u00e9rica<\/title>\n<meta name=\"description\" content=\"Te dejamos con un boost de ternura. Nada mejor que una lista de las mascotas de los famosos que m\u00e1s se roban las miradas. Y estas son los perros favoritos\" \/>\n<meta name=\"robots\" content=\"index, follow, max-snippet:-1, max-image-preview:large, max-video-preview:-1\" \/>\n<link rel=\"canonical\" href=\"https:\/\/graziamagazine.com\/mx\/articles\/dejamos-lista-mascotas-tiernas-celebridades\/\" \/>\n<meta property=\"og:locale\" content=\"es_MX\" \/>\n<meta property=\"og:type\" content=\"article\" \/>\n<meta property=\"og:title\" content=\"Estas son las mascotas m\u00e1s tiernas de las celebridades\" \/>\n<meta property=\"og:description\" content=\"Te dejamos con un boost de ternura. Nada mejor que una lista de las mascotas de los famosos que m\u00e1s se roban las miradas. Y estas son los perros favoritos\" \/>\n<meta property=\"og:url\" content=\"https:\/\/graziamagazine.com\/mx\/articles\/dejamos-lista-mascotas-tiernas-celebridades\/\" \/>\n<meta property=\"og:site_name\" content=\"Grazia M\u00e9xico y Latinoam\u00e9rica\" \/>\n<meta property=\"article:modified_time\" content=\"2022-07-21T16:05:47+00:00\" \/>\n<meta property=\"og:image\" content=\"https:\/\/graziamagazine.com\/mx\/wp-content\/uploads\/sites\/13\/2022\/07\/Katy-Perry-Butters-IG--e1658419498185.png\" \/>\n\t<meta property=\"og:image:width\" content=\"620\" \/>\n\t<meta property=\"og:image:height\" content=\"540\" \/>\n\t<meta property=\"og:image:type\" content=\"image\/png\" \/>\n<meta name=\"twitter:card\" content=\"summary_large_image\" \/>\n<meta name=\"twitter:label1\" content=\"Est. reading time\" \/>\n\t<meta name=\"twitter:data1\" content=\"4 minutos\" \/>\n<script type=\"application\/ld+json\" class=\"yoast-schema-graph\">{\"@context\":\"https:\/\/schema.org\",\"@graph\":[{\"@type\":\"WebPage\",\"@id\":\"https:\/\/graziamagazine.com\/mx\/articles\/dejamos-lista-mascotas-tiernas-celebridades\/\",\"url\":\"https:\/\/graziamagazine.com\/mx\/articles\/dejamos-lista-mascotas-tiernas-celebridades\/\",\"name\":\"Estas son las mascotas m\u00e1s tiernas de las celebridades | Grazia M\u00e9xico y Latinoam\u00e9rica\",\"isPartOf\":{\"@id\":\"https:\/\/graziamagazine.com\/mx\/#website\"},\"datePublished\":\"2022-07-21T15:51:52+00:00\",\"dateModified\":\"2022-07-21T16:05:47+00:00\",\"description\":\"Te dejamos con un boost de ternura. Nada mejor que una lista de las mascotas de los famosos que m\u00e1s se roban las miradas. Y estas son los perros favoritos\",\"breadcrumb\":{\"@id\":\"https:\/\/graziamagazine.com\/mx\/articles\/dejamos-lista-mascotas-tiernas-celebridades\/#breadcrumb\"},\"inLanguage\":\"es-MX\",\"potentialAction\":[{\"@type\":\"ReadAction\",\"target\":[\"https:\/\/graziamagazine.com\/mx\/articles\/dejamos-lista-mascotas-tiernas-celebridades\/\"]}]},{\"@type\":\"BreadcrumbList\",\"@id\":\"https:\/\/graziamagazine.com\/mx\/articles\/dejamos-lista-mascotas-tiernas-celebridades\/#breadcrumb\",\"itemListElement\":[{\"@type\":\"ListItem\",\"position\":1,\"name\":\"Home\",\"item\":\"https:\/\/graziamagazine.com\/mx\/\"},{\"@type\":\"ListItem\",\"position\":2,\"name\":\"Estas son las mascotas m\u00e1s tiernas de las celebridades\"}]},{\"@type\":\"WebSite\",\"@id\":\"https:\/\/graziamagazine.com\/mx\/#website\",\"url\":\"https:\/\/graziamagazine.com\/mx\/\",\"name\":\"Grazia M\u00e9xico y Latinoam\u00e9rica\",\"description\":\"Grazia es moda, belleza y noticias  de actualidad \",\"potentialAction\":[{\"@type\":\"SearchAction\",\"target\":{\"@type\":\"EntryPoint\",\"urlTemplate\":\"https:\/\/graziamagazine.com\/mx\/?s={search_term_string}\"},\"query-input\":\"required name=search_term_string\"}],\"inLanguage\":\"es-MX\"}]}<\/script>\n<!-- \/ Yoast SEO Premium plugin. -->","yoast_head_json":{"title":"Estas son las mascotas m\u00e1s tiernas de las celebridades | Grazia M\u00e9xico y Latinoam\u00e9rica","description":"Te dejamos con un boost de ternura. Nada mejor que una lista de las mascotas de los famosos que m\u00e1s se roban las miradas. Y estas son los perros favoritos","robots":{"index":"index","follow":"follow","max-snippet":"max-snippet:-1","max-image-preview":"max-image-preview:large","max-video-preview":"max-video-preview:-1"},"canonical":"https:\/\/graziamagazine.com\/mx\/articles\/dejamos-lista-mascotas-tiernas-celebridades\/","og_locale":"es_MX","og_type":"article","og_title":"Estas son las mascotas m\u00e1s tiernas de las celebridades","og_description":"Te dejamos con un boost de ternura. Nada mejor que una lista de las mascotas de los famosos que m\u00e1s se roban las miradas. Y estas son los perros favoritos","og_url":"https:\/\/graziamagazine.com\/mx\/articles\/dejamos-lista-mascotas-tiernas-celebridades\/","og_site_name":"Grazia M\u00e9xico y Latinoam\u00e9rica","article_modified_time":"2022-07-21T16:05:47+00:00","og_image":[{"width":620,"height":540,"url":"https:\/\/graziamagazine.com\/mx\/wp-content\/uploads\/sites\/13\/2022\/07\/Katy-Perry-Butters-IG--e1658419498185.png","type":"image\/png"}],"twitter_card":"summary_large_image","twitter_misc":{"Est. reading time":"4 minutos"},"schema":{"@context":"https:\/\/schema.org","@graph":[{"@type":"WebPage","@id":"https:\/\/graziamagazine.com\/mx\/articles\/dejamos-lista-mascotas-tiernas-celebridades\/","url":"https:\/\/graziamagazine.com\/mx\/articles\/dejamos-lista-mascotas-tiernas-celebridades\/","name":"Estas son las mascotas m\u00e1s tiernas de las celebridades | Grazia M\u00e9xico y Latinoam\u00e9rica","isPartOf":{"@id":"https:\/\/graziamagazine.com\/mx\/#website"},"datePublished":"2022-07-21T15:51:52+00:00","dateModified":"2022-07-21T16:05:47+00:00","description":"Te dejamos con un boost de ternura. Nada mejor que una lista de las mascotas de los famosos que m\u00e1s se roban las miradas. Y estas son los perros favoritos","breadcrumb":{"@id":"https:\/\/graziamagazine.com\/mx\/articles\/dejamos-lista-mascotas-tiernas-celebridades\/#breadcrumb"},"inLanguage":"es-MX","potentialAction":[{"@type":"ReadAction","target":["https:\/\/graziamagazine.com\/mx\/articles\/dejamos-lista-mascotas-tiernas-celebridades\/"]}]},{"@type":"BreadcrumbList","@id":"https:\/\/graziamagazine.com\/mx\/articles\/dejamos-lista-mascotas-tiernas-celebridades\/#breadcrumb","itemListElement":[{"@type":"ListItem","position":1,"name":"Home","item":"https:\/\/graziamagazine.com\/mx\/"},{"@type":"ListItem","position":2,"name":"Estas son las mascotas m\u00e1s tiernas de las celebridades"}]},{"@type":"WebSite","@id":"https:\/\/graziamagazine.com\/mx\/#website","url":"https:\/\/graziamagazine.com\/mx\/","name":"Grazia M\u00e9xico y Latinoam\u00e9rica","description":"Grazia es moda, belleza y noticias  de actualidad ","potentialAction":[{"@type":"SearchAction","target":{"@type":"EntryPoint","urlTemplate":"https:\/\/graziamagazine.com\/mx\/?s={search_term_string}"},"query-input":"required name=search_term_string"}],"inLanguage":"es-MX"}]}},"jetpack_sharing_enabled":true,"distributor_meta":false,"distributor_terms":false,"distributor_media":false,"distributor_original_site_name":"Grazia M\u00e9xico y Latinoam\u00e9rica","distributor_original_site_url":"https:\/\/graziamagazine.com\/mx","push-errors":false,"_links":{"self":[{"href":"https:\/\/graziamagazine.com\/mx\/wp-json\/wp\/v2\/articles\/115397"}],"collection":[{"href":"https:\/\/graziamagazine.com\/mx\/wp-json\/wp\/v2\/articles"}],"about":[{"href":"https:\/\/graziamagazine.com\/mx\/wp-json\/wp\/v2\/types\/articles"}],"author":[{"embeddable":true,"href":"https:\/\/graziamagazine.com\/mx\/wp-json\/wp\/v2\/users\/36289"}],"wp:featuredmedia":[{"embeddable":true,"href":"https:\/\/graziamagazine.com\/mx\/wp-json\/wp\/v2\/media\/115376"}],"wp:attachment":[{"href":"https:\/\/graziamagazine.com\/mx\/wp-json\/wp\/v2\/media?parent=115397"}],"wp:term":[{"taxonomy":"category","embeddable":true,"href":"https:\/\/graziamagazine.com\/mx\/wp-json\/wp\/v2\/categories?post=115397"}],"curies":[{"name":"wp","href":"https:\/\/api.w.org\/{rel}","templated":true}]}}