{"id":115389,"date":"2022-07-21T09:13:49","date_gmt":"2022-07-21T14:13:49","guid":{"rendered":"https:\/\/graziamagazine.com\/mx\/?post_type=articles&#038;p=115389"},"modified":"2022-07-21T10:34:32","modified_gmt":"2022-07-21T15:34:32","slug":"disney-perdera-los-derechos-exclusivos-sobre-mickey-mouse","status":"publish","type":"articles","link":"https:\/\/graziamagazine.com\/mx\/articles\/disney-perdera-los-derechos-exclusivos-sobre-mickey-mouse\/","title":{"rendered":"Disney perder\u00e1 los derechos exclusivos sobre Mickey Mouse"},"content":{"rendered":"<p><span style=\"font-weight: 400\">Debido a la ley de derechos de autor en Estados Unidos, <strong>el personaje insignia de Disney &#8211; Mickey Mouse &#8211;<\/strong>\u00a0 creado en 1928, dejar\u00e1 de pertenecer exclusivamente a la compa\u00f1\u00eda.<\/span><\/p>\n<p><span style=\"font-weight: 400\">De esta manera, <strong>Mickey Mouse ser\u00e1 parte del dominio p\u00fablico en 2024<\/strong>, 95 a\u00f1os despu\u00e9s de su creaci\u00f3n el 1 de octubre de 1928.<\/span><\/p>\n<p><span style=\"font-weight: 400\">Noventa y cinco a\u00f1os es el per\u00edodo de tiempo despu\u00e9s del cual vencen los derechos de autor sobre un trabajo art\u00edstico an\u00f3nimo o pseudo an\u00f3nimo, de acuerdo con la ley mencionada.<\/span><\/p>\n<p><span style=\"font-weight: 400\">\u201cPuedes usar el personaje de Mickey Mouse como se cre\u00f3 originalmente para crear tus propias historias de Mickey Mouse o historias con este personaje\u201d, dijo Daniel Mayeda, director asociado de la Cl\u00ednica Legal de Cine Documental de la Facultad de Derecho de la UCLA.<\/span><\/p>\n<p><span style=\"font-weight: 400\">\u201cPero si lo haces de manera que la gente piense en <a href=\"https:\/\/graziamagazine.com\/mx\/articles\/11-datos-curiosos-en-torno-al-50-aniversario-de-walt-disney-world\/\">Disney<\/a>, lo cual es probable porque han estado invirtiendo en este personaje durante tanto tiempo, entonces, en teor\u00eda, Disney podr\u00eda decir que violaste mi marca registrada\u201d, a\u00f1ade.<\/span><\/p>\n<p><span style=\"font-weight: 400\">Mickey Mouse apareci\u00f3 por primera vez en la caricatura en blanco y negro <\/span><b><i>Steamboat Willie.\u00a0<\/i><\/b><\/p>\n<p><img loading=\"lazy\" decoding=\"async\" class=\"aligncenter wp-image-115394 size-large\" src=\"https:\/\/graziamagazine.com\/mx\/wp-content\/uploads\/sites\/13\/2022\/07\/ab67616d0000b2734bfc559770234f2c02ca9a3f.jpeg?w=640\" alt=\"Disney perder\u00e1 los derechos exclusivos de Mickey Mouse\" width=\"640\" height=\"640\" \/><\/p>\n<p><span style=\"font-weight: 400\">La caricatura fue pionera en la animaci\u00f3n por su uso de sonido sincronizado, donde los movimientos en la pantalla corresponden a la m\u00fasica y los efectos de sonido, lanzando una de las im\u00e1genes m\u00e1s reconocibles del cine y la televisi\u00f3n.<\/span><\/p>\n<p><span style=\"font-weight: 400\">Seg\u00fan el Museo Nacional de Historia Estadounidense, \u201cA lo largo de los a\u00f1os, Mickey Mouse ha sufrido varias transformaciones en su apariencia f\u00edsica y personalidad\u201d.<\/span><\/p>\n<p><span style=\"font-weight: 400\">\u201cEn sus primeros a\u00f1os, el travieso Mickey se parec\u00eda m\u00e1s a una rata, con una nariz larga y puntiaguda, ojos negros, un cuerpo peque\u00f1o con patas delgadas y una cola larga\u201d.<\/span><\/p>\n<p><span style=\"font-weight: 400\">Si bien esta primera iteraci\u00f3n de Mickey como una rata ser\u00e1 despojada de sus derechos de autor, Mayeda aclar\u00f3 que Disney conserva sus derechos de autor sobre cualquier variaci\u00f3n posterior en otras pel\u00edculas u obras de arte hasta que alcancen la marca de los 95 a\u00f1os.<\/span><\/p>\n<p><img loading=\"lazy\" decoding=\"async\" class=\"aligncenter wp-image-115393 size-large\" src=\"https:\/\/graziamagazine.com\/mx\/wp-content\/uploads\/sites\/13\/2022\/07\/Captura-de-Pantalla-2022-07-20-a-las-13.14.33.png?w=613\" alt=\"Disney perder\u00e1 los derechos exclusivos de Mickey Mouse\" width=\"613\" height=\"368\" \/><\/p>\n<h3><strong>Mickey Mouse no es ni el primero ni el \u00faltimo<\/strong><\/h3>\n<p><span style=\"font-weight: 400\">Mickey Mouse no ser\u00e1 el primero. Otros personajes ya han pasado al dominio p\u00fablico con resultados impredecibles.<\/span><\/p>\n<p><span style=\"font-weight: 400\"><strong>Winnie the Pooh<\/strong>, de la historia <em><strong>Hundred-acre Woods<\/strong><\/em>, y la mayor\u00eda de sus amigos animales como <strong>Piglet<\/strong> entraron al dominio p\u00fablico en enero de este a\u00f1o y algunos no han perdido tiempo en capitalizar a los personajes.<\/span><\/p>\n<p><span style=\"font-weight: 400\">Por ejemplo, Ryan Reynolds hizo una referencia a Winnie the Pooh, ahora de uso gratuito, en un comercial de <em>Mint Mobile.\u00a0<\/em><\/span><\/p>\n<p><span style=\"font-weight: 400\">En el anuncio, Reynolds lee un libro para ni\u00f1os sobre <\/span><strong><i>Winnie the Screwed<\/i><\/strong><span style=\"font-weight: 400\">, un oso con una costosa factura de tel\u00e9fono.<\/span><\/p>\n<p><span style=\"font-weight: 400\">Otro uso de estos personajes es en <\/span><b><i>Winnie the Pooh: Blood and Honey<\/i><\/b><span style=\"font-weight: 400\">, una pel\u00edcula de terror que se estrenar\u00e1 pr\u00f3ximamente, escrita y dirigida por Rhys Waterfield, en la que Winnie y Piglet se embarcan en un alboroto sangriento de asesinatos despu\u00e9s de ser abandonados por su viejo amigo, Christopher Robin.<\/span><\/p>\n<p><img loading=\"lazy\" decoding=\"async\" class=\"aligncenter wp-image-115392 size-large\" src=\"https:\/\/graziamagazine.com\/mx\/wp-content\/uploads\/sites\/13\/2022\/07\/Captura-de-Pantalla-2022-07-21-a-las-9.13.20.png?w=328\" alt=\"Disney perder\u00e1 los derechos exclusivos de Mickey Mouse\" width=\"328\" height=\"418\" \/><\/p>\n<p><span style=\"font-weight: 400\">Mayeda dijo que es importante que artistas como Waterfield no crucen la l\u00ednea cuando se trata de crear nuevas obras basadas en personajes antiguos.\u00a0<\/span><\/p>\n<p><span style=\"font-weight: 400\">Ciertos aspectos de un personaje que el p\u00fablico en general reconoce como parte de la marca Disney est\u00e1n prohibidos para los artistas que deseen hacer uso de los vencimientos de los derechos de autor.\u00a0<\/span><\/p>\n<p><span style=\"font-weight: 400\">Si un trabajo en particular confunde al p\u00fablico haci\u00e9ndole pensar que en realidad est\u00e1 afiliado a Disney, podr\u00eda haber consecuencias legales importantes.<\/span><\/p>\n<p><span style=\"font-weight: 400\">\u201cLos derechos de autor tienen un l\u00edmite de tiempo\u201d, dijo Mayeda.\u00a0<\/span><\/p>\n<p><span style=\"font-weight: 400\">\u201cLas marcas registradas no lo son. Entonces, Disney podr\u00eda tener una marca comercial esencialmente a perpetuidad, siempre y cuando sigan usando varias cosas como marca registrada, ya sean palabras, frases, personajes o lo que sea\u201d, a\u00f1ade.<\/span><\/p>\n<p><span style=\"font-weight: 400\">Disney a\u00fan puede mantener marcas registradas en ciertos esl\u00f3ganes o atuendos exclusivos que usan los personajes, como la camisa roja de Pooh, que Waterfield intencionalmente evit\u00f3 usar en su pel\u00edcula.<\/span><\/p>\n<p><span style=\"font-weight: 400\">En una entrevista Waterfield dijo: \u201cHemos tratado de ser extremadamente cuidadosos. Sab\u00edamos que hab\u00eda una l\u00ednea entre eso y sab\u00edamos cu\u00e1les eran sus derechos de autor y lo que hab\u00edan hecho\u201d.<\/span><\/p>\n<p><span style=\"font-weight: 400\">\u201cAs\u00ed que hicimos todo lo que pudimos para asegurarnos de que [la pel\u00edcula] solo se basara en la versi\u00f3n de 1926. Nadie va a confundir esto [con Disney]\u201d.<\/span><\/p>\n<p><span style=\"font-weight: 400\">\u201cCuando ves la portada de esto y ves los tr\u00e1ileres y las im\u00e1genes fijas y todo eso, no hay forma de que alguien piense que esta es una versi\u00f3n infantil\u201d.<\/span><\/p>\n<p><span style=\"font-weight: 400\">Disney todav\u00eda conserva los derechos exclusivos de Tigger, por un a\u00f1o m\u00e1s, ya que su primera aparici\u00f3n fue hasta 1929 en <\/span><b><i>The House at Pooh Corner<\/i><\/b><span style=\"font-weight: 400\">, la serie de historias escritas por el creador de Winnie the Pooh, A.A. Milne.<\/span><\/p>\n","protected":false},"author":11628,"featured_media":115390,"template":"","format":"standard","categories":[114],"acf":[],"yoast_head":"<!-- This site is optimized with the Yoast SEO Premium plugin v18.5 (Yoast SEO v20.4) - https:\/\/yoast.com\/wordpress\/plugins\/seo\/ -->\n<title>Disney perder\u00e1 los derechos exclusivos de Mickey Mouse<\/title>\n<meta name=\"description\" content=\"El personaje m\u00e1s representativo de la compa\u00f1\u00eda, Mickey Mouse, dejar\u00e1 de ser exclusivamente de la familia Disney.\" \/>\n<meta name=\"robots\" content=\"index, follow, max-snippet:-1, max-image-preview:large, max-video-preview:-1\" \/>\n<link rel=\"canonical\" href=\"https:\/\/graziamagazine.com\/mx\/articles\/disney-perdera-los-derechos-exclusivos-sobre-mickey-mouse\/\" \/>\n<meta property=\"og:locale\" content=\"es_MX\" \/>\n<meta property=\"og:type\" content=\"article\" \/>\n<meta property=\"og:title\" content=\"Disney perder\u00e1 los derechos exclusivos sobre Mickey Mouse\" \/>\n<meta property=\"og:description\" content=\"El personaje m\u00e1s representativo de la compa\u00f1\u00eda, Mickey Mouse, dejar\u00e1 de ser exclusivamente de la familia Disney.\" \/>\n<meta property=\"og:url\" content=\"https:\/\/graziamagazine.com\/mx\/articles\/disney-perdera-los-derechos-exclusivos-sobre-mickey-mouse\/\" \/>\n<meta property=\"og:site_name\" content=\"Grazia M\u00e9xico y Latinoam\u00e9rica\" \/>\n<meta property=\"article:modified_time\" content=\"2022-07-21T15:34:32+00:00\" \/>\n<meta property=\"og:image\" content=\"https:\/\/graziamagazine.com\/mx\/wp-content\/uploads\/sites\/13\/2022\/07\/f.elconfidencial.com_original_844_7d4_1e5_8447d41e57fc7f693c0f27fe28713d98.jpg\" \/>\n\t<meta property=\"og:image:width\" content=\"1200\" \/>\n\t<meta property=\"og:image:height\" content=\"900\" \/>\n\t<meta property=\"og:image:type\" content=\"image\/jpeg\" \/>\n<meta name=\"twitter:card\" content=\"summary_large_image\" \/>\n<meta name=\"twitter:label1\" content=\"Est. reading time\" \/>\n\t<meta name=\"twitter:data1\" content=\"5 minutos\" \/>\n<script type=\"application\/ld+json\" class=\"yoast-schema-graph\">{\"@context\":\"https:\/\/schema.org\",\"@graph\":[{\"@type\":\"WebPage\",\"@id\":\"https:\/\/graziamagazine.com\/mx\/articles\/disney-perdera-los-derechos-exclusivos-sobre-mickey-mouse\/\",\"url\":\"https:\/\/graziamagazine.com\/mx\/articles\/disney-perdera-los-derechos-exclusivos-sobre-mickey-mouse\/\",\"name\":\"Disney perder\u00e1 los derechos exclusivos de Mickey Mouse\",\"isPartOf\":{\"@id\":\"https:\/\/graziamagazine.com\/mx\/#website\"},\"datePublished\":\"2022-07-21T14:13:49+00:00\",\"dateModified\":\"2022-07-21T15:34:32+00:00\",\"description\":\"El personaje m\u00e1s representativo de la compa\u00f1\u00eda, Mickey Mouse, dejar\u00e1 de ser exclusivamente de la familia Disney.\",\"breadcrumb\":{\"@id\":\"https:\/\/graziamagazine.com\/mx\/articles\/disney-perdera-los-derechos-exclusivos-sobre-mickey-mouse\/#breadcrumb\"},\"inLanguage\":\"es-MX\",\"potentialAction\":[{\"@type\":\"ReadAction\",\"target\":[\"https:\/\/graziamagazine.com\/mx\/articles\/disney-perdera-los-derechos-exclusivos-sobre-mickey-mouse\/\"]}]},{\"@type\":\"BreadcrumbList\",\"@id\":\"https:\/\/graziamagazine.com\/mx\/articles\/disney-perdera-los-derechos-exclusivos-sobre-mickey-mouse\/#breadcrumb\",\"itemListElement\":[{\"@type\":\"ListItem\",\"position\":1,\"name\":\"Home\",\"item\":\"https:\/\/graziamagazine.com\/mx\/\"},{\"@type\":\"ListItem\",\"position\":2,\"name\":\"Disney perder\u00e1 los derechos exclusivos sobre Mickey Mouse\"}]},{\"@type\":\"WebSite\",\"@id\":\"https:\/\/graziamagazine.com\/mx\/#website\",\"url\":\"https:\/\/graziamagazine.com\/mx\/\",\"name\":\"Grazia M\u00e9xico y Latinoam\u00e9rica\",\"description\":\"Grazia es moda, belleza y noticias  de actualidad \",\"potentialAction\":[{\"@type\":\"SearchAction\",\"target\":{\"@type\":\"EntryPoint\",\"urlTemplate\":\"https:\/\/graziamagazine.com\/mx\/?s={search_term_string}\"},\"query-input\":\"required name=search_term_string\"}],\"inLanguage\":\"es-MX\"}]}<\/script>\n<!-- \/ Yoast SEO Premium plugin. -->","yoast_head_json":{"title":"Disney perder\u00e1 los derechos exclusivos de Mickey Mouse","description":"El personaje m\u00e1s representativo de la compa\u00f1\u00eda, Mickey Mouse, dejar\u00e1 de ser exclusivamente de la familia Disney.","robots":{"index":"index","follow":"follow","max-snippet":"max-snippet:-1","max-image-preview":"max-image-preview:large","max-video-preview":"max-video-preview:-1"},"canonical":"https:\/\/graziamagazine.com\/mx\/articles\/disney-perdera-los-derechos-exclusivos-sobre-mickey-mouse\/","og_locale":"es_MX","og_type":"article","og_title":"Disney perder\u00e1 los derechos exclusivos sobre Mickey Mouse","og_description":"El personaje m\u00e1s representativo de la compa\u00f1\u00eda, Mickey Mouse, dejar\u00e1 de ser exclusivamente de la familia Disney.","og_url":"https:\/\/graziamagazine.com\/mx\/articles\/disney-perdera-los-derechos-exclusivos-sobre-mickey-mouse\/","og_site_name":"Grazia M\u00e9xico y Latinoam\u00e9rica","article_modified_time":"2022-07-21T15:34:32+00:00","og_image":[{"width":1200,"height":900,"url":"https:\/\/graziamagazine.com\/mx\/wp-content\/uploads\/sites\/13\/2022\/07\/f.elconfidencial.com_original_844_7d4_1e5_8447d41e57fc7f693c0f27fe28713d98.jpg","type":"image\/jpeg"}],"twitter_card":"summary_large_image","twitter_misc":{"Est. reading time":"5 minutos"},"schema":{"@context":"https:\/\/schema.org","@graph":[{"@type":"WebPage","@id":"https:\/\/graziamagazine.com\/mx\/articles\/disney-perdera-los-derechos-exclusivos-sobre-mickey-mouse\/","url":"https:\/\/graziamagazine.com\/mx\/articles\/disney-perdera-los-derechos-exclusivos-sobre-mickey-mouse\/","name":"Disney perder\u00e1 los derechos exclusivos de Mickey Mouse","isPartOf":{"@id":"https:\/\/graziamagazine.com\/mx\/#website"},"datePublished":"2022-07-21T14:13:49+00:00","dateModified":"2022-07-21T15:34:32+00:00","description":"El personaje m\u00e1s representativo de la compa\u00f1\u00eda, Mickey Mouse, dejar\u00e1 de ser exclusivamente de la familia Disney.","breadcrumb":{"@id":"https:\/\/graziamagazine.com\/mx\/articles\/disney-perdera-los-derechos-exclusivos-sobre-mickey-mouse\/#breadcrumb"},"inLanguage":"es-MX","potentialAction":[{"@type":"ReadAction","target":["https:\/\/graziamagazine.com\/mx\/articles\/disney-perdera-los-derechos-exclusivos-sobre-mickey-mouse\/"]}]},{"@type":"BreadcrumbList","@id":"https:\/\/graziamagazine.com\/mx\/articles\/disney-perdera-los-derechos-exclusivos-sobre-mickey-mouse\/#breadcrumb","itemListElement":[{"@type":"ListItem","position":1,"name":"Home","item":"https:\/\/graziamagazine.com\/mx\/"},{"@type":"ListItem","position":2,"name":"Disney perder\u00e1 los derechos exclusivos sobre Mickey Mouse"}]},{"@type":"WebSite","@id":"https:\/\/graziamagazine.com\/mx\/#website","url":"https:\/\/graziamagazine.com\/mx\/","name":"Grazia M\u00e9xico y Latinoam\u00e9rica","description":"Grazia es moda, belleza y noticias  de actualidad ","potentialAction":[{"@type":"SearchAction","target":{"@type":"EntryPoint","urlTemplate":"https:\/\/graziamagazine.com\/mx\/?s={search_term_string}"},"query-input":"required name=search_term_string"}],"inLanguage":"es-MX"}]}},"jetpack_sharing_enabled":true,"distributor_meta":false,"distributor_terms":false,"distributor_media":false,"distributor_original_site_name":"Grazia M\u00e9xico y Latinoam\u00e9rica","distributor_original_site_url":"https:\/\/graziamagazine.com\/mx","push-errors":false,"_links":{"self":[{"href":"https:\/\/graziamagazine.com\/mx\/wp-json\/wp\/v2\/articles\/115389"}],"collection":[{"href":"https:\/\/graziamagazine.com\/mx\/wp-json\/wp\/v2\/articles"}],"about":[{"href":"https:\/\/graziamagazine.com\/mx\/wp-json\/wp\/v2\/types\/articles"}],"author":[{"embeddable":true,"href":"https:\/\/graziamagazine.com\/mx\/wp-json\/wp\/v2\/users\/11628"}],"wp:featuredmedia":[{"embeddable":true,"href":"https:\/\/graziamagazine.com\/mx\/wp-json\/wp\/v2\/media\/115390"}],"wp:attachment":[{"href":"https:\/\/graziamagazine.com\/mx\/wp-json\/wp\/v2\/media?parent=115389"}],"wp:term":[{"taxonomy":"category","embeddable":true,"href":"https:\/\/graziamagazine.com\/mx\/wp-json\/wp\/v2\/categories?post=115389"}],"curies":[{"name":"wp","href":"https:\/\/api.w.org\/{rel}","templated":true}]}}