{"id":115200,"date":"2022-07-18T18:19:14","date_gmt":"2022-07-18T23:19:14","guid":{"rendered":"https:\/\/graziamagazine.com\/mx\/?post_type=articles&#038;p=115200"},"modified":"2022-07-18T19:06:07","modified_gmt":"2022-07-19T00:06:07","slug":"paul-mccartney-felicita-a-ringo-starr-por-su-cumpleanos","status":"publish","type":"articles","link":"https:\/\/graziamagazine.com\/mx\/articles\/paul-mccartney-felicita-a-ringo-starr-por-su-cumpleanos\/","title":{"rendered":"Paul McCartney felicita a Ringo Starr por su cumplea\u00f1os"},"content":{"rendered":"<p><span style=\"font-weight: 400\">\u00a1Todo lo que necesitamos es amor! Y a los integrantes de<strong> The Beatles<\/strong> am\u00e1ndose entre ellos. Afortunadamente <strong>Paul McCartney<\/strong> no nos decepcion\u00f3.<\/span><\/p>\n<p><span style=\"font-weight: 400\">En d\u00edas pasados, el m\u00fasico brit\u00e1nico felicit\u00f3 por su cumplea\u00f1os a quien fuera uno de sus compa\u00f1eros en la legendaria banda, <strong>Ringo Starr<\/strong>, con un cari\u00f1oso mensaje en Twitter.<\/span><\/p>\n<p><span style=\"font-weight: 400\">Starr cumpli\u00f3 82 a\u00f1os, y <a href=\"https:\/\/graziamagazine.com\/mx\/articles\/stella-mccartney-rinde-homenaje-a-su-padre-lanza-nueva-coleccion-de-los-beatles\/\">McCartney<\/a> escribi\u00f3 el 7 de julio: \u201cPaz al mundo en el cumplea\u00f1os de Ringo. El mismo d\u00eda que mi pap\u00e1. \u00a1Dos hombres muy especiales!\u201d.<\/span><\/p>\n<blockquote class=\"twitter-tweet\" data-width=\"500\" data-dnt=\"true\">\n<p lang=\"en\" dir=\"ltr\">Peace to the world on Ringo&#39;s birthday. Same day as my Dad. Two very special men!  <br \/>Love Paul x <a href=\"https:\/\/t.co\/4QtCQRNBrE\" target=\"_blank\">pic.twitter.com\/4QtCQRNBrE<\/a><\/p>\n<p>&mdash; Paul McCartney (@PaulMcCartney) <a href=\"https:\/\/twitter.com\/PaulMcCartney\/status\/1544985094791774210?ref_src=twsrc%5Etfw\" target=\"_blank\">July 7, 2022<\/a><\/p><\/blockquote>\n<p><script async src=\"https:\/\/platform.twitter.com\/widgets.js\" charset=\"utf-8\"><\/script><\/p>\n<p><span style=\"font-weight: 400\">El \u00edcono del <em>rock &amp; roll<\/em> incluy\u00f3 en la publicaci\u00f3n una foto en el escenario con Ringo, en la que Paul levantaba las manos con el signo de la paz, una guitarra atada a sus hombros mientras vest\u00eda una camisa azul con botones y jeans oscuros.\u00a0<\/span><\/p>\n<p><span style=\"font-weight: 400\">Ringo, por su parte, est\u00e1 frente al micr\u00f3fono, vestido todo de negro con lentes de sol, tambi\u00e9n levantando los brazos con el signo de paz en ambas manos.\u00a0<\/span><\/p>\n<p><img loading=\"lazy\" decoding=\"async\" class=\"alignnone size-medium wp-image-115202 aligncenter\" src=\"https:\/\/graziamagazine.com\/mx\/wp-content\/uploads\/sites\/13\/2022\/07\/Captura-de-Pantalla-2022-07-18-a-las-12.40.10.png?w=411\" alt=\"Paul McCartney felicita a Ringo Starr por su cumplea\u00f1os\" width=\"411\" height=\"450\" \/><\/p>\n<p><span style=\"font-weight: 400\">En la publicaci\u00f3n tambi\u00e9n apareci\u00f3 una fotograf\u00eda de su difunto padre James McCartney, quien falleci\u00f3 en 1976 a la edad de 73 a\u00f1os.<\/span><\/p>\n<p><span style=\"font-weight: 400\">Como sabes, Paul y Ringo son los dos miembros que a\u00fan viven de la incomparable banda de la d\u00e9cada de 1960 The Beatles, que se separ\u00f3 en 1970.\u00a0<\/span><\/p>\n<p><span style=\"font-weight: 400\">En abril, se les vio teniendo una cita doble con sus esposas, <strong>Nancy Shevell, de 62 a\u00f1os, y Barbara Bach, de 74.\u00a0<\/strong><\/span><\/p>\n<p><span style=\"font-weight: 400\">Ringo y Barbara, junto con Nancy y Paul, cenaron en Los \u00c1ngeles, sonriendo y abraz\u00e1ndose.\u00a0<\/span><\/p>\n<p><span style=\"font-weight: 400\">Dos a\u00f1os antes, en 2020, los ex Beatles deleitaron a los fan\u00e1ticos al unirse en una nueva canci\u00f3n, 50 a\u00f1os despu\u00e9s de que la banda se separara.\u00a0<\/span><\/p>\n<p><span style=\"font-weight: 400\">El sencillo, <\/span><i><span style=\"font-weight: 400\">Here&#8217;s to The Nights<\/span><\/i><span style=\"font-weight: 400\">, se incluy\u00f3 en el \u00e1lbum<strong> Zoom In<\/strong> de Ringo y tambi\u00e9n inclu\u00eda voces de <strong>Sheryl Crow, Dave Grohl, Chris Stapleton, Lenny Kravitz y m\u00e1s.<\/strong><\/span><\/p>\n<p><span style=\"font-weight: 400\">La nost\u00e1lgica letra tambi\u00e9n habl\u00f3 de la amistad de d\u00e9cadas entre ellos y los amigos que ya no est\u00e1n, como <strong>John Lennon y George Harrison.\u00a0<\/strong><\/span><\/p>\n<p><img loading=\"lazy\" decoding=\"async\" class=\"alignnone size-medium wp-image-115203 aligncenter\" src=\"https:\/\/graziamagazine.com\/mx\/wp-content\/uploads\/sites\/13\/2022\/07\/Captura-de-Pantalla-2022-07-18-a-las-12.37.35.png?w=450\" alt=\"Paul McCartney felicita a Ringo Starr por su cumplea\u00f1os\" width=\"450\" height=\"448\" \/><\/p>\n<p><span style=\"font-weight: 400\">\u201cAqu\u00ed est\u00e1n las noches que no recordaremos. Con los amigos que no olvidaremos. Que pueda pensar en ellos para siempre. Como los d\u00edas que fueron los mejores. Que hagamos algo de ruido juntos. Hagamos un hermoso desorden.Digamos que lo hicimos todo\u201d, se escucha en la melod\u00eda.<\/span><\/p>\n","protected":false},"author":11628,"featured_media":115201,"template":"","format":"standard","categories":[2],"acf":[],"yoast_head":"<!-- This site is optimized with the Yoast SEO Premium plugin v18.5 (Yoast SEO v20.4) - https:\/\/yoast.com\/wordpress\/plugins\/seo\/ -->\n<title>Paul McCartney felicita a Ringo Starr por su cumplea\u00f1os<\/title>\n<meta name=\"description\" content=\"Uno de los dos ex The Beatles que viven - Paul McCartney - felicit\u00f3 al otro por su cumplea\u00f1os - Ringo Starr - mostrando una amistad eterna.\" \/>\n<meta name=\"robots\" content=\"index, follow, max-snippet:-1, max-image-preview:large, max-video-preview:-1\" \/>\n<link rel=\"canonical\" href=\"https:\/\/graziamagazine.com\/mx\/articles\/paul-mccartney-felicita-a-ringo-starr-por-su-cumpleanos\/\" \/>\n<meta property=\"og:locale\" content=\"es_MX\" \/>\n<meta property=\"og:type\" content=\"article\" \/>\n<meta property=\"og:title\" content=\"Paul McCartney felicita a Ringo Starr por su cumplea\u00f1os\" \/>\n<meta property=\"og:description\" content=\"Uno de los dos ex The Beatles que viven - Paul McCartney - felicit\u00f3 al otro por su cumplea\u00f1os - Ringo Starr - mostrando una amistad eterna.\" \/>\n<meta property=\"og:url\" content=\"https:\/\/graziamagazine.com\/mx\/articles\/paul-mccartney-felicita-a-ringo-starr-por-su-cumpleanos\/\" \/>\n<meta property=\"og:site_name\" content=\"Grazia M\u00e9xico y Latinoam\u00e9rica\" \/>\n<meta property=\"article:modified_time\" content=\"2022-07-19T00:06:07+00:00\" \/>\n<meta property=\"og:image\" content=\"https:\/\/graziamagazine.com\/mx\/wp-content\/uploads\/sites\/13\/2022\/07\/Captura-de-Pantalla-2022-07-18-a-las-12.40.21.png\" \/>\n\t<meta property=\"og:image:width\" content=\"616\" \/>\n\t<meta property=\"og:image:height\" content=\"418\" \/>\n\t<meta property=\"og:image:type\" content=\"image\/png\" \/>\n<meta name=\"twitter:card\" content=\"summary_large_image\" \/>\n<meta name=\"twitter:label1\" content=\"Est. reading time\" \/>\n\t<meta name=\"twitter:data1\" content=\"3 minutos\" \/>\n<script type=\"application\/ld+json\" class=\"yoast-schema-graph\">{\"@context\":\"https:\/\/schema.org\",\"@graph\":[{\"@type\":\"WebPage\",\"@id\":\"https:\/\/graziamagazine.com\/mx\/articles\/paul-mccartney-felicita-a-ringo-starr-por-su-cumpleanos\/\",\"url\":\"https:\/\/graziamagazine.com\/mx\/articles\/paul-mccartney-felicita-a-ringo-starr-por-su-cumpleanos\/\",\"name\":\"Paul McCartney felicita a Ringo Starr por su cumplea\u00f1os\",\"isPartOf\":{\"@id\":\"https:\/\/graziamagazine.com\/mx\/#website\"},\"datePublished\":\"2022-07-18T23:19:14+00:00\",\"dateModified\":\"2022-07-19T00:06:07+00:00\",\"description\":\"Uno de los dos ex The Beatles que viven - Paul McCartney - felicit\u00f3 al otro por su cumplea\u00f1os - Ringo Starr - mostrando una amistad eterna.\",\"breadcrumb\":{\"@id\":\"https:\/\/graziamagazine.com\/mx\/articles\/paul-mccartney-felicita-a-ringo-starr-por-su-cumpleanos\/#breadcrumb\"},\"inLanguage\":\"es-MX\",\"potentialAction\":[{\"@type\":\"ReadAction\",\"target\":[\"https:\/\/graziamagazine.com\/mx\/articles\/paul-mccartney-felicita-a-ringo-starr-por-su-cumpleanos\/\"]}]},{\"@type\":\"BreadcrumbList\",\"@id\":\"https:\/\/graziamagazine.com\/mx\/articles\/paul-mccartney-felicita-a-ringo-starr-por-su-cumpleanos\/#breadcrumb\",\"itemListElement\":[{\"@type\":\"ListItem\",\"position\":1,\"name\":\"Home\",\"item\":\"https:\/\/graziamagazine.com\/mx\/\"},{\"@type\":\"ListItem\",\"position\":2,\"name\":\"Paul McCartney felicita a Ringo Starr por su cumplea\u00f1os\"}]},{\"@type\":\"WebSite\",\"@id\":\"https:\/\/graziamagazine.com\/mx\/#website\",\"url\":\"https:\/\/graziamagazine.com\/mx\/\",\"name\":\"Grazia M\u00e9xico y Latinoam\u00e9rica\",\"description\":\"Grazia es moda, belleza y noticias  de actualidad \",\"potentialAction\":[{\"@type\":\"SearchAction\",\"target\":{\"@type\":\"EntryPoint\",\"urlTemplate\":\"https:\/\/graziamagazine.com\/mx\/?s={search_term_string}\"},\"query-input\":\"required name=search_term_string\"}],\"inLanguage\":\"es-MX\"}]}<\/script>\n<!-- \/ Yoast SEO Premium plugin. -->","yoast_head_json":{"title":"Paul McCartney felicita a Ringo Starr por su cumplea\u00f1os","description":"Uno de los dos ex The Beatles que viven - Paul McCartney - felicit\u00f3 al otro por su cumplea\u00f1os - Ringo Starr - mostrando una amistad eterna.","robots":{"index":"index","follow":"follow","max-snippet":"max-snippet:-1","max-image-preview":"max-image-preview:large","max-video-preview":"max-video-preview:-1"},"canonical":"https:\/\/graziamagazine.com\/mx\/articles\/paul-mccartney-felicita-a-ringo-starr-por-su-cumpleanos\/","og_locale":"es_MX","og_type":"article","og_title":"Paul McCartney felicita a Ringo Starr por su cumplea\u00f1os","og_description":"Uno de los dos ex The Beatles que viven - Paul McCartney - felicit\u00f3 al otro por su cumplea\u00f1os - Ringo Starr - mostrando una amistad eterna.","og_url":"https:\/\/graziamagazine.com\/mx\/articles\/paul-mccartney-felicita-a-ringo-starr-por-su-cumpleanos\/","og_site_name":"Grazia M\u00e9xico y Latinoam\u00e9rica","article_modified_time":"2022-07-19T00:06:07+00:00","og_image":[{"width":616,"height":418,"url":"https:\/\/graziamagazine.com\/mx\/wp-content\/uploads\/sites\/13\/2022\/07\/Captura-de-Pantalla-2022-07-18-a-las-12.40.21.png","type":"image\/png"}],"twitter_card":"summary_large_image","twitter_misc":{"Est. reading time":"3 minutos"},"schema":{"@context":"https:\/\/schema.org","@graph":[{"@type":"WebPage","@id":"https:\/\/graziamagazine.com\/mx\/articles\/paul-mccartney-felicita-a-ringo-starr-por-su-cumpleanos\/","url":"https:\/\/graziamagazine.com\/mx\/articles\/paul-mccartney-felicita-a-ringo-starr-por-su-cumpleanos\/","name":"Paul McCartney felicita a Ringo Starr por su cumplea\u00f1os","isPartOf":{"@id":"https:\/\/graziamagazine.com\/mx\/#website"},"datePublished":"2022-07-18T23:19:14+00:00","dateModified":"2022-07-19T00:06:07+00:00","description":"Uno de los dos ex The Beatles que viven - Paul McCartney - felicit\u00f3 al otro por su cumplea\u00f1os - Ringo Starr - mostrando una amistad eterna.","breadcrumb":{"@id":"https:\/\/graziamagazine.com\/mx\/articles\/paul-mccartney-felicita-a-ringo-starr-por-su-cumpleanos\/#breadcrumb"},"inLanguage":"es-MX","potentialAction":[{"@type":"ReadAction","target":["https:\/\/graziamagazine.com\/mx\/articles\/paul-mccartney-felicita-a-ringo-starr-por-su-cumpleanos\/"]}]},{"@type":"BreadcrumbList","@id":"https:\/\/graziamagazine.com\/mx\/articles\/paul-mccartney-felicita-a-ringo-starr-por-su-cumpleanos\/#breadcrumb","itemListElement":[{"@type":"ListItem","position":1,"name":"Home","item":"https:\/\/graziamagazine.com\/mx\/"},{"@type":"ListItem","position":2,"name":"Paul McCartney felicita a Ringo Starr por su cumplea\u00f1os"}]},{"@type":"WebSite","@id":"https:\/\/graziamagazine.com\/mx\/#website","url":"https:\/\/graziamagazine.com\/mx\/","name":"Grazia M\u00e9xico y Latinoam\u00e9rica","description":"Grazia es moda, belleza y noticias  de actualidad ","potentialAction":[{"@type":"SearchAction","target":{"@type":"EntryPoint","urlTemplate":"https:\/\/graziamagazine.com\/mx\/?s={search_term_string}"},"query-input":"required name=search_term_string"}],"inLanguage":"es-MX"}]}},"jetpack_sharing_enabled":true,"distributor_meta":false,"distributor_terms":false,"distributor_media":false,"distributor_original_site_name":"Grazia M\u00e9xico y Latinoam\u00e9rica","distributor_original_site_url":"https:\/\/graziamagazine.com\/mx","push-errors":false,"_links":{"self":[{"href":"https:\/\/graziamagazine.com\/mx\/wp-json\/wp\/v2\/articles\/115200"}],"collection":[{"href":"https:\/\/graziamagazine.com\/mx\/wp-json\/wp\/v2\/articles"}],"about":[{"href":"https:\/\/graziamagazine.com\/mx\/wp-json\/wp\/v2\/types\/articles"}],"author":[{"embeddable":true,"href":"https:\/\/graziamagazine.com\/mx\/wp-json\/wp\/v2\/users\/11628"}],"wp:featuredmedia":[{"embeddable":true,"href":"https:\/\/graziamagazine.com\/mx\/wp-json\/wp\/v2\/media\/115201"}],"wp:attachment":[{"href":"https:\/\/graziamagazine.com\/mx\/wp-json\/wp\/v2\/media?parent=115200"}],"wp:term":[{"taxonomy":"category","embeddable":true,"href":"https:\/\/graziamagazine.com\/mx\/wp-json\/wp\/v2\/categories?post=115200"}],"curies":[{"name":"wp","href":"https:\/\/api.w.org\/{rel}","templated":true}]}}