{"id":11478,"date":"2016-12-05T15:47:46","date_gmt":"2016-12-05T21:47:46","guid":{"rendered":"https:\/\/graziamagazine.com\/mx\/?p=11478"},"modified":"2017-07-10T20:00:34","modified_gmt":"2017-07-11T02:00:34","slug":"haim-y-sus-holidays-con-reformation","status":"publish","type":"articles","link":"https:\/\/graziamagazine.com\/mx\/articles\/haim-y-sus-holidays-con-reformation\/","title":{"rendered":"HAIM Y SUS HOLIDAYS CON REFORMATION"},"content":{"rendered":"<p><b>Adem\u00e1s de protagonizar la campa\u00f1a, las hermanas Haim fueron las responsables detr\u00e1s de los dise\u00f1os de inspiraci\u00f3n retro. \u00a1Al estilo Studio 54!<\/b><!--more--><\/p>\n<p>\u2013\u2013\u2013\u2013<\/p>\n<p><img loading=\"lazy\" decoding=\"async\" class=\"alignnone size-full wp-image-11479\" src=\"https:\/\/graziamagazine.com\/mx\/wp-content\/uploads\/sites\/13\/2016\/12\/haim-reformation-collaboration-1.jpg\" alt=\"haim-reformation-collaboration-destacada\" width=\"640\" height=\"415\" srcset=\"https:\/\/graziamagazine.com\/mx\/wp-content\/uploads\/sites\/13\/2016\/12\/haim-reformation-collaboration-1.jpg 640w, https:\/\/graziamagazine.com\/mx\/wp-content\/uploads\/sites\/13\/2016\/12\/haim-reformation-collaboration-1.jpg?resize=450,292 450w, https:\/\/graziamagazine.com\/mx\/wp-content\/uploads\/sites\/13\/2016\/12\/haim-reformation-collaboration-1.jpg?resize=155,101 155w\" sizes=\"(max-width: 640px) 100vw, 640px\" \/><\/p>\n<p>&nbsp;<\/p>\n<p><span style=\"font-weight: 400;\">Hay much\u00edsimas formas de celebrar el <em>girl power<\/em> y una de ellas \u2013y quiz\u00e1s la m\u00e1s divertida\u2013 es a trav\u00e9s de la m\u00fasica. Beyonc\u00e9, Cindy Lauper y m\u00e1s, han ondeado la bandera de que las mujeres rockeamos y desde hace poco m\u00e1s de 4 a\u00f1os, las hermanas Haim se unieron al clan.<\/span><\/p>\n<p><span style=\"font-weight: 400;\">Adem\u00e1s de su innegable talento musical, su imagen de californianas cool de inmediato llam\u00f3 la atenci\u00f3n y es precisamente ese diferenciador el que caracteriza su m\u00e1s reciente proyecto. Se trata de la colecci\u00f3n hecha especialmente para Reformation, la firma independiente favorita de celebridades como Rihanna, Karlie Kloss y Emily Ratajkowski.<\/span><\/p>\n<p><span style=\"font-weight: 400;\">Disponibles a partir de hoy, las prendas se inspiran en la \u00e9poca del Studio 54 y las eternas divas Cher y Diana Ross, seg\u00fan aseguraron Este, Alana y Danielle. Sobre la colecci\u00f3n, tambi\u00e9n declararon que concuerdan con la filosof\u00eda de Reformation de <strong><em>\u201cvestirte y salir a bailar\u201d<\/em><\/strong>.<\/span><\/p>\n<p>&nbsp;<\/p>\n<p><span style=\"font-weight: 400;\">Te compartimos las im\u00e1genes de las int\u00e9rpretes de <strong>&#8220;If I Could Change Your Mind&#8221;\u00a0<\/strong>con las prendas que oscilan entre los $128 y $398 d\u00f3lares.<\/span><\/p>\n<p>&nbsp;<\/p>\n<p><img loading=\"lazy\" decoding=\"async\" class=\"alignnone size-full wp-image-11481\" src=\"https:\/\/graziamagazine.com\/mx\/wp-content\/uploads\/sites\/13\/2016\/12\/haim-reformation-collaboration-4.jpg\" alt=\"haim-reformation-collaboration-1\" width=\"640\" height=\"415\" srcset=\"https:\/\/graziamagazine.com\/mx\/wp-content\/uploads\/sites\/13\/2016\/12\/haim-reformation-collaboration-4.jpg 640w, https:\/\/graziamagazine.com\/mx\/wp-content\/uploads\/sites\/13\/2016\/12\/haim-reformation-collaboration-4.jpg?resize=450,292 450w, https:\/\/graziamagazine.com\/mx\/wp-content\/uploads\/sites\/13\/2016\/12\/haim-reformation-collaboration-4.jpg?resize=155,101 155w\" sizes=\"(max-width: 640px) 100vw, 640px\" \/><\/p>\n<p>&nbsp;<\/p>\n<p><img loading=\"lazy\" decoding=\"async\" class=\"alignnone size-full wp-image-11483\" src=\"https:\/\/graziamagazine.com\/mx\/wp-content\/uploads\/sites\/13\/2016\/12\/haim-reformation-collaboration-2.jpg\" alt=\"haim-reformation-collaboration-3\" width=\"640\" height=\"415\" srcset=\"https:\/\/graziamagazine.com\/mx\/wp-content\/uploads\/sites\/13\/2016\/12\/haim-reformation-collaboration-2.jpg 640w, https:\/\/graziamagazine.com\/mx\/wp-content\/uploads\/sites\/13\/2016\/12\/haim-reformation-collaboration-2.jpg?resize=450,292 450w, https:\/\/graziamagazine.com\/mx\/wp-content\/uploads\/sites\/13\/2016\/12\/haim-reformation-collaboration-2.jpg?resize=155,101 155w\" sizes=\"(max-width: 640px) 100vw, 640px\" \/><\/p>\n<p>&nbsp;<\/p>\n<p><img loading=\"lazy\" decoding=\"async\" class=\"alignnone size-full wp-image-11482\" src=\"https:\/\/graziamagazine.com\/mx\/wp-content\/uploads\/sites\/13\/2016\/12\/haim-reformation-collaboration-3.jpg\" alt=\"haim-reformation-collaboration-2\" width=\"640\" height=\"415\" srcset=\"https:\/\/graziamagazine.com\/mx\/wp-content\/uploads\/sites\/13\/2016\/12\/haim-reformation-collaboration-3.jpg 640w, https:\/\/graziamagazine.com\/mx\/wp-content\/uploads\/sites\/13\/2016\/12\/haim-reformation-collaboration-3.jpg?resize=450,292 450w, https:\/\/graziamagazine.com\/mx\/wp-content\/uploads\/sites\/13\/2016\/12\/haim-reformation-collaboration-3.jpg?resize=155,101 155w\" sizes=\"(max-width: 640px) 100vw, 640px\" \/><\/p>\n<h5><strong><em>*FOTOS: Cortes\u00eda.<\/em><\/strong><\/h5>\n","protected":false},"author":11636,"featured_media":11479,"template":"","format":"standard","categories":[2,4,10],"acf":[],"yoast_head":"<!-- This site is optimized with the Yoast SEO Premium plugin v18.5 (Yoast SEO v20.4) - https:\/\/yoast.com\/wordpress\/plugins\/seo\/ -->\n<title>HAIM Y SUS HOLIDAYS CON REFORMATION | Grazia M\u00e9xico y Latinoam\u00e9rica<\/title>\n<meta name=\"description\" content=\"Adem\u00e1s de protagonizar la campa\u00f1a, las hermanas Haim fueron las responsables detr\u00e1s de los dise\u00f1os de inspiraci\u00f3n retro. \u00a1Al estilo Studio 54!\" \/>\n<meta name=\"robots\" content=\"index, follow, max-snippet:-1, max-image-preview:large, max-video-preview:-1\" \/>\n<link rel=\"canonical\" href=\"https:\/\/graziamagazine.com\/mx\/articles\/haim-y-sus-holidays-con-reformation\/\" \/>\n<meta property=\"og:locale\" content=\"es_MX\" \/>\n<meta property=\"og:type\" content=\"article\" \/>\n<meta property=\"og:title\" content=\"HAIM Y SUS HOLIDAYS CON REFORMATION\" \/>\n<meta property=\"og:description\" content=\"Adem\u00e1s de protagonizar la campa\u00f1a, las hermanas Haim fueron las responsables detr\u00e1s de los dise\u00f1os de inspiraci\u00f3n retro. \u00a1Al estilo Studio 54!\" \/>\n<meta property=\"og:url\" content=\"https:\/\/graziamagazine.com\/mx\/articles\/haim-y-sus-holidays-con-reformation\/\" \/>\n<meta property=\"og:site_name\" content=\"Grazia M\u00e9xico y Latinoam\u00e9rica\" \/>\n<meta property=\"article:modified_time\" content=\"2017-07-11T02:00:34+00:00\" \/>\n<meta property=\"og:image\" content=\"https:\/\/graziamagazine.com\/mx\/wp-content\/uploads\/sites\/13\/2016\/12\/haim-reformation-collaboration-1.jpg?fit=640%2C415\" \/>\n\t<meta property=\"og:image:width\" content=\"640\" \/>\n\t<meta property=\"og:image:height\" content=\"415\" \/>\n\t<meta property=\"og:image:type\" content=\"image\/jpeg\" \/>\n<meta name=\"twitter:card\" content=\"summary_large_image\" \/>\n<meta name=\"twitter:label1\" content=\"Est. reading time\" \/>\n\t<meta name=\"twitter:data1\" content=\"1 minuto\" \/>\n<script type=\"application\/ld+json\" class=\"yoast-schema-graph\">{\"@context\":\"https:\/\/schema.org\",\"@graph\":[{\"@type\":\"WebPage\",\"@id\":\"https:\/\/graziamagazine.com\/mx\/articles\/haim-y-sus-holidays-con-reformation\/\",\"url\":\"https:\/\/graziamagazine.com\/mx\/articles\/haim-y-sus-holidays-con-reformation\/\",\"name\":\"HAIM Y SUS HOLIDAYS CON REFORMATION | Grazia M\u00e9xico y Latinoam\u00e9rica\",\"isPartOf\":{\"@id\":\"https:\/\/graziamagazine.com\/mx\/#website\"},\"datePublished\":\"2016-12-05T21:47:46+00:00\",\"dateModified\":\"2017-07-11T02:00:34+00:00\",\"description\":\"Adem\u00e1s de protagonizar la campa\u00f1a, las hermanas Haim fueron las responsables detr\u00e1s de los dise\u00f1os de inspiraci\u00f3n retro. \u00a1Al estilo Studio 54!\",\"breadcrumb\":{\"@id\":\"https:\/\/graziamagazine.com\/mx\/articles\/haim-y-sus-holidays-con-reformation\/#breadcrumb\"},\"inLanguage\":\"es-MX\",\"potentialAction\":[{\"@type\":\"ReadAction\",\"target\":[\"https:\/\/graziamagazine.com\/mx\/articles\/haim-y-sus-holidays-con-reformation\/\"]}]},{\"@type\":\"BreadcrumbList\",\"@id\":\"https:\/\/graziamagazine.com\/mx\/articles\/haim-y-sus-holidays-con-reformation\/#breadcrumb\",\"itemListElement\":[{\"@type\":\"ListItem\",\"position\":1,\"name\":\"Home\",\"item\":\"https:\/\/graziamagazine.com\/mx\/\"},{\"@type\":\"ListItem\",\"position\":2,\"name\":\"HAIM Y SUS HOLIDAYS CON REFORMATION\"}]},{\"@type\":\"WebSite\",\"@id\":\"https:\/\/graziamagazine.com\/mx\/#website\",\"url\":\"https:\/\/graziamagazine.com\/mx\/\",\"name\":\"Grazia M\u00e9xico y Latinoam\u00e9rica\",\"description\":\"Grazia es moda, belleza y noticias  de actualidad \",\"potentialAction\":[{\"@type\":\"SearchAction\",\"target\":{\"@type\":\"EntryPoint\",\"urlTemplate\":\"https:\/\/graziamagazine.com\/mx\/?s={search_term_string}\"},\"query-input\":\"required name=search_term_string\"}],\"inLanguage\":\"es-MX\"}]}<\/script>\n<!-- \/ Yoast SEO Premium plugin. -->","yoast_head_json":{"title":"HAIM Y SUS HOLIDAYS CON REFORMATION | Grazia M\u00e9xico y Latinoam\u00e9rica","description":"Adem\u00e1s de protagonizar la campa\u00f1a, las hermanas Haim fueron las responsables detr\u00e1s de los dise\u00f1os de inspiraci\u00f3n retro. \u00a1Al estilo Studio 54!","robots":{"index":"index","follow":"follow","max-snippet":"max-snippet:-1","max-image-preview":"max-image-preview:large","max-video-preview":"max-video-preview:-1"},"canonical":"https:\/\/graziamagazine.com\/mx\/articles\/haim-y-sus-holidays-con-reformation\/","og_locale":"es_MX","og_type":"article","og_title":"HAIM Y SUS HOLIDAYS CON REFORMATION","og_description":"Adem\u00e1s de protagonizar la campa\u00f1a, las hermanas Haim fueron las responsables detr\u00e1s de los dise\u00f1os de inspiraci\u00f3n retro. \u00a1Al estilo Studio 54!","og_url":"https:\/\/graziamagazine.com\/mx\/articles\/haim-y-sus-holidays-con-reformation\/","og_site_name":"Grazia M\u00e9xico y Latinoam\u00e9rica","article_modified_time":"2017-07-11T02:00:34+00:00","og_image":[{"width":640,"height":415,"url":"https:\/\/graziamagazine.com\/mx\/wp-content\/uploads\/sites\/13\/2016\/12\/haim-reformation-collaboration-1.jpg?fit=640%2C415","type":"image\/jpeg"}],"twitter_card":"summary_large_image","twitter_misc":{"Est. reading time":"1 minuto"},"schema":{"@context":"https:\/\/schema.org","@graph":[{"@type":"WebPage","@id":"https:\/\/graziamagazine.com\/mx\/articles\/haim-y-sus-holidays-con-reformation\/","url":"https:\/\/graziamagazine.com\/mx\/articles\/haim-y-sus-holidays-con-reformation\/","name":"HAIM Y SUS HOLIDAYS CON REFORMATION | Grazia M\u00e9xico y Latinoam\u00e9rica","isPartOf":{"@id":"https:\/\/graziamagazine.com\/mx\/#website"},"datePublished":"2016-12-05T21:47:46+00:00","dateModified":"2017-07-11T02:00:34+00:00","description":"Adem\u00e1s de protagonizar la campa\u00f1a, las hermanas Haim fueron las responsables detr\u00e1s de los dise\u00f1os de inspiraci\u00f3n retro. \u00a1Al estilo Studio 54!","breadcrumb":{"@id":"https:\/\/graziamagazine.com\/mx\/articles\/haim-y-sus-holidays-con-reformation\/#breadcrumb"},"inLanguage":"es-MX","potentialAction":[{"@type":"ReadAction","target":["https:\/\/graziamagazine.com\/mx\/articles\/haim-y-sus-holidays-con-reformation\/"]}]},{"@type":"BreadcrumbList","@id":"https:\/\/graziamagazine.com\/mx\/articles\/haim-y-sus-holidays-con-reformation\/#breadcrumb","itemListElement":[{"@type":"ListItem","position":1,"name":"Home","item":"https:\/\/graziamagazine.com\/mx\/"},{"@type":"ListItem","position":2,"name":"HAIM Y SUS HOLIDAYS CON REFORMATION"}]},{"@type":"WebSite","@id":"https:\/\/graziamagazine.com\/mx\/#website","url":"https:\/\/graziamagazine.com\/mx\/","name":"Grazia M\u00e9xico y Latinoam\u00e9rica","description":"Grazia es moda, belleza y noticias  de actualidad ","potentialAction":[{"@type":"SearchAction","target":{"@type":"EntryPoint","urlTemplate":"https:\/\/graziamagazine.com\/mx\/?s={search_term_string}"},"query-input":"required name=search_term_string"}],"inLanguage":"es-MX"}]}},"jetpack_sharing_enabled":true,"distributor_meta":false,"distributor_terms":false,"distributor_media":false,"distributor_original_site_name":"Grazia M\u00e9xico y Latinoam\u00e9rica","distributor_original_site_url":"https:\/\/graziamagazine.com\/mx","push-errors":false,"_links":{"self":[{"href":"https:\/\/graziamagazine.com\/mx\/wp-json\/wp\/v2\/articles\/11478"}],"collection":[{"href":"https:\/\/graziamagazine.com\/mx\/wp-json\/wp\/v2\/articles"}],"about":[{"href":"https:\/\/graziamagazine.com\/mx\/wp-json\/wp\/v2\/types\/articles"}],"author":[{"embeddable":true,"href":"https:\/\/graziamagazine.com\/mx\/wp-json\/wp\/v2\/users\/11636"}],"wp:featuredmedia":[{"embeddable":true,"href":"https:\/\/graziamagazine.com\/mx\/wp-json\/wp\/v2\/media\/11479"}],"wp:attachment":[{"href":"https:\/\/graziamagazine.com\/mx\/wp-json\/wp\/v2\/media?parent=11478"}],"wp:term":[{"taxonomy":"category","embeddable":true,"href":"https:\/\/graziamagazine.com\/mx\/wp-json\/wp\/v2\/categories?post=11478"}],"curies":[{"name":"wp","href":"https:\/\/api.w.org\/{rel}","templated":true}]}}