{"id":114040,"date":"2022-06-29T07:57:00","date_gmt":"2022-06-29T12:57:00","guid":{"rendered":"https:\/\/graziamagazine.com\/mx\/?post_type=articles&#038;p=114040"},"modified":"2022-06-29T08:16:32","modified_gmt":"2022-06-29T13:16:32","slug":"dolce-gabbana-presenta-blu-mediterraneo","status":"publish","type":"articles","link":"https:\/\/graziamagazine.com\/mx\/articles\/dolce-gabbana-presenta-blu-mediterraneo\/","title":{"rendered":"Dolce &amp; Gabbana presenta Blu Mediterraneo"},"content":{"rendered":"<p><span style=\"font-weight: 400\">Como un vaiv\u00e9n de olas en tonalidades azules fusion\u00e1ndose con la espuma blanca, <strong>Dolce &amp; Gabbana<\/strong> se inspira en todo el car\u00e1cter de las costas italianas, presentando su nueva colecci\u00f3n <strong>Blu Mediterr\u00e1neo<\/strong> para esta temporada de verano.<\/span><\/p>\n<figure id=\"attachment_114062\" aria-describedby=\"caption-attachment-114062\" style=\"width: 741px\" class=\"wp-caption alignnone\"><img loading=\"lazy\" decoding=\"async\" class=\"wp-image-114062 size-large\" src=\"https:\/\/graziamagazine.com\/mx\/wp-content\/uploads\/sites\/13\/2022\/06\/DG_Womens_PreFW22-23_BluMediterraneo_PR-47.jpg?w=741\" alt=\"Dolce &amp; Gabbana presenta Blu Mediterraneo\" width=\"741\" height=\"1024\" \/><figcaption id=\"caption-attachment-114062\" class=\"wp-caption-text\">Dolce &amp; Gabbana presenta Blu Mediterraneo<\/figcaption><\/figure>\n<p><span style=\"font-weight: 400\">La l\u00ednea resalta por los magn\u00edficos estampados en <\/span><span style=\"font-weight: 400\">azul y blanco, un aspecto tan particular y de car\u00e1cter tan evocador que alude a las profundas ra\u00edces en el sur de Italia representando un total homenaje a los valores de lo hecho a mano y de la excelente calidad de cada una de las piezas, una herencia de valor incalculable que debe conservarse y transmitirse para seguir siendo parte del aut\u00e9ntico ADN de Dolce&amp;Gabbana.<\/span><\/p>\n<p><span style=\"font-weight: 400\">Como parte de la inspiraci\u00f3n de Dolce &amp; Gabbana, la marca rinde homenaje <\/span><b>al antiguo arte de la cer\u00e1mica de Caltagirone<\/b><span style=\"font-weight: 400\"> que durante miles de a\u00f1os ha formado parte de diversas culturas, en especial la italiana por los bellos azulejos formados por los emblem\u00e1ticos\u00a0 limones amarillos.<\/span><\/p>\n<div class=\"content-gallery\"><div class=\"gallery-placeholder\"><div class=\"spinner\"><\/div><\/div><span class=\"gallery-pagination\"><\/span><div id=\"gallery-1\" class=\"gallery galleryid-114040 gallery-columns- gallery-size-\"><figure class=\"gallery-item\"><div class=\"gallery-icon landscape\"><img loading=\"lazy\" decoding=\"async\" width=\"2539\" height=\"3508\" src=\"https:\/\/graziamagazine.com\/mx\/wp-content\/uploads\/sites\/13\/2022\/06\/DG_Womens_PreFW22-23_BluMediterraneo_PR-32.jpg\" class=\"lazy\" alt=\"\" \/><\/div><figcaption class=\"wp-caption-text gallery-caption\" id=\"gallery-1-114047\">Dolce &amp; Gabbana presenta Blu Mediterraneo<\/figcaption><\/figure><figure class=\"gallery-item\"><div class=\"gallery-icon landscape\"><img loading=\"lazy\" decoding=\"async\" width=\"2539\" height=\"3508\" src=\"https:\/\/graziamagazine.com\/mx\/wp-content\/uploads\/sites\/13\/2022\/06\/DG_Womens_PreFW22-23_BluMediterraneo_PR-27.jpg\" class=\"lazy\" alt=\"\" \/><\/div><\/figure><figure class=\"gallery-item\"><div class=\"gallery-icon landscape\"><img loading=\"lazy\" decoding=\"async\" width=\"2539\" height=\"3508\" src=\"https:\/\/graziamagazine.com\/mx\/wp-content\/uploads\/sites\/13\/2022\/06\/DG_Womens_PreFW22-23_BluMediterraneo_PR-28.jpg\" class=\"lazy\" alt=\"\" \/><\/div><\/figure><figure class=\"gallery-item\"><div class=\"gallery-icon landscape\"><img loading=\"lazy\" decoding=\"async\" width=\"2539\" height=\"3508\" src=\"https:\/\/graziamagazine.com\/mx\/wp-content\/uploads\/sites\/13\/2022\/06\/DG_Womens_PreFW22-23_BluMediterraneo_PR-26.jpg\" class=\"lazy\" alt=\"\" \/><\/div><\/figure><figure class=\"gallery-item\"><div class=\"gallery-icon landscape\"><img loading=\"lazy\" decoding=\"async\" width=\"2539\" height=\"3508\" src=\"https:\/\/graziamagazine.com\/mx\/wp-content\/uploads\/sites\/13\/2022\/06\/DG_Womens_PreFW22-23_BluMediterraneo_PR-38.jpg\" class=\"lazy\" alt=\"\" \/><\/div><\/figure><figure class=\"gallery-item\"><div class=\"gallery-icon landscape\"><img loading=\"lazy\" decoding=\"async\" width=\"2539\" height=\"3508\" src=\"https:\/\/graziamagazine.com\/mx\/wp-content\/uploads\/sites\/13\/2022\/06\/DG_Womens_PreFW22-23_BluMediterraneo_PR-30.jpg\" class=\"lazy\" alt=\"\" \/><\/div><\/figure><figure class=\"gallery-item\"><div class=\"gallery-icon landscape\"><img loading=\"lazy\" decoding=\"async\" width=\"2539\" height=\"3508\" src=\"https:\/\/graziamagazine.com\/mx\/wp-content\/uploads\/sites\/13\/2022\/06\/DG_Womens_PreFW22-23_BluMediterraneo_PR-33.jpg\" class=\"lazy\" alt=\"\" \/><\/div><\/figure><figure class=\"gallery-item\"><div class=\"gallery-icon landscape\"><img loading=\"lazy\" decoding=\"async\" width=\"2539\" height=\"3508\" src=\"https:\/\/graziamagazine.com\/mx\/wp-content\/uploads\/sites\/13\/2022\/06\/DG_Womens_PreFW22-23_BluMediterraneo_PR-34.jpg\" class=\"lazy\" alt=\"\" \/><\/div><\/figure><figure class=\"gallery-item\"><div class=\"gallery-icon landscape\"><img loading=\"lazy\" decoding=\"async\" width=\"2539\" height=\"3508\" src=\"https:\/\/graziamagazine.com\/mx\/wp-content\/uploads\/sites\/13\/2022\/06\/DG_Womens_PreFW22-23_BluMediterraneo_PR-29.jpg\" class=\"lazy\" alt=\"\" \/><\/div><\/figure><figure class=\"gallery-item\"><div class=\"gallery-icon landscape\"><img loading=\"lazy\" decoding=\"async\" width=\"2539\" height=\"3508\" src=\"https:\/\/graziamagazine.com\/mx\/wp-content\/uploads\/sites\/13\/2022\/06\/DG_Womens_PreFW22-23_BluMediterraneo_PR-35.jpg\" class=\"lazy\" alt=\"\" \/><\/div><\/figure><\/div><\/div>\n<p><span style=\"font-weight: 400\">Dentro de la colecci\u00f3n podr\u00e1n encontrar prendas vaporosas, ligeras y libres como <\/span><b>vestidos de chif\u00f3n<\/b><span style=\"font-weight: 400\">,<\/span><b> pijamas de sarga de seda<\/b><span style=\"font-weight: 400\">,<\/span><b> trajes de ba\u00f1o<\/b><span style=\"font-weight: 400\">, <\/span><b>monos y caftanes en un juego de <\/b><b><i>mix&amp;match<\/i><\/b><b> que se revisten de un estampado delicado y expresivo<\/b><span style=\"font-weight: 400\">, en colores blanco y azul, cuyo patr\u00f3n azul profundo y blanco brillante resulta familiar y, al mismo tiempo, una propuesta que lleva toda la esencia de la marca italiana.<\/span><\/p>\n<p><span style=\"font-weight: 400\">Respetando sus ra\u00edces, <\/span><span style=\"font-weight: 400\">Dolce &amp; Gabbana convierte su armario en un espacio de naturalidad con prendas vers\u00e1tiles, vanguardistas y atemporales junto al famoso estampado caligr\u00e1fico como el centro de atenci\u00f3n de cada prenda. Los accesorios te sumergen en un espacio lleno de aspectos sensoriales como los aromas y sonidos.<\/span><\/p>\n<div class=\"content-gallery\"><div class=\"gallery-placeholder\"><div class=\"spinner\"><\/div><\/div><span class=\"gallery-pagination\"><\/span><div id=\"gallery-2\" class=\"gallery galleryid-114040 gallery-columns- gallery-size-\"><figure class=\"gallery-item\"><div class=\"gallery-icon landscape\"><img loading=\"lazy\" decoding=\"async\" width=\"2539\" height=\"3508\" src=\"https:\/\/graziamagazine.com\/mx\/wp-content\/uploads\/sites\/13\/2022\/06\/DG_Womens_PreFW22-23_BluMediterraneo_PR-41.jpg\" class=\"lazy\" alt=\"\" \/><\/div><figcaption class=\"wp-caption-text gallery-caption\" id=\"gallery-2-114056\">Dolce &amp; Gabbana presenta Blu Mediterraneo<\/figcaption><\/figure><figure class=\"gallery-item\"><div class=\"gallery-icon landscape\"><img loading=\"lazy\" decoding=\"async\" width=\"2539\" height=\"3508\" src=\"https:\/\/graziamagazine.com\/mx\/wp-content\/uploads\/sites\/13\/2022\/06\/Just-to-know-if-you-have-something-to-share-23_BluMediterraneo_PR-40.jpg\" class=\"lazy\" alt=\"\" \/><\/div><\/figure><figure class=\"gallery-item\"><div class=\"gallery-icon landscape\"><img loading=\"lazy\" decoding=\"async\" width=\"2539\" height=\"3508\" src=\"https:\/\/graziamagazine.com\/mx\/wp-content\/uploads\/sites\/13\/2022\/06\/DG_Womens_PreFW22-23_BluMediterraneo_PR-48.jpg\" class=\"lazy\" alt=\"\" \/><\/div><\/figure><figure class=\"gallery-item\"><div class=\"gallery-icon landscape\"><img loading=\"lazy\" decoding=\"async\" width=\"2539\" height=\"3508\" src=\"https:\/\/graziamagazine.com\/mx\/wp-content\/uploads\/sites\/13\/2022\/06\/DG_Womens_PreFW22-23_BluMediterraneo_PR-45.jpg\" class=\"lazy\" alt=\"\" \/><\/div><\/figure><figure class=\"gallery-item\"><div class=\"gallery-icon landscape\"><img loading=\"lazy\" decoding=\"async\" width=\"2539\" height=\"3508\" src=\"https:\/\/graziamagazine.com\/mx\/wp-content\/uploads\/sites\/13\/2022\/06\/DG_Womens_PreFW22-23_BluMediterraneo_PR-37.jpg\" class=\"lazy\" alt=\"\" \/><\/div><\/figure><figure class=\"gallery-item\"><div class=\"gallery-icon landscape\"><img loading=\"lazy\" decoding=\"async\" width=\"2539\" height=\"3508\" src=\"https:\/\/graziamagazine.com\/mx\/wp-content\/uploads\/sites\/13\/2022\/06\/DG_Womens_PreFW22-23_BluMediterraneo_PR-39.jpg\" class=\"lazy\" alt=\"\" \/><\/div><\/figure><figure class=\"gallery-item\"><div class=\"gallery-icon landscape\"><img loading=\"lazy\" decoding=\"async\" width=\"2539\" height=\"3508\" src=\"https:\/\/graziamagazine.com\/mx\/wp-content\/uploads\/sites\/13\/2022\/06\/DG_Womens_PreFW22-23_BluMediterraneo_PR-42.jpg\" class=\"lazy\" alt=\"\" \/><\/div><\/figure><figure class=\"gallery-item\"><div class=\"gallery-icon landscape\"><img loading=\"lazy\" decoding=\"async\" width=\"2539\" height=\"3508\" src=\"https:\/\/graziamagazine.com\/mx\/wp-content\/uploads\/sites\/13\/2022\/06\/DG_Womens_PreFW22-23_BluMediterraneo_PR-43.jpg\" class=\"lazy\" alt=\"\" \/><\/div><\/figure><figure class=\"gallery-item\"><div class=\"gallery-icon landscape\"><img loading=\"lazy\" decoding=\"async\" width=\"2539\" height=\"3508\" src=\"https:\/\/graziamagazine.com\/mx\/wp-content\/uploads\/sites\/13\/2022\/06\/DG_Womens_PreFW22-23_BluMediterraneo_PR-44.jpg\" class=\"lazy\" alt=\"\" \/><\/div><\/figure><\/div><\/div>\n<p><span style=\"font-weight: 400\">Podr\u00e1s encontrar las prendas de la colecci\u00f3n Blu Mediterr\u00e1neo\u00a0 en tiendas oficiales de Dolce &amp; Gabbana.<\/span><\/p>\n<p><strong>*IMAGEN: Cortes\u00eda Dolce &amp; Gabbana<\/strong><\/p>\n","protected":false},"author":28953,"featured_media":114061,"template":"","format":"standard","categories":[4],"acf":[],"yoast_head":"<!-- This site is optimized with the Yoast SEO Premium plugin v18.5 (Yoast SEO v20.4) - https:\/\/yoast.com\/wordpress\/plugins\/seo\/ -->\n<title>Dolce &amp; Gabbana presenta Blu Mediterraneo<\/title>\n<meta name=\"description\" content=\"Con todo el ADN caracter\u00edstico, Dolce &amp; Gabbana presenta su nueva colecci\u00f3n con estampados que te har\u00e1n sentir en las costas mediterr\u00e1neas\" \/>\n<meta name=\"robots\" content=\"index, follow, max-snippet:-1, max-image-preview:large, max-video-preview:-1\" \/>\n<link rel=\"canonical\" href=\"https:\/\/graziamagazine.com\/mx\/articles\/dolce-gabbana-presenta-blu-mediterraneo\/\" \/>\n<meta property=\"og:locale\" content=\"es_MX\" \/>\n<meta property=\"og:type\" content=\"article\" \/>\n<meta property=\"og:title\" content=\"Dolce &amp; Gabbana presenta Blu Mediterraneo\" \/>\n<meta property=\"og:description\" content=\"Con todo el ADN caracter\u00edstico, Dolce &amp; Gabbana presenta su nueva colecci\u00f3n con estampados que te har\u00e1n sentir en las costas mediterr\u00e1neas\" \/>\n<meta property=\"og:url\" content=\"https:\/\/graziamagazine.com\/mx\/articles\/dolce-gabbana-presenta-blu-mediterraneo\/\" \/>\n<meta property=\"og:site_name\" content=\"Grazia M\u00e9xico y Latinoam\u00e9rica\" \/>\n<meta property=\"article:modified_time\" content=\"2022-06-29T13:16:32+00:00\" \/>\n<meta name=\"twitter:card\" content=\"summary_large_image\" \/>\n<meta name=\"twitter:image\" content=\"https:\/\/graziamagazine.com\/mx\/wp-content\/uploads\/sites\/13\/2022\/06\/DG_Womens_PreFW22-23_BluMediterraneo_PR-46-e1656439410900.jpg\" \/>\n<meta name=\"twitter:label1\" content=\"Est. reading time\" \/>\n\t<meta name=\"twitter:data1\" content=\"2 minutos\" \/>\n<script type=\"application\/ld+json\" class=\"yoast-schema-graph\">{\"@context\":\"https:\/\/schema.org\",\"@graph\":[{\"@type\":\"WebPage\",\"@id\":\"https:\/\/graziamagazine.com\/mx\/articles\/dolce-gabbana-presenta-blu-mediterraneo\/\",\"url\":\"https:\/\/graziamagazine.com\/mx\/articles\/dolce-gabbana-presenta-blu-mediterraneo\/\",\"name\":\"Dolce & Gabbana presenta Blu Mediterraneo\",\"isPartOf\":{\"@id\":\"https:\/\/graziamagazine.com\/mx\/#website\"},\"datePublished\":\"2022-06-29T12:57:00+00:00\",\"dateModified\":\"2022-06-29T13:16:32+00:00\",\"description\":\"Con todo el ADN caracter\u00edstico, Dolce & Gabbana presenta su nueva colecci\u00f3n con estampados que te har\u00e1n sentir en las costas mediterr\u00e1neas\",\"breadcrumb\":{\"@id\":\"https:\/\/graziamagazine.com\/mx\/articles\/dolce-gabbana-presenta-blu-mediterraneo\/#breadcrumb\"},\"inLanguage\":\"es-MX\",\"potentialAction\":[{\"@type\":\"ReadAction\",\"target\":[\"https:\/\/graziamagazine.com\/mx\/articles\/dolce-gabbana-presenta-blu-mediterraneo\/\"]}]},{\"@type\":\"BreadcrumbList\",\"@id\":\"https:\/\/graziamagazine.com\/mx\/articles\/dolce-gabbana-presenta-blu-mediterraneo\/#breadcrumb\",\"itemListElement\":[{\"@type\":\"ListItem\",\"position\":1,\"name\":\"Home\",\"item\":\"https:\/\/graziamagazine.com\/mx\/\"},{\"@type\":\"ListItem\",\"position\":2,\"name\":\"Dolce &amp; Gabbana presenta Blu Mediterraneo\"}]},{\"@type\":\"WebSite\",\"@id\":\"https:\/\/graziamagazine.com\/mx\/#website\",\"url\":\"https:\/\/graziamagazine.com\/mx\/\",\"name\":\"Grazia M\u00e9xico y Latinoam\u00e9rica\",\"description\":\"Grazia es moda, belleza y noticias  de actualidad \",\"potentialAction\":[{\"@type\":\"SearchAction\",\"target\":{\"@type\":\"EntryPoint\",\"urlTemplate\":\"https:\/\/graziamagazine.com\/mx\/?s={search_term_string}\"},\"query-input\":\"required name=search_term_string\"}],\"inLanguage\":\"es-MX\"}]}<\/script>\n<!-- \/ Yoast SEO Premium plugin. -->","yoast_head_json":{"title":"Dolce & Gabbana presenta Blu Mediterraneo","description":"Con todo el ADN caracter\u00edstico, Dolce & Gabbana presenta su nueva colecci\u00f3n con estampados que te har\u00e1n sentir en las costas mediterr\u00e1neas","robots":{"index":"index","follow":"follow","max-snippet":"max-snippet:-1","max-image-preview":"max-image-preview:large","max-video-preview":"max-video-preview:-1"},"canonical":"https:\/\/graziamagazine.com\/mx\/articles\/dolce-gabbana-presenta-blu-mediterraneo\/","og_locale":"es_MX","og_type":"article","og_title":"Dolce &amp; Gabbana presenta Blu Mediterraneo","og_description":"Con todo el ADN caracter\u00edstico, Dolce & Gabbana presenta su nueva colecci\u00f3n con estampados que te har\u00e1n sentir en las costas mediterr\u00e1neas","og_url":"https:\/\/graziamagazine.com\/mx\/articles\/dolce-gabbana-presenta-blu-mediterraneo\/","og_site_name":"Grazia M\u00e9xico y Latinoam\u00e9rica","article_modified_time":"2022-06-29T13:16:32+00:00","twitter_card":"summary_large_image","twitter_image":"https:\/\/graziamagazine.com\/mx\/wp-content\/uploads\/sites\/13\/2022\/06\/DG_Womens_PreFW22-23_BluMediterraneo_PR-46-e1656439410900.jpg","twitter_misc":{"Est. reading time":"2 minutos"},"schema":{"@context":"https:\/\/schema.org","@graph":[{"@type":"WebPage","@id":"https:\/\/graziamagazine.com\/mx\/articles\/dolce-gabbana-presenta-blu-mediterraneo\/","url":"https:\/\/graziamagazine.com\/mx\/articles\/dolce-gabbana-presenta-blu-mediterraneo\/","name":"Dolce & Gabbana presenta Blu Mediterraneo","isPartOf":{"@id":"https:\/\/graziamagazine.com\/mx\/#website"},"datePublished":"2022-06-29T12:57:00+00:00","dateModified":"2022-06-29T13:16:32+00:00","description":"Con todo el ADN caracter\u00edstico, Dolce & Gabbana presenta su nueva colecci\u00f3n con estampados que te har\u00e1n sentir en las costas mediterr\u00e1neas","breadcrumb":{"@id":"https:\/\/graziamagazine.com\/mx\/articles\/dolce-gabbana-presenta-blu-mediterraneo\/#breadcrumb"},"inLanguage":"es-MX","potentialAction":[{"@type":"ReadAction","target":["https:\/\/graziamagazine.com\/mx\/articles\/dolce-gabbana-presenta-blu-mediterraneo\/"]}]},{"@type":"BreadcrumbList","@id":"https:\/\/graziamagazine.com\/mx\/articles\/dolce-gabbana-presenta-blu-mediterraneo\/#breadcrumb","itemListElement":[{"@type":"ListItem","position":1,"name":"Home","item":"https:\/\/graziamagazine.com\/mx\/"},{"@type":"ListItem","position":2,"name":"Dolce &amp; Gabbana presenta Blu Mediterraneo"}]},{"@type":"WebSite","@id":"https:\/\/graziamagazine.com\/mx\/#website","url":"https:\/\/graziamagazine.com\/mx\/","name":"Grazia M\u00e9xico y Latinoam\u00e9rica","description":"Grazia es moda, belleza y noticias  de actualidad ","potentialAction":[{"@type":"SearchAction","target":{"@type":"EntryPoint","urlTemplate":"https:\/\/graziamagazine.com\/mx\/?s={search_term_string}"},"query-input":"required name=search_term_string"}],"inLanguage":"es-MX"}]}},"jetpack_sharing_enabled":true,"distributor_meta":false,"distributor_terms":false,"distributor_media":false,"distributor_original_site_name":"Grazia M\u00e9xico y Latinoam\u00e9rica","distributor_original_site_url":"https:\/\/graziamagazine.com\/mx","push-errors":false,"_links":{"self":[{"href":"https:\/\/graziamagazine.com\/mx\/wp-json\/wp\/v2\/articles\/114040"}],"collection":[{"href":"https:\/\/graziamagazine.com\/mx\/wp-json\/wp\/v2\/articles"}],"about":[{"href":"https:\/\/graziamagazine.com\/mx\/wp-json\/wp\/v2\/types\/articles"}],"author":[{"embeddable":true,"href":"https:\/\/graziamagazine.com\/mx\/wp-json\/wp\/v2\/users\/28953"}],"wp:featuredmedia":[{"embeddable":true,"href":"https:\/\/graziamagazine.com\/mx\/wp-json\/wp\/v2\/media\/114061"}],"wp:attachment":[{"href":"https:\/\/graziamagazine.com\/mx\/wp-json\/wp\/v2\/media?parent=114040"}],"wp:term":[{"taxonomy":"category","embeddable":true,"href":"https:\/\/graziamagazine.com\/mx\/wp-json\/wp\/v2\/categories?post=114040"}],"curies":[{"name":"wp","href":"https:\/\/api.w.org\/{rel}","templated":true}]}}