{"id":113940,"date":"2022-07-08T11:11:57","date_gmt":"2022-07-08T16:11:57","guid":{"rendered":"https:\/\/graziamagazine.com\/mx\/?post_type=articles&#038;p=113940"},"modified":"2022-07-11T10:21:13","modified_gmt":"2022-07-11T15:21:13","slug":"un-recorrido-por-el-atelier-alta-joyeria-de-cartier","status":"publish","type":"articles","link":"https:\/\/graziamagazine.com\/mx\/articles\/un-recorrido-por-el-atelier-alta-joyeria-de-cartier\/","title":{"rendered":"Un recorrido por el atelier de alta joyer\u00eda de Cartier"},"content":{"rendered":"<p style=\"font-weight: 400;text-align: left\">Xavier Gargat, Director de Cartier nos abre las puertas del Atelier d\u2019Haute Bijoux en el n\u00famero 13 de la Rue de la Paix en Par\u00eds, invit\u00e1ndonos a hacer el recorrido por los talleres de la casa francesa y nos fue explicando el proceso para hacer cada pieza de joyer\u00eda.<\/p>\n<p><img loading=\"lazy\" decoding=\"async\" class=\"aligncenter size-medium wp-image-114711\" src=\"https:\/\/graziamagazine.com\/mx\/wp-content\/uploads\/sites\/13\/2022\/07\/2093EEB6-6AA8-44A3-B2E1-5CE08722E63A.jpeg?w=450\" alt=\"\" width=\"450\" height=\"331\" \/><\/p>\n<p style=\"font-weight: 400\">Cada joya empieza por un dibujo y si la pieza de que se trata es la representaci\u00f3n de un animal se imaginan las articulaciones y los vol\u00famenes que van a dar vida a las piezas, enseguida viene el que se encarga de elaborar la estructura, seguido del que engasta y fija las piedras, s\u00f3lo son cinco los engastadores para las piedras excepcionales, nos dice Xavier Gargat, ya que son profesionales muy capacitados.<\/p>\n<p><img loading=\"lazy\" decoding=\"async\" class=\"aligncenter size-large wp-image-114604\" src=\"https:\/\/graziamagazine.com\/mx\/wp-content\/uploads\/sites\/13\/2022\/07\/Captura-de-Pantalla-2022-07-07-a-las-13.46.01.png?w=665\" alt=\"\" width=\"665\" height=\"427\" \/><\/p>\n<p style=\"font-weight: 400\"><strong>\u00bfQu\u00e9 nos puede decir de las piedras?<\/strong> El dise\u00f1o empieza cuando se compran las piedras y no al contrario, no se puede dise\u00f1ar una piedra de 62 quilates y luego tratar de encontrar un diamante con esas caracter\u00edsticas. En el momento de la compra comienza la creatividad, se da una sinergia entre el que compra, el que dise\u00f1a y el joyero. Aparte est\u00e1 el trabajo de las pulidoras que hacen brillar el metal, los diamantistas que solo tallan diamantes en facetas y \u00e1ngulos, algo muy matem\u00e1tico y los lapidarios que se encargan de las piedras de color: zafiros, rub\u00edes o esmeraldas.<\/p>\n<p style=\"font-weight: 400\"><strong>\u00bfCu\u00e1l es el proceso que siguen?<\/strong> En cuanto al proceso usamos la fundici\u00f3n a cera perdida, un proceso ya utilizado por los egipcios. El uso de la cera lo venimos a redescubrir hace 15 o 20 a\u00f1os, antes de 1900 no hab\u00eda joyas con volumen como la Pantera, sino que eran planas.<\/p>\n<p><img loading=\"lazy\" decoding=\"async\" class=\"aligncenter size-large wp-image-114641\" src=\"https:\/\/graziamagazine.com\/mx\/wp-content\/uploads\/sites\/13\/2022\/07\/EC58150F-415E-4BB6-B70B-6B135400511F.jpeg?w=600\" alt=\"\" width=\"600\" height=\"400\" \/><\/p>\n<p style=\"font-weight: 400\"><strong><br \/>\n\u00bfEn qu\u00e9 forma colocan las piedras?\u00a0<\/strong>Cuando las piedras son muy grandes hay que reducir visualmente su volumen y cuando son peque\u00f1as lo contrario, buscando la est\u00e9tica y su correcta ubicaci\u00f3n, este proceso se hace totalmente a mano y requiere alrededor de dos semanas.<\/p>\n<p style=\"font-weight: 400\"><strong>\u00bfAlguna pieza cl\u00e1sica de Cartier sin volumen?<\/strong> Desde antes de 1900 ya se hac\u00eda una pieza que se llama Tutti Frutti \u00a0y la seguimos haciendo, cada una es una pieza \u00fanica porque nunca son las mismas piedras, el joyero hace un dibujo y despu\u00e9s se va asentando cada piedra y los elementos entre las piedras lo que a veces se lleva hasta 2,500 horas de trabajo.<\/p>\n<p style=\"font-weight: 400\"><strong>\u00bfCu\u00e1les se venden m\u00e1s las piezas cl\u00e1sicas o las contempor\u00e1neas?<\/strong> Mitad y mitad, hay quienes prefieren Tutti Frutti y otros Panteras, pero hay quienes quieren todo\u2026.<\/p>\n<figure id=\"attachment_114643\" aria-describedby=\"caption-attachment-114643\" style=\"width: 407px\" class=\"wp-caption aligncenter\"><img loading=\"lazy\" decoding=\"async\" class=\"wp-image-114643 size-large\" src=\"https:\/\/graziamagazine.com\/mx\/wp-content\/uploads\/sites\/13\/2022\/07\/D50731B3-3F71-44A0-9009-9570D7481D95.jpeg?w=407\" alt=\"\" width=\"407\" height=\"1024\" \/><figcaption id=\"caption-attachment-114643\" class=\"wp-caption-text\">Necklaces\/Bracelet &#8211; white gold, seven cushion-shaped rubies from Burma totaling 17.61 carats, one 6.25-carat D FL pear-shaped diamond, twenty-one cushion-shaped diamonds totaling 26.32 carats, square-shaped rubies and diamonds, onyx, tapered diamonds, brilliant-cut diamonds.<br \/>The long and short necklaces can be worn either together or separately. The long necklace is transformable into a bracelet and a shorter necklace.<\/figcaption><\/figure>\n<p style=\"font-weight: 400\"><strong>\u00bfPor qu\u00e9 los engastadores est\u00e1n separados de los dem\u00e1s?<\/strong> B\u00e1sicamente porque necesitan tranquilidad para poder colocar las piezas, si se trata de esmeraldas no pueden tener ruido o incluso estornudar y adem\u00e1s necesitan menos luz. El engastador con una herramienta puntiaguda pica el metal y esos agujeros los va a tapar con piedras.<\/p>\n<p style=\"font-weight: 400\"><strong>\u00bfCada piedra es sometida a este proceso?<\/strong> Desde luego, tenemos un reloj que lleva 6 mil diamantes engastados y seis procesos diferentes, si los multiplicamos son 36 mil movimientos lo que resulta en miles de horas de engastado, es espectacular. Aunque existe tambi\u00e9n el engastado con garras pero este es algo muy delicado pues la piedra no debe ladearse para cerrar las garras sobre la piedra, aunque hay m\u00e1quinas para hacerlo preferimos que nuestros engastadores las coloquen a mano.<\/p>\n<p><img loading=\"lazy\" decoding=\"async\" class=\"aligncenter size-medium wp-image-114645\" src=\"https:\/\/graziamagazine.com\/mx\/wp-content\/uploads\/sites\/13\/2022\/07\/8B2CB67A-F901-4B52-81CA-CF8ADAE31C44.jpeg?w=326\" alt=\"\" width=\"326\" height=\"450\" \/><\/p>\n<p style=\"font-weight: 400\"><strong>\u00bfLos relojes son hechos aqu\u00ed?<\/strong> No, los movimientos de los relojes se hacen en Suiza y nosotros s\u00f3lo hacemos las cajas que los alojan cuando llevan diamantes \u00e9stos no deben tocar para nada el movimiento del reloj.<\/p>\n<p><img loading=\"lazy\" decoding=\"async\" class=\"aligncenter wp-image-114639 size-medium\" src=\"https:\/\/graziamagazine.com\/mx\/wp-content\/uploads\/sites\/13\/2022\/07\/31E23A36-34A3-466A-94D6-91C11FB0CD25.jpeg?w=229\" alt=\"\" width=\"229\" height=\"450\" \/><\/p>\n<p>&nbsp;<\/p>\n<p style=\"font-weight: 400\"><strong>\u00bfQu\u00e9 nos puede decir de la Pantera de Cartier?<\/strong> En 1914 surge el motivo de las manchas de Pantera en un reloj de pulsera hecho en pav\u00e9 blanco y negro de diamantes y \u00f3nix y Louis Cartier le encarga al pintor George Barbier una \u201cDama con Pantera\u201d quien pinta una acuarela que desde ese momento se transforma en la publicidad de la Casa Cartier. Podemos decir que la primera musa \u201cMujer Pantera\u201d es Jeanne Toussaint quien fuera Directora de Creaci\u00f3n de Alta Joyer\u00eda de Cartier en 1933, pero muchas mujeres la seguir\u00e1n como la Duquesa de Windsor, la Princesa Nina Aga Khan, Mar\u00eda F\u00e9lix, apodada la \u201cPantera Mexicana\u201d entre otras, quienes perpetuar\u00e1n la leyenda, grandes clientas de la Maison.<\/p>\n<p><img loading=\"lazy\" decoding=\"async\" class=\"aligncenter size-large wp-image-114642\" src=\"https:\/\/graziamagazine.com\/mx\/wp-content\/uploads\/sites\/13\/2022\/07\/48E90773-024D-4D7F-8C02-580FC393C015.jpeg?w=414\" alt=\"\" width=\"414\" height=\"534\" \/><\/p>\n<p><img loading=\"lazy\" decoding=\"async\" class=\"aligncenter size-large wp-image-114640\" src=\"https:\/\/graziamagazine.com\/mx\/wp-content\/uploads\/sites\/13\/2022\/07\/FC399876-5C88-4969-A888-C18F7907C875.jpeg?w=1024\" alt=\"\" width=\"1024\" height=\"932\" \/><\/p>\n<p>&nbsp;<\/p>\n<p style=\"font-weight: 400\">La Pantera es una colecci\u00f3n de 56 piezas como una sortija en oro con una Pantera estilizada, un brazalete recubierto con diamantes y manchas de \u00f3nix y \u00a0muchas otras piezas.<\/p>\n<p style=\"font-weight: 400\">Para hacer una Pantera se requiere no s\u00f3lo la visi\u00f3n escultural, sino la anat\u00f3mica para darle movimiento distribuyendo las manchas de \u00f3nix ya sea que las manchas est\u00e9n en primer plano o se alarguen hacia atr\u00e1s.<\/p>\n<p><img loading=\"lazy\" decoding=\"async\" class=\"aligncenter size-large wp-image-114637\" src=\"https:\/\/graziamagazine.com\/mx\/wp-content\/uploads\/sites\/13\/2022\/07\/01BA86C3-9524-4702-86C1-A81E76C9D891.jpeg?w=270\" alt=\"\" width=\"270\" height=\"187\" \/><\/p>\n<p style=\"font-weight: 400\">Primero se esculpe en cera verde, de ah\u00ed se hace un molde en metal y se estudia la colocaci\u00f3n de las piedras y el lapidario empieza a tallarlas de una en una, despu\u00e9s viene el engaste de las mismas y las piedras se van rodeando de min\u00fasculos hilos de oro \u201cpoil\u201d que reproducen el pelaje del animal. De esta forma se completan las distintas operaciones de cada pieza: compra, dibujo, escultura, fundici\u00f3n, empedrado, engaste, montaje del animal articulado, al grado que algunas piezas requieren m\u00e1s de un a\u00f1o de trabajo.<\/p>\n<p style=\"font-weight: 400\">Nos despedimos de Xavier Gargat admirando la precisi\u00f3n infinita que conlleva cada una de las piezas que surgen de los talleres de Cartier.<\/p>\n<p><img loading=\"lazy\" decoding=\"async\" class=\"aligncenter size-large wp-image-114638\" src=\"https:\/\/graziamagazine.com\/mx\/wp-content\/uploads\/sites\/13\/2022\/07\/1AF2B182-32BA-4B6B-8D6E-ECA770F32D74.jpeg?w=720\" alt=\"\" width=\"720\" height=\"842\" \/><\/p>\n<p>Fotos: Cartier<\/p>\n","protected":false},"author":30746,"featured_media":114636,"template":"","format":"standard","categories":[9864],"acf":[],"yoast_head":"<!-- This site is optimized with the Yoast SEO Premium plugin v18.5 (Yoast SEO v20.4) - https:\/\/yoast.com\/wordpress\/plugins\/seo\/ -->\n<title>Un recorrido por el atelier de alta joyer\u00eda de Cartier | Grazia M\u00e9xico y Latinoam\u00e9rica<\/title>\n<meta name=\"description\" content=\"Xavier Gargat, Director de Cartier nos abre las puertas del Atelier d\u2019Haute Bijoux en el n\u00famero 13 de la Rue de la Paix en Par\u00eds, invit\u00e1ndonos a hacer el Nos abren las puertas del Atelier d\u2019Haute Bijoux en el n\u00famero 13 de la Rue de la Paix en Par\u00eds, invit\u00e1ndonos a hacer el recorrido por los talleres de la casa francesa.\" \/>\n<meta name=\"robots\" content=\"index, follow, max-snippet:-1, max-image-preview:large, max-video-preview:-1\" \/>\n<link rel=\"canonical\" href=\"https:\/\/graziamagazine.com\/mx\/articles\/un-recorrido-por-el-atelier-alta-joyeria-de-cartier\/\" \/>\n<meta property=\"og:locale\" content=\"es_MX\" \/>\n<meta property=\"og:type\" content=\"article\" \/>\n<meta property=\"og:title\" content=\"Un recorrido por el atelier de alta joyer\u00eda de Cartier\" \/>\n<meta property=\"og:description\" content=\"Xavier Gargat, Director de Cartier nos abre las puertas del Atelier d\u2019Haute Bijoux en el n\u00famero 13 de la Rue de la Paix en Par\u00eds, invit\u00e1ndonos a hacer el Nos abren las puertas del Atelier d\u2019Haute Bijoux en el n\u00famero 13 de la Rue de la Paix en Par\u00eds, invit\u00e1ndonos a hacer el recorrido por los talleres de la casa francesa.\" \/>\n<meta property=\"og:url\" content=\"https:\/\/graziamagazine.com\/mx\/articles\/un-recorrido-por-el-atelier-alta-joyeria-de-cartier\/\" \/>\n<meta property=\"og:site_name\" content=\"Grazia M\u00e9xico y Latinoam\u00e9rica\" \/>\n<meta property=\"article:modified_time\" content=\"2022-07-11T15:21:13+00:00\" \/>\n<meta property=\"og:image\" content=\"https:\/\/graziamagazine.com\/mx\/wp-content\/uploads\/sites\/13\/2022\/07\/666F0CDC-4122-4F42-B2B0-EEB967799E32.jpeg\" \/>\n\t<meta property=\"og:image:width\" content=\"960\" \/>\n\t<meta property=\"og:image:height\" content=\"640\" \/>\n\t<meta property=\"og:image:type\" content=\"image\/jpeg\" \/>\n<meta name=\"twitter:card\" content=\"summary_large_image\" \/>\n<meta name=\"twitter:label1\" content=\"Est. reading time\" \/>\n\t<meta name=\"twitter:data1\" content=\"5 minutos\" \/>\n<script type=\"application\/ld+json\" class=\"yoast-schema-graph\">{\"@context\":\"https:\/\/schema.org\",\"@graph\":[{\"@type\":\"WebPage\",\"@id\":\"https:\/\/graziamagazine.com\/mx\/articles\/un-recorrido-por-el-atelier-alta-joyeria-de-cartier\/\",\"url\":\"https:\/\/graziamagazine.com\/mx\/articles\/un-recorrido-por-el-atelier-alta-joyeria-de-cartier\/\",\"name\":\"Un recorrido por el atelier de alta joyer\u00eda de Cartier | Grazia M\u00e9xico y Latinoam\u00e9rica\",\"isPartOf\":{\"@id\":\"https:\/\/graziamagazine.com\/mx\/#website\"},\"datePublished\":\"2022-07-08T16:11:57+00:00\",\"dateModified\":\"2022-07-11T15:21:13+00:00\",\"description\":\"Xavier Gargat, Director de Cartier nos abre las puertas del Atelier d\u2019Haute Bijoux en el n\u00famero 13 de la Rue de la Paix en Par\u00eds, invit\u00e1ndonos a hacer el Nos abren las puertas del Atelier d\u2019Haute Bijoux en el n\u00famero 13 de la Rue de la Paix en Par\u00eds, invit\u00e1ndonos a hacer el recorrido por los talleres de la casa francesa.\",\"breadcrumb\":{\"@id\":\"https:\/\/graziamagazine.com\/mx\/articles\/un-recorrido-por-el-atelier-alta-joyeria-de-cartier\/#breadcrumb\"},\"inLanguage\":\"es-MX\",\"potentialAction\":[{\"@type\":\"ReadAction\",\"target\":[\"https:\/\/graziamagazine.com\/mx\/articles\/un-recorrido-por-el-atelier-alta-joyeria-de-cartier\/\"]}]},{\"@type\":\"BreadcrumbList\",\"@id\":\"https:\/\/graziamagazine.com\/mx\/articles\/un-recorrido-por-el-atelier-alta-joyeria-de-cartier\/#breadcrumb\",\"itemListElement\":[{\"@type\":\"ListItem\",\"position\":1,\"name\":\"Home\",\"item\":\"https:\/\/graziamagazine.com\/mx\/\"},{\"@type\":\"ListItem\",\"position\":2,\"name\":\"Un recorrido por el atelier de alta joyer\u00eda de Cartier\"}]},{\"@type\":\"WebSite\",\"@id\":\"https:\/\/graziamagazine.com\/mx\/#website\",\"url\":\"https:\/\/graziamagazine.com\/mx\/\",\"name\":\"Grazia M\u00e9xico y Latinoam\u00e9rica\",\"description\":\"Grazia es moda, belleza y noticias  de actualidad \",\"potentialAction\":[{\"@type\":\"SearchAction\",\"target\":{\"@type\":\"EntryPoint\",\"urlTemplate\":\"https:\/\/graziamagazine.com\/mx\/?s={search_term_string}\"},\"query-input\":\"required name=search_term_string\"}],\"inLanguage\":\"es-MX\"}]}<\/script>\n<!-- \/ Yoast SEO Premium plugin. -->","yoast_head_json":{"title":"Un recorrido por el atelier de alta joyer\u00eda de Cartier | Grazia M\u00e9xico y Latinoam\u00e9rica","description":"Xavier Gargat, Director de Cartier nos abre las puertas del Atelier d\u2019Haute Bijoux en el n\u00famero 13 de la Rue de la Paix en Par\u00eds, invit\u00e1ndonos a hacer el Nos abren las puertas del Atelier d\u2019Haute Bijoux en el n\u00famero 13 de la Rue de la Paix en Par\u00eds, invit\u00e1ndonos a hacer el recorrido por los talleres de la casa francesa.","robots":{"index":"index","follow":"follow","max-snippet":"max-snippet:-1","max-image-preview":"max-image-preview:large","max-video-preview":"max-video-preview:-1"},"canonical":"https:\/\/graziamagazine.com\/mx\/articles\/un-recorrido-por-el-atelier-alta-joyeria-de-cartier\/","og_locale":"es_MX","og_type":"article","og_title":"Un recorrido por el atelier de alta joyer\u00eda de Cartier","og_description":"Xavier Gargat, Director de Cartier nos abre las puertas del Atelier d\u2019Haute Bijoux en el n\u00famero 13 de la Rue de la Paix en Par\u00eds, invit\u00e1ndonos a hacer el Nos abren las puertas del Atelier d\u2019Haute Bijoux en el n\u00famero 13 de la Rue de la Paix en Par\u00eds, invit\u00e1ndonos a hacer el recorrido por los talleres de la casa francesa.","og_url":"https:\/\/graziamagazine.com\/mx\/articles\/un-recorrido-por-el-atelier-alta-joyeria-de-cartier\/","og_site_name":"Grazia M\u00e9xico y Latinoam\u00e9rica","article_modified_time":"2022-07-11T15:21:13+00:00","og_image":[{"width":960,"height":640,"url":"https:\/\/graziamagazine.com\/mx\/wp-content\/uploads\/sites\/13\/2022\/07\/666F0CDC-4122-4F42-B2B0-EEB967799E32.jpeg","type":"image\/jpeg"}],"twitter_card":"summary_large_image","twitter_misc":{"Est. reading time":"5 minutos"},"schema":{"@context":"https:\/\/schema.org","@graph":[{"@type":"WebPage","@id":"https:\/\/graziamagazine.com\/mx\/articles\/un-recorrido-por-el-atelier-alta-joyeria-de-cartier\/","url":"https:\/\/graziamagazine.com\/mx\/articles\/un-recorrido-por-el-atelier-alta-joyeria-de-cartier\/","name":"Un recorrido por el atelier de alta joyer\u00eda de Cartier | Grazia M\u00e9xico y Latinoam\u00e9rica","isPartOf":{"@id":"https:\/\/graziamagazine.com\/mx\/#website"},"datePublished":"2022-07-08T16:11:57+00:00","dateModified":"2022-07-11T15:21:13+00:00","description":"Xavier Gargat, Director de Cartier nos abre las puertas del Atelier d\u2019Haute Bijoux en el n\u00famero 13 de la Rue de la Paix en Par\u00eds, invit\u00e1ndonos a hacer el Nos abren las puertas del Atelier d\u2019Haute Bijoux en el n\u00famero 13 de la Rue de la Paix en Par\u00eds, invit\u00e1ndonos a hacer el recorrido por los talleres de la casa francesa.","breadcrumb":{"@id":"https:\/\/graziamagazine.com\/mx\/articles\/un-recorrido-por-el-atelier-alta-joyeria-de-cartier\/#breadcrumb"},"inLanguage":"es-MX","potentialAction":[{"@type":"ReadAction","target":["https:\/\/graziamagazine.com\/mx\/articles\/un-recorrido-por-el-atelier-alta-joyeria-de-cartier\/"]}]},{"@type":"BreadcrumbList","@id":"https:\/\/graziamagazine.com\/mx\/articles\/un-recorrido-por-el-atelier-alta-joyeria-de-cartier\/#breadcrumb","itemListElement":[{"@type":"ListItem","position":1,"name":"Home","item":"https:\/\/graziamagazine.com\/mx\/"},{"@type":"ListItem","position":2,"name":"Un recorrido por el atelier de alta joyer\u00eda de Cartier"}]},{"@type":"WebSite","@id":"https:\/\/graziamagazine.com\/mx\/#website","url":"https:\/\/graziamagazine.com\/mx\/","name":"Grazia M\u00e9xico y Latinoam\u00e9rica","description":"Grazia es moda, belleza y noticias  de actualidad ","potentialAction":[{"@type":"SearchAction","target":{"@type":"EntryPoint","urlTemplate":"https:\/\/graziamagazine.com\/mx\/?s={search_term_string}"},"query-input":"required name=search_term_string"}],"inLanguage":"es-MX"}]}},"jetpack_sharing_enabled":true,"distributor_meta":false,"distributor_terms":false,"distributor_media":false,"distributor_original_site_name":"Grazia M\u00e9xico y Latinoam\u00e9rica","distributor_original_site_url":"https:\/\/graziamagazine.com\/mx","push-errors":false,"_links":{"self":[{"href":"https:\/\/graziamagazine.com\/mx\/wp-json\/wp\/v2\/articles\/113940"}],"collection":[{"href":"https:\/\/graziamagazine.com\/mx\/wp-json\/wp\/v2\/articles"}],"about":[{"href":"https:\/\/graziamagazine.com\/mx\/wp-json\/wp\/v2\/types\/articles"}],"author":[{"embeddable":true,"href":"https:\/\/graziamagazine.com\/mx\/wp-json\/wp\/v2\/users\/30746"}],"wp:featuredmedia":[{"embeddable":true,"href":"https:\/\/graziamagazine.com\/mx\/wp-json\/wp\/v2\/media\/114636"}],"wp:attachment":[{"href":"https:\/\/graziamagazine.com\/mx\/wp-json\/wp\/v2\/media?parent=113940"}],"wp:term":[{"taxonomy":"category","embeddable":true,"href":"https:\/\/graziamagazine.com\/mx\/wp-json\/wp\/v2\/categories?post=113940"}],"curies":[{"name":"wp","href":"https:\/\/api.w.org\/{rel}","templated":true}]}}