{"id":113863,"date":"2022-06-24T13:50:48","date_gmt":"2022-06-24T18:50:48","guid":{"rendered":"https:\/\/graziamagazine.com\/mx\/?post_type=articles&#038;p=113863"},"modified":"2022-06-24T14:34:16","modified_gmt":"2022-06-24T19:34:16","slug":"dior-presenta-su-nueva-coleccion-primavera-verano-2023","status":"publish","type":"articles","link":"https:\/\/graziamagazine.com\/mx\/articles\/dior-presenta-su-nueva-coleccion-primavera-verano-2023\/","title":{"rendered":"Dior presenta su nueva colecci\u00f3n Primavera\/Verano 2023"},"content":{"rendered":"<p><span style=\"font-weight: 400\">En medio de un po\u00e9tico jard\u00edn, Dior presenta su nueva colecci\u00f3n <strong>Primavera\/Verano 2023<\/strong>, una oda a la elegancia masculina que interpreta los m\u00e1s grandes anhelos por el <strong>Monsiuer Christian Dior.<\/strong><\/span><\/p>\n<div class=\"content-gallery\"><div class=\"gallery-placeholder\"><div class=\"spinner\"><\/div><\/div><span class=\"gallery-pagination\"><\/span><div id=\"gallery-1\" class=\"gallery galleryid-113863 gallery-columns- gallery-size-\"><figure class=\"gallery-item\"><div class=\"gallery-icon landscape\"><img loading=\"lazy\" decoding=\"async\" width=\"1076\" height=\"1600\" src=\"https:\/\/graziamagazine.com\/mx\/wp-content\/uploads\/sites\/13\/2022\/06\/WhatsApp-Image-2022-06-24-at-1.55.45-PM-3.jpeg\" class=\"lazy\" alt=\"\" \/><\/div><\/figure><figure class=\"gallery-item\"><div class=\"gallery-icon landscape\"><img loading=\"lazy\" decoding=\"async\" width=\"1092\" height=\"1600\" src=\"https:\/\/graziamagazine.com\/mx\/wp-content\/uploads\/sites\/13\/2022\/06\/WhatsApp-Image-2022-06-24-at-1.55.45-PM.jpeg\" class=\"lazy\" alt=\"\" \/><\/div><figcaption class=\"wp-caption-text gallery-caption\" id=\"gallery-1-113895\">Dior presenta su nueva colecci\u00f3n Primavera\/Verano 2023<\/figcaption><\/figure><figure class=\"gallery-item\"><div class=\"gallery-icon landscape\"><img loading=\"lazy\" decoding=\"async\" width=\"1096\" height=\"1600\" src=\"https:\/\/graziamagazine.com\/mx\/wp-content\/uploads\/sites\/13\/2022\/06\/WhatsApp-Image-2022-06-24-at-1.55.44-PM-5.jpeg\" class=\"lazy\" alt=\"\" \/><\/div><\/figure><figure class=\"gallery-item\"><div class=\"gallery-icon landscape\"><img loading=\"lazy\" decoding=\"async\" width=\"1106\" height=\"1600\" src=\"https:\/\/graziamagazine.com\/mx\/wp-content\/uploads\/sites\/13\/2022\/06\/WhatsApp-Image-2022-06-24-at-1.58.19-PM.jpeg\" class=\"lazy\" alt=\"\" \/><\/div><\/figure><figure class=\"gallery-item\"><div class=\"gallery-icon landscape\"><img loading=\"lazy\" decoding=\"async\" width=\"1066\" height=\"1600\" src=\"https:\/\/graziamagazine.com\/mx\/wp-content\/uploads\/sites\/13\/2022\/06\/WhatsApp-Image-2022-06-24-at-1.55.44-PM-3.jpeg\" class=\"lazy\" alt=\"\" \/><\/div><\/figure><figure class=\"gallery-item\"><div class=\"gallery-icon landscape\"><img loading=\"lazy\" decoding=\"async\" width=\"1092\" height=\"1600\" src=\"https:\/\/graziamagazine.com\/mx\/wp-content\/uploads\/sites\/13\/2022\/06\/WhatsApp-Image-2022-06-24-at-1.58.18-PM.jpeg\" class=\"lazy\" alt=\"\" \/><\/div><\/figure><figure class=\"gallery-item\"><div class=\"gallery-icon landscape\"><img loading=\"lazy\" decoding=\"async\" width=\"1084\" height=\"1600\" src=\"https:\/\/graziamagazine.com\/mx\/wp-content\/uploads\/sites\/13\/2022\/06\/WhatsApp-Image-2022-06-24-at-1.58.20-PM-1.jpeg\" class=\"lazy\" alt=\"\" \/><\/div><\/figure><figure class=\"gallery-item\"><div class=\"gallery-icon landscape\"><img loading=\"lazy\" decoding=\"async\" width=\"1094\" height=\"1600\" src=\"https:\/\/graziamagazine.com\/mx\/wp-content\/uploads\/sites\/13\/2022\/06\/WhatsApp-Image-2022-06-24-at-1.58.22-PM-1.jpeg\" class=\"lazy\" alt=\"\" \/><\/div><\/figure><\/div><\/div>\n<p><span style=\"font-weight: 400\">Un espacio lleno de flores, la esencia del lugar transmite el romanticismo y la sencillez de las prendas exquisitamente construidas por la Maison Francesa. Una pasarela convertida en un jard\u00edn bot\u00e1nico en colores rosas pastel, violetas y una casa que el director creativo de la marca Kim Jones represent\u00f3 en homenaje a la casa de infancia de ensue\u00f1o de Christian Dior. El desfile abri\u00f3 sus puertas\u00a0 en un campo del colectivo art\u00edstico Bloomsbury con personalidades como <\/span><strong>Virginia Woolf en Charleston.\u00a0<\/strong><span style=\"font-weight: 400\">Una puesta de ensue\u00f1o que solamente el gran Kim Jones podr\u00eda lograr hacer gracias a su gran ingenio y talento.<\/span><\/p>\n<!--[if lt IE 9]><script>document.createElement('video');<\/script><![endif]-->\n\t<div class=\"wp-playlist wp-video-playlist wp-playlist-light\">\n\t\t<video controls=\"controls\" preload=\"none\" width=\"640\"\n\t\t height=\"1131\"\t><\/video>\n\t<div class=\"wp-playlist-next\"><\/div>\n\t<div class=\"wp-playlist-prev\"><\/div>\n\t<noscript>\n\t<ol>\n\t\t<li><a href='https:\/\/videos.files.wordpress.com\/Zmj3JxZ3\/whatsapp-video-2022-06-24-at-1.55.42-pm.mp4'>whatsapp-video-2022-06-24-at-1-55-42-pm-mp4<\/a><\/li><li><a href='https:\/\/videos.files.wordpress.com\/ymebDgWS\/whatsapp-video-2022-06-24-at-1.55.44-pm.mp4'>whatsapp-video-2022-06-24-at-1-55-44-pm-mp4<\/a><\/li>\t<\/ol>\n\t<\/noscript>\n\t<script type=\"application\/json\" class=\"wp-playlist-script\">{\"type\":\"video\",\"tracklist\":true,\"tracknumbers\":true,\"images\":true,\"artists\":true,\"tracks\":[{\"src\":\"https:\\\/\\\/videos.files.wordpress.com\\\/Zmj3JxZ3\\\/whatsapp-video-2022-06-24-at-1.55.42-pm.mp4\",\"type\":\"video\\\/mp4\",\"title\":\"whatsapp-video-2022-06-24-at-1-55-42-pm-mp4\",\"caption\":\"\",\"description\":\"\",\"meta\":[],\"dimensions\":{\"original\":{\"width\":480,\"height\":848},\"resized\":{\"width\":640,\"height\":1131}},\"image\":{\"src\":\"https:\\\/\\\/graziamagazine.com\\\/mx\\\/wp-content\\\/uploads\\\/sites\\\/13\\\/2022\\\/06\\\/whatsapp-video-2022-06-24-at-1.55.42-pm_mp4_avc_240p.original.jpg\",\"width\":240,\"height\":424},\"thumb\":{\"src\":\"https:\\\/\\\/graziamagazine.com\\\/mx\\\/wp-content\\\/uploads\\\/sites\\\/13\\\/2022\\\/06\\\/whatsapp-video-2022-06-24-at-1.55.42-pm_mp4_avc_240p.original.jpg\",\"width\":85,\"height\":150}},{\"src\":\"https:\\\/\\\/videos.files.wordpress.com\\\/ymebDgWS\\\/whatsapp-video-2022-06-24-at-1.55.44-pm.mp4\",\"type\":\"video\\\/mp4\",\"title\":\"whatsapp-video-2022-06-24-at-1-55-44-pm-mp4\",\"caption\":\"\",\"description\":\"\",\"meta\":[],\"dimensions\":{\"original\":{\"width\":480,\"height\":848},\"resized\":{\"width\":640,\"height\":1131}},\"image\":{\"src\":\"https:\\\/\\\/graziamagazine.com\\\/mx\\\/wp-content\\\/uploads\\\/sites\\\/13\\\/2022\\\/06\\\/whatsapp-video-2022-06-24-at-1.55.44-pm_mp4_dvd.original.jpg\",\"width\":480,\"height\":848},\"thumb\":{\"src\":\"https:\\\/\\\/graziamagazine.com\\\/mx\\\/wp-content\\\/uploads\\\/sites\\\/13\\\/2022\\\/06\\\/whatsapp-video-2022-06-24-at-1.55.44-pm_mp4_dvd.original.jpg\",\"width\":85,\"height\":150}}]}<\/script>\n<\/div>\n\t\n<p><span style=\"font-weight: 400\">La colecci\u00f3n Primavera\/Verano 2023 de Dior Men se inspira en el gusto franc\u00e9s de Christian Dior y <strong>Duncan Grant<\/strong>, el pintor brit\u00e1nico\u00a0 que formaba parte de un movimiento art\u00edstico llamado <strong>Bloomsbury en el siglo XX<\/strong> y el que compart\u00eda una fecha especial con Dior, su cumplea\u00f1os. Este hilo conductor form\u00f3 parte de un punto clave para la colecci\u00f3n, pues para<strong> Kim Jones,<\/strong> este movimiento y fecha formaban parte de la infancia de Dior ante este colectivo art\u00edstico para presentar un desfile inolvidable con sede en Par\u00eds.<\/span><\/p>\n<div class=\"content-gallery\"><div class=\"gallery-placeholder\"><div class=\"spinner\"><\/div><\/div><span class=\"gallery-pagination\"><\/span><div id=\"gallery-2\" class=\"gallery galleryid-113863 gallery-columns- gallery-size-\"><figure class=\"gallery-item\"><div class=\"gallery-icon landscape\"><img loading=\"lazy\" decoding=\"async\" width=\"481\" height=\"637\" src=\"https:\/\/graziamagazine.com\/mx\/wp-content\/uploads\/sites\/13\/2022\/06\/WhatsApp-Image-2022-06-24-at-1.56.26-PM-1.jpeg\" class=\"lazy\" alt=\"\" \/><\/div><figcaption class=\"wp-caption-text gallery-caption\" id=\"gallery-2-113896\">Dior presenta su nueva colecci\u00f3n Primavera\/Verano 2023<\/figcaption><\/figure><figure class=\"gallery-item\"><div class=\"gallery-icon landscape\"><img loading=\"lazy\" decoding=\"async\" width=\"198\" height=\"252\" src=\"https:\/\/graziamagazine.com\/mx\/wp-content\/uploads\/sites\/13\/2022\/06\/WhatsApp-Image-2022-06-24-at-1.56.26-PM.jpeg\" class=\"lazy\" alt=\"\" \/><\/div><\/figure><\/div><\/div>\n<p><span style=\"font-weight: 400\">La impecable manera de fusionar los recuerdos del pasado con prendas contempor\u00e1neas y estilizadas, convierten de la colecci\u00f3n <strong>Dior Men SS 23<\/strong> un sue\u00f1o entre paisajes.<\/span><span style=\"font-weight: 400\">El desfile presenta los trajes sastres que tanto caracterizan el esp\u00edritu <\/span><span style=\"font-weight: 400\"><strong><em>s<\/em><em>avoir-faire<\/em><\/strong> de Dior, de un lado se ve la casa rosa de infancia de Dior en Normand\u00eda y una combinaci\u00f3n excelente entre texturas, estampados, siluetas y colores que hacen un perfecto juego con el espacio.<\/span><\/p>\n<div class=\"wp-playlist wp-video-playlist wp-playlist-light\">\n\t\t<video controls=\"controls\" preload=\"none\" width=\"640\"\n\t\t height=\"1131\"\t><\/video>\n\t<div class=\"wp-playlist-next\"><\/div>\n\t<div class=\"wp-playlist-prev\"><\/div>\n\t<noscript>\n\t<ol>\n\t\t<li><a href='https:\/\/videos.files.wordpress.com\/Zmj3JxZ3\/whatsapp-video-2022-06-24-at-1.55.42-pm.mp4'>whatsapp-video-2022-06-24-at-1-55-42-pm-mp4<\/a><\/li>\t<\/ol>\n\t<\/noscript>\n\t<script type=\"application\/json\" class=\"wp-playlist-script\">{\"type\":\"video\",\"tracklist\":true,\"tracknumbers\":true,\"images\":true,\"artists\":true,\"tracks\":[{\"src\":\"https:\\\/\\\/videos.files.wordpress.com\\\/Zmj3JxZ3\\\/whatsapp-video-2022-06-24-at-1.55.42-pm.mp4\",\"type\":\"video\\\/mp4\",\"title\":\"whatsapp-video-2022-06-24-at-1-55-42-pm-mp4\",\"caption\":\"\",\"description\":\"\",\"meta\":[],\"dimensions\":{\"original\":{\"width\":480,\"height\":848},\"resized\":{\"width\":640,\"height\":1131}},\"image\":{\"src\":\"https:\\\/\\\/graziamagazine.com\\\/mx\\\/wp-content\\\/uploads\\\/sites\\\/13\\\/2022\\\/06\\\/whatsapp-video-2022-06-24-at-1.55.42-pm_mp4_avc_240p.original.jpg\",\"width\":240,\"height\":424},\"thumb\":{\"src\":\"https:\\\/\\\/graziamagazine.com\\\/mx\\\/wp-content\\\/uploads\\\/sites\\\/13\\\/2022\\\/06\\\/whatsapp-video-2022-06-24-at-1.55.42-pm_mp4_avc_240p.original.jpg\",\"width\":85,\"height\":150}}]}<\/script>\n<\/div>\n\t\n<p><span style=\"font-weight: 400\">Adem\u00e1s, dentro del ba\u00fal de recuerdos de Christian, mencion\u00f3 alguna vez que su vida era como el clima cuando era ni\u00f1o, retomando este aspecto, Jones no dud\u00f3 en dirigir a los modelos por la pasarela, donde caminaron entre el jard\u00edn de infancia, la modernidad y una nostalgia inevitable.<\/span><\/p>\n<p><span style=\"font-weight: 400\">El desfile concluy\u00f3 con Kim Jones saludando desde la puerta de la casa, una r\u00e9plica muy similar a la casa que ahora funciona como museo en Francia.<\/span><\/p>\n<div class=\"content-gallery\"><div class=\"gallery-placeholder\"><div class=\"spinner\"><\/div><\/div><span class=\"gallery-pagination\"><\/span><div id=\"gallery-3\" class=\"gallery galleryid-113863 gallery-columns- gallery-size-\"><figure class=\"gallery-item\"><div class=\"gallery-icon landscape\"><img loading=\"lazy\" decoding=\"async\" width=\"932\" height=\"1600\" src=\"https:\/\/graziamagazine.com\/mx\/wp-content\/uploads\/sites\/13\/2022\/06\/WhatsApp-Image-2022-06-24-at-1.55.44-PM-2.jpeg\" class=\"lazy\" alt=\"\" \/><\/div><figcaption class=\"wp-caption-text gallery-caption\" id=\"gallery-3-113887\">Dior presenta su nueva colecci\u00f3n Primavera\/Verano 2023<\/figcaption><\/figure><figure class=\"gallery-item\"><div class=\"gallery-icon landscape\"><img loading=\"lazy\" decoding=\"async\" width=\"1088\" height=\"1600\" src=\"https:\/\/graziamagazine.com\/mx\/wp-content\/uploads\/sites\/13\/2022\/06\/WhatsApp-Image-2022-06-24-at-1.55.44-PM-4.jpeg\" class=\"lazy\" alt=\"\" \/><\/div><\/figure><figure class=\"gallery-item\"><div class=\"gallery-icon landscape\"><img loading=\"lazy\" decoding=\"async\" width=\"1082\" height=\"1600\" src=\"https:\/\/graziamagazine.com\/mx\/wp-content\/uploads\/sites\/13\/2022\/06\/WhatsApp-Image-2022-06-24-at-1.55.44-PM-6.jpeg\" class=\"lazy\" alt=\"\" \/><\/div><\/figure><figure class=\"gallery-item\"><div class=\"gallery-icon landscape\"><img loading=\"lazy\" decoding=\"async\" width=\"1110\" height=\"1600\" src=\"https:\/\/graziamagazine.com\/mx\/wp-content\/uploads\/sites\/13\/2022\/06\/WhatsApp-Image-2022-06-24-at-1.58.21-PM.jpeg\" class=\"lazy\" alt=\"\" \/><\/div><\/figure><figure class=\"gallery-item\"><div class=\"gallery-icon landscape\"><img loading=\"lazy\" decoding=\"async\" width=\"1076\" height=\"1600\" src=\"https:\/\/graziamagazine.com\/mx\/wp-content\/uploads\/sites\/13\/2022\/06\/WhatsApp-Image-2022-06-24-at-1.58.22-PM.jpeg\" class=\"lazy\" alt=\"\" \/><\/div><\/figure><figure class=\"gallery-item\"><div class=\"gallery-icon landscape\"><img loading=\"lazy\" decoding=\"async\" width=\"1090\" height=\"1600\" src=\"https:\/\/graziamagazine.com\/mx\/wp-content\/uploads\/sites\/13\/2022\/06\/WhatsApp-Image-2022-06-24-at-1.58.21-PM-1.jpeg\" class=\"lazy\" alt=\"\" \/><\/div><\/figure><figure class=\"gallery-item\"><div class=\"gallery-icon landscape\"><img loading=\"lazy\" decoding=\"async\" width=\"1128\" height=\"1600\" src=\"https:\/\/graziamagazine.com\/mx\/wp-content\/uploads\/sites\/13\/2022\/06\/WhatsApp-Image-2022-06-24-at-1.55.45-PM-2.jpeg\" class=\"lazy\" alt=\"\" \/><\/div><\/figure><\/div><\/div>\n<p><strong><em>*IMAGEN: Dior<\/em><\/strong><\/p>\n","protected":false},"author":28953,"featured_media":113914,"template":"","format":"standard","categories":[4],"acf":[],"yoast_head":"<!-- This site is optimized with the Yoast SEO Premium plugin v18.5 (Yoast SEO v20.4) - https:\/\/yoast.com\/wordpress\/plugins\/seo\/ -->\n<title>Dior presenta su nueva colecci\u00f3n Primavera\/Verano 2023<\/title>\n<meta name=\"description\" content=\"Kim Jones vuelve a los desfiles con una propuesta que reafirma la elegancia masculina en una colecci\u00f3n fresca e inspiradora\" \/>\n<meta name=\"robots\" content=\"index, follow, max-snippet:-1, max-image-preview:large, max-video-preview:-1\" \/>\n<link rel=\"canonical\" href=\"https:\/\/graziamagazine.com\/mx\/articles\/dior-presenta-su-nueva-coleccion-primavera-verano-2023\/\" \/>\n<meta property=\"og:locale\" content=\"es_MX\" \/>\n<meta property=\"og:type\" content=\"article\" \/>\n<meta property=\"og:title\" content=\"Dior presenta su nueva colecci\u00f3n Primavera\/Verano 2023\" \/>\n<meta property=\"og:description\" content=\"Kim Jones vuelve a los desfiles con una propuesta que reafirma la elegancia masculina en una colecci\u00f3n fresca e inspiradora\" \/>\n<meta property=\"og:url\" content=\"https:\/\/graziamagazine.com\/mx\/articles\/dior-presenta-su-nueva-coleccion-primavera-verano-2023\/\" \/>\n<meta property=\"og:site_name\" content=\"Grazia M\u00e9xico y Latinoam\u00e9rica\" \/>\n<meta property=\"article:modified_time\" content=\"2022-06-24T19:34:16+00:00\" \/>\n<meta property=\"og:image\" content=\"https:\/\/graziamagazine.com\/mx\/wp-content\/uploads\/sites\/13\/2022\/06\/694ABFCC-2E3C-49F7-BE43-5C348A7D351B.jpeg\" \/>\n\t<meta property=\"og:image:width\" content=\"1284\" \/>\n\t<meta property=\"og:image:height\" content=\"1211\" \/>\n\t<meta property=\"og:image:type\" content=\"image\/jpeg\" \/>\n<meta name=\"twitter:card\" content=\"summary_large_image\" \/>\n<meta name=\"twitter:label1\" content=\"Est. reading time\" \/>\n\t<meta name=\"twitter:data1\" content=\"2 minutos\" \/>\n<script type=\"application\/ld+json\" class=\"yoast-schema-graph\">{\"@context\":\"https:\/\/schema.org\",\"@graph\":[{\"@type\":\"WebPage\",\"@id\":\"https:\/\/graziamagazine.com\/mx\/articles\/dior-presenta-su-nueva-coleccion-primavera-verano-2023\/\",\"url\":\"https:\/\/graziamagazine.com\/mx\/articles\/dior-presenta-su-nueva-coleccion-primavera-verano-2023\/\",\"name\":\"Dior presenta su nueva colecci\u00f3n Primavera\/Verano 2023\",\"isPartOf\":{\"@id\":\"https:\/\/graziamagazine.com\/mx\/#website\"},\"datePublished\":\"2022-06-24T18:50:48+00:00\",\"dateModified\":\"2022-06-24T19:34:16+00:00\",\"description\":\"Kim Jones vuelve a los desfiles con una propuesta que reafirma la elegancia masculina en una colecci\u00f3n fresca e inspiradora\",\"breadcrumb\":{\"@id\":\"https:\/\/graziamagazine.com\/mx\/articles\/dior-presenta-su-nueva-coleccion-primavera-verano-2023\/#breadcrumb\"},\"inLanguage\":\"es-MX\",\"potentialAction\":[{\"@type\":\"ReadAction\",\"target\":[\"https:\/\/graziamagazine.com\/mx\/articles\/dior-presenta-su-nueva-coleccion-primavera-verano-2023\/\"]}]},{\"@type\":\"BreadcrumbList\",\"@id\":\"https:\/\/graziamagazine.com\/mx\/articles\/dior-presenta-su-nueva-coleccion-primavera-verano-2023\/#breadcrumb\",\"itemListElement\":[{\"@type\":\"ListItem\",\"position\":1,\"name\":\"Home\",\"item\":\"https:\/\/graziamagazine.com\/mx\/\"},{\"@type\":\"ListItem\",\"position\":2,\"name\":\"Dior presenta su nueva colecci\u00f3n Primavera\/Verano 2023\"}]},{\"@type\":\"WebSite\",\"@id\":\"https:\/\/graziamagazine.com\/mx\/#website\",\"url\":\"https:\/\/graziamagazine.com\/mx\/\",\"name\":\"Grazia M\u00e9xico y Latinoam\u00e9rica\",\"description\":\"Grazia es moda, belleza y noticias  de actualidad \",\"potentialAction\":[{\"@type\":\"SearchAction\",\"target\":{\"@type\":\"EntryPoint\",\"urlTemplate\":\"https:\/\/graziamagazine.com\/mx\/?s={search_term_string}\"},\"query-input\":\"required name=search_term_string\"}],\"inLanguage\":\"es-MX\"}]}<\/script>\n<!-- \/ Yoast SEO Premium plugin. -->","yoast_head_json":{"title":"Dior presenta su nueva colecci\u00f3n Primavera\/Verano 2023","description":"Kim Jones vuelve a los desfiles con una propuesta que reafirma la elegancia masculina en una colecci\u00f3n fresca e inspiradora","robots":{"index":"index","follow":"follow","max-snippet":"max-snippet:-1","max-image-preview":"max-image-preview:large","max-video-preview":"max-video-preview:-1"},"canonical":"https:\/\/graziamagazine.com\/mx\/articles\/dior-presenta-su-nueva-coleccion-primavera-verano-2023\/","og_locale":"es_MX","og_type":"article","og_title":"Dior presenta su nueva colecci\u00f3n Primavera\/Verano 2023","og_description":"Kim Jones vuelve a los desfiles con una propuesta que reafirma la elegancia masculina en una colecci\u00f3n fresca e inspiradora","og_url":"https:\/\/graziamagazine.com\/mx\/articles\/dior-presenta-su-nueva-coleccion-primavera-verano-2023\/","og_site_name":"Grazia M\u00e9xico y Latinoam\u00e9rica","article_modified_time":"2022-06-24T19:34:16+00:00","og_image":[{"width":1284,"height":1211,"url":"https:\/\/graziamagazine.com\/mx\/wp-content\/uploads\/sites\/13\/2022\/06\/694ABFCC-2E3C-49F7-BE43-5C348A7D351B.jpeg","type":"image\/jpeg"}],"twitter_card":"summary_large_image","twitter_misc":{"Est. reading time":"2 minutos"},"schema":{"@context":"https:\/\/schema.org","@graph":[{"@type":"WebPage","@id":"https:\/\/graziamagazine.com\/mx\/articles\/dior-presenta-su-nueva-coleccion-primavera-verano-2023\/","url":"https:\/\/graziamagazine.com\/mx\/articles\/dior-presenta-su-nueva-coleccion-primavera-verano-2023\/","name":"Dior presenta su nueva colecci\u00f3n Primavera\/Verano 2023","isPartOf":{"@id":"https:\/\/graziamagazine.com\/mx\/#website"},"datePublished":"2022-06-24T18:50:48+00:00","dateModified":"2022-06-24T19:34:16+00:00","description":"Kim Jones vuelve a los desfiles con una propuesta que reafirma la elegancia masculina en una colecci\u00f3n fresca e inspiradora","breadcrumb":{"@id":"https:\/\/graziamagazine.com\/mx\/articles\/dior-presenta-su-nueva-coleccion-primavera-verano-2023\/#breadcrumb"},"inLanguage":"es-MX","potentialAction":[{"@type":"ReadAction","target":["https:\/\/graziamagazine.com\/mx\/articles\/dior-presenta-su-nueva-coleccion-primavera-verano-2023\/"]}]},{"@type":"BreadcrumbList","@id":"https:\/\/graziamagazine.com\/mx\/articles\/dior-presenta-su-nueva-coleccion-primavera-verano-2023\/#breadcrumb","itemListElement":[{"@type":"ListItem","position":1,"name":"Home","item":"https:\/\/graziamagazine.com\/mx\/"},{"@type":"ListItem","position":2,"name":"Dior presenta su nueva colecci\u00f3n Primavera\/Verano 2023"}]},{"@type":"WebSite","@id":"https:\/\/graziamagazine.com\/mx\/#website","url":"https:\/\/graziamagazine.com\/mx\/","name":"Grazia M\u00e9xico y Latinoam\u00e9rica","description":"Grazia es moda, belleza y noticias  de actualidad ","potentialAction":[{"@type":"SearchAction","target":{"@type":"EntryPoint","urlTemplate":"https:\/\/graziamagazine.com\/mx\/?s={search_term_string}"},"query-input":"required name=search_term_string"}],"inLanguage":"es-MX"}]}},"jetpack_sharing_enabled":true,"distributor_meta":false,"distributor_terms":false,"distributor_media":false,"distributor_original_site_name":"Grazia M\u00e9xico y Latinoam\u00e9rica","distributor_original_site_url":"https:\/\/graziamagazine.com\/mx","push-errors":false,"_links":{"self":[{"href":"https:\/\/graziamagazine.com\/mx\/wp-json\/wp\/v2\/articles\/113863"}],"collection":[{"href":"https:\/\/graziamagazine.com\/mx\/wp-json\/wp\/v2\/articles"}],"about":[{"href":"https:\/\/graziamagazine.com\/mx\/wp-json\/wp\/v2\/types\/articles"}],"author":[{"embeddable":true,"href":"https:\/\/graziamagazine.com\/mx\/wp-json\/wp\/v2\/users\/28953"}],"wp:featuredmedia":[{"embeddable":true,"href":"https:\/\/graziamagazine.com\/mx\/wp-json\/wp\/v2\/media\/113914"}],"wp:attachment":[{"href":"https:\/\/graziamagazine.com\/mx\/wp-json\/wp\/v2\/media?parent=113863"}],"wp:term":[{"taxonomy":"category","embeddable":true,"href":"https:\/\/graziamagazine.com\/mx\/wp-json\/wp\/v2\/categories?post=113863"}],"curies":[{"name":"wp","href":"https:\/\/api.w.org\/{rel}","templated":true}]}}