{"id":113687,"date":"2022-06-22T07:07:21","date_gmt":"2022-06-22T12:07:21","guid":{"rendered":"https:\/\/graziamagazine.com\/mx\/?post_type=articles&#038;p=113687"},"modified":"2022-06-22T09:48:18","modified_gmt":"2022-06-22T14:48:18","slug":"nuevos-ipad-incluiran-chip-a14-conectividad-5g-y-puerto-usb-c","status":"publish","type":"articles","link":"https:\/\/graziamagazine.com\/mx\/articles\/nuevos-ipad-incluiran-chip-a14-conectividad-5g-y-puerto-usb-c\/","title":{"rendered":"conoce todas las innovaciones del ipad"},"content":{"rendered":"<p>Para los fan\u00e1ticos de Apple y todos los techlovers los nuevos iPad incluir\u00e1n chip A14, conectividad 5G y puerto USB-C.<\/p>\n<p>A principios de este a\u00f1o, la plataforma digital <em>9to5Mac\u00a0<\/em>inform\u00f3 en exclusiva\u00a0que Apple estaba trabajando en un iPad Air de nueva generaci\u00f3n para tener el chip M1 y compatibilidad con 5G, y result\u00f3 que\u00a0el informe ten\u00eda raz\u00f3n\u00a0.\u00a0Ahora hemos aprendido de nuestras fuentes que la compa\u00f1\u00eda tiene planes de actualizar el iPad de nivel de entrada con el chip A14 Bionic, 5G y, por primera vez, conectividad USB-C.<\/p>\n<p>El\u00a0iPad b\u00e1sico , que actualmente se vende con precios que comienzan en 329 USD, es el iPad m\u00e1s asequible disponible en la l\u00ednea. Por esta raz\u00f3n, Apple ha optado por mantener este iPad exactamente con el mismo dise\u00f1o que los modelos de iPad m\u00e1s antiguos, pero esto tiene sus inconvenientes, como tener un puerto Lightning en lugar del m\u00e1s moderno USB-C.<\/p>\n<h2 id=\"h-10th-generation-ipad\">iPad de d\u00e9cima generaci\u00f3n<\/h2>\n<p>Este a\u00f1o, Apple ha estado trabajando en actualizaciones m\u00e1s significativas para su iPad m\u00e1s econ\u00f3mico.\u00a0La informaci\u00f3n vista por\u00a0<em>9to5Mac<\/em>\u00a0revela que el nuevo iPad de d\u00e9cima generaci\u00f3n (nombre en c\u00f3digo J272) contar\u00e1 con un puerto USB-C en lugar de Lightning.\u00a0Esto significa que Apple finalmente planea llevar USB-C a toda la l\u00ednea de iPad, ya que iPad Pro se actualiz\u00f3 con USB-C en 2018, iPad Air en 2020 y iPad mini en 2021.<\/p>\n<p>Tener USB-C abre un mundo de posibilidades para los usuarios de iPad, ya que el conector admite velocidades de transferencia m\u00e1s r\u00e1pidas e incluso una variedad m\u00e1s amplia de perif\u00e9ricos, mientras que el conector Lightning todav\u00eda se basa en el est\u00e1ndar USB 2.0 m\u00e1s lento y depende de adaptadores para casi todo. .\u00a0Con USB-C, los usuarios b\u00e1sicos de iPad tambi\u00e9n podr\u00e1n conectarlo f\u00e1cilmente a pantallas externas m\u00e1s modernas, como la <strong>Studio Display de Apple<\/strong>.<\/p>\n<p>Tambi\u00e9n hemos escuchado de nuestras fuentes que el nuevo iPad b\u00e1sico contar\u00e1 con una pantalla Retina de la misma resoluci\u00f3n que la pantalla del iPad Air.\u00a0El iPad actual de novena generaci\u00f3n tiene una pantalla LCD de 10,2 pulgadas, por lo que podemos esperar un ligero aumento de pantalla a 10,5 pulgadas o incluso a 10,9 pulgadas.\u00a0Sin embargo, las especificaciones de pantalla m\u00e1s modernas, como una amplia gama de colores con DCI-P3 y un mayor brillo, seguir\u00e1n siendo exclusivas de los iPad m\u00e1s caros.<\/p>\n<p><img loading=\"lazy\" decoding=\"async\" class=\"alignnone size-medium wp-image-113688\" src=\"https:\/\/graziamagazine.com\/mx\/wp-content\/uploads\/sites\/13\/2022\/06\/653463.png?w=450\" alt=\"\" width=\"450\" height=\"281\" \/><\/p>\n<p>Al mismo tiempo, se espera que el iPad de d\u00e9cima generaci\u00f3n est\u00e9 equipado con el chip A14 Bionic, al igual que el iPad Air de cuarta generaci\u00f3n.\u00a0En comparaci\u00f3n con el A13 Bionic, que se usa en el iPad de nivel de entrada actual, las ganancias de rendimiento deber\u00edan rondar el 30%.\u00a0Apple tambi\u00e9n agregar\u00e1 soporte de red 5G para modelos celulares.<\/p>\n<p>Desafortunadamente, no tenemos detalles sobre si el nuevo iPad de d\u00e9cima generaci\u00f3n mantendr\u00e1 el mismo dise\u00f1o anterior o si Apple cambiar\u00e1 a un dise\u00f1o m\u00e1s moderno que coincida con iPad Air, iPad mini y iPad Pro.\u00a0Pero seg\u00fan lo que sabemos sobre la nueva pantalla y el conector, el cambio de dise\u00f1o parece probable.<\/p>\n<h2 id=\"h-other-ipad-rumors\">Otros rumores de iPad<\/h2>\n<p>Tambi\u00e9n se rumorea que\u00a0Apple presentar\u00e1 nuevos modelos de iPad Pro\u00a0a finales de este a\u00f1o.\u00a0El iPad Pro de pr\u00f3xima generaci\u00f3n estar\u00e1 equipado con M2 y, como inform\u00f3\u00a0<em>9to5Mac<\/em>\u00a0a principios de este a\u00f1o, puede incluir\u00a0carga inal\u00e1mbrica a trav\u00e9s del cargador MagSafe\u00a0.\u00a0Sin embargo, las fuentes\u00a0<em>de 9to5Mac<\/em>\u00a0no est\u00e1n familiarizadas con el\u00a0rumoreado modelo de 14 pulgadas\u00a0.<\/p>\n<p>En cuanto al nuevo iPad b\u00e1sico, tambi\u00e9n deber\u00eda presentarse en alg\u00fan momento a finales de este a\u00f1o.\u00a0En los \u00faltimos a\u00f1os, Apple ha anunciado nuevos iPads de nivel de entrada junto con nuevos iPhones.<\/p>\n","protected":false},"author":33675,"featured_media":113690,"template":"","format":"standard","categories":[12483],"acf":[],"yoast_head":"<!-- This site is optimized with the Yoast SEO Premium plugin v18.5 (Yoast SEO v20.4) - https:\/\/yoast.com\/wordpress\/plugins\/seo\/ -->\n<title>conoce todas las innovaciones del ipad | Grazia M\u00e9xico y Latinoam\u00e9rica<\/title>\n<meta name=\"description\" content=\"Para los fan\u00e1ticos de Apple y todos los techlovers los nuevos iPad incluir\u00e1n chip A14, conectividad 5G y puerto USB-C. A principios de este a\u00f1o, la\" \/>\n<meta name=\"robots\" content=\"index, follow, max-snippet:-1, max-image-preview:large, max-video-preview:-1\" \/>\n<link rel=\"canonical\" href=\"https:\/\/graziamagazine.com\/mx\/articles\/nuevos-ipad-incluiran-chip-a14-conectividad-5g-y-puerto-usb-c\/\" \/>\n<meta property=\"og:locale\" content=\"es_MX\" \/>\n<meta property=\"og:type\" content=\"article\" \/>\n<meta property=\"og:title\" content=\"conoce todas las innovaciones del ipad\" \/>\n<meta property=\"og:description\" content=\"Para los fan\u00e1ticos de Apple y todos los techlovers los nuevos iPad incluir\u00e1n chip A14, conectividad 5G y puerto USB-C. A principios de este a\u00f1o, la\" \/>\n<meta property=\"og:url\" content=\"https:\/\/graziamagazine.com\/mx\/articles\/nuevos-ipad-incluiran-chip-a14-conectividad-5g-y-puerto-usb-c\/\" \/>\n<meta property=\"og:site_name\" content=\"Grazia M\u00e9xico y Latinoam\u00e9rica\" \/>\n<meta property=\"article:modified_time\" content=\"2022-06-22T14:48:18+00:00\" \/>\n<meta property=\"og:image\" content=\"https:\/\/graziamagazine.com\/mx\/wp-content\/uploads\/sites\/13\/2022\/06\/KLHNOHN.png\" \/>\n\t<meta property=\"og:image:width\" content=\"1251\" \/>\n\t<meta property=\"og:image:height\" content=\"557\" \/>\n\t<meta property=\"og:image:type\" content=\"image\/png\" \/>\n<meta name=\"twitter:card\" content=\"summary_large_image\" \/>\n<meta name=\"twitter:label1\" content=\"Est. reading time\" \/>\n\t<meta name=\"twitter:data1\" content=\"3 minutos\" \/>\n<script type=\"application\/ld+json\" class=\"yoast-schema-graph\">{\"@context\":\"https:\/\/schema.org\",\"@graph\":[{\"@type\":\"WebPage\",\"@id\":\"https:\/\/graziamagazine.com\/mx\/articles\/nuevos-ipad-incluiran-chip-a14-conectividad-5g-y-puerto-usb-c\/\",\"url\":\"https:\/\/graziamagazine.com\/mx\/articles\/nuevos-ipad-incluiran-chip-a14-conectividad-5g-y-puerto-usb-c\/\",\"name\":\"conoce todas las innovaciones del ipad | Grazia M\u00e9xico y Latinoam\u00e9rica\",\"isPartOf\":{\"@id\":\"https:\/\/graziamagazine.com\/mx\/#website\"},\"datePublished\":\"2022-06-22T12:07:21+00:00\",\"dateModified\":\"2022-06-22T14:48:18+00:00\",\"description\":\"Para los fan\u00e1ticos de Apple y todos los techlovers los nuevos iPad incluir\u00e1n chip A14, conectividad 5G y puerto USB-C. A principios de este a\u00f1o, la\",\"breadcrumb\":{\"@id\":\"https:\/\/graziamagazine.com\/mx\/articles\/nuevos-ipad-incluiran-chip-a14-conectividad-5g-y-puerto-usb-c\/#breadcrumb\"},\"inLanguage\":\"es-MX\",\"potentialAction\":[{\"@type\":\"ReadAction\",\"target\":[\"https:\/\/graziamagazine.com\/mx\/articles\/nuevos-ipad-incluiran-chip-a14-conectividad-5g-y-puerto-usb-c\/\"]}]},{\"@type\":\"BreadcrumbList\",\"@id\":\"https:\/\/graziamagazine.com\/mx\/articles\/nuevos-ipad-incluiran-chip-a14-conectividad-5g-y-puerto-usb-c\/#breadcrumb\",\"itemListElement\":[{\"@type\":\"ListItem\",\"position\":1,\"name\":\"Home\",\"item\":\"https:\/\/graziamagazine.com\/mx\/\"},{\"@type\":\"ListItem\",\"position\":2,\"name\":\"conoce todas las innovaciones del ipad\"}]},{\"@type\":\"WebSite\",\"@id\":\"https:\/\/graziamagazine.com\/mx\/#website\",\"url\":\"https:\/\/graziamagazine.com\/mx\/\",\"name\":\"Grazia M\u00e9xico y Latinoam\u00e9rica\",\"description\":\"Grazia es moda, belleza y noticias  de actualidad \",\"potentialAction\":[{\"@type\":\"SearchAction\",\"target\":{\"@type\":\"EntryPoint\",\"urlTemplate\":\"https:\/\/graziamagazine.com\/mx\/?s={search_term_string}\"},\"query-input\":\"required name=search_term_string\"}],\"inLanguage\":\"es-MX\"}]}<\/script>\n<!-- \/ Yoast SEO Premium plugin. -->","yoast_head_json":{"title":"conoce todas las innovaciones del ipad | Grazia M\u00e9xico y Latinoam\u00e9rica","description":"Para los fan\u00e1ticos de Apple y todos los techlovers los nuevos iPad incluir\u00e1n chip A14, conectividad 5G y puerto USB-C. A principios de este a\u00f1o, la","robots":{"index":"index","follow":"follow","max-snippet":"max-snippet:-1","max-image-preview":"max-image-preview:large","max-video-preview":"max-video-preview:-1"},"canonical":"https:\/\/graziamagazine.com\/mx\/articles\/nuevos-ipad-incluiran-chip-a14-conectividad-5g-y-puerto-usb-c\/","og_locale":"es_MX","og_type":"article","og_title":"conoce todas las innovaciones del ipad","og_description":"Para los fan\u00e1ticos de Apple y todos los techlovers los nuevos iPad incluir\u00e1n chip A14, conectividad 5G y puerto USB-C. A principios de este a\u00f1o, la","og_url":"https:\/\/graziamagazine.com\/mx\/articles\/nuevos-ipad-incluiran-chip-a14-conectividad-5g-y-puerto-usb-c\/","og_site_name":"Grazia M\u00e9xico y Latinoam\u00e9rica","article_modified_time":"2022-06-22T14:48:18+00:00","og_image":[{"width":1251,"height":557,"url":"https:\/\/graziamagazine.com\/mx\/wp-content\/uploads\/sites\/13\/2022\/06\/KLHNOHN.png","type":"image\/png"}],"twitter_card":"summary_large_image","twitter_misc":{"Est. reading time":"3 minutos"},"schema":{"@context":"https:\/\/schema.org","@graph":[{"@type":"WebPage","@id":"https:\/\/graziamagazine.com\/mx\/articles\/nuevos-ipad-incluiran-chip-a14-conectividad-5g-y-puerto-usb-c\/","url":"https:\/\/graziamagazine.com\/mx\/articles\/nuevos-ipad-incluiran-chip-a14-conectividad-5g-y-puerto-usb-c\/","name":"conoce todas las innovaciones del ipad | Grazia M\u00e9xico y Latinoam\u00e9rica","isPartOf":{"@id":"https:\/\/graziamagazine.com\/mx\/#website"},"datePublished":"2022-06-22T12:07:21+00:00","dateModified":"2022-06-22T14:48:18+00:00","description":"Para los fan\u00e1ticos de Apple y todos los techlovers los nuevos iPad incluir\u00e1n chip A14, conectividad 5G y puerto USB-C. A principios de este a\u00f1o, la","breadcrumb":{"@id":"https:\/\/graziamagazine.com\/mx\/articles\/nuevos-ipad-incluiran-chip-a14-conectividad-5g-y-puerto-usb-c\/#breadcrumb"},"inLanguage":"es-MX","potentialAction":[{"@type":"ReadAction","target":["https:\/\/graziamagazine.com\/mx\/articles\/nuevos-ipad-incluiran-chip-a14-conectividad-5g-y-puerto-usb-c\/"]}]},{"@type":"BreadcrumbList","@id":"https:\/\/graziamagazine.com\/mx\/articles\/nuevos-ipad-incluiran-chip-a14-conectividad-5g-y-puerto-usb-c\/#breadcrumb","itemListElement":[{"@type":"ListItem","position":1,"name":"Home","item":"https:\/\/graziamagazine.com\/mx\/"},{"@type":"ListItem","position":2,"name":"conoce todas las innovaciones del ipad"}]},{"@type":"WebSite","@id":"https:\/\/graziamagazine.com\/mx\/#website","url":"https:\/\/graziamagazine.com\/mx\/","name":"Grazia M\u00e9xico y Latinoam\u00e9rica","description":"Grazia es moda, belleza y noticias  de actualidad ","potentialAction":[{"@type":"SearchAction","target":{"@type":"EntryPoint","urlTemplate":"https:\/\/graziamagazine.com\/mx\/?s={search_term_string}"},"query-input":"required name=search_term_string"}],"inLanguage":"es-MX"}]}},"jetpack_sharing_enabled":true,"distributor_meta":false,"distributor_terms":false,"distributor_media":false,"distributor_original_site_name":"Grazia M\u00e9xico y Latinoam\u00e9rica","distributor_original_site_url":"https:\/\/graziamagazine.com\/mx","push-errors":false,"_links":{"self":[{"href":"https:\/\/graziamagazine.com\/mx\/wp-json\/wp\/v2\/articles\/113687"}],"collection":[{"href":"https:\/\/graziamagazine.com\/mx\/wp-json\/wp\/v2\/articles"}],"about":[{"href":"https:\/\/graziamagazine.com\/mx\/wp-json\/wp\/v2\/types\/articles"}],"author":[{"embeddable":true,"href":"https:\/\/graziamagazine.com\/mx\/wp-json\/wp\/v2\/users\/33675"}],"wp:featuredmedia":[{"embeddable":true,"href":"https:\/\/graziamagazine.com\/mx\/wp-json\/wp\/v2\/media\/113690"}],"wp:attachment":[{"href":"https:\/\/graziamagazine.com\/mx\/wp-json\/wp\/v2\/media?parent=113687"}],"wp:term":[{"taxonomy":"category","embeddable":true,"href":"https:\/\/graziamagazine.com\/mx\/wp-json\/wp\/v2\/categories?post=113687"}],"curies":[{"name":"wp","href":"https:\/\/api.w.org\/{rel}","templated":true}]}}