{"id":113624,"date":"2022-06-20T10:14:18","date_gmt":"2022-06-20T15:14:18","guid":{"rendered":"https:\/\/graziamagazine.com\/mx\/?post_type=articles&#038;p=113624"},"modified":"2022-06-20T10:55:17","modified_gmt":"2022-06-20T15:55:17","slug":"la-coleccion-resort-2023-de-gabriela-hearst-empieza-con-un-sueno","status":"publish","type":"articles","link":"https:\/\/graziamagazine.com\/mx\/articles\/la-coleccion-resort-2023-de-gabriela-hearst-empieza-con-un-sueno\/","title":{"rendered":"La colecci\u00f3n Resort 2023 de Gabriela Hearst empieza con un sue\u00f1o"},"content":{"rendered":"<p>&nbsp;<\/p>\n<p>En la colecci\u00f3n Resort \u201923 de Gabriella Hearst, ha extra\u00eddo su paleta de colores de un mundo equino proveniente del sue\u00f1o de una mujer cacique cabalgando encima del fuego en las monta\u00f1as, grab\u00e1ndolo en el cuero en forma artesanal mediante un grabado en relieve de un remolino abstracto en chaquetas y abrigos que llevan botones asegurados mediante un cord\u00f3n de cuero y las costuras cosidas y unidas.<\/p>\n<p><img loading=\"lazy\" decoding=\"async\" class=\"aligncenter wp-image-113627 size-medium\" src=\"https:\/\/graziamagazine.com\/mx\/wp-content\/uploads\/sites\/13\/2022\/06\/488EBA8A-C164-4D15-8F05-978356BD6EA2.jpeg?w=333\" alt=\"\" width=\"333\" height=\"450\" \/><\/p>\n<p>Un vestido con escote en V profundo lleva un corpi\u00f1o tipo armadura en cuero con el mismo grabado, la manga de blus\u00f3n con una falda de seda larga hasta el tobillo.<\/p>\n<p>En la nueva propuesta hay un abrigo delgado con solapas hecho de cashmere reciclado, un traje de pesada seda color champagne y negro y vestidos con tirantes cruzados que se atan al hombro.<\/p>\n<p>Un vestido de gruesa seda con falda al bies; las mangas acanaladas combinan con el cuero en forma de t\u00fanicas modernas.<\/p>\n<p>Interpretaciones abstractas, escotes y p\u00e1neles laterales que acent\u00faan la forma del cuerpo con las mangas amplias en lino y crep\u00e9, estampados abstractos sobre seda creando siluetas femeninas que fluyen. Los vestidos tejidos en Italia de cashmere.<\/p>\n<p>Encontramos un poncho de tweed hasta los tobillos y sweaters con faldas plisadas tejidas.<\/p>\n<p><img loading=\"lazy\" decoding=\"async\" class=\"aligncenter size-large wp-image-113641\" src=\"https:\/\/graziamagazine.com\/mx\/wp-content\/uploads\/sites\/13\/2022\/06\/4F685785-55D5-4583-976F-5B2FEB020A56.jpeg?w=683\" alt=\"\" width=\"683\" height=\"1024\" \/><\/p>\n<p>En sus objetos de piel utiliza una hebilla de cintur\u00f3n en forma de herradura denominada \u201cLucky Bill\u201d inspirada en un cintur\u00f3n usado por el suegro de Gabriela y adaptado como s\u00edmbolo en cinturones y bolsos.<\/p>\n<p><img loading=\"lazy\" decoding=\"async\" class=\"aligncenter size-large wp-image-113644\" src=\"https:\/\/graziamagazine.com\/mx\/wp-content\/uploads\/sites\/13\/2022\/06\/382BBAE6-8EE5-45E3-919C-1E620E648D40.jpeg?w=687\" alt=\"\" width=\"687\" height=\"1024\" \/><\/p>\n<p>Aparece el bolso Nina actualizado con un corte laser del mismo patr\u00f3n de remolino abstracto y un bolso de hombro en piel de becerro.<\/p>\n<p>Un collar con un llavero de cuero as\u00ed como un llavero de oro rosa que se ajusta en la parte de atr\u00e1s con una bola de oro.<\/p>\n<p>En cuanto al calzado las sandalias Striker aparecen con plataforma de corcho con adorno de llamas en color contrastante.<\/p>\n<div class=\"content-gallery\"><div class=\"gallery-placeholder\"><div class=\"spinner\"><\/div><\/div><span class=\"gallery-pagination\"><\/span><div id=\"gallery-1\" class=\"gallery galleryid-113624 gallery-columns- gallery-size-\"><figure class=\"gallery-item\"><div class=\"gallery-icon landscape\"><img loading=\"lazy\" decoding=\"async\" width=\"1500\" height=\"2250\" src=\"https:\/\/graziamagazine.com\/mx\/wp-content\/uploads\/sites\/13\/2022\/06\/831B04EA-C194-404F-9EBA-5ADAF6DBA6DF.jpeg\" class=\"lazy\" alt=\"\" \/><\/div><\/figure><figure class=\"gallery-item\"><div class=\"gallery-icon landscape\"><img loading=\"lazy\" decoding=\"async\" width=\"1500\" height=\"2247\" src=\"https:\/\/graziamagazine.com\/mx\/wp-content\/uploads\/sites\/13\/2022\/06\/D6F9A275-4BC8-4091-B698-51052E39377E.jpeg\" class=\"lazy\" alt=\"\" \/><\/div><\/figure><figure class=\"gallery-item\"><div class=\"gallery-icon landscape\"><img loading=\"lazy\" decoding=\"async\" width=\"1500\" height=\"2251\" src=\"https:\/\/graziamagazine.com\/mx\/wp-content\/uploads\/sites\/13\/2022\/06\/D6C67A40-7F15-4496-ACF1-0D1568FF048C.jpeg\" class=\"lazy\" alt=\"\" \/><\/div><\/figure><figure class=\"gallery-item\"><div class=\"gallery-icon landscape\"><img loading=\"lazy\" decoding=\"async\" width=\"1500\" height=\"2251\" src=\"https:\/\/graziamagazine.com\/mx\/wp-content\/uploads\/sites\/13\/2022\/06\/E9E0D27A-BBF7-46E3-BCFE-DDAD2F74AABB.jpeg\" class=\"lazy\" alt=\"\" \/><\/div><\/figure><figure class=\"gallery-item\"><div class=\"gallery-icon landscape\"><img loading=\"lazy\" decoding=\"async\" width=\"1284\" height=\"1813\" src=\"https:\/\/graziamagazine.com\/mx\/wp-content\/uploads\/sites\/13\/2022\/06\/1ABFCB97-B17E-4A5B-B2FE-37F83890763A.jpeg\" class=\"lazy\" alt=\"\" \/><\/div><\/figure><figure class=\"gallery-item\"><div class=\"gallery-icon landscape\"><img loading=\"lazy\" decoding=\"async\" width=\"1284\" height=\"1854\" src=\"https:\/\/graziamagazine.com\/mx\/wp-content\/uploads\/sites\/13\/2022\/06\/A29B59F9-A2AC-4E41-98E9-CB5971501233.jpeg\" class=\"lazy\" alt=\"\" \/><\/div><\/figure><figure class=\"gallery-item\"><div class=\"gallery-icon landscape\"><img loading=\"lazy\" decoding=\"async\" width=\"1284\" height=\"1904\" src=\"https:\/\/graziamagazine.com\/mx\/wp-content\/uploads\/sites\/13\/2022\/06\/BFDBD730-8055-4E02-883A-0605AAF7E7E9.jpeg\" class=\"lazy\" alt=\"\" \/><\/div><\/figure><figure class=\"gallery-item\"><div class=\"gallery-icon landscape\"><img loading=\"lazy\" decoding=\"async\" width=\"1284\" height=\"1926\" src=\"https:\/\/graziamagazine.com\/mx\/wp-content\/uploads\/sites\/13\/2022\/06\/4F685785-55D5-4583-976F-5B2FEB020A56.jpeg\" class=\"lazy\" alt=\"\" \/><\/div><\/figure><figure class=\"gallery-item\"><div class=\"gallery-icon landscape\"><img loading=\"lazy\" decoding=\"async\" width=\"1284\" height=\"1868\" src=\"https:\/\/graziamagazine.com\/mx\/wp-content\/uploads\/sites\/13\/2022\/06\/F23B59F1-334D-42CD-9198-99B3F4E38E53.jpeg\" class=\"lazy\" alt=\"\" \/><\/div><\/figure><\/div><\/div>\n<p>&nbsp;<\/p>\n<p>fotos: Gabriela Hearst<\/p>\n","protected":false},"author":30746,"featured_media":113645,"template":"","format":"standard","categories":[4],"acf":[],"yoast_head":"<!-- This site is optimized with the Yoast SEO Premium plugin v18.5 (Yoast SEO v20.4) - https:\/\/yoast.com\/wordpress\/plugins\/seo\/ -->\n<title>La colecci\u00f3n Resort 2023 de Gabriela Hearst empieza con un sue\u00f1o | Grazia M\u00e9xico y Latinoam\u00e9rica<\/title>\n<meta name=\"description\" content=\"&nbsp; En la colecci\u00f3n Resort \u201923 de Gabriella Hearst, ha extra\u00eddo su paleta de colores de un mundo equino proveniente del sue\u00f1o de una mujer cacique\" \/>\n<meta name=\"robots\" content=\"index, follow, max-snippet:-1, max-image-preview:large, max-video-preview:-1\" \/>\n<link rel=\"canonical\" href=\"https:\/\/graziamagazine.com\/mx\/articles\/la-coleccion-resort-2023-de-gabriela-hearst-empieza-con-un-sueno\/\" \/>\n<meta property=\"og:locale\" content=\"es_MX\" \/>\n<meta property=\"og:type\" content=\"article\" \/>\n<meta property=\"og:title\" content=\"La colecci\u00f3n Resort 2023 de Gabriela Hearst empieza con un sue\u00f1o\" \/>\n<meta property=\"og:description\" content=\"&nbsp; En la colecci\u00f3n Resort \u201923 de Gabriella Hearst, ha extra\u00eddo su paleta de colores de un mundo equino proveniente del sue\u00f1o de una mujer cacique\" \/>\n<meta property=\"og:url\" content=\"https:\/\/graziamagazine.com\/mx\/articles\/la-coleccion-resort-2023-de-gabriela-hearst-empieza-con-un-sueno\/\" \/>\n<meta property=\"og:site_name\" content=\"Grazia M\u00e9xico y Latinoam\u00e9rica\" \/>\n<meta property=\"article:modified_time\" content=\"2022-06-20T15:55:17+00:00\" \/>\n<meta property=\"og:image\" content=\"https:\/\/graziamagazine.com\/mx\/wp-content\/uploads\/sites\/13\/2022\/06\/D2B1C0F6-0929-4E89-A928-4C71CEA30DF4.jpeg\" \/>\n\t<meta property=\"og:image:width\" content=\"1926\" \/>\n\t<meta property=\"og:image:height\" content=\"1284\" \/>\n\t<meta property=\"og:image:type\" content=\"image\/jpeg\" \/>\n<meta name=\"twitter:card\" content=\"summary_large_image\" \/>\n<meta name=\"twitter:label1\" content=\"Est. reading time\" \/>\n\t<meta name=\"twitter:data1\" content=\"3 minutos\" \/>\n<script type=\"application\/ld+json\" class=\"yoast-schema-graph\">{\"@context\":\"https:\/\/schema.org\",\"@graph\":[{\"@type\":\"WebPage\",\"@id\":\"https:\/\/graziamagazine.com\/mx\/articles\/la-coleccion-resort-2023-de-gabriela-hearst-empieza-con-un-sueno\/\",\"url\":\"https:\/\/graziamagazine.com\/mx\/articles\/la-coleccion-resort-2023-de-gabriela-hearst-empieza-con-un-sueno\/\",\"name\":\"La colecci\u00f3n Resort 2023 de Gabriela Hearst empieza con un sue\u00f1o | Grazia M\u00e9xico y Latinoam\u00e9rica\",\"isPartOf\":{\"@id\":\"https:\/\/graziamagazine.com\/mx\/#website\"},\"datePublished\":\"2022-06-20T15:14:18+00:00\",\"dateModified\":\"2022-06-20T15:55:17+00:00\",\"description\":\"&nbsp; En la colecci\u00f3n Resort \u201923 de Gabriella Hearst, ha extra\u00eddo su paleta de colores de un mundo equino proveniente del sue\u00f1o de una mujer cacique\",\"breadcrumb\":{\"@id\":\"https:\/\/graziamagazine.com\/mx\/articles\/la-coleccion-resort-2023-de-gabriela-hearst-empieza-con-un-sueno\/#breadcrumb\"},\"inLanguage\":\"es-MX\",\"potentialAction\":[{\"@type\":\"ReadAction\",\"target\":[\"https:\/\/graziamagazine.com\/mx\/articles\/la-coleccion-resort-2023-de-gabriela-hearst-empieza-con-un-sueno\/\"]}]},{\"@type\":\"BreadcrumbList\",\"@id\":\"https:\/\/graziamagazine.com\/mx\/articles\/la-coleccion-resort-2023-de-gabriela-hearst-empieza-con-un-sueno\/#breadcrumb\",\"itemListElement\":[{\"@type\":\"ListItem\",\"position\":1,\"name\":\"Home\",\"item\":\"https:\/\/graziamagazine.com\/mx\/\"},{\"@type\":\"ListItem\",\"position\":2,\"name\":\"La colecci\u00f3n Resort 2023 de Gabriela Hearst empieza con un sue\u00f1o\"}]},{\"@type\":\"WebSite\",\"@id\":\"https:\/\/graziamagazine.com\/mx\/#website\",\"url\":\"https:\/\/graziamagazine.com\/mx\/\",\"name\":\"Grazia M\u00e9xico y Latinoam\u00e9rica\",\"description\":\"Grazia es moda, belleza y noticias  de actualidad \",\"potentialAction\":[{\"@type\":\"SearchAction\",\"target\":{\"@type\":\"EntryPoint\",\"urlTemplate\":\"https:\/\/graziamagazine.com\/mx\/?s={search_term_string}\"},\"query-input\":\"required name=search_term_string\"}],\"inLanguage\":\"es-MX\"}]}<\/script>\n<!-- \/ Yoast SEO Premium plugin. -->","yoast_head_json":{"title":"La colecci\u00f3n Resort 2023 de Gabriela Hearst empieza con un sue\u00f1o | Grazia M\u00e9xico y Latinoam\u00e9rica","description":"&nbsp; En la colecci\u00f3n Resort \u201923 de Gabriella Hearst, ha extra\u00eddo su paleta de colores de un mundo equino proveniente del sue\u00f1o de una mujer cacique","robots":{"index":"index","follow":"follow","max-snippet":"max-snippet:-1","max-image-preview":"max-image-preview:large","max-video-preview":"max-video-preview:-1"},"canonical":"https:\/\/graziamagazine.com\/mx\/articles\/la-coleccion-resort-2023-de-gabriela-hearst-empieza-con-un-sueno\/","og_locale":"es_MX","og_type":"article","og_title":"La colecci\u00f3n Resort 2023 de Gabriela Hearst empieza con un sue\u00f1o","og_description":"&nbsp; En la colecci\u00f3n Resort \u201923 de Gabriella Hearst, ha extra\u00eddo su paleta de colores de un mundo equino proveniente del sue\u00f1o de una mujer cacique","og_url":"https:\/\/graziamagazine.com\/mx\/articles\/la-coleccion-resort-2023-de-gabriela-hearst-empieza-con-un-sueno\/","og_site_name":"Grazia M\u00e9xico y Latinoam\u00e9rica","article_modified_time":"2022-06-20T15:55:17+00:00","og_image":[{"width":1926,"height":1284,"url":"https:\/\/graziamagazine.com\/mx\/wp-content\/uploads\/sites\/13\/2022\/06\/D2B1C0F6-0929-4E89-A928-4C71CEA30DF4.jpeg","type":"image\/jpeg"}],"twitter_card":"summary_large_image","twitter_misc":{"Est. reading time":"3 minutos"},"schema":{"@context":"https:\/\/schema.org","@graph":[{"@type":"WebPage","@id":"https:\/\/graziamagazine.com\/mx\/articles\/la-coleccion-resort-2023-de-gabriela-hearst-empieza-con-un-sueno\/","url":"https:\/\/graziamagazine.com\/mx\/articles\/la-coleccion-resort-2023-de-gabriela-hearst-empieza-con-un-sueno\/","name":"La colecci\u00f3n Resort 2023 de Gabriela Hearst empieza con un sue\u00f1o | Grazia M\u00e9xico y Latinoam\u00e9rica","isPartOf":{"@id":"https:\/\/graziamagazine.com\/mx\/#website"},"datePublished":"2022-06-20T15:14:18+00:00","dateModified":"2022-06-20T15:55:17+00:00","description":"&nbsp; En la colecci\u00f3n Resort \u201923 de Gabriella Hearst, ha extra\u00eddo su paleta de colores de un mundo equino proveniente del sue\u00f1o de una mujer cacique","breadcrumb":{"@id":"https:\/\/graziamagazine.com\/mx\/articles\/la-coleccion-resort-2023-de-gabriela-hearst-empieza-con-un-sueno\/#breadcrumb"},"inLanguage":"es-MX","potentialAction":[{"@type":"ReadAction","target":["https:\/\/graziamagazine.com\/mx\/articles\/la-coleccion-resort-2023-de-gabriela-hearst-empieza-con-un-sueno\/"]}]},{"@type":"BreadcrumbList","@id":"https:\/\/graziamagazine.com\/mx\/articles\/la-coleccion-resort-2023-de-gabriela-hearst-empieza-con-un-sueno\/#breadcrumb","itemListElement":[{"@type":"ListItem","position":1,"name":"Home","item":"https:\/\/graziamagazine.com\/mx\/"},{"@type":"ListItem","position":2,"name":"La colecci\u00f3n Resort 2023 de Gabriela Hearst empieza con un sue\u00f1o"}]},{"@type":"WebSite","@id":"https:\/\/graziamagazine.com\/mx\/#website","url":"https:\/\/graziamagazine.com\/mx\/","name":"Grazia M\u00e9xico y Latinoam\u00e9rica","description":"Grazia es moda, belleza y noticias  de actualidad ","potentialAction":[{"@type":"SearchAction","target":{"@type":"EntryPoint","urlTemplate":"https:\/\/graziamagazine.com\/mx\/?s={search_term_string}"},"query-input":"required name=search_term_string"}],"inLanguage":"es-MX"}]}},"jetpack_sharing_enabled":true,"distributor_meta":false,"distributor_terms":false,"distributor_media":false,"distributor_original_site_name":"Grazia M\u00e9xico y Latinoam\u00e9rica","distributor_original_site_url":"https:\/\/graziamagazine.com\/mx","push-errors":false,"_links":{"self":[{"href":"https:\/\/graziamagazine.com\/mx\/wp-json\/wp\/v2\/articles\/113624"}],"collection":[{"href":"https:\/\/graziamagazine.com\/mx\/wp-json\/wp\/v2\/articles"}],"about":[{"href":"https:\/\/graziamagazine.com\/mx\/wp-json\/wp\/v2\/types\/articles"}],"author":[{"embeddable":true,"href":"https:\/\/graziamagazine.com\/mx\/wp-json\/wp\/v2\/users\/30746"}],"wp:featuredmedia":[{"embeddable":true,"href":"https:\/\/graziamagazine.com\/mx\/wp-json\/wp\/v2\/media\/113645"}],"wp:attachment":[{"href":"https:\/\/graziamagazine.com\/mx\/wp-json\/wp\/v2\/media?parent=113624"}],"wp:term":[{"taxonomy":"category","embeddable":true,"href":"https:\/\/graziamagazine.com\/mx\/wp-json\/wp\/v2\/categories?post=113624"}],"curies":[{"name":"wp","href":"https:\/\/api.w.org\/{rel}","templated":true}]}}