{"id":113191,"date":"2022-06-10T11:11:08","date_gmt":"2022-06-10T16:11:08","guid":{"rendered":"https:\/\/graziamagazine.com\/mx\/?post_type=articles&#038;p=113191"},"modified":"2022-06-10T12:47:48","modified_gmt":"2022-06-10T17:47:48","slug":"los-duques-de-sussex-publican-una-foto-inedita-de-su-bebe-lilibet","status":"publish","type":"articles","link":"https:\/\/graziamagazine.com\/mx\/articles\/los-duques-de-sussex-publican-una-foto-inedita-de-su-bebe-lilibet\/","title":{"rendered":"Los duques de Sussex publican una foto in\u00e9dita de su beb\u00e9 Lilibet"},"content":{"rendered":"<p>Los duques de Sussex emocionaron a toda la audiencia, compartiendo la foto de Lilibet donde aparece sonriendo en un picnic de cumplea\u00f1os organizado por la pareja en Frogmore Cottage, en Windsor.<\/p>\n<p>El pr\u00edncipe Harry y Meghan se mostraron <strong>&#8220;incre\u00edblemente conmovidos&#8221;<\/strong> por los deseos de cumplea\u00f1os que recibieron para su segunda hija, que fue nombrada en honor a la Reina.<\/p>\n<p>Esto se produce despu\u00e9s de que visitaran el Reino Unido con motivo del Jubileo de Platino.<\/p>\n<p>El viernes, los Sussex hicieron su primera aparici\u00f3n p\u00fablica en Gran Breta\u00f1a desde 2020, cuando asistieron a un servicio de acci\u00f3n de gracias por la Reina en la Catedral de San Pablo.<\/p>\n<p>La pareja tambi\u00e9n fue fotografiada viendo Trooping the Colour desde una ventana, pero no form\u00f3 parte de la procesi\u00f3n de carruajes ni del grupo de miembros de la realeza que trabajan y sus hijos, a los que se les permiti\u00f3 estar en el balc\u00f3n del Palacio de Buckingham.<\/p>\n<p>La semana pasada, la monarca de 96 a\u00f1os tuvo la primera oportunidad de conocer a su bisnieta, nacida en Santa B\u00e1rbara (California), donde los <strong>Sussex viven ahora despu\u00e9s de retirarse como miembros de la realeza.<\/strong><\/p>\n<p><img loading=\"lazy\" decoding=\"async\" class=\"alignnone size-medium wp-image-113192\" src=\"https:\/\/graziamagazine.com\/mx\/wp-content\/uploads\/sites\/13\/2022\/06\/Duke-and-Duchess-of-Sussex-celebrate-daughter-Lilibets-first-birthday.jpg.gallery.jpg?w=450\" alt=\"\" width=\"450\" height=\"300\" \/><\/p>\n<p>Pero no se ha confirmado si la Reina ha conocido a Lilibet.<br \/>\nLilibet ha heredado los mechones cobrizos del duque de Sussex, que aparece en la foto con un a\u00f1o de edad junto a su padre, el pr\u00edncipe de Gales.<br \/>\nLilibet, que celebr\u00f3 su primer cumplea\u00f1os el s\u00e1bado, aparece vestida con un vestido azul p\u00e1lido y un lazo blanco en el pelo.<\/p>\n<p>La foto fue tomada por una amiga de la familia, Misan Harriman, en un picnic al que asistieron familiares y amigos cercanos, dijo un portavoz de los duques.<\/p>\n<p>El fot\u00f3grafo profesional Sr. Harriman comparti\u00f3 m\u00e1s tarde en Twitter una instant\u00e1nea en blanco y negro de Meghan sosteniendo a Lilibet junto a las palabras: &#8220;\u00a1Fue un privilegio celebrar el primer cumplea\u00f1os de Lilibet con mi familia y la suya! Alegr\u00eda y pintura de caras por todas partes&#8221;.<\/p>\n<p>El Sr. Harriman ya tom\u00f3 fotograf\u00edas en blanco y negro de Meghan y Harry cuando anunciaron que ella estaba embarazada de su segundo hijo.<\/p>\n<h3>El Duque y la Duquesa de Sussex<\/h3>\n<p>El duque y la duquesa de Sussex, que aparecen en la foto con la hija de la princesa real, Zara Tindall, asistieron a un servicio de acci\u00f3n de gracias en la catedral de San Pablo por las celebraciones del jubileo de platino de la reina.<br \/>\nUn portavoz de los Sussex dijo que tambi\u00e9n se sirvi\u00f3 tarta en el picnic por la pastelera de la pareja, Claire Ptak.<\/p>\n<p>A\u00f1adieron que personas de todo el mundo hab\u00edan hecho donaciones por valor de m\u00e1s de 100.000 d\u00f3lares (79.800 libras esterlinas) en honor de su hija a World Central Kitchen, una organizaci\u00f3n que proporciona comidas a los afectados por crisis humanitarias, clim\u00e1ticas y comunitarias.<\/p>\n","protected":false},"author":33675,"featured_media":113194,"template":"","format":"standard","categories":[12484],"acf":[],"yoast_head":"<!-- This site is optimized with the Yoast SEO Premium plugin v18.5 (Yoast SEO v20.4) - https:\/\/yoast.com\/wordpress\/plugins\/seo\/ -->\n<title>Los duques de Sussex publican una foto in\u00e9dita de su beb\u00e9 Lilibet | Grazia M\u00e9xico y Latinoam\u00e9rica<\/title>\n<meta name=\"description\" content=\"Los duques de Sussex emocionaron a toda la audiencia, compartiendo la foto de Lilibet donde aparece sonriendo en un picnic de cumplea\u00f1os organizado por la\" \/>\n<meta name=\"robots\" content=\"index, follow, max-snippet:-1, max-image-preview:large, max-video-preview:-1\" \/>\n<link rel=\"canonical\" href=\"https:\/\/graziamagazine.com\/mx\/articles\/los-duques-de-sussex-publican-una-foto-inedita-de-su-bebe-lilibet\/\" \/>\n<meta property=\"og:locale\" content=\"es_MX\" \/>\n<meta property=\"og:type\" content=\"article\" \/>\n<meta property=\"og:title\" content=\"Los duques de Sussex publican una foto in\u00e9dita de su beb\u00e9 Lilibet\" \/>\n<meta property=\"og:description\" content=\"Los duques de Sussex emocionaron a toda la audiencia, compartiendo la foto de Lilibet donde aparece sonriendo en un picnic de cumplea\u00f1os organizado por la\" \/>\n<meta property=\"og:url\" content=\"https:\/\/graziamagazine.com\/mx\/articles\/los-duques-de-sussex-publican-una-foto-inedita-de-su-bebe-lilibet\/\" \/>\n<meta property=\"og:site_name\" content=\"Grazia M\u00e9xico y Latinoam\u00e9rica\" \/>\n<meta property=\"article:modified_time\" content=\"2022-06-10T17:47:48+00:00\" \/>\n<meta property=\"og:image\" content=\"https:\/\/graziamagazine.com\/mx\/wp-content\/uploads\/sites\/13\/2022\/06\/STGWET-1.png?fit=466%2C463\" \/>\n\t<meta property=\"og:image:width\" content=\"466\" \/>\n\t<meta property=\"og:image:height\" content=\"463\" \/>\n\t<meta property=\"og:image:type\" content=\"image\/png\" \/>\n<meta name=\"twitter:card\" content=\"summary_large_image\" \/>\n<meta name=\"twitter:label1\" content=\"Est. reading time\" \/>\n\t<meta name=\"twitter:data1\" content=\"2 minutos\" \/>\n<script type=\"application\/ld+json\" class=\"yoast-schema-graph\">{\"@context\":\"https:\/\/schema.org\",\"@graph\":[{\"@type\":\"WebPage\",\"@id\":\"https:\/\/graziamagazine.com\/mx\/articles\/los-duques-de-sussex-publican-una-foto-inedita-de-su-bebe-lilibet\/\",\"url\":\"https:\/\/graziamagazine.com\/mx\/articles\/los-duques-de-sussex-publican-una-foto-inedita-de-su-bebe-lilibet\/\",\"name\":\"Los duques de Sussex publican una foto in\u00e9dita de su beb\u00e9 Lilibet | Grazia M\u00e9xico y Latinoam\u00e9rica\",\"isPartOf\":{\"@id\":\"https:\/\/graziamagazine.com\/mx\/#website\"},\"datePublished\":\"2022-06-10T16:11:08+00:00\",\"dateModified\":\"2022-06-10T17:47:48+00:00\",\"description\":\"Los duques de Sussex emocionaron a toda la audiencia, compartiendo la foto de Lilibet donde aparece sonriendo en un picnic de cumplea\u00f1os organizado por la\",\"breadcrumb\":{\"@id\":\"https:\/\/graziamagazine.com\/mx\/articles\/los-duques-de-sussex-publican-una-foto-inedita-de-su-bebe-lilibet\/#breadcrumb\"},\"inLanguage\":\"es-MX\",\"potentialAction\":[{\"@type\":\"ReadAction\",\"target\":[\"https:\/\/graziamagazine.com\/mx\/articles\/los-duques-de-sussex-publican-una-foto-inedita-de-su-bebe-lilibet\/\"]}]},{\"@type\":\"BreadcrumbList\",\"@id\":\"https:\/\/graziamagazine.com\/mx\/articles\/los-duques-de-sussex-publican-una-foto-inedita-de-su-bebe-lilibet\/#breadcrumb\",\"itemListElement\":[{\"@type\":\"ListItem\",\"position\":1,\"name\":\"Home\",\"item\":\"https:\/\/graziamagazine.com\/mx\/\"},{\"@type\":\"ListItem\",\"position\":2,\"name\":\"Los duques de Sussex publican una foto in\u00e9dita de su beb\u00e9 Lilibet\"}]},{\"@type\":\"WebSite\",\"@id\":\"https:\/\/graziamagazine.com\/mx\/#website\",\"url\":\"https:\/\/graziamagazine.com\/mx\/\",\"name\":\"Grazia M\u00e9xico y Latinoam\u00e9rica\",\"description\":\"Grazia es moda, belleza y noticias  de actualidad \",\"potentialAction\":[{\"@type\":\"SearchAction\",\"target\":{\"@type\":\"EntryPoint\",\"urlTemplate\":\"https:\/\/graziamagazine.com\/mx\/?s={search_term_string}\"},\"query-input\":\"required name=search_term_string\"}],\"inLanguage\":\"es-MX\"}]}<\/script>\n<!-- \/ Yoast SEO Premium plugin. -->","yoast_head_json":{"title":"Los duques de Sussex publican una foto in\u00e9dita de su beb\u00e9 Lilibet | Grazia M\u00e9xico y Latinoam\u00e9rica","description":"Los duques de Sussex emocionaron a toda la audiencia, compartiendo la foto de Lilibet donde aparece sonriendo en un picnic de cumplea\u00f1os organizado por la","robots":{"index":"index","follow":"follow","max-snippet":"max-snippet:-1","max-image-preview":"max-image-preview:large","max-video-preview":"max-video-preview:-1"},"canonical":"https:\/\/graziamagazine.com\/mx\/articles\/los-duques-de-sussex-publican-una-foto-inedita-de-su-bebe-lilibet\/","og_locale":"es_MX","og_type":"article","og_title":"Los duques de Sussex publican una foto in\u00e9dita de su beb\u00e9 Lilibet","og_description":"Los duques de Sussex emocionaron a toda la audiencia, compartiendo la foto de Lilibet donde aparece sonriendo en un picnic de cumplea\u00f1os organizado por la","og_url":"https:\/\/graziamagazine.com\/mx\/articles\/los-duques-de-sussex-publican-una-foto-inedita-de-su-bebe-lilibet\/","og_site_name":"Grazia M\u00e9xico y Latinoam\u00e9rica","article_modified_time":"2022-06-10T17:47:48+00:00","og_image":[{"width":466,"height":463,"url":"https:\/\/graziamagazine.com\/mx\/wp-content\/uploads\/sites\/13\/2022\/06\/STGWET-1.png?fit=466%2C463","type":"image\/png"}],"twitter_card":"summary_large_image","twitter_misc":{"Est. reading time":"2 minutos"},"schema":{"@context":"https:\/\/schema.org","@graph":[{"@type":"WebPage","@id":"https:\/\/graziamagazine.com\/mx\/articles\/los-duques-de-sussex-publican-una-foto-inedita-de-su-bebe-lilibet\/","url":"https:\/\/graziamagazine.com\/mx\/articles\/los-duques-de-sussex-publican-una-foto-inedita-de-su-bebe-lilibet\/","name":"Los duques de Sussex publican una foto in\u00e9dita de su beb\u00e9 Lilibet | Grazia M\u00e9xico y Latinoam\u00e9rica","isPartOf":{"@id":"https:\/\/graziamagazine.com\/mx\/#website"},"datePublished":"2022-06-10T16:11:08+00:00","dateModified":"2022-06-10T17:47:48+00:00","description":"Los duques de Sussex emocionaron a toda la audiencia, compartiendo la foto de Lilibet donde aparece sonriendo en un picnic de cumplea\u00f1os organizado por la","breadcrumb":{"@id":"https:\/\/graziamagazine.com\/mx\/articles\/los-duques-de-sussex-publican-una-foto-inedita-de-su-bebe-lilibet\/#breadcrumb"},"inLanguage":"es-MX","potentialAction":[{"@type":"ReadAction","target":["https:\/\/graziamagazine.com\/mx\/articles\/los-duques-de-sussex-publican-una-foto-inedita-de-su-bebe-lilibet\/"]}]},{"@type":"BreadcrumbList","@id":"https:\/\/graziamagazine.com\/mx\/articles\/los-duques-de-sussex-publican-una-foto-inedita-de-su-bebe-lilibet\/#breadcrumb","itemListElement":[{"@type":"ListItem","position":1,"name":"Home","item":"https:\/\/graziamagazine.com\/mx\/"},{"@type":"ListItem","position":2,"name":"Los duques de Sussex publican una foto in\u00e9dita de su beb\u00e9 Lilibet"}]},{"@type":"WebSite","@id":"https:\/\/graziamagazine.com\/mx\/#website","url":"https:\/\/graziamagazine.com\/mx\/","name":"Grazia M\u00e9xico y Latinoam\u00e9rica","description":"Grazia es moda, belleza y noticias  de actualidad ","potentialAction":[{"@type":"SearchAction","target":{"@type":"EntryPoint","urlTemplate":"https:\/\/graziamagazine.com\/mx\/?s={search_term_string}"},"query-input":"required name=search_term_string"}],"inLanguage":"es-MX"}]}},"jetpack_sharing_enabled":true,"distributor_meta":false,"distributor_terms":false,"distributor_media":false,"distributor_original_site_name":"Grazia M\u00e9xico y Latinoam\u00e9rica","distributor_original_site_url":"https:\/\/graziamagazine.com\/mx","push-errors":false,"_links":{"self":[{"href":"https:\/\/graziamagazine.com\/mx\/wp-json\/wp\/v2\/articles\/113191"}],"collection":[{"href":"https:\/\/graziamagazine.com\/mx\/wp-json\/wp\/v2\/articles"}],"about":[{"href":"https:\/\/graziamagazine.com\/mx\/wp-json\/wp\/v2\/types\/articles"}],"author":[{"embeddable":true,"href":"https:\/\/graziamagazine.com\/mx\/wp-json\/wp\/v2\/users\/33675"}],"wp:featuredmedia":[{"embeddable":true,"href":"https:\/\/graziamagazine.com\/mx\/wp-json\/wp\/v2\/media\/113194"}],"wp:attachment":[{"href":"https:\/\/graziamagazine.com\/mx\/wp-json\/wp\/v2\/media?parent=113191"}],"wp:term":[{"taxonomy":"category","embeddable":true,"href":"https:\/\/graziamagazine.com\/mx\/wp-json\/wp\/v2\/categories?post=113191"}],"curies":[{"name":"wp","href":"https:\/\/api.w.org\/{rel}","templated":true}]}}