{"id":112801,"date":"2022-06-01T21:40:45","date_gmt":"2022-06-02T02:40:45","guid":{"rendered":"https:\/\/graziamagazine.com\/mx\/?post_type=articles&#038;p=112801"},"modified":"2022-06-02T09:21:56","modified_gmt":"2022-06-02T14:21:56","slug":"asi-es-que-lego-se-suma-al-jubileo-de-la-reina-isabel-ii","status":"publish","type":"articles","link":"https:\/\/graziamagazine.com\/mx\/articles\/asi-es-que-lego-se-suma-al-jubileo-de-la-reina-isabel-ii\/","title":{"rendered":"As\u00ed es que LEGO se suma al jubileo de la Reina Isabel II"},"content":{"rendered":"<div data-index=\"0\">\n<p data-type=\"text\">El tema del momento es el Jubileo de Platino de la Reina Isabel II. Esto significa que la monarca lleva 70 a\u00f1os en el poder, desde el a\u00f1o 1952 despu\u00e9s de que la vida de su padre llegara a su fin. Esto es un r\u00e9cord importante, tanto para la realeza, como para los brit\u00e1nicos.<\/p>\n<\/div>\n<div data-index=\"3\">\n<p data-type=\"text\">Como era de esperarse, todo el pa\u00eds tiene los ojos sobre la Reina, su familia y su salud. Y es que durante los \u00faltimos meses ha tenido algunos inconvenientes que, aunque no han sido mayor problema, s\u00ed han significado su ausencia de algunos eventos.<\/p>\n<p data-type=\"text\"><img loading=\"lazy\" decoding=\"async\" class=\"alignnone wp-image-112806 size-large\" src=\"https:\/\/graziamagazine.com\/mx\/wp-content\/uploads\/sites\/13\/2022\/06\/35727868014_9c9beff36c_b.jpg?w=614\" alt=\"\" width=\"614\" height=\"1023\" \/><\/p>\n<\/div>\n<p>El Pr\u00edncipe de Gales, la Duquesa de Cornualles y el Duque y la Duquesa de Cambridge con sus tres hijos tambi\u00e9n aparecen en la exposici\u00f3n, as\u00ed como un sobrevuelo de los Red Arrows y una fiesta en la calle frente al Castillo de Windsor.<br \/>\nLas celebraciones del Jubileo de Platino se presentan en todas las formas y tama\u00f1os, incluyendo ahora una exposici\u00f3n en miniatura de la familia real y de los lugares m\u00e1s asociados a ella.<\/p>\n<p><img loading=\"lazy\" decoding=\"async\" class=\"alignnone wp-image-112805 size-large\" src=\"https:\/\/graziamagazine.com\/mx\/wp-content\/uploads\/sites\/13\/2022\/06\/realeza-lego3-a.jpg?w=990\" alt=\"\" width=\"990\" height=\"659\" \/><\/p>\n<p><img loading=\"lazy\" decoding=\"async\" class=\"alignnone wp-image-112804 size-large\" src=\"https:\/\/graziamagazine.com\/mx\/wp-content\/uploads\/sites\/13\/2022\/06\/1448319735-1.jpg?w=800\" alt=\"\" width=\"800\" height=\"536\" \/><\/p>\n<p><img loading=\"lazy\" decoding=\"async\" class=\"alignnone wp-image-112803 size-large\" src=\"https:\/\/graziamagazine.com\/mx\/wp-content\/uploads\/sites\/13\/2022\/06\/1448343242.jpg?w=800\" alt=\"\" width=\"800\" height=\"529\" \/><\/p>\n<p>El equipo de Legoland Windsor emple\u00f3 282 horas en la construcci\u00f3n y utiliz\u00f3 m\u00e1s de 18.000 ladrillos individuales.<\/p>\n<p>Incluye una r\u00e9plica en Lego de la Reina, cuya construcci\u00f3n llev\u00f3 15 horas.<\/p>\n<p>El Pr\u00edncipe de Gales, la Duquesa de Cornualles y el Duque y la Duquesa de Cambridge con sus tres hijos tambi\u00e9n aparecen en la exposici\u00f3n, as\u00ed como un vuelo de los Red Arrows y una fiesta en la calle frente al Castillo de Windsor.<br \/>\nLa jefa de la secci\u00f3n de maquetas, <strong>Paula Laughton<\/strong>, declar\u00f3 que el equipo hab\u00eda &#8220;hecho todo lo posible&#8221; para celebrar el Jubileo.<\/p>\n<p>La exposici\u00f3n incluye una versi\u00f3n en miniatura del famoso balc\u00f3n del Palacio de Buckingham, con la Reina y los miembros de su familia saludando a la multitud. Tambi\u00e9n hay una escena de la monarca con un vestido y un sombrero amarillo brillante en un coche motorizado que se dirige a The Mall, que est\u00e1 engalanado con banderas.<\/p>\n<p><img loading=\"lazy\" decoding=\"async\" class=\"alignnone wp-image-112808 size-large\" src=\"https:\/\/graziamagazine.com\/mx\/wp-content\/uploads\/sites\/13\/2022\/06\/c0940b2ce7d297cffa1a3fb1db38b94f-designer-hats-lego-figures.jpg?w=736\" alt=\"\" width=\"736\" height=\"490\" \/><\/p>\n<p>Las Flechas Rojas tambi\u00e9n han sido creadas en Lego, con nueve aviones, que fueron construidos por un maquetista durante 33 horas, volando por The Mall hacia el Palacio de Buckingham.<\/p>\n","protected":false},"author":33675,"featured_media":112807,"template":"","format":"standard","categories":[12483,9864],"acf":[],"yoast_head":"<!-- This site is optimized with the Yoast SEO Premium plugin v18.5 (Yoast SEO v20.4) - https:\/\/yoast.com\/wordpress\/plugins\/seo\/ -->\n<title>As\u00ed es que LEGO se suma al jubileo de la Reina Isabel II | Grazia M\u00e9xico y Latinoam\u00e9rica<\/title>\n<meta name=\"description\" content=\"El tema del momento es el Jubileo de Platino de la Reina Isabel II. Esto significa que la monarca lleva 70 a\u00f1os en el poder, desde el a\u00f1o 1952 despu\u00e9s de\" \/>\n<meta name=\"robots\" content=\"index, follow, max-snippet:-1, max-image-preview:large, max-video-preview:-1\" \/>\n<link rel=\"canonical\" href=\"https:\/\/graziamagazine.com\/mx\/articles\/asi-es-que-lego-se-suma-al-jubileo-de-la-reina-isabel-ii\/\" \/>\n<meta property=\"og:locale\" content=\"es_MX\" \/>\n<meta property=\"og:type\" content=\"article\" \/>\n<meta property=\"og:title\" content=\"As\u00ed es que LEGO se suma al jubileo de la Reina Isabel II\" \/>\n<meta property=\"og:description\" content=\"El tema del momento es el Jubileo de Platino de la Reina Isabel II. Esto significa que la monarca lleva 70 a\u00f1os en el poder, desde el a\u00f1o 1952 despu\u00e9s de\" \/>\n<meta property=\"og:url\" content=\"https:\/\/graziamagazine.com\/mx\/articles\/asi-es-que-lego-se-suma-al-jubileo-de-la-reina-isabel-ii\/\" \/>\n<meta property=\"og:site_name\" content=\"Grazia M\u00e9xico y Latinoam\u00e9rica\" \/>\n<meta property=\"article:modified_time\" content=\"2022-06-02T14:21:56+00:00\" \/>\n<meta property=\"og:image\" content=\"https:\/\/graziamagazine.com\/mx\/wp-content\/uploads\/sites\/13\/2022\/06\/4.jpg?fit=1200%2C675\" \/>\n\t<meta property=\"og:image:width\" content=\"1200\" \/>\n\t<meta property=\"og:image:height\" content=\"675\" \/>\n\t<meta property=\"og:image:type\" content=\"image\/jpeg\" \/>\n<meta name=\"twitter:card\" content=\"summary_large_image\" \/>\n<meta name=\"twitter:label1\" content=\"Est. reading time\" \/>\n\t<meta name=\"twitter:data1\" content=\"2 minutos\" \/>\n<script type=\"application\/ld+json\" class=\"yoast-schema-graph\">{\"@context\":\"https:\/\/schema.org\",\"@graph\":[{\"@type\":\"WebPage\",\"@id\":\"https:\/\/graziamagazine.com\/mx\/articles\/asi-es-que-lego-se-suma-al-jubileo-de-la-reina-isabel-ii\/\",\"url\":\"https:\/\/graziamagazine.com\/mx\/articles\/asi-es-que-lego-se-suma-al-jubileo-de-la-reina-isabel-ii\/\",\"name\":\"As\u00ed es que LEGO se suma al jubileo de la Reina Isabel II | Grazia M\u00e9xico y Latinoam\u00e9rica\",\"isPartOf\":{\"@id\":\"https:\/\/graziamagazine.com\/mx\/#website\"},\"datePublished\":\"2022-06-02T02:40:45+00:00\",\"dateModified\":\"2022-06-02T14:21:56+00:00\",\"description\":\"El tema del momento es el Jubileo de Platino de la Reina Isabel II. Esto significa que la monarca lleva 70 a\u00f1os en el poder, desde el a\u00f1o 1952 despu\u00e9s de\",\"breadcrumb\":{\"@id\":\"https:\/\/graziamagazine.com\/mx\/articles\/asi-es-que-lego-se-suma-al-jubileo-de-la-reina-isabel-ii\/#breadcrumb\"},\"inLanguage\":\"es-MX\",\"potentialAction\":[{\"@type\":\"ReadAction\",\"target\":[\"https:\/\/graziamagazine.com\/mx\/articles\/asi-es-que-lego-se-suma-al-jubileo-de-la-reina-isabel-ii\/\"]}]},{\"@type\":\"BreadcrumbList\",\"@id\":\"https:\/\/graziamagazine.com\/mx\/articles\/asi-es-que-lego-se-suma-al-jubileo-de-la-reina-isabel-ii\/#breadcrumb\",\"itemListElement\":[{\"@type\":\"ListItem\",\"position\":1,\"name\":\"Home\",\"item\":\"https:\/\/graziamagazine.com\/mx\/\"},{\"@type\":\"ListItem\",\"position\":2,\"name\":\"As\u00ed es que LEGO se suma al jubileo de la Reina Isabel II\"}]},{\"@type\":\"WebSite\",\"@id\":\"https:\/\/graziamagazine.com\/mx\/#website\",\"url\":\"https:\/\/graziamagazine.com\/mx\/\",\"name\":\"Grazia M\u00e9xico y Latinoam\u00e9rica\",\"description\":\"Grazia es moda, belleza y noticias  de actualidad \",\"potentialAction\":[{\"@type\":\"SearchAction\",\"target\":{\"@type\":\"EntryPoint\",\"urlTemplate\":\"https:\/\/graziamagazine.com\/mx\/?s={search_term_string}\"},\"query-input\":\"required name=search_term_string\"}],\"inLanguage\":\"es-MX\"}]}<\/script>\n<!-- \/ Yoast SEO Premium plugin. -->","yoast_head_json":{"title":"As\u00ed es que LEGO se suma al jubileo de la Reina Isabel II | Grazia M\u00e9xico y Latinoam\u00e9rica","description":"El tema del momento es el Jubileo de Platino de la Reina Isabel II. Esto significa que la monarca lleva 70 a\u00f1os en el poder, desde el a\u00f1o 1952 despu\u00e9s de","robots":{"index":"index","follow":"follow","max-snippet":"max-snippet:-1","max-image-preview":"max-image-preview:large","max-video-preview":"max-video-preview:-1"},"canonical":"https:\/\/graziamagazine.com\/mx\/articles\/asi-es-que-lego-se-suma-al-jubileo-de-la-reina-isabel-ii\/","og_locale":"es_MX","og_type":"article","og_title":"As\u00ed es que LEGO se suma al jubileo de la Reina Isabel II","og_description":"El tema del momento es el Jubileo de Platino de la Reina Isabel II. Esto significa que la monarca lleva 70 a\u00f1os en el poder, desde el a\u00f1o 1952 despu\u00e9s de","og_url":"https:\/\/graziamagazine.com\/mx\/articles\/asi-es-que-lego-se-suma-al-jubileo-de-la-reina-isabel-ii\/","og_site_name":"Grazia M\u00e9xico y Latinoam\u00e9rica","article_modified_time":"2022-06-02T14:21:56+00:00","og_image":[{"width":1200,"height":675,"url":"https:\/\/graziamagazine.com\/mx\/wp-content\/uploads\/sites\/13\/2022\/06\/4.jpg?fit=1200%2C675","type":"image\/jpeg"}],"twitter_card":"summary_large_image","twitter_misc":{"Est. reading time":"2 minutos"},"schema":{"@context":"https:\/\/schema.org","@graph":[{"@type":"WebPage","@id":"https:\/\/graziamagazine.com\/mx\/articles\/asi-es-que-lego-se-suma-al-jubileo-de-la-reina-isabel-ii\/","url":"https:\/\/graziamagazine.com\/mx\/articles\/asi-es-que-lego-se-suma-al-jubileo-de-la-reina-isabel-ii\/","name":"As\u00ed es que LEGO se suma al jubileo de la Reina Isabel II | Grazia M\u00e9xico y Latinoam\u00e9rica","isPartOf":{"@id":"https:\/\/graziamagazine.com\/mx\/#website"},"datePublished":"2022-06-02T02:40:45+00:00","dateModified":"2022-06-02T14:21:56+00:00","description":"El tema del momento es el Jubileo de Platino de la Reina Isabel II. Esto significa que la monarca lleva 70 a\u00f1os en el poder, desde el a\u00f1o 1952 despu\u00e9s de","breadcrumb":{"@id":"https:\/\/graziamagazine.com\/mx\/articles\/asi-es-que-lego-se-suma-al-jubileo-de-la-reina-isabel-ii\/#breadcrumb"},"inLanguage":"es-MX","potentialAction":[{"@type":"ReadAction","target":["https:\/\/graziamagazine.com\/mx\/articles\/asi-es-que-lego-se-suma-al-jubileo-de-la-reina-isabel-ii\/"]}]},{"@type":"BreadcrumbList","@id":"https:\/\/graziamagazine.com\/mx\/articles\/asi-es-que-lego-se-suma-al-jubileo-de-la-reina-isabel-ii\/#breadcrumb","itemListElement":[{"@type":"ListItem","position":1,"name":"Home","item":"https:\/\/graziamagazine.com\/mx\/"},{"@type":"ListItem","position":2,"name":"As\u00ed es que LEGO se suma al jubileo de la Reina Isabel II"}]},{"@type":"WebSite","@id":"https:\/\/graziamagazine.com\/mx\/#website","url":"https:\/\/graziamagazine.com\/mx\/","name":"Grazia M\u00e9xico y Latinoam\u00e9rica","description":"Grazia es moda, belleza y noticias  de actualidad ","potentialAction":[{"@type":"SearchAction","target":{"@type":"EntryPoint","urlTemplate":"https:\/\/graziamagazine.com\/mx\/?s={search_term_string}"},"query-input":"required name=search_term_string"}],"inLanguage":"es-MX"}]}},"jetpack_sharing_enabled":true,"distributor_meta":false,"distributor_terms":false,"distributor_media":false,"distributor_original_site_name":"Grazia M\u00e9xico y Latinoam\u00e9rica","distributor_original_site_url":"https:\/\/graziamagazine.com\/mx","push-errors":false,"_links":{"self":[{"href":"https:\/\/graziamagazine.com\/mx\/wp-json\/wp\/v2\/articles\/112801"}],"collection":[{"href":"https:\/\/graziamagazine.com\/mx\/wp-json\/wp\/v2\/articles"}],"about":[{"href":"https:\/\/graziamagazine.com\/mx\/wp-json\/wp\/v2\/types\/articles"}],"author":[{"embeddable":true,"href":"https:\/\/graziamagazine.com\/mx\/wp-json\/wp\/v2\/users\/33675"}],"wp:featuredmedia":[{"embeddable":true,"href":"https:\/\/graziamagazine.com\/mx\/wp-json\/wp\/v2\/media\/112807"}],"wp:attachment":[{"href":"https:\/\/graziamagazine.com\/mx\/wp-json\/wp\/v2\/media?parent=112801"}],"wp:term":[{"taxonomy":"category","embeddable":true,"href":"https:\/\/graziamagazine.com\/mx\/wp-json\/wp\/v2\/categories?post=112801"}],"curies":[{"name":"wp","href":"https:\/\/api.w.org\/{rel}","templated":true}]}}